{"id":13662,"date":"2020-04-20T20:00:29","date_gmt":"2020-04-20T23:00:29","guid":{"rendered":"https:\/\/marcelolopes.jor.br\/?p=13662"},"modified":"2020-04-20T16:26:44","modified_gmt":"2020-04-20T19:26:44","slug":"motorista-fica-ferido-apos-carro-capotar-na-br-116","status":"publish","type":"post","link":"https:\/\/marcelolopes.jor.br\/site\/2020\/04\/20\/motorista-fica-ferido-apos-carro-capotar-na-br-116\/","title":{"rendered":"Motorista fica ferido ap\u00f3s carro capotar na BR-116"},"content":{"rendered":"<p style=\"text-align: justify;\">Um motorista de 38 anos ficou ferido ap\u00f3s perder o controle da dire\u00e7\u00e3o e o carro que ele dirigia capotar e cair em uma ribanceira na BR-116, entre Leopoldina e Al\u00e9m Para\u00edba. O acidente aconteceu nesta segunda-feira, 20 de abril.<!--more--><\/p>\n<p style=\"text-align: justify;\">De acordo com a Pol\u00edcia Rodovi\u00e1ria Federal, a v\u00edtima conduzia um Jeep Compass sentido Al\u00e9m Para\u00edba e ap\u00f3s o acidente foi socorrido para o Pronto-Socorro Municipal da Casa de Caridade Leopoldinense onde foi atendido pela equipe m\u00e9dica de plant\u00e3o.<\/p>\n<p style=\"text-align: justify;\">Ainda conforme a PRF, o acidente foi registrado na altura do Km 810,6 e o tr\u00e2nsito n\u00e3o sofreu interdi\u00e7\u00f5es.<\/p>\n<p style=\"text-align: justify;\">Fonte e foto: PRF-Leopoldina | Texto: O Vigilante Online<\/p>\n<div class=\"mwazc69f76a25ee41e\" ><br><\/div><style type=\"text\/css\">\r\n@media screen and (min-width: 1201px) {\r\n.mwazc69f76a25ee41e {\r\ndisplay: block;\r\n}\r\n}\r\n@media screen and (min-width: 993px) and (max-width: 1200px) {\r\n.mwazc69f76a25ee41e {\r\ndisplay: block;\r\n}\r\n}\r\n@media screen and (min-width: 769px) and (max-width: 992px) {\r\n.mwazc69f76a25ee41e {\r\ndisplay: block;\r\n}\r\n}\r\n@media screen and (min-width: 768px) and (max-width: 768px) {\r\n.mwazc69f76a25ee41e {\r\ndisplay: block;\r\n}\r\n}\r\n@media screen and (max-width: 767px) {\r\n.mwazc69f76a25ee41e {\r\ndisplay: block;\r\n}\r\n}\r\n<\/style>\r\n<div class=\"zdbjo69f76a25f34fe\" ><div id=\"div_destino\"><\/div>\r\n<script src=\"https:\/\/cdn.snsrsv.com\/sdk.js\"><\/script>\r\n<script >\r\n      new sdk(\"464030C30061EA8BE065000000000001\") \r\n          .appendTo(\"div_destino\")\r\n          .disableStyle(true) \r\n          .setCacheBusterMacro(\"%%CACHEBUSTER%%\")\r\n          .setSize(\"800\",\"214\")\r\n          .setClickMacro(\"%%CLICK_URL_ESC%%\") \r\n          .setReferrerUrlMacro(\"%%REFERRER_URL_ESC%%\") \r\n          .start(); \r\n<\/script><\/div><style type=\"text\/css\">\r\n@media screen and (min-width: 1201px) {\r\n.zdbjo69f76a25f34fe {\r\ndisplay: block;\r\n}\r\n}\r\n@media screen and (min-width: 993px) and (max-width: 1200px) {\r\n.zdbjo69f76a25f34fe {\r\ndisplay: block;\r\n}\r\n}\r\n@media screen and (min-width: 769px) and (max-width: 992px) {\r\n.zdbjo69f76a25f34fe {\r\ndisplay: block;\r\n}\r\n}\r\n@media screen and (min-width: 768px) and (max-width: 768px) {\r\n.zdbjo69f76a25f34fe {\r\ndisplay: block;\r\n}\r\n}\r\n@media screen and (max-width: 767px) {\r\n.zdbjo69f76a25f34fe {\r\ndisplay: block;\r\n}\r\n}\r\n<\/style>\r\n","protected":false},"excerpt":{"rendered":"<p>Um motorista de 38 anos ficou ferido ap\u00f3s perder o controle da dire\u00e7\u00e3o e o carro que ele dirigia capotar e cair em uma ribanceira na BR-116, entre Leopoldina e Al\u00e9m Para\u00edba. O acidente aconteceu nesta segunda-feira, 20 de abril.<\/p>\n","protected":false},"author":2,"featured_media":13664,"comment_status":"open","ping_status":"open","sticky":false,"template":"","format":"standard","meta":{"footnotes":""},"categories":[1],"tags":[124,142,1103,125],"class_list":["post-13662","post","type-post","status-publish","format-standard","has-post-thumbnail","hentry","category-noticias","tag-acidente","tag-br-116","tag-capotamento","tag-estrada","thumb-below-title"],"yoast_head":"<!-- This site is optimized with the Yoast SEO plugin v27.4 - https:\/\/yoast.com\/product\/yoast-seo-wordpress\/ -->\n<title>Motorista fica ferido ap\u00f3s carro capotar na BR-116 | Marcelo Lopes<\/title>\n<meta name=\"robots\" content=\"index, follow, max-snippet:-1, max-image-preview:large, max-video-preview:-1\" \/>\n<link rel=\"canonical\" href=\"https:\/\/marcelolopes.jor.br\/site\/2020\/04\/20\/motorista-fica-ferido-apos-carro-capotar-na-br-116\/\" \/>\n<meta property=\"og:locale\" content=\"pt_BR\" \/>\n<meta property=\"og:type\" content=\"article\" \/>\n<meta property=\"og:title\" content=\"Motorista fica ferido ap\u00f3s carro capotar na BR-116 | Marcelo Lopes\" \/>\n<meta property=\"og:description\" content=\"Um motorista de 38 anos ficou ferido ap\u00f3s perder o controle da dire\u00e7\u00e3o e o carro que ele dirigia capotar e cair em uma ribanceira na BR-116, entre Leopoldina e Al\u00e9m Para\u00edba. O acidente aconteceu nesta segunda-feira, 20 de abril.\" \/>\n<meta property=\"og:url\" content=\"https:\/\/marcelolopes.jor.br\/site\/2020\/04\/20\/motorista-fica-ferido-apos-carro-capotar-na-br-116\/\" \/>\n<meta property=\"og:site_name\" content=\"Marcelo Lopes\" \/>\n<meta property=\"article:publisher\" content=\"https:\/\/www.facebook.com\/sitedomarcelolopes\" \/>\n<meta property=\"article:published_time\" content=\"2020-04-20T23:00:29+00:00\" \/>\n<meta property=\"og:image\" content=\"https:\/\/marcelolopes.jor.br\/site\/wp-content\/uploads\/2020\/04\/f1cc32f8b0ff40ba90d4e092357894ed.jpg\" \/>\n\t<meta property=\"og:image:width\" content=\"888\" \/>\n\t<meta property=\"og:image:height\" content=\"538\" \/>\n\t<meta property=\"og:image:type\" content=\"image\/jpeg\" \/>\n<meta name=\"author\" content=\"Marcelo Lopes\" \/>\n<meta name=\"twitter:card\" content=\"summary_large_image\" \/>\n<meta name=\"twitter:label1\" content=\"Escrito por\" \/>\n\t<meta name=\"twitter:data1\" content=\"Marcelo Lopes\" \/>\n\t<meta name=\"twitter:label2\" content=\"Est. tempo de leitura\" \/>\n\t<meta name=\"twitter:data2\" content=\"1 minuto\" \/>\n<script type=\"application\/ld+json\" class=\"yoast-schema-graph\">{\"@context\":\"https:\\\/\\\/schema.org\",\"@graph\":[{\"@type\":\"NewsArticle\",\"@id\":\"https:\\\/\\\/marcelolopes.jor.br\\\/site\\\/2020\\\/04\\\/20\\\/motorista-fica-ferido-apos-carro-capotar-na-br-116\\\/#article\",\"isPartOf\":{\"@id\":\"https:\\\/\\\/marcelolopes.jor.br\\\/site\\\/2020\\\/04\\\/20\\\/motorista-fica-ferido-apos-carro-capotar-na-br-116\\\/\"},\"author\":{\"name\":\"Marcelo Lopes\",\"@id\":\"https:\\\/\\\/marcelolopes.jor.br\\\/site\\\/#\\\/schema\\\/person\\\/3e7216a35c34d8fdf952b31da3d1f89f\"},\"headline\":\"Motorista fica ferido ap\u00f3s carro capotar na BR-116\",\"datePublished\":\"2020-04-20T23:00:29+00:00\",\"mainEntityOfPage\":{\"@id\":\"https:\\\/\\\/marcelolopes.jor.br\\\/site\\\/2020\\\/04\\\/20\\\/motorista-fica-ferido-apos-carro-capotar-na-br-116\\\/\"},\"wordCount\":127,\"commentCount\":0,\"publisher\":{\"@id\":\"https:\\\/\\\/marcelolopes.jor.br\\\/site\\\/#organization\"},\"image\":{\"@id\":\"https:\\\/\\\/marcelolopes.jor.br\\\/site\\\/2020\\\/04\\\/20\\\/motorista-fica-ferido-apos-carro-capotar-na-br-116\\\/#primaryimage\"},\"thumbnailUrl\":\"https:\\\/\\\/marcelolopes.jor.br\\\/site\\\/wp-content\\\/uploads\\\/2020\\\/04\\\/f1cc32f8b0ff40ba90d4e092357894ed.jpg\",\"keywords\":[\"acidente\",\"BR-116\",\"capotamento\",\"estrada\"],\"articleSection\":[\"Not\u00edcias\"],\"inLanguage\":\"pt-BR\",\"potentialAction\":[{\"@type\":\"CommentAction\",\"name\":\"Comment\",\"target\":[\"https:\\\/\\\/marcelolopes.jor.br\\\/site\\\/2020\\\/04\\\/20\\\/motorista-fica-ferido-apos-carro-capotar-na-br-116\\\/#respond\"]}]},{\"@type\":\"WebPage\",\"@id\":\"https:\\\/\\\/marcelolopes.jor.br\\\/site\\\/2020\\\/04\\\/20\\\/motorista-fica-ferido-apos-carro-capotar-na-br-116\\\/\",\"url\":\"https:\\\/\\\/marcelolopes.jor.br\\\/site\\\/2020\\\/04\\\/20\\\/motorista-fica-ferido-apos-carro-capotar-na-br-116\\\/\",\"name\":\"Motorista fica ferido ap\u00f3s carro capotar na BR-116 | Marcelo Lopes\",\"isPartOf\":{\"@id\":\"https:\\\/\\\/marcelolopes.jor.br\\\/site\\\/#website\"},\"primaryImageOfPage\":{\"@id\":\"https:\\\/\\\/marcelolopes.jor.br\\\/site\\\/2020\\\/04\\\/20\\\/motorista-fica-ferido-apos-carro-capotar-na-br-116\\\/#primaryimage\"},\"image\":{\"@id\":\"https:\\\/\\\/marcelolopes.jor.br\\\/site\\\/2020\\\/04\\\/20\\\/motorista-fica-ferido-apos-carro-capotar-na-br-116\\\/#primaryimage\"},\"thumbnailUrl\":\"https:\\\/\\\/marcelolopes.jor.br\\\/site\\\/wp-content\\\/uploads\\\/2020\\\/04\\\/f1cc32f8b0ff40ba90d4e092357894ed.jpg\",\"datePublished\":\"2020-04-20T23:00:29+00:00\",\"breadcrumb\":{\"@id\":\"https:\\\/\\\/marcelolopes.jor.br\\\/site\\\/2020\\\/04\\\/20\\\/motorista-fica-ferido-apos-carro-capotar-na-br-116\\\/#breadcrumb\"},\"inLanguage\":\"pt-BR\",\"potentialAction\":[{\"@type\":\"ReadAction\",\"target\":[\"https:\\\/\\\/marcelolopes.jor.br\\\/site\\\/2020\\\/04\\\/20\\\/motorista-fica-ferido-apos-carro-capotar-na-br-116\\\/\"]}]},{\"@type\":\"ImageObject\",\"inLanguage\":\"pt-BR\",\"@id\":\"https:\\\/\\\/marcelolopes.jor.br\\\/site\\\/2020\\\/04\\\/20\\\/motorista-fica-ferido-apos-carro-capotar-na-br-116\\\/#primaryimage\",\"url\":\"https:\\\/\\\/marcelolopes.jor.br\\\/site\\\/wp-content\\\/uploads\\\/2020\\\/04\\\/f1cc32f8b0ff40ba90d4e092357894ed.jpg\",\"contentUrl\":\"https:\\\/\\\/marcelolopes.jor.br\\\/site\\\/wp-content\\\/uploads\\\/2020\\\/04\\\/f1cc32f8b0ff40ba90d4e092357894ed.jpg\",\"width\":888,\"height\":538},{\"@type\":\"BreadcrumbList\",\"@id\":\"https:\\\/\\\/marcelolopes.jor.br\\\/site\\\/2020\\\/04\\\/20\\\/motorista-fica-ferido-apos-carro-capotar-na-br-116\\\/#breadcrumb\",\"itemListElement\":[{\"@type\":\"ListItem\",\"position\":1,\"name\":\"Home\",\"item\":\"https:\\\/\\\/marcelolopes.jor.br\\\/site\\\/\"},{\"@type\":\"ListItem\",\"position\":2,\"name\":\"Motorista fica ferido ap\u00f3s carro capotar na BR-116\"}]},{\"@type\":\"WebSite\",\"@id\":\"https:\\\/\\\/marcelolopes.jor.br\\\/site\\\/#website\",\"url\":\"https:\\\/\\\/marcelolopes.jor.br\\\/site\\\/\",\"name\":\"Marcelo Lopes\",\"description\":\"Not\u00edcias de Cataguases e Regi\u00e3o\",\"publisher\":{\"@id\":\"https:\\\/\\\/marcelolopes.jor.br\\\/site\\\/#organization\"},\"potentialAction\":[{\"@type\":\"SearchAction\",\"target\":{\"@type\":\"EntryPoint\",\"urlTemplate\":\"https:\\\/\\\/marcelolopes.jor.br\\\/site\\\/?s={search_term_string}\"},\"query-input\":{\"@type\":\"PropertyValueSpecification\",\"valueRequired\":true,\"valueName\":\"search_term_string\"}}],\"inLanguage\":\"pt-BR\"},{\"@type\":\"Organization\",\"@id\":\"https:\\\/\\\/marcelolopes.jor.br\\\/site\\\/#organization\",\"name\":\"Site do Marcelo Lopes\",\"url\":\"https:\\\/\\\/marcelolopes.jor.br\\\/site\\\/\",\"logo\":{\"@type\":\"ImageObject\",\"inLanguage\":\"pt-BR\",\"@id\":\"https:\\\/\\\/marcelolopes.jor.br\\\/site\\\/#\\\/schema\\\/logo\\\/image\\\/\",\"url\":\"https:\\\/\\\/marcelolopes.jor.br\\\/site\\\/wp-content\\\/uploads\\\/2024\\\/11\\\/logo-1.png\",\"contentUrl\":\"https:\\\/\\\/marcelolopes.jor.br\\\/site\\\/wp-content\\\/uploads\\\/2024\\\/11\\\/logo-1.png\",\"width\":475,\"height\":80,\"caption\":\"Site do Marcelo Lopes\"},\"image\":{\"@id\":\"https:\\\/\\\/marcelolopes.jor.br\\\/site\\\/#\\\/schema\\\/logo\\\/image\\\/\"},\"sameAs\":[\"https:\\\/\\\/www.facebook.com\\\/sitedomarcelolopes\",\"https:\\\/\\\/www.instagram.com\\\/sitedomarcelolopes\\\/\",\"https:\\\/\\\/www.linkedin.com\\\/company\\\/site-do-marcelo-lopes\\\/\",\"https:\\\/\\\/www.youtube.com\\\/user\\\/marcelolopes957\"]},{\"@type\":\"Person\",\"@id\":\"https:\\\/\\\/marcelolopes.jor.br\\\/site\\\/#\\\/schema\\\/person\\\/3e7216a35c34d8fdf952b31da3d1f89f\",\"name\":\"Marcelo Lopes\",\"sameAs\":[\"http:\\\/\\\/www.marcelolopes.jor.br\"],\"url\":\"https:\\\/\\\/marcelolopes.jor.br\\\/site\\\/author\\\/marcelo\\\/\"}]}<\/script>\n<!-- \/ Yoast SEO plugin. -->","yoast_head_json":{"title":"Motorista fica ferido ap\u00f3s carro capotar na BR-116 | Marcelo Lopes","robots":{"index":"index","follow":"follow","max-snippet":"max-snippet:-1","max-image-preview":"max-image-preview:large","max-video-preview":"max-video-preview:-1"},"canonical":"https:\/\/marcelolopes.jor.br\/site\/2020\/04\/20\/motorista-fica-ferido-apos-carro-capotar-na-br-116\/","og_locale":"pt_BR","og_type":"article","og_title":"Motorista fica ferido ap\u00f3s carro capotar na BR-116 | Marcelo Lopes","og_description":"Um motorista de 38 anos ficou ferido ap\u00f3s perder o controle da dire\u00e7\u00e3o e o carro que ele dirigia capotar e cair em uma ribanceira na BR-116, entre Leopoldina e Al\u00e9m Para\u00edba. O acidente aconteceu nesta segunda-feira, 20 de abril.","og_url":"https:\/\/marcelolopes.jor.br\/site\/2020\/04\/20\/motorista-fica-ferido-apos-carro-capotar-na-br-116\/","og_site_name":"Marcelo Lopes","article_publisher":"https:\/\/www.facebook.com\/sitedomarcelolopes","article_published_time":"2020-04-20T23:00:29+00:00","og_image":[{"width":888,"height":538,"url":"https:\/\/marcelolopes.jor.br\/site\/wp-content\/uploads\/2020\/04\/f1cc32f8b0ff40ba90d4e092357894ed.jpg","type":"image\/jpeg"}],"author":"Marcelo Lopes","twitter_card":"summary_large_image","twitter_misc":{"Escrito por":"Marcelo Lopes","Est. tempo de leitura":"1 minuto"},"schema":{"@context":"https:\/\/schema.org","@graph":[{"@type":"NewsArticle","@id":"https:\/\/marcelolopes.jor.br\/site\/2020\/04\/20\/motorista-fica-ferido-apos-carro-capotar-na-br-116\/#article","isPartOf":{"@id":"https:\/\/marcelolopes.jor.br\/site\/2020\/04\/20\/motorista-fica-ferido-apos-carro-capotar-na-br-116\/"},"author":{"name":"Marcelo Lopes","@id":"https:\/\/marcelolopes.jor.br\/site\/#\/schema\/person\/3e7216a35c34d8fdf952b31da3d1f89f"},"headline":"Motorista fica ferido ap\u00f3s carro capotar na BR-116","datePublished":"2020-04-20T23:00:29+00:00","mainEntityOfPage":{"@id":"https:\/\/marcelolopes.jor.br\/site\/2020\/04\/20\/motorista-fica-ferido-apos-carro-capotar-na-br-116\/"},"wordCount":127,"commentCount":0,"publisher":{"@id":"https:\/\/marcelolopes.jor.br\/site\/#organization"},"image":{"@id":"https:\/\/marcelolopes.jor.br\/site\/2020\/04\/20\/motorista-fica-ferido-apos-carro-capotar-na-br-116\/#primaryimage"},"thumbnailUrl":"https:\/\/marcelolopes.jor.br\/site\/wp-content\/uploads\/2020\/04\/f1cc32f8b0ff40ba90d4e092357894ed.jpg","keywords":["acidente","BR-116","capotamento","estrada"],"articleSection":["Not\u00edcias"],"inLanguage":"pt-BR","potentialAction":[{"@type":"CommentAction","name":"Comment","target":["https:\/\/marcelolopes.jor.br\/site\/2020\/04\/20\/motorista-fica-ferido-apos-carro-capotar-na-br-116\/#respond"]}]},{"@type":"WebPage","@id":"https:\/\/marcelolopes.jor.br\/site\/2020\/04\/20\/motorista-fica-ferido-apos-carro-capotar-na-br-116\/","url":"https:\/\/marcelolopes.jor.br\/site\/2020\/04\/20\/motorista-fica-ferido-apos-carro-capotar-na-br-116\/","name":"Motorista fica ferido ap\u00f3s carro capotar na BR-116 | Marcelo Lopes","isPartOf":{"@id":"https:\/\/marcelolopes.jor.br\/site\/#website"},"primaryImageOfPage":{"@id":"https:\/\/marcelolopes.jor.br\/site\/2020\/04\/20\/motorista-fica-ferido-apos-carro-capotar-na-br-116\/#primaryimage"},"image":{"@id":"https:\/\/marcelolopes.jor.br\/site\/2020\/04\/20\/motorista-fica-ferido-apos-carro-capotar-na-br-116\/#primaryimage"},"thumbnailUrl":"https:\/\/marcelolopes.jor.br\/site\/wp-content\/uploads\/2020\/04\/f1cc32f8b0ff40ba90d4e092357894ed.jpg","datePublished":"2020-04-20T23:00:29+00:00","breadcrumb":{"@id":"https:\/\/marcelolopes.jor.br\/site\/2020\/04\/20\/motorista-fica-ferido-apos-carro-capotar-na-br-116\/#breadcrumb"},"inLanguage":"pt-BR","potentialAction":[{"@type":"ReadAction","target":["https:\/\/marcelolopes.jor.br\/site\/2020\/04\/20\/motorista-fica-ferido-apos-carro-capotar-na-br-116\/"]}]},{"@type":"ImageObject","inLanguage":"pt-BR","@id":"https:\/\/marcelolopes.jor.br\/site\/2020\/04\/20\/motorista-fica-ferido-apos-carro-capotar-na-br-116\/#primaryimage","url":"https:\/\/marcelolopes.jor.br\/site\/wp-content\/uploads\/2020\/04\/f1cc32f8b0ff40ba90d4e092357894ed.jpg","contentUrl":"https:\/\/marcelolopes.jor.br\/site\/wp-content\/uploads\/2020\/04\/f1cc32f8b0ff40ba90d4e092357894ed.jpg","width":888,"height":538},{"@type":"BreadcrumbList","@id":"https:\/\/marcelolopes.jor.br\/site\/2020\/04\/20\/motorista-fica-ferido-apos-carro-capotar-na-br-116\/#breadcrumb","itemListElement":[{"@type":"ListItem","position":1,"name":"Home","item":"https:\/\/marcelolopes.jor.br\/site\/"},{"@type":"ListItem","position":2,"name":"Motorista fica ferido ap\u00f3s carro capotar na BR-116"}]},{"@type":"WebSite","@id":"https:\/\/marcelolopes.jor.br\/site\/#website","url":"https:\/\/marcelolopes.jor.br\/site\/","name":"Marcelo Lopes","description":"Not\u00edcias de Cataguases e Regi\u00e3o","publisher":{"@id":"https:\/\/marcelolopes.jor.br\/site\/#organization"},"potentialAction":[{"@type":"SearchAction","target":{"@type":"EntryPoint","urlTemplate":"https:\/\/marcelolopes.jor.br\/site\/?s={search_term_string}"},"query-input":{"@type":"PropertyValueSpecification","valueRequired":true,"valueName":"search_term_string"}}],"inLanguage":"pt-BR"},{"@type":"Organization","@id":"https:\/\/marcelolopes.jor.br\/site\/#organization","name":"Site do Marcelo Lopes","url":"https:\/\/marcelolopes.jor.br\/site\/","logo":{"@type":"ImageObject","inLanguage":"pt-BR","@id":"https:\/\/marcelolopes.jor.br\/site\/#\/schema\/logo\/image\/","url":"https:\/\/marcelolopes.jor.br\/site\/wp-content\/uploads\/2024\/11\/logo-1.png","contentUrl":"https:\/\/marcelolopes.jor.br\/site\/wp-content\/uploads\/2024\/11\/logo-1.png","width":475,"height":80,"caption":"Site do Marcelo Lopes"},"image":{"@id":"https:\/\/marcelolopes.jor.br\/site\/#\/schema\/logo\/image\/"},"sameAs":["https:\/\/www.facebook.com\/sitedomarcelolopes","https:\/\/www.instagram.com\/sitedomarcelolopes\/","https:\/\/www.linkedin.com\/company\/site-do-marcelo-lopes\/","https:\/\/www.youtube.com\/user\/marcelolopes957"]},{"@type":"Person","@id":"https:\/\/marcelolopes.jor.br\/site\/#\/schema\/person\/3e7216a35c34d8fdf952b31da3d1f89f","name":"Marcelo Lopes","sameAs":["http:\/\/www.marcelolopes.jor.br"],"url":"https:\/\/marcelolopes.jor.br\/site\/author\/marcelo\/"}]}},"wps_subtitle":"Ve\u00edculo caiu em uma ribanceira entre Leopoldina e Al\u00e9m Para\u00edba.","_links":{"self":[{"href":"https:\/\/marcelolopes.jor.br\/site\/wp-json\/wp\/v2\/posts\/13662","targetHints":{"allow":["GET"]}}],"collection":[{"href":"https:\/\/marcelolopes.jor.br\/site\/wp-json\/wp\/v2\/posts"}],"about":[{"href":"https:\/\/marcelolopes.jor.br\/site\/wp-json\/wp\/v2\/types\/post"}],"author":[{"embeddable":true,"href":"https:\/\/marcelolopes.jor.br\/site\/wp-json\/wp\/v2\/users\/2"}],"replies":[{"embeddable":true,"href":"https:\/\/marcelolopes.jor.br\/site\/wp-json\/wp\/v2\/comments?post=13662"}],"version-history":[{"count":0,"href":"https:\/\/marcelolopes.jor.br\/site\/wp-json\/wp\/v2\/posts\/13662\/revisions"}],"wp:featuredmedia":[{"embeddable":true,"href":"https:\/\/marcelolopes.jor.br\/site\/wp-json\/wp\/v2\/media\/13664"}],"wp:attachment":[{"href":"https:\/\/marcelolopes.jor.br\/site\/wp-json\/wp\/v2\/media?parent=13662"}],"wp:term":[{"taxonomy":"category","embeddable":true,"href":"https:\/\/marcelolopes.jor.br\/site\/wp-json\/wp\/v2\/categories?post=13662"},{"taxonomy":"post_tag","embeddable":true,"href":"https:\/\/marcelolopes.jor.br\/site\/wp-json\/wp\/v2\/tags?post=13662"}],"curies":[{"name":"wp","href":"https:\/\/api.w.org\/{rel}","templated":true}]}}