{"id":13579,"date":"2020-04-16T20:00:20","date_gmt":"2020-04-16T23:00:20","guid":{"rendered":"https:\/\/marcelolopes.jor.br\/?p=13579"},"modified":"2020-04-16T17:34:46","modified_gmt":"2020-04-16T20:34:46","slug":"zema-vai-lancar-protocolo-de-seguranca-com-orientacoes-aos-prefeitos","status":"publish","type":"post","link":"https:\/\/marcelolopes.jor.br\/site\/2020\/04\/16\/zema-vai-lancar-protocolo-de-seguranca-com-orientacoes-aos-prefeitos\/","title":{"rendered":"Zema vai lan\u00e7ar Protocolo de Seguran\u00e7a com orienta\u00e7\u00f5es aos prefeitos"},"content":{"rendered":"<p style=\"text-align: justify;\">Em entrevista \u00e0 R\u00e1dio Itatiaia de Belo Horizonte, na tarde desta quinta-feira, 16 de abril, o governador de Minas Gerais, Romeu Zema (Novo), informou que vai divulgar na pr\u00f3xima semana um Protocolo de Seguran\u00e7a, que servir\u00e1 para qualquer atividade comercial no estado.<!--more--><\/p>\n<p style=\"text-align: justify;\">Romeu Zema destacou que Minas Gerais tem hoje, talvez 50% ou mais, dos munic\u00edpios praticamente operando parcialmente ou quase totalmente: \u201cEu diria que hoje, as limita\u00e7\u00f5es nesses munic\u00edpios est\u00e3o muito com rela\u00e7\u00e3o a casas de shows, shopping centers, galerias, onde realmente a aglomera\u00e7\u00e3o \u00e9 maior, restaurantes, escolas, mas muitos j\u00e1 liberaram atividade para outros tipos de atividades. E o que n\u00f3s precisamos fazer \u00e9 estar orientando muito bem esses prefeitos que est\u00e3o fazendo esta libera\u00e7\u00e3o.\u201d<\/p>\n<p style=\"text-align: justify;\">O governador deixou claro que essa libera\u00e7\u00e3o \u00e9 de autonomia do prefeito, que cada cidade tem uma particularidade: \u201cO prefeito \u00e9 que sabe o que \u00e9 melhor para a cidade dele, mas ele, a partir de agora, vai ter mais conforto para fazer essas libera\u00e7\u00f5es, j\u00e1 que n\u00f3s estaremos dando estas orienta\u00e7\u00f5es que v\u00e3o ajudar a deixar a vida em primeiro lugar, que \u00e9 prioridade nossa.\u201d<\/p>\n<p style=\"text-align: justify;\">Perguntado se boa parte da atividade dos mineiros poderia retornar no come\u00e7o de maio, respeitando o uso de m\u00e1scaras, o distanciamento e coisas mais b\u00e1sicas, Romeu Zema respondeu: &#8220;Eu n\u00e3o sou um especialista, e como disse, o prefeito vai ter de analisar a quantidade de leitos que ele tem na cidade, como est\u00e1 o n\u00edvel de cont\u00e1gio na cidade, o numero de pessoas que est\u00e3o em situa\u00e7\u00f5es de interna\u00e7\u00e3o, mas eu estou otimista. A nossa curva que eu tenho acompanhado, ela tem ficado cada vez mais horizontal. Ent\u00e3o isto indica que n\u00f3s podemos estar atingindo o ponto m\u00e1ximo da curva, mas prever uma data \u00e9 muito dif\u00edcil. Eu posso te dizer que esse momento tem se aproximado cada vez mais. Eu a cada dia que passa fico mais otimista.\u201d<\/p>\n<p style=\"text-align: justify;\">O governador, no entanto, alertou que \u00e9 preciso ter muito cuidado e lembrou o que aconteceu na cidade de Mil\u00e3o, na It\u00e1lia: \u201cN\u00f3s temos de ter cuidado. Porque o que aconteceu em Mil\u00e3o, na It\u00e1lia, tem de servir de li\u00e7\u00e3o para todos n\u00f3s. O prefeito l\u00e1 achou que estava na hora de liberar, liberou, a\u00ed a pandemia voltou com for\u00e7a total e o resultado foram milhares de mortes. Ent\u00e3o vamos fazer com cuidado&#8221;, finalizou.<\/p>\n<p style=\"text-align: justify;\">Fonte: R\u00e1dio Itatiaia | Foto: Gil Leonardi\/Imprensa MG<\/p>\n<div class=\"xydmt69f78492bbb75\" ><br><\/div><style type=\"text\/css\">\r\n@media screen and (min-width: 1201px) {\r\n.xydmt69f78492bbb75 {\r\ndisplay: block;\r\n}\r\n}\r\n@media screen and (min-width: 993px) and (max-width: 1200px) {\r\n.xydmt69f78492bbb75 {\r\ndisplay: block;\r\n}\r\n}\r\n@media screen and (min-width: 769px) and (max-width: 992px) {\r\n.xydmt69f78492bbb75 {\r\ndisplay: block;\r\n}\r\n}\r\n@media screen and (min-width: 768px) and (max-width: 768px) {\r\n.xydmt69f78492bbb75 {\r\ndisplay: block;\r\n}\r\n}\r\n@media screen and (max-width: 767px) {\r\n.xydmt69f78492bbb75 {\r\ndisplay: block;\r\n}\r\n}\r\n<\/style>\r\n<div class=\"vrsql69f78492c1b44\" ><div id=\"div_destino\"><\/div>\r\n<script src=\"https:\/\/cdn.snsrsv.com\/sdk.js\"><\/script>\r\n<script >\r\n      new sdk(\"464030C30061EA8BE065000000000001\") \r\n          .appendTo(\"div_destino\")\r\n          .disableStyle(true) \r\n          .setCacheBusterMacro(\"%%CACHEBUSTER%%\")\r\n          .setSize(\"800\",\"214\")\r\n          .setClickMacro(\"%%CLICK_URL_ESC%%\") \r\n          .setReferrerUrlMacro(\"%%REFERRER_URL_ESC%%\") \r\n          .start(); \r\n<\/script><\/div><style type=\"text\/css\">\r\n@media screen and (min-width: 1201px) {\r\n.vrsql69f78492c1b44 {\r\ndisplay: block;\r\n}\r\n}\r\n@media screen and (min-width: 993px) and (max-width: 1200px) {\r\n.vrsql69f78492c1b44 {\r\ndisplay: block;\r\n}\r\n}\r\n@media screen and (min-width: 769px) and (max-width: 992px) {\r\n.vrsql69f78492c1b44 {\r\ndisplay: block;\r\n}\r\n}\r\n@media screen and (min-width: 768px) and (max-width: 768px) {\r\n.vrsql69f78492c1b44 {\r\ndisplay: block;\r\n}\r\n}\r\n@media screen and (max-width: 767px) {\r\n.vrsql69f78492c1b44 {\r\ndisplay: block;\r\n}\r\n}\r\n<\/style>\r\n","protected":false},"excerpt":{"rendered":"<p>Em entrevista \u00e0 R\u00e1dio Itatiaia de Belo Horizonte, na tarde desta quinta-feira, 16 de abril, o governador de Minas Gerais, Romeu Zema (Novo), informou que vai divulgar na pr\u00f3xima semana um Protocolo de Seguran\u00e7a, que servir\u00e1 para qualquer atividade comercial<\/p>\n<p class=\"link-more\"><a class=\"more-link\" href=\"https:\/\/marcelolopes.jor.br\/site\/2020\/04\/16\/zema-vai-lancar-protocolo-de-seguranca-com-orientacoes-aos-prefeitos\/\">Leia mais <span class=\"screen-reader-text\">Zema vai lan\u00e7ar Protocolo de Seguran\u00e7a com orienta\u00e7\u00f5es aos prefeitos<\/span><\/a><\/p>\n","protected":false},"author":2,"featured_media":13581,"comment_status":"open","ping_status":"open","sticky":false,"template":"","format":"standard","meta":{"footnotes":""},"categories":[1],"tags":[1050,2250,2367,393],"class_list":["post-13579","post","type-post","status-publish","format-standard","has-post-thumbnail","hentry","category-noticias","tag-governador","tag-pandemia","tag-protocolo-de-seguranca","tag-romeu-zema","thumb-below-title"],"yoast_head":"<!-- This site is optimized with the Yoast SEO plugin v27.4 - https:\/\/yoast.com\/product\/yoast-seo-wordpress\/ -->\n<title>Zema vai lan\u00e7ar Protocolo de Seguran\u00e7a com orienta\u00e7\u00f5es aos prefeitos | Marcelo Lopes<\/title>\n<meta name=\"robots\" content=\"index, follow, max-snippet:-1, max-image-preview:large, max-video-preview:-1\" \/>\n<link rel=\"canonical\" href=\"https:\/\/marcelolopes.jor.br\/site\/2020\/04\/16\/zema-vai-lancar-protocolo-de-seguranca-com-orientacoes-aos-prefeitos\/\" \/>\n<meta property=\"og:locale\" content=\"pt_BR\" \/>\n<meta property=\"og:type\" content=\"article\" \/>\n<meta property=\"og:title\" content=\"Zema vai lan\u00e7ar Protocolo de Seguran\u00e7a com orienta\u00e7\u00f5es aos prefeitos | Marcelo Lopes\" \/>\n<meta property=\"og:description\" content=\"Em entrevista \u00e0 R\u00e1dio Itatiaia de Belo Horizonte, na tarde desta quinta-feira, 16 de abril, o governador de Minas Gerais, Romeu Zema (Novo), informou que vai divulgar na pr\u00f3xima semana um Protocolo de Seguran\u00e7a, que servir\u00e1 para qualquer atividade comercialLeia mais Zema vai lan\u00e7ar Protocolo de Seguran\u00e7a com orienta\u00e7\u00f5es aos prefeitos\" \/>\n<meta property=\"og:url\" content=\"https:\/\/marcelolopes.jor.br\/site\/2020\/04\/16\/zema-vai-lancar-protocolo-de-seguranca-com-orientacoes-aos-prefeitos\/\" \/>\n<meta property=\"og:site_name\" content=\"Marcelo Lopes\" \/>\n<meta property=\"article:publisher\" content=\"https:\/\/www.facebook.com\/sitedomarcelolopes\" \/>\n<meta property=\"article:published_time\" content=\"2020-04-16T23:00:20+00:00\" \/>\n<meta property=\"og:image\" content=\"https:\/\/marcelolopes.jor.br\/site\/wp-content\/uploads\/2020\/04\/ff97cb760a31f40e773d928567eba48c.romeu-zema.jpg\" \/>\n\t<meta property=\"og:image:width\" content=\"800\" \/>\n\t<meta property=\"og:image:height\" content=\"517\" \/>\n\t<meta property=\"og:image:type\" content=\"image\/jpeg\" \/>\n<meta name=\"author\" content=\"Marcelo Lopes\" \/>\n<meta name=\"twitter:card\" content=\"summary_large_image\" \/>\n<meta name=\"twitter:label1\" content=\"Escrito por\" \/>\n\t<meta name=\"twitter:data1\" content=\"Marcelo Lopes\" \/>\n\t<meta name=\"twitter:label2\" content=\"Est. tempo de leitura\" \/>\n\t<meta name=\"twitter:data2\" content=\"2 minutos\" \/>\n<script type=\"application\/ld+json\" class=\"yoast-schema-graph\">{\"@context\":\"https:\\\/\\\/schema.org\",\"@graph\":[{\"@type\":\"NewsArticle\",\"@id\":\"https:\\\/\\\/marcelolopes.jor.br\\\/site\\\/2020\\\/04\\\/16\\\/zema-vai-lancar-protocolo-de-seguranca-com-orientacoes-aos-prefeitos\\\/#article\",\"isPartOf\":{\"@id\":\"https:\\\/\\\/marcelolopes.jor.br\\\/site\\\/2020\\\/04\\\/16\\\/zema-vai-lancar-protocolo-de-seguranca-com-orientacoes-aos-prefeitos\\\/\"},\"author\":{\"name\":\"Marcelo Lopes\",\"@id\":\"https:\\\/\\\/marcelolopes.jor.br\\\/site\\\/#\\\/schema\\\/person\\\/3e7216a35c34d8fdf952b31da3d1f89f\"},\"headline\":\"Zema vai lan\u00e7ar Protocolo de Seguran\u00e7a com orienta\u00e7\u00f5es aos prefeitos\",\"datePublished\":\"2020-04-16T23:00:20+00:00\",\"mainEntityOfPage\":{\"@id\":\"https:\\\/\\\/marcelolopes.jor.br\\\/site\\\/2020\\\/04\\\/16\\\/zema-vai-lancar-protocolo-de-seguranca-com-orientacoes-aos-prefeitos\\\/\"},\"wordCount\":436,\"commentCount\":0,\"publisher\":{\"@id\":\"https:\\\/\\\/marcelolopes.jor.br\\\/site\\\/#organization\"},\"image\":{\"@id\":\"https:\\\/\\\/marcelolopes.jor.br\\\/site\\\/2020\\\/04\\\/16\\\/zema-vai-lancar-protocolo-de-seguranca-com-orientacoes-aos-prefeitos\\\/#primaryimage\"},\"thumbnailUrl\":\"https:\\\/\\\/marcelolopes.jor.br\\\/site\\\/wp-content\\\/uploads\\\/2020\\\/04\\\/ff97cb760a31f40e773d928567eba48c.romeu-zema.jpg\",\"keywords\":[\"governador\",\"pandemia\",\"protocolo de seguran\u00e7a\",\"Romeu Zema\"],\"articleSection\":[\"Not\u00edcias\"],\"inLanguage\":\"pt-BR\",\"potentialAction\":[{\"@type\":\"CommentAction\",\"name\":\"Comment\",\"target\":[\"https:\\\/\\\/marcelolopes.jor.br\\\/site\\\/2020\\\/04\\\/16\\\/zema-vai-lancar-protocolo-de-seguranca-com-orientacoes-aos-prefeitos\\\/#respond\"]}]},{\"@type\":\"WebPage\",\"@id\":\"https:\\\/\\\/marcelolopes.jor.br\\\/site\\\/2020\\\/04\\\/16\\\/zema-vai-lancar-protocolo-de-seguranca-com-orientacoes-aos-prefeitos\\\/\",\"url\":\"https:\\\/\\\/marcelolopes.jor.br\\\/site\\\/2020\\\/04\\\/16\\\/zema-vai-lancar-protocolo-de-seguranca-com-orientacoes-aos-prefeitos\\\/\",\"name\":\"Zema vai lan\u00e7ar Protocolo de Seguran\u00e7a com orienta\u00e7\u00f5es aos prefeitos | Marcelo Lopes\",\"isPartOf\":{\"@id\":\"https:\\\/\\\/marcelolopes.jor.br\\\/site\\\/#website\"},\"primaryImageOfPage\":{\"@id\":\"https:\\\/\\\/marcelolopes.jor.br\\\/site\\\/2020\\\/04\\\/16\\\/zema-vai-lancar-protocolo-de-seguranca-com-orientacoes-aos-prefeitos\\\/#primaryimage\"},\"image\":{\"@id\":\"https:\\\/\\\/marcelolopes.jor.br\\\/site\\\/2020\\\/04\\\/16\\\/zema-vai-lancar-protocolo-de-seguranca-com-orientacoes-aos-prefeitos\\\/#primaryimage\"},\"thumbnailUrl\":\"https:\\\/\\\/marcelolopes.jor.br\\\/site\\\/wp-content\\\/uploads\\\/2020\\\/04\\\/ff97cb760a31f40e773d928567eba48c.romeu-zema.jpg\",\"datePublished\":\"2020-04-16T23:00:20+00:00\",\"breadcrumb\":{\"@id\":\"https:\\\/\\\/marcelolopes.jor.br\\\/site\\\/2020\\\/04\\\/16\\\/zema-vai-lancar-protocolo-de-seguranca-com-orientacoes-aos-prefeitos\\\/#breadcrumb\"},\"inLanguage\":\"pt-BR\",\"potentialAction\":[{\"@type\":\"ReadAction\",\"target\":[\"https:\\\/\\\/marcelolopes.jor.br\\\/site\\\/2020\\\/04\\\/16\\\/zema-vai-lancar-protocolo-de-seguranca-com-orientacoes-aos-prefeitos\\\/\"]}]},{\"@type\":\"ImageObject\",\"inLanguage\":\"pt-BR\",\"@id\":\"https:\\\/\\\/marcelolopes.jor.br\\\/site\\\/2020\\\/04\\\/16\\\/zema-vai-lancar-protocolo-de-seguranca-com-orientacoes-aos-prefeitos\\\/#primaryimage\",\"url\":\"https:\\\/\\\/marcelolopes.jor.br\\\/site\\\/wp-content\\\/uploads\\\/2020\\\/04\\\/ff97cb760a31f40e773d928567eba48c.romeu-zema.jpg\",\"contentUrl\":\"https:\\\/\\\/marcelolopes.jor.br\\\/site\\\/wp-content\\\/uploads\\\/2020\\\/04\\\/ff97cb760a31f40e773d928567eba48c.romeu-zema.jpg\",\"width\":800,\"height\":517},{\"@type\":\"BreadcrumbList\",\"@id\":\"https:\\\/\\\/marcelolopes.jor.br\\\/site\\\/2020\\\/04\\\/16\\\/zema-vai-lancar-protocolo-de-seguranca-com-orientacoes-aos-prefeitos\\\/#breadcrumb\",\"itemListElement\":[{\"@type\":\"ListItem\",\"position\":1,\"name\":\"Home\",\"item\":\"https:\\\/\\\/marcelolopes.jor.br\\\/site\\\/\"},{\"@type\":\"ListItem\",\"position\":2,\"name\":\"Zema vai lan\u00e7ar Protocolo de Seguran\u00e7a com orienta\u00e7\u00f5es aos prefeitos\"}]},{\"@type\":\"WebSite\",\"@id\":\"https:\\\/\\\/marcelolopes.jor.br\\\/site\\\/#website\",\"url\":\"https:\\\/\\\/marcelolopes.jor.br\\\/site\\\/\",\"name\":\"Marcelo Lopes\",\"description\":\"Not\u00edcias de Cataguases e Regi\u00e3o\",\"publisher\":{\"@id\":\"https:\\\/\\\/marcelolopes.jor.br\\\/site\\\/#organization\"},\"potentialAction\":[{\"@type\":\"SearchAction\",\"target\":{\"@type\":\"EntryPoint\",\"urlTemplate\":\"https:\\\/\\\/marcelolopes.jor.br\\\/site\\\/?s={search_term_string}\"},\"query-input\":{\"@type\":\"PropertyValueSpecification\",\"valueRequired\":true,\"valueName\":\"search_term_string\"}}],\"inLanguage\":\"pt-BR\"},{\"@type\":\"Organization\",\"@id\":\"https:\\\/\\\/marcelolopes.jor.br\\\/site\\\/#organization\",\"name\":\"Site do Marcelo Lopes\",\"url\":\"https:\\\/\\\/marcelolopes.jor.br\\\/site\\\/\",\"logo\":{\"@type\":\"ImageObject\",\"inLanguage\":\"pt-BR\",\"@id\":\"https:\\\/\\\/marcelolopes.jor.br\\\/site\\\/#\\\/schema\\\/logo\\\/image\\\/\",\"url\":\"https:\\\/\\\/marcelolopes.jor.br\\\/site\\\/wp-content\\\/uploads\\\/2024\\\/11\\\/logo-1.png\",\"contentUrl\":\"https:\\\/\\\/marcelolopes.jor.br\\\/site\\\/wp-content\\\/uploads\\\/2024\\\/11\\\/logo-1.png\",\"width\":475,\"height\":80,\"caption\":\"Site do Marcelo Lopes\"},\"image\":{\"@id\":\"https:\\\/\\\/marcelolopes.jor.br\\\/site\\\/#\\\/schema\\\/logo\\\/image\\\/\"},\"sameAs\":[\"https:\\\/\\\/www.facebook.com\\\/sitedomarcelolopes\",\"https:\\\/\\\/www.instagram.com\\\/sitedomarcelolopes\\\/\",\"https:\\\/\\\/www.linkedin.com\\\/company\\\/site-do-marcelo-lopes\\\/\",\"https:\\\/\\\/www.youtube.com\\\/user\\\/marcelolopes957\"]},{\"@type\":\"Person\",\"@id\":\"https:\\\/\\\/marcelolopes.jor.br\\\/site\\\/#\\\/schema\\\/person\\\/3e7216a35c34d8fdf952b31da3d1f89f\",\"name\":\"Marcelo Lopes\",\"sameAs\":[\"http:\\\/\\\/www.marcelolopes.jor.br\"],\"url\":\"https:\\\/\\\/marcelolopes.jor.br\\\/site\\\/author\\\/marcelo\\\/\"}]}<\/script>\n<!-- \/ Yoast SEO plugin. -->","yoast_head_json":{"title":"Zema vai lan\u00e7ar Protocolo de Seguran\u00e7a com orienta\u00e7\u00f5es aos prefeitos | Marcelo Lopes","robots":{"index":"index","follow":"follow","max-snippet":"max-snippet:-1","max-image-preview":"max-image-preview:large","max-video-preview":"max-video-preview:-1"},"canonical":"https:\/\/marcelolopes.jor.br\/site\/2020\/04\/16\/zema-vai-lancar-protocolo-de-seguranca-com-orientacoes-aos-prefeitos\/","og_locale":"pt_BR","og_type":"article","og_title":"Zema vai lan\u00e7ar Protocolo de Seguran\u00e7a com orienta\u00e7\u00f5es aos prefeitos | Marcelo Lopes","og_description":"Em entrevista \u00e0 R\u00e1dio Itatiaia de Belo Horizonte, na tarde desta quinta-feira, 16 de abril, o governador de Minas Gerais, Romeu Zema (Novo), informou que vai divulgar na pr\u00f3xima semana um Protocolo de Seguran\u00e7a, que servir\u00e1 para qualquer atividade comercialLeia mais Zema vai lan\u00e7ar Protocolo de Seguran\u00e7a com orienta\u00e7\u00f5es aos prefeitos","og_url":"https:\/\/marcelolopes.jor.br\/site\/2020\/04\/16\/zema-vai-lancar-protocolo-de-seguranca-com-orientacoes-aos-prefeitos\/","og_site_name":"Marcelo Lopes","article_publisher":"https:\/\/www.facebook.com\/sitedomarcelolopes","article_published_time":"2020-04-16T23:00:20+00:00","og_image":[{"width":800,"height":517,"url":"https:\/\/marcelolopes.jor.br\/site\/wp-content\/uploads\/2020\/04\/ff97cb760a31f40e773d928567eba48c.romeu-zema.jpg","type":"image\/jpeg"}],"author":"Marcelo Lopes","twitter_card":"summary_large_image","twitter_misc":{"Escrito por":"Marcelo Lopes","Est. tempo de leitura":"2 minutos"},"schema":{"@context":"https:\/\/schema.org","@graph":[{"@type":"NewsArticle","@id":"https:\/\/marcelolopes.jor.br\/site\/2020\/04\/16\/zema-vai-lancar-protocolo-de-seguranca-com-orientacoes-aos-prefeitos\/#article","isPartOf":{"@id":"https:\/\/marcelolopes.jor.br\/site\/2020\/04\/16\/zema-vai-lancar-protocolo-de-seguranca-com-orientacoes-aos-prefeitos\/"},"author":{"name":"Marcelo Lopes","@id":"https:\/\/marcelolopes.jor.br\/site\/#\/schema\/person\/3e7216a35c34d8fdf952b31da3d1f89f"},"headline":"Zema vai lan\u00e7ar Protocolo de Seguran\u00e7a com orienta\u00e7\u00f5es aos prefeitos","datePublished":"2020-04-16T23:00:20+00:00","mainEntityOfPage":{"@id":"https:\/\/marcelolopes.jor.br\/site\/2020\/04\/16\/zema-vai-lancar-protocolo-de-seguranca-com-orientacoes-aos-prefeitos\/"},"wordCount":436,"commentCount":0,"publisher":{"@id":"https:\/\/marcelolopes.jor.br\/site\/#organization"},"image":{"@id":"https:\/\/marcelolopes.jor.br\/site\/2020\/04\/16\/zema-vai-lancar-protocolo-de-seguranca-com-orientacoes-aos-prefeitos\/#primaryimage"},"thumbnailUrl":"https:\/\/marcelolopes.jor.br\/site\/wp-content\/uploads\/2020\/04\/ff97cb760a31f40e773d928567eba48c.romeu-zema.jpg","keywords":["governador","pandemia","protocolo de seguran\u00e7a","Romeu Zema"],"articleSection":["Not\u00edcias"],"inLanguage":"pt-BR","potentialAction":[{"@type":"CommentAction","name":"Comment","target":["https:\/\/marcelolopes.jor.br\/site\/2020\/04\/16\/zema-vai-lancar-protocolo-de-seguranca-com-orientacoes-aos-prefeitos\/#respond"]}]},{"@type":"WebPage","@id":"https:\/\/marcelolopes.jor.br\/site\/2020\/04\/16\/zema-vai-lancar-protocolo-de-seguranca-com-orientacoes-aos-prefeitos\/","url":"https:\/\/marcelolopes.jor.br\/site\/2020\/04\/16\/zema-vai-lancar-protocolo-de-seguranca-com-orientacoes-aos-prefeitos\/","name":"Zema vai lan\u00e7ar Protocolo de Seguran\u00e7a com orienta\u00e7\u00f5es aos prefeitos | Marcelo Lopes","isPartOf":{"@id":"https:\/\/marcelolopes.jor.br\/site\/#website"},"primaryImageOfPage":{"@id":"https:\/\/marcelolopes.jor.br\/site\/2020\/04\/16\/zema-vai-lancar-protocolo-de-seguranca-com-orientacoes-aos-prefeitos\/#primaryimage"},"image":{"@id":"https:\/\/marcelolopes.jor.br\/site\/2020\/04\/16\/zema-vai-lancar-protocolo-de-seguranca-com-orientacoes-aos-prefeitos\/#primaryimage"},"thumbnailUrl":"https:\/\/marcelolopes.jor.br\/site\/wp-content\/uploads\/2020\/04\/ff97cb760a31f40e773d928567eba48c.romeu-zema.jpg","datePublished":"2020-04-16T23:00:20+00:00","breadcrumb":{"@id":"https:\/\/marcelolopes.jor.br\/site\/2020\/04\/16\/zema-vai-lancar-protocolo-de-seguranca-com-orientacoes-aos-prefeitos\/#breadcrumb"},"inLanguage":"pt-BR","potentialAction":[{"@type":"ReadAction","target":["https:\/\/marcelolopes.jor.br\/site\/2020\/04\/16\/zema-vai-lancar-protocolo-de-seguranca-com-orientacoes-aos-prefeitos\/"]}]},{"@type":"ImageObject","inLanguage":"pt-BR","@id":"https:\/\/marcelolopes.jor.br\/site\/2020\/04\/16\/zema-vai-lancar-protocolo-de-seguranca-com-orientacoes-aos-prefeitos\/#primaryimage","url":"https:\/\/marcelolopes.jor.br\/site\/wp-content\/uploads\/2020\/04\/ff97cb760a31f40e773d928567eba48c.romeu-zema.jpg","contentUrl":"https:\/\/marcelolopes.jor.br\/site\/wp-content\/uploads\/2020\/04\/ff97cb760a31f40e773d928567eba48c.romeu-zema.jpg","width":800,"height":517},{"@type":"BreadcrumbList","@id":"https:\/\/marcelolopes.jor.br\/site\/2020\/04\/16\/zema-vai-lancar-protocolo-de-seguranca-com-orientacoes-aos-prefeitos\/#breadcrumb","itemListElement":[{"@type":"ListItem","position":1,"name":"Home","item":"https:\/\/marcelolopes.jor.br\/site\/"},{"@type":"ListItem","position":2,"name":"Zema vai lan\u00e7ar Protocolo de Seguran\u00e7a com orienta\u00e7\u00f5es aos prefeitos"}]},{"@type":"WebSite","@id":"https:\/\/marcelolopes.jor.br\/site\/#website","url":"https:\/\/marcelolopes.jor.br\/site\/","name":"Marcelo Lopes","description":"Not\u00edcias de Cataguases e Regi\u00e3o","publisher":{"@id":"https:\/\/marcelolopes.jor.br\/site\/#organization"},"potentialAction":[{"@type":"SearchAction","target":{"@type":"EntryPoint","urlTemplate":"https:\/\/marcelolopes.jor.br\/site\/?s={search_term_string}"},"query-input":{"@type":"PropertyValueSpecification","valueRequired":true,"valueName":"search_term_string"}}],"inLanguage":"pt-BR"},{"@type":"Organization","@id":"https:\/\/marcelolopes.jor.br\/site\/#organization","name":"Site do Marcelo Lopes","url":"https:\/\/marcelolopes.jor.br\/site\/","logo":{"@type":"ImageObject","inLanguage":"pt-BR","@id":"https:\/\/marcelolopes.jor.br\/site\/#\/schema\/logo\/image\/","url":"https:\/\/marcelolopes.jor.br\/site\/wp-content\/uploads\/2024\/11\/logo-1.png","contentUrl":"https:\/\/marcelolopes.jor.br\/site\/wp-content\/uploads\/2024\/11\/logo-1.png","width":475,"height":80,"caption":"Site do Marcelo Lopes"},"image":{"@id":"https:\/\/marcelolopes.jor.br\/site\/#\/schema\/logo\/image\/"},"sameAs":["https:\/\/www.facebook.com\/sitedomarcelolopes","https:\/\/www.instagram.com\/sitedomarcelolopes\/","https:\/\/www.linkedin.com\/company\/site-do-marcelo-lopes\/","https:\/\/www.youtube.com\/user\/marcelolopes957"]},{"@type":"Person","@id":"https:\/\/marcelolopes.jor.br\/site\/#\/schema\/person\/3e7216a35c34d8fdf952b31da3d1f89f","name":"Marcelo Lopes","sameAs":["http:\/\/www.marcelolopes.jor.br"],"url":"https:\/\/marcelolopes.jor.br\/site\/author\/marcelo\/"}]}},"wps_subtitle":"Ele disse que caber\u00e1 aos prefeitos decidirem a hora de reabrir o com\u00e9rcio.","_links":{"self":[{"href":"https:\/\/marcelolopes.jor.br\/site\/wp-json\/wp\/v2\/posts\/13579","targetHints":{"allow":["GET"]}}],"collection":[{"href":"https:\/\/marcelolopes.jor.br\/site\/wp-json\/wp\/v2\/posts"}],"about":[{"href":"https:\/\/marcelolopes.jor.br\/site\/wp-json\/wp\/v2\/types\/post"}],"author":[{"embeddable":true,"href":"https:\/\/marcelolopes.jor.br\/site\/wp-json\/wp\/v2\/users\/2"}],"replies":[{"embeddable":true,"href":"https:\/\/marcelolopes.jor.br\/site\/wp-json\/wp\/v2\/comments?post=13579"}],"version-history":[{"count":0,"href":"https:\/\/marcelolopes.jor.br\/site\/wp-json\/wp\/v2\/posts\/13579\/revisions"}],"wp:featuredmedia":[{"embeddable":true,"href":"https:\/\/marcelolopes.jor.br\/site\/wp-json\/wp\/v2\/media\/13581"}],"wp:attachment":[{"href":"https:\/\/marcelolopes.jor.br\/site\/wp-json\/wp\/v2\/media?parent=13579"}],"wp:term":[{"taxonomy":"category","embeddable":true,"href":"https:\/\/marcelolopes.jor.br\/site\/wp-json\/wp\/v2\/categories?post=13579"},{"taxonomy":"post_tag","embeddable":true,"href":"https:\/\/marcelolopes.jor.br\/site\/wp-json\/wp\/v2\/tags?post=13579"}],"curies":[{"name":"wp","href":"https:\/\/api.w.org\/{rel}","templated":true}]}}