{"id":13540,"date":"2020-04-15T20:00:26","date_gmt":"2020-04-15T23:00:26","guid":{"rendered":"https:\/\/marcelolopes.jor.br\/?p=13540"},"modified":"2020-04-15T15:07:22","modified_gmt":"2020-04-15T18:07:22","slug":"energisa-explica-subsidio-de-tarifa-para-consumidores-baixa-renda","status":"publish","type":"post","link":"https:\/\/marcelolopes.jor.br\/site\/2020\/04\/15\/energisa-explica-subsidio-de-tarifa-para-consumidores-baixa-renda\/","title":{"rendered":"Energisa explica subs\u00eddio de tarifa para consumidores Baixa Renda"},"content":{"rendered":"<p style=\"text-align: justify;\">A Energisa considera extremamente acertada a decis\u00e3o do governo federal de subsidiar o consumo de energia el\u00e9trica de consumidores de baixa renda cadastrados no programa de Tarifa Social. Tal medida \u00e9 defendida pela empresa desde o primeiro momento da crise humanit\u00e1ria causada pela Covid-19 por ter f\u00e1cil implementa\u00e7\u00e3o e alcan\u00e7ar diretamente uma categoria de consumidores vulner\u00e1veis, j\u00e1 mapeados em todo o pa\u00eds.<!--more--><\/p>\n<p style=\"text-align: justify;\">A distribuidora alerta, por\u00e9m, que o subs\u00eddio previsto na Medida Provis\u00f3ria impacta apenas o consumo de energia el\u00e9trica. Assim, exceto por decis\u00f5es dos Governos Estaduais e\/ou Municipais que mudem essa condi\u00e7\u00e3o, as contas continuar\u00e3o a ser entregues e poder\u00e3o apresentar outras taxas e tributos que n\u00e3o est\u00e3o cobertos pelo subs\u00eddio da Medida Provis\u00f3ria federal. (Veja o que j\u00e1 foi publicado sobre o assunto <a href=\"https:\/\/marcelolopes.jor.br\/2020\/03\/16\/decreto-limita-atividades-no-municipio-por-causa-do-covid-19\/\"><strong><span style=\"color: #800080;\">clicando aqui<\/span><\/strong><\/a>)<\/p>\n<p>O gerente de Servi\u00e7os Comerciais da Energisa Minas Gerais, Luciano Lima, explica que os clientes cadastrados na Tarifa Social daquela distribuidora de energia j\u00e1 est\u00e3o recebendo as contas com o subs\u00eddio. Ele orienta tamb\u00e9m o que devem fazer os clientes que t\u00eam direito ao benef\u00edcio da Tarifa Social e ainda n\u00e3o s\u00e3o cadastrados (Ou\u00e7a o <strong>\u00e1udio<\/strong> a respeito no final da mat\u00e9ria). &#8220;No site da Energisa Minas Gerais tem um passo a passo ensinando como fazer para os j\u00e1 cadastrados e para os que querem se cadastrar&#8221;, explica.<\/p>\n<p style=\"text-align: justify;\">O benef\u00edcio concedido pelo governo vai cobrir tr\u00eas contas, portanto, at\u00e9 junho. Al\u00e9m do site (<a href=\"https:\/\/www.energisa.com.br\/Paginas\/informacoes\/sua-conta\/tarifa-social.aspx\"><strong><span style=\"color: #800080;\">clique aqui para acessar<\/span><\/strong><\/a>), \u00e9 poss\u00edvel saber se est\u00e1 inserido na tarifa social ou se cadastrar nela atrav\u00e9s do call center da Energisa (0800 032 196) e pelo WhatsApp, atrav\u00e9s da atendente virtual Gisa, pelo n\u00famero (32) 98426-1352. \u00c9 preciso ficar atento tamb\u00e9m, acrescenta Luciano, para os documentos necess\u00e1rios ao cadastro.<\/p>\n<p>Ou\u00e7a o \u00e1udio abaixo.<\/p>\n<div class=\"wp-playlist wp-audio-playlist wp-playlist-light\">\n\t\t\t<div class=\"wp-playlist-current-item\"><\/div>\n\t\t<audio controls=\"controls\" preload=\"none\" width=\"858\"\n\t\t\t><\/audio>\n\t<div class=\"wp-playlist-next\"><\/div>\n\t<div class=\"wp-playlist-prev\"><\/div>\n\t<noscript>\n\t<ol>\n\t\t<li><a href='https:\/\/marcelolopes.jor.br\/site\/wp-content\/uploads\/2020\/04\/\u00c1udio-Luciano.ogg'>\u00c1udio Luciano<\/a><\/li>\t<\/ol>\n\t<\/noscript>\n\t<script type=\"application\/json\" class=\"wp-playlist-script\">{\"type\":\"audio\",\"tracklist\":true,\"tracknumbers\":true,\"images\":true,\"artists\":true,\"tracks\":[{\"src\":\"https:\/\/marcelolopes.jor.br\/site\/wp-content\/uploads\/2020\/04\/\\u00c1udio-Luciano.ogg\",\"type\":\"audio\/ogg\",\"title\":\"\\u00c1udio Luciano\",\"caption\":\"\",\"description\":\"\\\"\\u00c1udio Luciano\\\".\",\"meta\":{\"length_formatted\":\"8:35\"},\"image\":{\"src\":\"https:\/\/marcelolopes.jor.br\/site\/wp-includes\/images\/media\/audio.svg\",\"width\":48,\"height\":64},\"thumb\":{\"src\":\"https:\/\/marcelolopes.jor.br\/site\/wp-includes\/images\/media\/audio.svg\",\"width\":48,\"height\":64}}]}<\/script>\n<\/div>\n\t\n<p>Fonte: Assessoria de Comunica\u00e7\u00e3o da Energisa Minas Gerais | Foto: Lapada Lapada<\/p>\n<div class=\"aqyji69f73946d485f\" ><br><\/div><style type=\"text\/css\">\r\n@media screen and (min-width: 1201px) {\r\n.aqyji69f73946d485f {\r\ndisplay: block;\r\n}\r\n}\r\n@media screen and (min-width: 993px) and (max-width: 1200px) {\r\n.aqyji69f73946d485f {\r\ndisplay: block;\r\n}\r\n}\r\n@media screen and (min-width: 769px) and (max-width: 992px) {\r\n.aqyji69f73946d485f {\r\ndisplay: block;\r\n}\r\n}\r\n@media screen and (min-width: 768px) and (max-width: 768px) {\r\n.aqyji69f73946d485f {\r\ndisplay: block;\r\n}\r\n}\r\n@media screen and (max-width: 767px) {\r\n.aqyji69f73946d485f {\r\ndisplay: block;\r\n}\r\n}\r\n<\/style>\r\n<div class=\"umqwj69f73946d9f0d\" ><div id=\"div_destino\"><\/div>\r\n<script src=\"https:\/\/cdn.snsrsv.com\/sdk.js\"><\/script>\r\n<script >\r\n      new sdk(\"464030C30061EA8BE065000000000001\") \r\n          .appendTo(\"div_destino\")\r\n          .disableStyle(true) \r\n          .setCacheBusterMacro(\"%%CACHEBUSTER%%\")\r\n          .setSize(\"800\",\"214\")\r\n          .setClickMacro(\"%%CLICK_URL_ESC%%\") \r\n          .setReferrerUrlMacro(\"%%REFERRER_URL_ESC%%\") \r\n          .start(); \r\n<\/script><\/div><style type=\"text\/css\">\r\n@media screen and (min-width: 1201px) {\r\n.umqwj69f73946d9f0d {\r\ndisplay: block;\r\n}\r\n}\r\n@media screen and (min-width: 993px) and (max-width: 1200px) {\r\n.umqwj69f73946d9f0d {\r\ndisplay: block;\r\n}\r\n}\r\n@media screen and (min-width: 769px) and (max-width: 992px) {\r\n.umqwj69f73946d9f0d {\r\ndisplay: block;\r\n}\r\n}\r\n@media screen and (min-width: 768px) and (max-width: 768px) {\r\n.umqwj69f73946d9f0d {\r\ndisplay: block;\r\n}\r\n}\r\n@media screen and (max-width: 767px) {\r\n.umqwj69f73946d9f0d {\r\ndisplay: block;\r\n}\r\n}\r\n<\/style>\r\n","protected":false},"excerpt":{"rendered":"<p>A Energisa considera extremamente acertada a decis\u00e3o do governo federal de subsidiar o consumo de energia el\u00e9trica de consumidores de baixa renda cadastrados no programa de Tarifa Social. Tal medida \u00e9 defendida pela empresa desde o primeiro momento da crise<\/p>\n<p class=\"link-more\"><a class=\"more-link\" href=\"https:\/\/marcelolopes.jor.br\/site\/2020\/04\/15\/energisa-explica-subsidio-de-tarifa-para-consumidores-baixa-renda\/\">Leia mais <span class=\"screen-reader-text\">Energisa explica subs\u00eddio de tarifa para consumidores Baixa Renda<\/span><\/a><\/p>\n","protected":false},"author":2,"featured_media":13543,"comment_status":"open","ping_status":"open","sticky":false,"template":"","format":"standard","meta":{"footnotes":""},"categories":[1],"tags":[414,120,1182,2363],"class_list":["post-13540","post","type-post","status-publish","format-standard","has-post-thumbnail","hentry","category-noticias","tag-conta-de-luz","tag-energisa","tag-energisa-minas-gerais","tag-tarifa-social","thumb-below-title"],"yoast_head":"<!-- This site is optimized with the Yoast SEO plugin v27.4 - https:\/\/yoast.com\/product\/yoast-seo-wordpress\/ -->\n<title>Energisa explica subs\u00eddio de tarifa para consumidores Baixa Renda | Marcelo Lopes<\/title>\n<meta name=\"robots\" content=\"index, follow, max-snippet:-1, max-image-preview:large, max-video-preview:-1\" \/>\n<link rel=\"canonical\" href=\"https:\/\/marcelolopes.jor.br\/site\/2020\/04\/15\/energisa-explica-subsidio-de-tarifa-para-consumidores-baixa-renda\/\" \/>\n<meta property=\"og:locale\" content=\"pt_BR\" \/>\n<meta property=\"og:type\" content=\"article\" \/>\n<meta property=\"og:title\" content=\"Energisa explica subs\u00eddio de tarifa para consumidores Baixa Renda | Marcelo Lopes\" \/>\n<meta property=\"og:description\" content=\"A Energisa considera extremamente acertada a decis\u00e3o do governo federal de subsidiar o consumo de energia el\u00e9trica de consumidores de baixa renda cadastrados no programa de Tarifa Social. Tal medida \u00e9 defendida pela empresa desde o primeiro momento da criseLeia mais Energisa explica subs\u00eddio de tarifa para consumidores Baixa Renda\" \/>\n<meta property=\"og:url\" content=\"https:\/\/marcelolopes.jor.br\/site\/2020\/04\/15\/energisa-explica-subsidio-de-tarifa-para-consumidores-baixa-renda\/\" \/>\n<meta property=\"og:site_name\" content=\"Marcelo Lopes\" \/>\n<meta property=\"article:publisher\" content=\"https:\/\/www.facebook.com\/sitedomarcelolopes\" \/>\n<meta property=\"article:published_time\" content=\"2020-04-15T23:00:26+00:00\" \/>\n<meta property=\"og:image\" content=\"https:\/\/marcelolopes.jor.br\/site\/wp-content\/uploads\/2020\/04\/1463a3bb-37f5-4097-9e8c-865e502795d0.jpg\" \/>\n\t<meta property=\"og:image:width\" content=\"678\" \/>\n\t<meta property=\"og:image:height\" content=\"452\" \/>\n\t<meta property=\"og:image:type\" content=\"image\/jpeg\" \/>\n<meta name=\"author\" content=\"Marcelo Lopes\" \/>\n<meta name=\"twitter:card\" content=\"summary_large_image\" \/>\n<meta name=\"twitter:label1\" content=\"Escrito por\" \/>\n\t<meta name=\"twitter:data1\" content=\"Marcelo Lopes\" \/>\n\t<meta name=\"twitter:label2\" content=\"Est. tempo de leitura\" \/>\n\t<meta name=\"twitter:data2\" content=\"2 minutos\" \/>\n<script type=\"application\/ld+json\" class=\"yoast-schema-graph\">{\"@context\":\"https:\\\/\\\/schema.org\",\"@graph\":[{\"@type\":\"NewsArticle\",\"@id\":\"https:\\\/\\\/marcelolopes.jor.br\\\/site\\\/2020\\\/04\\\/15\\\/energisa-explica-subsidio-de-tarifa-para-consumidores-baixa-renda\\\/#article\",\"isPartOf\":{\"@id\":\"https:\\\/\\\/marcelolopes.jor.br\\\/site\\\/2020\\\/04\\\/15\\\/energisa-explica-subsidio-de-tarifa-para-consumidores-baixa-renda\\\/\"},\"author\":{\"name\":\"Marcelo Lopes\",\"@id\":\"https:\\\/\\\/marcelolopes.jor.br\\\/site\\\/#\\\/schema\\\/person\\\/3e7216a35c34d8fdf952b31da3d1f89f\"},\"headline\":\"Energisa explica subs\u00eddio de tarifa para consumidores Baixa Renda\",\"datePublished\":\"2020-04-15T23:00:26+00:00\",\"mainEntityOfPage\":{\"@id\":\"https:\\\/\\\/marcelolopes.jor.br\\\/site\\\/2020\\\/04\\\/15\\\/energisa-explica-subsidio-de-tarifa-para-consumidores-baixa-renda\\\/\"},\"wordCount\":343,\"commentCount\":0,\"publisher\":{\"@id\":\"https:\\\/\\\/marcelolopes.jor.br\\\/site\\\/#organization\"},\"image\":{\"@id\":\"https:\\\/\\\/marcelolopes.jor.br\\\/site\\\/2020\\\/04\\\/15\\\/energisa-explica-subsidio-de-tarifa-para-consumidores-baixa-renda\\\/#primaryimage\"},\"thumbnailUrl\":\"https:\\\/\\\/marcelolopes.jor.br\\\/site\\\/wp-content\\\/uploads\\\/2020\\\/04\\\/1463a3bb-37f5-4097-9e8c-865e502795d0.jpg\",\"keywords\":[\"conta de luz\",\"Energisa\",\"Energisa Minas Gerais\",\"tarifa social\"],\"articleSection\":[\"Not\u00edcias\"],\"inLanguage\":\"pt-BR\",\"potentialAction\":[{\"@type\":\"CommentAction\",\"name\":\"Comment\",\"target\":[\"https:\\\/\\\/marcelolopes.jor.br\\\/site\\\/2020\\\/04\\\/15\\\/energisa-explica-subsidio-de-tarifa-para-consumidores-baixa-renda\\\/#respond\"]}]},{\"@type\":\"WebPage\",\"@id\":\"https:\\\/\\\/marcelolopes.jor.br\\\/site\\\/2020\\\/04\\\/15\\\/energisa-explica-subsidio-de-tarifa-para-consumidores-baixa-renda\\\/\",\"url\":\"https:\\\/\\\/marcelolopes.jor.br\\\/site\\\/2020\\\/04\\\/15\\\/energisa-explica-subsidio-de-tarifa-para-consumidores-baixa-renda\\\/\",\"name\":\"Energisa explica subs\u00eddio de tarifa para consumidores Baixa Renda | Marcelo Lopes\",\"isPartOf\":{\"@id\":\"https:\\\/\\\/marcelolopes.jor.br\\\/site\\\/#website\"},\"primaryImageOfPage\":{\"@id\":\"https:\\\/\\\/marcelolopes.jor.br\\\/site\\\/2020\\\/04\\\/15\\\/energisa-explica-subsidio-de-tarifa-para-consumidores-baixa-renda\\\/#primaryimage\"},\"image\":{\"@id\":\"https:\\\/\\\/marcelolopes.jor.br\\\/site\\\/2020\\\/04\\\/15\\\/energisa-explica-subsidio-de-tarifa-para-consumidores-baixa-renda\\\/#primaryimage\"},\"thumbnailUrl\":\"https:\\\/\\\/marcelolopes.jor.br\\\/site\\\/wp-content\\\/uploads\\\/2020\\\/04\\\/1463a3bb-37f5-4097-9e8c-865e502795d0.jpg\",\"datePublished\":\"2020-04-15T23:00:26+00:00\",\"breadcrumb\":{\"@id\":\"https:\\\/\\\/marcelolopes.jor.br\\\/site\\\/2020\\\/04\\\/15\\\/energisa-explica-subsidio-de-tarifa-para-consumidores-baixa-renda\\\/#breadcrumb\"},\"inLanguage\":\"pt-BR\",\"potentialAction\":[{\"@type\":\"ReadAction\",\"target\":[\"https:\\\/\\\/marcelolopes.jor.br\\\/site\\\/2020\\\/04\\\/15\\\/energisa-explica-subsidio-de-tarifa-para-consumidores-baixa-renda\\\/\"]}]},{\"@type\":\"ImageObject\",\"inLanguage\":\"pt-BR\",\"@id\":\"https:\\\/\\\/marcelolopes.jor.br\\\/site\\\/2020\\\/04\\\/15\\\/energisa-explica-subsidio-de-tarifa-para-consumidores-baixa-renda\\\/#primaryimage\",\"url\":\"https:\\\/\\\/marcelolopes.jor.br\\\/site\\\/wp-content\\\/uploads\\\/2020\\\/04\\\/1463a3bb-37f5-4097-9e8c-865e502795d0.jpg\",\"contentUrl\":\"https:\\\/\\\/marcelolopes.jor.br\\\/site\\\/wp-content\\\/uploads\\\/2020\\\/04\\\/1463a3bb-37f5-4097-9e8c-865e502795d0.jpg\",\"width\":678,\"height\":452},{\"@type\":\"BreadcrumbList\",\"@id\":\"https:\\\/\\\/marcelolopes.jor.br\\\/site\\\/2020\\\/04\\\/15\\\/energisa-explica-subsidio-de-tarifa-para-consumidores-baixa-renda\\\/#breadcrumb\",\"itemListElement\":[{\"@type\":\"ListItem\",\"position\":1,\"name\":\"Home\",\"item\":\"https:\\\/\\\/marcelolopes.jor.br\\\/site\\\/\"},{\"@type\":\"ListItem\",\"position\":2,\"name\":\"Energisa explica subs\u00eddio de tarifa para consumidores Baixa Renda\"}]},{\"@type\":\"WebSite\",\"@id\":\"https:\\\/\\\/marcelolopes.jor.br\\\/site\\\/#website\",\"url\":\"https:\\\/\\\/marcelolopes.jor.br\\\/site\\\/\",\"name\":\"Marcelo Lopes\",\"description\":\"Not\u00edcias de Cataguases e Regi\u00e3o\",\"publisher\":{\"@id\":\"https:\\\/\\\/marcelolopes.jor.br\\\/site\\\/#organization\"},\"potentialAction\":[{\"@type\":\"SearchAction\",\"target\":{\"@type\":\"EntryPoint\",\"urlTemplate\":\"https:\\\/\\\/marcelolopes.jor.br\\\/site\\\/?s={search_term_string}\"},\"query-input\":{\"@type\":\"PropertyValueSpecification\",\"valueRequired\":true,\"valueName\":\"search_term_string\"}}],\"inLanguage\":\"pt-BR\"},{\"@type\":\"Organization\",\"@id\":\"https:\\\/\\\/marcelolopes.jor.br\\\/site\\\/#organization\",\"name\":\"Site do Marcelo Lopes\",\"url\":\"https:\\\/\\\/marcelolopes.jor.br\\\/site\\\/\",\"logo\":{\"@type\":\"ImageObject\",\"inLanguage\":\"pt-BR\",\"@id\":\"https:\\\/\\\/marcelolopes.jor.br\\\/site\\\/#\\\/schema\\\/logo\\\/image\\\/\",\"url\":\"https:\\\/\\\/marcelolopes.jor.br\\\/site\\\/wp-content\\\/uploads\\\/2024\\\/11\\\/logo-1.png\",\"contentUrl\":\"https:\\\/\\\/marcelolopes.jor.br\\\/site\\\/wp-content\\\/uploads\\\/2024\\\/11\\\/logo-1.png\",\"width\":475,\"height\":80,\"caption\":\"Site do Marcelo Lopes\"},\"image\":{\"@id\":\"https:\\\/\\\/marcelolopes.jor.br\\\/site\\\/#\\\/schema\\\/logo\\\/image\\\/\"},\"sameAs\":[\"https:\\\/\\\/www.facebook.com\\\/sitedomarcelolopes\",\"https:\\\/\\\/www.instagram.com\\\/sitedomarcelolopes\\\/\",\"https:\\\/\\\/www.linkedin.com\\\/company\\\/site-do-marcelo-lopes\\\/\",\"https:\\\/\\\/www.youtube.com\\\/user\\\/marcelolopes957\"]},{\"@type\":\"Person\",\"@id\":\"https:\\\/\\\/marcelolopes.jor.br\\\/site\\\/#\\\/schema\\\/person\\\/3e7216a35c34d8fdf952b31da3d1f89f\",\"name\":\"Marcelo Lopes\",\"sameAs\":[\"http:\\\/\\\/www.marcelolopes.jor.br\"],\"url\":\"https:\\\/\\\/marcelolopes.jor.br\\\/site\\\/author\\\/marcelo\\\/\"}]}<\/script>\n<!-- \/ Yoast SEO plugin. -->","yoast_head_json":{"title":"Energisa explica subs\u00eddio de tarifa para consumidores Baixa Renda | Marcelo Lopes","robots":{"index":"index","follow":"follow","max-snippet":"max-snippet:-1","max-image-preview":"max-image-preview:large","max-video-preview":"max-video-preview:-1"},"canonical":"https:\/\/marcelolopes.jor.br\/site\/2020\/04\/15\/energisa-explica-subsidio-de-tarifa-para-consumidores-baixa-renda\/","og_locale":"pt_BR","og_type":"article","og_title":"Energisa explica subs\u00eddio de tarifa para consumidores Baixa Renda | Marcelo Lopes","og_description":"A Energisa considera extremamente acertada a decis\u00e3o do governo federal de subsidiar o consumo de energia el\u00e9trica de consumidores de baixa renda cadastrados no programa de Tarifa Social. Tal medida \u00e9 defendida pela empresa desde o primeiro momento da criseLeia mais Energisa explica subs\u00eddio de tarifa para consumidores Baixa Renda","og_url":"https:\/\/marcelolopes.jor.br\/site\/2020\/04\/15\/energisa-explica-subsidio-de-tarifa-para-consumidores-baixa-renda\/","og_site_name":"Marcelo Lopes","article_publisher":"https:\/\/www.facebook.com\/sitedomarcelolopes","article_published_time":"2020-04-15T23:00:26+00:00","og_image":[{"width":678,"height":452,"url":"https:\/\/marcelolopes.jor.br\/site\/wp-content\/uploads\/2020\/04\/1463a3bb-37f5-4097-9e8c-865e502795d0.jpg","type":"image\/jpeg"}],"author":"Marcelo Lopes","twitter_card":"summary_large_image","twitter_misc":{"Escrito por":"Marcelo Lopes","Est. tempo de leitura":"2 minutos"},"schema":{"@context":"https:\/\/schema.org","@graph":[{"@type":"NewsArticle","@id":"https:\/\/marcelolopes.jor.br\/site\/2020\/04\/15\/energisa-explica-subsidio-de-tarifa-para-consumidores-baixa-renda\/#article","isPartOf":{"@id":"https:\/\/marcelolopes.jor.br\/site\/2020\/04\/15\/energisa-explica-subsidio-de-tarifa-para-consumidores-baixa-renda\/"},"author":{"name":"Marcelo Lopes","@id":"https:\/\/marcelolopes.jor.br\/site\/#\/schema\/person\/3e7216a35c34d8fdf952b31da3d1f89f"},"headline":"Energisa explica subs\u00eddio de tarifa para consumidores Baixa Renda","datePublished":"2020-04-15T23:00:26+00:00","mainEntityOfPage":{"@id":"https:\/\/marcelolopes.jor.br\/site\/2020\/04\/15\/energisa-explica-subsidio-de-tarifa-para-consumidores-baixa-renda\/"},"wordCount":343,"commentCount":0,"publisher":{"@id":"https:\/\/marcelolopes.jor.br\/site\/#organization"},"image":{"@id":"https:\/\/marcelolopes.jor.br\/site\/2020\/04\/15\/energisa-explica-subsidio-de-tarifa-para-consumidores-baixa-renda\/#primaryimage"},"thumbnailUrl":"https:\/\/marcelolopes.jor.br\/site\/wp-content\/uploads\/2020\/04\/1463a3bb-37f5-4097-9e8c-865e502795d0.jpg","keywords":["conta de luz","Energisa","Energisa Minas Gerais","tarifa social"],"articleSection":["Not\u00edcias"],"inLanguage":"pt-BR","potentialAction":[{"@type":"CommentAction","name":"Comment","target":["https:\/\/marcelolopes.jor.br\/site\/2020\/04\/15\/energisa-explica-subsidio-de-tarifa-para-consumidores-baixa-renda\/#respond"]}]},{"@type":"WebPage","@id":"https:\/\/marcelolopes.jor.br\/site\/2020\/04\/15\/energisa-explica-subsidio-de-tarifa-para-consumidores-baixa-renda\/","url":"https:\/\/marcelolopes.jor.br\/site\/2020\/04\/15\/energisa-explica-subsidio-de-tarifa-para-consumidores-baixa-renda\/","name":"Energisa explica subs\u00eddio de tarifa para consumidores Baixa Renda | Marcelo Lopes","isPartOf":{"@id":"https:\/\/marcelolopes.jor.br\/site\/#website"},"primaryImageOfPage":{"@id":"https:\/\/marcelolopes.jor.br\/site\/2020\/04\/15\/energisa-explica-subsidio-de-tarifa-para-consumidores-baixa-renda\/#primaryimage"},"image":{"@id":"https:\/\/marcelolopes.jor.br\/site\/2020\/04\/15\/energisa-explica-subsidio-de-tarifa-para-consumidores-baixa-renda\/#primaryimage"},"thumbnailUrl":"https:\/\/marcelolopes.jor.br\/site\/wp-content\/uploads\/2020\/04\/1463a3bb-37f5-4097-9e8c-865e502795d0.jpg","datePublished":"2020-04-15T23:00:26+00:00","breadcrumb":{"@id":"https:\/\/marcelolopes.jor.br\/site\/2020\/04\/15\/energisa-explica-subsidio-de-tarifa-para-consumidores-baixa-renda\/#breadcrumb"},"inLanguage":"pt-BR","potentialAction":[{"@type":"ReadAction","target":["https:\/\/marcelolopes.jor.br\/site\/2020\/04\/15\/energisa-explica-subsidio-de-tarifa-para-consumidores-baixa-renda\/"]}]},{"@type":"ImageObject","inLanguage":"pt-BR","@id":"https:\/\/marcelolopes.jor.br\/site\/2020\/04\/15\/energisa-explica-subsidio-de-tarifa-para-consumidores-baixa-renda\/#primaryimage","url":"https:\/\/marcelolopes.jor.br\/site\/wp-content\/uploads\/2020\/04\/1463a3bb-37f5-4097-9e8c-865e502795d0.jpg","contentUrl":"https:\/\/marcelolopes.jor.br\/site\/wp-content\/uploads\/2020\/04\/1463a3bb-37f5-4097-9e8c-865e502795d0.jpg","width":678,"height":452},{"@type":"BreadcrumbList","@id":"https:\/\/marcelolopes.jor.br\/site\/2020\/04\/15\/energisa-explica-subsidio-de-tarifa-para-consumidores-baixa-renda\/#breadcrumb","itemListElement":[{"@type":"ListItem","position":1,"name":"Home","item":"https:\/\/marcelolopes.jor.br\/site\/"},{"@type":"ListItem","position":2,"name":"Energisa explica subs\u00eddio de tarifa para consumidores Baixa Renda"}]},{"@type":"WebSite","@id":"https:\/\/marcelolopes.jor.br\/site\/#website","url":"https:\/\/marcelolopes.jor.br\/site\/","name":"Marcelo Lopes","description":"Not\u00edcias de Cataguases e Regi\u00e3o","publisher":{"@id":"https:\/\/marcelolopes.jor.br\/site\/#organization"},"potentialAction":[{"@type":"SearchAction","target":{"@type":"EntryPoint","urlTemplate":"https:\/\/marcelolopes.jor.br\/site\/?s={search_term_string}"},"query-input":{"@type":"PropertyValueSpecification","valueRequired":true,"valueName":"search_term_string"}}],"inLanguage":"pt-BR"},{"@type":"Organization","@id":"https:\/\/marcelolopes.jor.br\/site\/#organization","name":"Site do Marcelo Lopes","url":"https:\/\/marcelolopes.jor.br\/site\/","logo":{"@type":"ImageObject","inLanguage":"pt-BR","@id":"https:\/\/marcelolopes.jor.br\/site\/#\/schema\/logo\/image\/","url":"https:\/\/marcelolopes.jor.br\/site\/wp-content\/uploads\/2024\/11\/logo-1.png","contentUrl":"https:\/\/marcelolopes.jor.br\/site\/wp-content\/uploads\/2024\/11\/logo-1.png","width":475,"height":80,"caption":"Site do Marcelo Lopes"},"image":{"@id":"https:\/\/marcelolopes.jor.br\/site\/#\/schema\/logo\/image\/"},"sameAs":["https:\/\/www.facebook.com\/sitedomarcelolopes","https:\/\/www.instagram.com\/sitedomarcelolopes\/","https:\/\/www.linkedin.com\/company\/site-do-marcelo-lopes\/","https:\/\/www.youtube.com\/user\/marcelolopes957"]},{"@type":"Person","@id":"https:\/\/marcelolopes.jor.br\/site\/#\/schema\/person\/3e7216a35c34d8fdf952b31da3d1f89f","name":"Marcelo Lopes","sameAs":["http:\/\/www.marcelolopes.jor.br"],"url":"https:\/\/marcelolopes.jor.br\/site\/author\/marcelo\/"}]}},"wps_subtitle":"Quem cumprir as exig\u00eancias legais pode se inscrever na Tarifa Social.","_links":{"self":[{"href":"https:\/\/marcelolopes.jor.br\/site\/wp-json\/wp\/v2\/posts\/13540","targetHints":{"allow":["GET"]}}],"collection":[{"href":"https:\/\/marcelolopes.jor.br\/site\/wp-json\/wp\/v2\/posts"}],"about":[{"href":"https:\/\/marcelolopes.jor.br\/site\/wp-json\/wp\/v2\/types\/post"}],"author":[{"embeddable":true,"href":"https:\/\/marcelolopes.jor.br\/site\/wp-json\/wp\/v2\/users\/2"}],"replies":[{"embeddable":true,"href":"https:\/\/marcelolopes.jor.br\/site\/wp-json\/wp\/v2\/comments?post=13540"}],"version-history":[{"count":0,"href":"https:\/\/marcelolopes.jor.br\/site\/wp-json\/wp\/v2\/posts\/13540\/revisions"}],"wp:featuredmedia":[{"embeddable":true,"href":"https:\/\/marcelolopes.jor.br\/site\/wp-json\/wp\/v2\/media\/13543"}],"wp:attachment":[{"href":"https:\/\/marcelolopes.jor.br\/site\/wp-json\/wp\/v2\/media?parent=13540"}],"wp:term":[{"taxonomy":"category","embeddable":true,"href":"https:\/\/marcelolopes.jor.br\/site\/wp-json\/wp\/v2\/categories?post=13540"},{"taxonomy":"post_tag","embeddable":true,"href":"https:\/\/marcelolopes.jor.br\/site\/wp-json\/wp\/v2\/tags?post=13540"}],"curies":[{"name":"wp","href":"https:\/\/api.w.org\/{rel}","templated":true}]}}