{"id":13503,"date":"2020-04-14T12:00:12","date_gmt":"2020-04-14T15:00:12","guid":{"rendered":"https:\/\/marcelolopes.jor.br\/?p=13503"},"modified":"2020-04-14T10:33:52","modified_gmt":"2020-04-14T13:33:52","slug":"policiais-rodoviarios-apreendem-moto-clonada-dentro-de-garagem","status":"publish","type":"post","link":"https:\/\/marcelolopes.jor.br\/site\/2020\/04\/14\/policiais-rodoviarios-apreendem-moto-clonada-dentro-de-garagem\/","title":{"rendered":"Policiais rodovi\u00e1rios apreendem moto clonada dentro de garagem"},"content":{"rendered":"<p style=\"text-align: justify;\">Um rapaz de 26 anos de idade foi conduzido \u00e0 Delegacia de Pol\u00edcia Civil de Ub\u00e1, na tarde desta segunda-feira, 13 de abril, ap\u00f3s policiais rodovi\u00e1rios de Dona Eus\u00e9bia, confirmarem que a motocicleta que utilizava o sinal identificador adulterado e havia sido clonada. O fato aconteceu em Guidoval e a moto tem placa original de Cataguases. O delegado respons\u00e1vel pelo caso instaurou inqu\u00e9rito para apurar os fatos.<!--more--><\/p>\n<p style=\"text-align: justify;\">De acordo com o Boletim de Ocorr\u00eancia da Pol\u00edcia Militar Rodovi\u00e1ria em Dona Eus\u00e9bia, o fato aconteceu durante patrulhamento pela rodovia MGC-120, altura do km 125, em Guidoval. Neste local os militares avistaram uma motocicleta verde estacionada na garagem de uma propriedade \u00e0s margens da estrada, com diversas den\u00fancias de comercializar este tipo de ve\u00edculo fruto de roubo.<\/p>\n<p style=\"text-align: justify;\">Ap\u00f3s a propriet\u00e1ria do im\u00f3vel autorizar a entrada dos militares eles vistoriaram a moto cuja placa de identifica\u00e7\u00e3o consta que ela est\u00e1 licenciada em Cataguases. Por\u00e9m ap\u00f3s consulta ao sistema informatizado, os militares descobriram que a referida placa, na verdade, \u00e9 de outra motocicleta, vermelha, tamb\u00e9m de Cataguases, com documenta\u00e7\u00e3o em dia at\u00e9 o ano de 2017. Ainda durante a vistoria os policiais rodovi\u00e1rios confirmaram que o chassis da motocicleta havia sido raspado.<\/p>\n<p style=\"text-align: justify;\">O jovem que disse ser propriet\u00e1rio daquele ve\u00edculo, informou ao militares ter comprado a motocicleta em Guidoval de uma pessoa conhecida pelo apelido &#8220;Suel&#8221;, em 2018, por R$ 500, afirmando desconhecer que a moto estava com o chassis adulterado. Ele foi preso em flagrante e conduzido at\u00e9 \u00e0 Delegacia de Pol\u00edcia Civil de Ub\u00e1 e a motocicleta apreendida, levada em seguida para um p\u00e1tio credenciado do Detran-MG em Ub\u00e1. Os policiais sargentos Imperatori e Adjalmo assumiram a Ocorr\u00eancia.<\/p>\n<div class=\"dlxar69f7401de9a6c\" ><br><\/div><style type=\"text\/css\">\r\n@media screen and (min-width: 1201px) {\r\n.dlxar69f7401de9a6c {\r\ndisplay: block;\r\n}\r\n}\r\n@media screen and (min-width: 993px) and (max-width: 1200px) {\r\n.dlxar69f7401de9a6c {\r\ndisplay: block;\r\n}\r\n}\r\n@media screen and (min-width: 769px) and (max-width: 992px) {\r\n.dlxar69f7401de9a6c {\r\ndisplay: block;\r\n}\r\n}\r\n@media screen and (min-width: 768px) and (max-width: 768px) {\r\n.dlxar69f7401de9a6c {\r\ndisplay: block;\r\n}\r\n}\r\n@media screen and (max-width: 767px) {\r\n.dlxar69f7401de9a6c {\r\ndisplay: block;\r\n}\r\n}\r\n<\/style>\r\n<div class=\"klwjq69f7401def51e\" ><div id=\"div_destino\"><\/div>\r\n<script src=\"https:\/\/cdn.snsrsv.com\/sdk.js\"><\/script>\r\n<script >\r\n      new sdk(\"464030C30061EA8BE065000000000001\") \r\n          .appendTo(\"div_destino\")\r\n          .disableStyle(true) \r\n          .setCacheBusterMacro(\"%%CACHEBUSTER%%\")\r\n          .setSize(\"800\",\"214\")\r\n          .setClickMacro(\"%%CLICK_URL_ESC%%\") \r\n          .setReferrerUrlMacro(\"%%REFERRER_URL_ESC%%\") \r\n          .start(); \r\n<\/script><\/div><style type=\"text\/css\">\r\n@media screen and (min-width: 1201px) {\r\n.klwjq69f7401def51e {\r\ndisplay: block;\r\n}\r\n}\r\n@media screen and (min-width: 993px) and (max-width: 1200px) {\r\n.klwjq69f7401def51e {\r\ndisplay: block;\r\n}\r\n}\r\n@media screen and (min-width: 769px) and (max-width: 992px) {\r\n.klwjq69f7401def51e {\r\ndisplay: block;\r\n}\r\n}\r\n@media screen and (min-width: 768px) and (max-width: 768px) {\r\n.klwjq69f7401def51e {\r\ndisplay: block;\r\n}\r\n}\r\n@media screen and (max-width: 767px) {\r\n.klwjq69f7401def51e {\r\ndisplay: block;\r\n}\r\n}\r\n<\/style>\r\n","protected":false},"excerpt":{"rendered":"<p>Um rapaz de 26 anos de idade foi conduzido \u00e0 Delegacia de Pol\u00edcia Civil de Ub\u00e1, na tarde desta segunda-feira, 13 de abril, ap\u00f3s policiais rodovi\u00e1rios de Dona Eus\u00e9bia, confirmarem que a motocicleta que utilizava o sinal identificador adulterado e<\/p>\n<p class=\"link-more\"><a class=\"more-link\" href=\"https:\/\/marcelolopes.jor.br\/site\/2020\/04\/14\/policiais-rodoviarios-apreendem-moto-clonada-dentro-de-garagem\/\">Leia mais <span class=\"screen-reader-text\">Policiais rodovi\u00e1rios apreendem moto clonada dentro de garagem<\/span><\/a><\/p>\n","protected":false},"author":2,"featured_media":13505,"comment_status":"open","ping_status":"open","sticky":false,"template":"","format":"standard","meta":{"footnotes":""},"categories":[1],"tags":[139,2358,2357,1953],"class_list":["post-13503","post","type-post","status-publish","format-standard","has-post-thumbnail","hentry","category-noticias","tag-apreensao","tag-furto-de-moto","tag-moto-clonada","tag-pmr-de-dona-eusebia","thumb-below-title"],"yoast_head":"<!-- This site is optimized with the Yoast SEO plugin v27.4 - https:\/\/yoast.com\/product\/yoast-seo-wordpress\/ -->\n<title>Policiais rodovi\u00e1rios apreendem moto clonada dentro de garagem | Marcelo Lopes<\/title>\n<meta name=\"robots\" content=\"index, follow, max-snippet:-1, max-image-preview:large, max-video-preview:-1\" \/>\n<link rel=\"canonical\" href=\"https:\/\/marcelolopes.jor.br\/site\/2020\/04\/14\/policiais-rodoviarios-apreendem-moto-clonada-dentro-de-garagem\/\" \/>\n<meta property=\"og:locale\" content=\"pt_BR\" \/>\n<meta property=\"og:type\" content=\"article\" \/>\n<meta property=\"og:title\" content=\"Policiais rodovi\u00e1rios apreendem moto clonada dentro de garagem | Marcelo Lopes\" \/>\n<meta property=\"og:description\" content=\"Um rapaz de 26 anos de idade foi conduzido \u00e0 Delegacia de Pol\u00edcia Civil de Ub\u00e1, na tarde desta segunda-feira, 13 de abril, ap\u00f3s policiais rodovi\u00e1rios de Dona Eus\u00e9bia, confirmarem que a motocicleta que utilizava o sinal identificador adulterado eLeia mais Policiais rodovi\u00e1rios apreendem moto clonada dentro de garagem\" \/>\n<meta property=\"og:url\" content=\"https:\/\/marcelolopes.jor.br\/site\/2020\/04\/14\/policiais-rodoviarios-apreendem-moto-clonada-dentro-de-garagem\/\" \/>\n<meta property=\"og:site_name\" content=\"Marcelo Lopes\" \/>\n<meta property=\"article:publisher\" content=\"https:\/\/www.facebook.com\/sitedomarcelolopes\" \/>\n<meta property=\"article:published_time\" content=\"2020-04-14T15:00:12+00:00\" \/>\n<meta property=\"og:image\" content=\"https:\/\/marcelolopes.jor.br\/site\/wp-content\/uploads\/2020\/04\/WhatsApp-Image-2020-04-14-at-09.59.15.jpeg\" \/>\n\t<meta property=\"og:image:width\" content=\"1040\" \/>\n\t<meta property=\"og:image:height\" content=\"780\" \/>\n\t<meta property=\"og:image:type\" content=\"image\/jpeg\" \/>\n<meta name=\"author\" content=\"Marcelo Lopes\" \/>\n<meta name=\"twitter:card\" content=\"summary_large_image\" \/>\n<meta name=\"twitter:label1\" content=\"Escrito por\" \/>\n\t<meta name=\"twitter:data1\" content=\"Marcelo Lopes\" \/>\n\t<meta name=\"twitter:label2\" content=\"Est. tempo de leitura\" \/>\n\t<meta name=\"twitter:data2\" content=\"1 minuto\" \/>\n<script type=\"application\/ld+json\" class=\"yoast-schema-graph\">{\"@context\":\"https:\\\/\\\/schema.org\",\"@graph\":[{\"@type\":\"NewsArticle\",\"@id\":\"https:\\\/\\\/marcelolopes.jor.br\\\/site\\\/2020\\\/04\\\/14\\\/policiais-rodoviarios-apreendem-moto-clonada-dentro-de-garagem\\\/#article\",\"isPartOf\":{\"@id\":\"https:\\\/\\\/marcelolopes.jor.br\\\/site\\\/2020\\\/04\\\/14\\\/policiais-rodoviarios-apreendem-moto-clonada-dentro-de-garagem\\\/\"},\"author\":{\"name\":\"Marcelo Lopes\",\"@id\":\"https:\\\/\\\/marcelolopes.jor.br\\\/site\\\/#\\\/schema\\\/person\\\/3e7216a35c34d8fdf952b31da3d1f89f\"},\"headline\":\"Policiais rodovi\u00e1rios apreendem moto clonada dentro de garagem\",\"datePublished\":\"2020-04-14T15:00:12+00:00\",\"mainEntityOfPage\":{\"@id\":\"https:\\\/\\\/marcelolopes.jor.br\\\/site\\\/2020\\\/04\\\/14\\\/policiais-rodoviarios-apreendem-moto-clonada-dentro-de-garagem\\\/\"},\"wordCount\":302,\"commentCount\":0,\"publisher\":{\"@id\":\"https:\\\/\\\/marcelolopes.jor.br\\\/site\\\/#organization\"},\"image\":{\"@id\":\"https:\\\/\\\/marcelolopes.jor.br\\\/site\\\/2020\\\/04\\\/14\\\/policiais-rodoviarios-apreendem-moto-clonada-dentro-de-garagem\\\/#primaryimage\"},\"thumbnailUrl\":\"https:\\\/\\\/marcelolopes.jor.br\\\/site\\\/wp-content\\\/uploads\\\/2020\\\/04\\\/WhatsApp-Image-2020-04-14-at-09.59.15.jpeg\",\"keywords\":[\"apreens\u00e3o\",\"furto de moto\",\"moto clonada\",\"PMR de Dona Eus\u00e9bia\"],\"articleSection\":[\"Not\u00edcias\"],\"inLanguage\":\"pt-BR\",\"potentialAction\":[{\"@type\":\"CommentAction\",\"name\":\"Comment\",\"target\":[\"https:\\\/\\\/marcelolopes.jor.br\\\/site\\\/2020\\\/04\\\/14\\\/policiais-rodoviarios-apreendem-moto-clonada-dentro-de-garagem\\\/#respond\"]}]},{\"@type\":\"WebPage\",\"@id\":\"https:\\\/\\\/marcelolopes.jor.br\\\/site\\\/2020\\\/04\\\/14\\\/policiais-rodoviarios-apreendem-moto-clonada-dentro-de-garagem\\\/\",\"url\":\"https:\\\/\\\/marcelolopes.jor.br\\\/site\\\/2020\\\/04\\\/14\\\/policiais-rodoviarios-apreendem-moto-clonada-dentro-de-garagem\\\/\",\"name\":\"Policiais rodovi\u00e1rios apreendem moto clonada dentro de garagem | Marcelo Lopes\",\"isPartOf\":{\"@id\":\"https:\\\/\\\/marcelolopes.jor.br\\\/site\\\/#website\"},\"primaryImageOfPage\":{\"@id\":\"https:\\\/\\\/marcelolopes.jor.br\\\/site\\\/2020\\\/04\\\/14\\\/policiais-rodoviarios-apreendem-moto-clonada-dentro-de-garagem\\\/#primaryimage\"},\"image\":{\"@id\":\"https:\\\/\\\/marcelolopes.jor.br\\\/site\\\/2020\\\/04\\\/14\\\/policiais-rodoviarios-apreendem-moto-clonada-dentro-de-garagem\\\/#primaryimage\"},\"thumbnailUrl\":\"https:\\\/\\\/marcelolopes.jor.br\\\/site\\\/wp-content\\\/uploads\\\/2020\\\/04\\\/WhatsApp-Image-2020-04-14-at-09.59.15.jpeg\",\"datePublished\":\"2020-04-14T15:00:12+00:00\",\"breadcrumb\":{\"@id\":\"https:\\\/\\\/marcelolopes.jor.br\\\/site\\\/2020\\\/04\\\/14\\\/policiais-rodoviarios-apreendem-moto-clonada-dentro-de-garagem\\\/#breadcrumb\"},\"inLanguage\":\"pt-BR\",\"potentialAction\":[{\"@type\":\"ReadAction\",\"target\":[\"https:\\\/\\\/marcelolopes.jor.br\\\/site\\\/2020\\\/04\\\/14\\\/policiais-rodoviarios-apreendem-moto-clonada-dentro-de-garagem\\\/\"]}]},{\"@type\":\"ImageObject\",\"inLanguage\":\"pt-BR\",\"@id\":\"https:\\\/\\\/marcelolopes.jor.br\\\/site\\\/2020\\\/04\\\/14\\\/policiais-rodoviarios-apreendem-moto-clonada-dentro-de-garagem\\\/#primaryimage\",\"url\":\"https:\\\/\\\/marcelolopes.jor.br\\\/site\\\/wp-content\\\/uploads\\\/2020\\\/04\\\/WhatsApp-Image-2020-04-14-at-09.59.15.jpeg\",\"contentUrl\":\"https:\\\/\\\/marcelolopes.jor.br\\\/site\\\/wp-content\\\/uploads\\\/2020\\\/04\\\/WhatsApp-Image-2020-04-14-at-09.59.15.jpeg\",\"width\":1040,\"height\":780},{\"@type\":\"BreadcrumbList\",\"@id\":\"https:\\\/\\\/marcelolopes.jor.br\\\/site\\\/2020\\\/04\\\/14\\\/policiais-rodoviarios-apreendem-moto-clonada-dentro-de-garagem\\\/#breadcrumb\",\"itemListElement\":[{\"@type\":\"ListItem\",\"position\":1,\"name\":\"Home\",\"item\":\"https:\\\/\\\/marcelolopes.jor.br\\\/site\\\/\"},{\"@type\":\"ListItem\",\"position\":2,\"name\":\"Policiais rodovi\u00e1rios apreendem moto clonada dentro de garagem\"}]},{\"@type\":\"WebSite\",\"@id\":\"https:\\\/\\\/marcelolopes.jor.br\\\/site\\\/#website\",\"url\":\"https:\\\/\\\/marcelolopes.jor.br\\\/site\\\/\",\"name\":\"Marcelo Lopes\",\"description\":\"Not\u00edcias de Cataguases e Regi\u00e3o\",\"publisher\":{\"@id\":\"https:\\\/\\\/marcelolopes.jor.br\\\/site\\\/#organization\"},\"potentialAction\":[{\"@type\":\"SearchAction\",\"target\":{\"@type\":\"EntryPoint\",\"urlTemplate\":\"https:\\\/\\\/marcelolopes.jor.br\\\/site\\\/?s={search_term_string}\"},\"query-input\":{\"@type\":\"PropertyValueSpecification\",\"valueRequired\":true,\"valueName\":\"search_term_string\"}}],\"inLanguage\":\"pt-BR\"},{\"@type\":\"Organization\",\"@id\":\"https:\\\/\\\/marcelolopes.jor.br\\\/site\\\/#organization\",\"name\":\"Site do Marcelo Lopes\",\"url\":\"https:\\\/\\\/marcelolopes.jor.br\\\/site\\\/\",\"logo\":{\"@type\":\"ImageObject\",\"inLanguage\":\"pt-BR\",\"@id\":\"https:\\\/\\\/marcelolopes.jor.br\\\/site\\\/#\\\/schema\\\/logo\\\/image\\\/\",\"url\":\"https:\\\/\\\/marcelolopes.jor.br\\\/site\\\/wp-content\\\/uploads\\\/2024\\\/11\\\/logo-1.png\",\"contentUrl\":\"https:\\\/\\\/marcelolopes.jor.br\\\/site\\\/wp-content\\\/uploads\\\/2024\\\/11\\\/logo-1.png\",\"width\":475,\"height\":80,\"caption\":\"Site do Marcelo Lopes\"},\"image\":{\"@id\":\"https:\\\/\\\/marcelolopes.jor.br\\\/site\\\/#\\\/schema\\\/logo\\\/image\\\/\"},\"sameAs\":[\"https:\\\/\\\/www.facebook.com\\\/sitedomarcelolopes\",\"https:\\\/\\\/www.instagram.com\\\/sitedomarcelolopes\\\/\",\"https:\\\/\\\/www.linkedin.com\\\/company\\\/site-do-marcelo-lopes\\\/\",\"https:\\\/\\\/www.youtube.com\\\/user\\\/marcelolopes957\"]},{\"@type\":\"Person\",\"@id\":\"https:\\\/\\\/marcelolopes.jor.br\\\/site\\\/#\\\/schema\\\/person\\\/3e7216a35c34d8fdf952b31da3d1f89f\",\"name\":\"Marcelo Lopes\",\"sameAs\":[\"http:\\\/\\\/www.marcelolopes.jor.br\"],\"url\":\"https:\\\/\\\/marcelolopes.jor.br\\\/site\\\/author\\\/marcelo\\\/\"}]}<\/script>\n<!-- \/ Yoast SEO plugin. -->","yoast_head_json":{"title":"Policiais rodovi\u00e1rios apreendem moto clonada dentro de garagem | Marcelo Lopes","robots":{"index":"index","follow":"follow","max-snippet":"max-snippet:-1","max-image-preview":"max-image-preview:large","max-video-preview":"max-video-preview:-1"},"canonical":"https:\/\/marcelolopes.jor.br\/site\/2020\/04\/14\/policiais-rodoviarios-apreendem-moto-clonada-dentro-de-garagem\/","og_locale":"pt_BR","og_type":"article","og_title":"Policiais rodovi\u00e1rios apreendem moto clonada dentro de garagem | Marcelo Lopes","og_description":"Um rapaz de 26 anos de idade foi conduzido \u00e0 Delegacia de Pol\u00edcia Civil de Ub\u00e1, na tarde desta segunda-feira, 13 de abril, ap\u00f3s policiais rodovi\u00e1rios de Dona Eus\u00e9bia, confirmarem que a motocicleta que utilizava o sinal identificador adulterado eLeia mais Policiais rodovi\u00e1rios apreendem moto clonada dentro de garagem","og_url":"https:\/\/marcelolopes.jor.br\/site\/2020\/04\/14\/policiais-rodoviarios-apreendem-moto-clonada-dentro-de-garagem\/","og_site_name":"Marcelo Lopes","article_publisher":"https:\/\/www.facebook.com\/sitedomarcelolopes","article_published_time":"2020-04-14T15:00:12+00:00","og_image":[{"width":1040,"height":780,"url":"https:\/\/marcelolopes.jor.br\/site\/wp-content\/uploads\/2020\/04\/WhatsApp-Image-2020-04-14-at-09.59.15.jpeg","type":"image\/jpeg"}],"author":"Marcelo Lopes","twitter_card":"summary_large_image","twitter_misc":{"Escrito por":"Marcelo Lopes","Est. tempo de leitura":"1 minuto"},"schema":{"@context":"https:\/\/schema.org","@graph":[{"@type":"NewsArticle","@id":"https:\/\/marcelolopes.jor.br\/site\/2020\/04\/14\/policiais-rodoviarios-apreendem-moto-clonada-dentro-de-garagem\/#article","isPartOf":{"@id":"https:\/\/marcelolopes.jor.br\/site\/2020\/04\/14\/policiais-rodoviarios-apreendem-moto-clonada-dentro-de-garagem\/"},"author":{"name":"Marcelo Lopes","@id":"https:\/\/marcelolopes.jor.br\/site\/#\/schema\/person\/3e7216a35c34d8fdf952b31da3d1f89f"},"headline":"Policiais rodovi\u00e1rios apreendem moto clonada dentro de garagem","datePublished":"2020-04-14T15:00:12+00:00","mainEntityOfPage":{"@id":"https:\/\/marcelolopes.jor.br\/site\/2020\/04\/14\/policiais-rodoviarios-apreendem-moto-clonada-dentro-de-garagem\/"},"wordCount":302,"commentCount":0,"publisher":{"@id":"https:\/\/marcelolopes.jor.br\/site\/#organization"},"image":{"@id":"https:\/\/marcelolopes.jor.br\/site\/2020\/04\/14\/policiais-rodoviarios-apreendem-moto-clonada-dentro-de-garagem\/#primaryimage"},"thumbnailUrl":"https:\/\/marcelolopes.jor.br\/site\/wp-content\/uploads\/2020\/04\/WhatsApp-Image-2020-04-14-at-09.59.15.jpeg","keywords":["apreens\u00e3o","furto de moto","moto clonada","PMR de Dona Eus\u00e9bia"],"articleSection":["Not\u00edcias"],"inLanguage":"pt-BR","potentialAction":[{"@type":"CommentAction","name":"Comment","target":["https:\/\/marcelolopes.jor.br\/site\/2020\/04\/14\/policiais-rodoviarios-apreendem-moto-clonada-dentro-de-garagem\/#respond"]}]},{"@type":"WebPage","@id":"https:\/\/marcelolopes.jor.br\/site\/2020\/04\/14\/policiais-rodoviarios-apreendem-moto-clonada-dentro-de-garagem\/","url":"https:\/\/marcelolopes.jor.br\/site\/2020\/04\/14\/policiais-rodoviarios-apreendem-moto-clonada-dentro-de-garagem\/","name":"Policiais rodovi\u00e1rios apreendem moto clonada dentro de garagem | Marcelo Lopes","isPartOf":{"@id":"https:\/\/marcelolopes.jor.br\/site\/#website"},"primaryImageOfPage":{"@id":"https:\/\/marcelolopes.jor.br\/site\/2020\/04\/14\/policiais-rodoviarios-apreendem-moto-clonada-dentro-de-garagem\/#primaryimage"},"image":{"@id":"https:\/\/marcelolopes.jor.br\/site\/2020\/04\/14\/policiais-rodoviarios-apreendem-moto-clonada-dentro-de-garagem\/#primaryimage"},"thumbnailUrl":"https:\/\/marcelolopes.jor.br\/site\/wp-content\/uploads\/2020\/04\/WhatsApp-Image-2020-04-14-at-09.59.15.jpeg","datePublished":"2020-04-14T15:00:12+00:00","breadcrumb":{"@id":"https:\/\/marcelolopes.jor.br\/site\/2020\/04\/14\/policiais-rodoviarios-apreendem-moto-clonada-dentro-de-garagem\/#breadcrumb"},"inLanguage":"pt-BR","potentialAction":[{"@type":"ReadAction","target":["https:\/\/marcelolopes.jor.br\/site\/2020\/04\/14\/policiais-rodoviarios-apreendem-moto-clonada-dentro-de-garagem\/"]}]},{"@type":"ImageObject","inLanguage":"pt-BR","@id":"https:\/\/marcelolopes.jor.br\/site\/2020\/04\/14\/policiais-rodoviarios-apreendem-moto-clonada-dentro-de-garagem\/#primaryimage","url":"https:\/\/marcelolopes.jor.br\/site\/wp-content\/uploads\/2020\/04\/WhatsApp-Image-2020-04-14-at-09.59.15.jpeg","contentUrl":"https:\/\/marcelolopes.jor.br\/site\/wp-content\/uploads\/2020\/04\/WhatsApp-Image-2020-04-14-at-09.59.15.jpeg","width":1040,"height":780},{"@type":"BreadcrumbList","@id":"https:\/\/marcelolopes.jor.br\/site\/2020\/04\/14\/policiais-rodoviarios-apreendem-moto-clonada-dentro-de-garagem\/#breadcrumb","itemListElement":[{"@type":"ListItem","position":1,"name":"Home","item":"https:\/\/marcelolopes.jor.br\/site\/"},{"@type":"ListItem","position":2,"name":"Policiais rodovi\u00e1rios apreendem moto clonada dentro de garagem"}]},{"@type":"WebSite","@id":"https:\/\/marcelolopes.jor.br\/site\/#website","url":"https:\/\/marcelolopes.jor.br\/site\/","name":"Marcelo Lopes","description":"Not\u00edcias de Cataguases e Regi\u00e3o","publisher":{"@id":"https:\/\/marcelolopes.jor.br\/site\/#organization"},"potentialAction":[{"@type":"SearchAction","target":{"@type":"EntryPoint","urlTemplate":"https:\/\/marcelolopes.jor.br\/site\/?s={search_term_string}"},"query-input":{"@type":"PropertyValueSpecification","valueRequired":true,"valueName":"search_term_string"}}],"inLanguage":"pt-BR"},{"@type":"Organization","@id":"https:\/\/marcelolopes.jor.br\/site\/#organization","name":"Site do Marcelo Lopes","url":"https:\/\/marcelolopes.jor.br\/site\/","logo":{"@type":"ImageObject","inLanguage":"pt-BR","@id":"https:\/\/marcelolopes.jor.br\/site\/#\/schema\/logo\/image\/","url":"https:\/\/marcelolopes.jor.br\/site\/wp-content\/uploads\/2024\/11\/logo-1.png","contentUrl":"https:\/\/marcelolopes.jor.br\/site\/wp-content\/uploads\/2024\/11\/logo-1.png","width":475,"height":80,"caption":"Site do Marcelo Lopes"},"image":{"@id":"https:\/\/marcelolopes.jor.br\/site\/#\/schema\/logo\/image\/"},"sameAs":["https:\/\/www.facebook.com\/sitedomarcelolopes","https:\/\/www.instagram.com\/sitedomarcelolopes\/","https:\/\/www.linkedin.com\/company\/site-do-marcelo-lopes\/","https:\/\/www.youtube.com\/user\/marcelolopes957"]},{"@type":"Person","@id":"https:\/\/marcelolopes.jor.br\/site\/#\/schema\/person\/3e7216a35c34d8fdf952b31da3d1f89f","name":"Marcelo Lopes","sameAs":["http:\/\/www.marcelolopes.jor.br"],"url":"https:\/\/marcelolopes.jor.br\/site\/author\/marcelo\/"}]}},"wps_subtitle":"A a\u00e7\u00e3o aconteceu durante patrulhamento pela rodovia MGC-120, em Guidoval.","_links":{"self":[{"href":"https:\/\/marcelolopes.jor.br\/site\/wp-json\/wp\/v2\/posts\/13503","targetHints":{"allow":["GET"]}}],"collection":[{"href":"https:\/\/marcelolopes.jor.br\/site\/wp-json\/wp\/v2\/posts"}],"about":[{"href":"https:\/\/marcelolopes.jor.br\/site\/wp-json\/wp\/v2\/types\/post"}],"author":[{"embeddable":true,"href":"https:\/\/marcelolopes.jor.br\/site\/wp-json\/wp\/v2\/users\/2"}],"replies":[{"embeddable":true,"href":"https:\/\/marcelolopes.jor.br\/site\/wp-json\/wp\/v2\/comments?post=13503"}],"version-history":[{"count":0,"href":"https:\/\/marcelolopes.jor.br\/site\/wp-json\/wp\/v2\/posts\/13503\/revisions"}],"wp:featuredmedia":[{"embeddable":true,"href":"https:\/\/marcelolopes.jor.br\/site\/wp-json\/wp\/v2\/media\/13505"}],"wp:attachment":[{"href":"https:\/\/marcelolopes.jor.br\/site\/wp-json\/wp\/v2\/media?parent=13503"}],"wp:term":[{"taxonomy":"category","embeddable":true,"href":"https:\/\/marcelolopes.jor.br\/site\/wp-json\/wp\/v2\/categories?post=13503"},{"taxonomy":"post_tag","embeddable":true,"href":"https:\/\/marcelolopes.jor.br\/site\/wp-json\/wp\/v2\/tags?post=13503"}],"curies":[{"name":"wp","href":"https:\/\/api.w.org\/{rel}","templated":true}]}}