{"id":1347,"date":"2019-05-15T07:00:51","date_gmt":"2019-05-15T10:00:51","guid":{"rendered":"https:\/\/marcelolopes.jor.br\/?p=1347"},"modified":"2019-05-14T19:38:36","modified_gmt":"2019-05-14T22:38:36","slug":"grande-publico-prestigia-o-lancamento-de-verao-tardio","status":"publish","type":"post","link":"https:\/\/marcelolopes.jor.br\/site\/2019\/05\/15\/grande-publico-prestigia-o-lancamento-de-verao-tardio\/","title":{"rendered":"Grande p\u00fablico prestigia o lan\u00e7amento de &#8220;Ver\u00e3o Tardio&#8221;"},"content":{"rendered":"<p style=\"text-align: justify;\">Um dos principais escritores brasileiros da atualidade, nascido em Cataguases onde viveu at\u00e9 a juventude, Luiz Ruffato, retornou \u00e0 sua cidade para lan\u00e7ar seu mais novo livro, &#8220;Ver\u00e3o Tardio&#8221;. A noite de aut\u00f3grafos, aconteceu no Centro Cultural Humberto Mauro e foi prestigiada por um grande n\u00famero de pessoas, inclusive intelectuais, professores e empres\u00e1rios, al\u00e9m, \u00e9 claro, por seus amigos.<!--more--><\/p>\n<p style=\"text-align: justify;\"><img loading=\"lazy\" decoding=\"async\" class=\"alignleft size-medium wp-image-1349\" src=\"https:\/\/marcelolopes.jor.br\/site\/wp-content\/uploads\/2019\/05\/IMG_3185-300x225.jpg\" alt=\"\" width=\"300\" height=\"225\" srcset=\"https:\/\/marcelolopes.jor.br\/site\/wp-content\/uploads\/2019\/05\/IMG_3185-300x225.jpg 300w, https:\/\/marcelolopes.jor.br\/site\/wp-content\/uploads\/2019\/05\/IMG_3185.jpg 640w\" sizes=\"auto, (max-width: 300px) 100vw, 300px\" \/>Ruffato \u00e9 unanimidade nacional por seu enorme talento e por explorar com maestria um nicho da sociedade brasileira que estava esquecida at\u00e9 o lan\u00e7amento de seu primeiro livro. Sua obra traz sempre Cataguases como cen\u00e1rio onde as hist\u00f3rias se desenvolvem. Os personagens s\u00e3o os pobres e pessoas que vivem \u00e0 margem (ou quase) da sociedade, mas n\u00e3o s\u00e3o bandidos nem tampouco estupradores. \u00c9 aquela gente simples que levanta muito cedo para trabalhar, que n\u00e3o come carne todo dia e faz um malabarismo tremendo para pagar suas contas do m\u00eas. Ou melhor dizendo; a vida que o autor viveu at\u00e9 conseguir se formar no SENAI, come\u00e7ar a trabalhar como torneiro mec\u00e2nico e decidir mudar o pr\u00f3prio destino ao entrar numa faculdade em Juiz de Fora.<\/p>\n<p style=\"text-align: justify;\"><img loading=\"lazy\" decoding=\"async\" class=\"alignleft size-medium wp-image-1350\" src=\"https:\/\/marcelolopes.jor.br\/site\/wp-content\/uploads\/2019\/05\/IMG_3164-300x225.jpg\" alt=\"\" width=\"300\" height=\"225\" srcset=\"https:\/\/marcelolopes.jor.br\/site\/wp-content\/uploads\/2019\/05\/IMG_3164-300x225.jpg 300w, https:\/\/marcelolopes.jor.br\/site\/wp-content\/uploads\/2019\/05\/IMG_3164.jpg 640w\" sizes=\"auto, (max-width: 300px) 100vw, 300px\" \/>Nesta segunda-feira, Ruffato estava feliz por voltar \u00e0 cidade natal e dedicou aten\u00e7\u00e3o especial a todos os amigos que l\u00e1 foram prestigi\u00e1-lo. Pelo olhar, gestos e modo de receber cada leitor, percebia-se que ele estava se sentindo acolhido, afinal dar aut\u00f3grafos pode ser somente um gesto mec\u00e2nico de escrever uma dedicat\u00f3ria qualquer como retribui\u00e7\u00e3o a quem adquiriu um exemplar de sua obra. Mas o detalhe que merece ser destacado \u00e9 o abra\u00e7o carinhoso, a prosa &#8220;confidencial&#8221; trocada ali naquele momento entre ele e seu leitor, o reencontro com pessoas que fizeram parte de sua vida, e outras que conheceram primeiro sua obra. A alegria, a emo\u00e7\u00e3o de um momento \u00fanico. Experi\u00eancia para se guardar na alma. Tudo isso criou o clima da noite que marcou o lan\u00e7amento de Ver\u00e3o Tardio na cidade que deu vida \u00e0 ele.<\/p>\n<p>Veja mais fotos na galeria abaixo.<\/p>\n<div id='gallery-1' class='gallery galleryid-1347 gallery-columns-4 gallery-size-thumbnail'><figure class='gallery-item'>\n\t\t\t<div class='gallery-icon landscape'>\n\t\t\t\t<a href='https:\/\/marcelolopes.jor.br\/site\/2019\/05\/15\/grande-publico-prestigia-o-lancamento-de-verao-tardio\/img_3162\/'><img loading=\"lazy\" decoding=\"async\" width=\"150\" height=\"150\" src=\"https:\/\/marcelolopes.jor.br\/site\/wp-content\/uploads\/2019\/05\/IMG_3162-150x150.jpg\" class=\"attachment-thumbnail size-thumbnail\" alt=\"\" \/><\/a>\n\t\t\t<\/div><\/figure><figure class='gallery-item'>\n\t\t\t<div class='gallery-icon landscape'>\n\t\t\t\t<a href='https:\/\/marcelolopes.jor.br\/site\/2019\/05\/15\/grande-publico-prestigia-o-lancamento-de-verao-tardio\/img_3166\/'><img loading=\"lazy\" decoding=\"async\" width=\"150\" height=\"150\" src=\"https:\/\/marcelolopes.jor.br\/site\/wp-content\/uploads\/2019\/05\/IMG_3166-150x150.jpg\" class=\"attachment-thumbnail size-thumbnail\" alt=\"\" \/><\/a>\n\t\t\t<\/div><\/figure><figure class='gallery-item'>\n\t\t\t<div class='gallery-icon landscape'>\n\t\t\t\t<a href='https:\/\/marcelolopes.jor.br\/site\/2019\/05\/15\/grande-publico-prestigia-o-lancamento-de-verao-tardio\/img_3169-2\/'><img loading=\"lazy\" decoding=\"async\" width=\"150\" height=\"150\" src=\"https:\/\/marcelolopes.jor.br\/site\/wp-content\/uploads\/2019\/05\/IMG_3169-1-150x150.jpg\" class=\"attachment-thumbnail size-thumbnail\" alt=\"\" \/><\/a>\n\t\t\t<\/div><\/figure><figure class='gallery-item'>\n\t\t\t<div class='gallery-icon landscape'>\n\t\t\t\t<a href='https:\/\/marcelolopes.jor.br\/site\/2019\/05\/15\/grande-publico-prestigia-o-lancamento-de-verao-tardio\/img_3171\/'><img loading=\"lazy\" decoding=\"async\" width=\"150\" height=\"150\" src=\"https:\/\/marcelolopes.jor.br\/site\/wp-content\/uploads\/2019\/05\/IMG_3171-150x150.jpg\" class=\"attachment-thumbnail size-thumbnail\" alt=\"\" \/><\/a>\n\t\t\t<\/div><\/figure><figure class='gallery-item'>\n\t\t\t<div class='gallery-icon landscape'>\n\t\t\t\t<a href='https:\/\/marcelolopes.jor.br\/site\/2019\/05\/15\/grande-publico-prestigia-o-lancamento-de-verao-tardio\/img_3176\/'><img loading=\"lazy\" decoding=\"async\" width=\"150\" height=\"150\" src=\"https:\/\/marcelolopes.jor.br\/site\/wp-content\/uploads\/2019\/05\/IMG_3176-150x150.jpg\" class=\"attachment-thumbnail size-thumbnail\" alt=\"\" \/><\/a>\n\t\t\t<\/div><\/figure><figure class='gallery-item'>\n\t\t\t<div class='gallery-icon landscape'>\n\t\t\t\t<a href='https:\/\/marcelolopes.jor.br\/site\/2019\/05\/15\/grande-publico-prestigia-o-lancamento-de-verao-tardio\/img_3178\/'><img loading=\"lazy\" decoding=\"async\" width=\"150\" height=\"150\" src=\"https:\/\/marcelolopes.jor.br\/site\/wp-content\/uploads\/2019\/05\/IMG_3178-150x150.jpg\" class=\"attachment-thumbnail size-thumbnail\" alt=\"\" \/><\/a>\n\t\t\t<\/div><\/figure><figure class='gallery-item'>\n\t\t\t<div class='gallery-icon landscape'>\n\t\t\t\t<a href='https:\/\/marcelolopes.jor.br\/site\/2019\/05\/15\/grande-publico-prestigia-o-lancamento-de-verao-tardio\/img_3181\/'><img loading=\"lazy\" decoding=\"async\" width=\"150\" height=\"150\" src=\"https:\/\/marcelolopes.jor.br\/site\/wp-content\/uploads\/2019\/05\/IMG_3181-150x150.jpg\" class=\"attachment-thumbnail size-thumbnail\" alt=\"\" \/><\/a>\n\t\t\t<\/div><\/figure><figure class='gallery-item'>\n\t\t\t<div class='gallery-icon landscape'>\n\t\t\t\t<a href='https:\/\/marcelolopes.jor.br\/site\/2019\/05\/15\/grande-publico-prestigia-o-lancamento-de-verao-tardio\/img_3188\/'><img loading=\"lazy\" decoding=\"async\" width=\"150\" height=\"150\" src=\"https:\/\/marcelolopes.jor.br\/site\/wp-content\/uploads\/2019\/05\/IMG_3188-150x150.jpg\" class=\"attachment-thumbnail size-thumbnail\" alt=\"\" \/><\/a>\n\t\t\t<\/div><\/figure><figure class='gallery-item'>\n\t\t\t<div class='gallery-icon landscape'>\n\t\t\t\t<a href='https:\/\/marcelolopes.jor.br\/site\/2019\/05\/15\/grande-publico-prestigia-o-lancamento-de-verao-tardio\/img_3191\/'><img loading=\"lazy\" decoding=\"async\" width=\"150\" height=\"150\" src=\"https:\/\/marcelolopes.jor.br\/site\/wp-content\/uploads\/2019\/05\/IMG_3191-150x150.jpg\" class=\"attachment-thumbnail size-thumbnail\" alt=\"\" \/><\/a>\n\t\t\t<\/div><\/figure><figure class='gallery-item'>\n\t\t\t<div class='gallery-icon landscape'>\n\t\t\t\t<a href='https:\/\/marcelolopes.jor.br\/site\/2019\/05\/15\/grande-publico-prestigia-o-lancamento-de-verao-tardio\/img_3199\/'><img loading=\"lazy\" decoding=\"async\" width=\"150\" height=\"150\" src=\"https:\/\/marcelolopes.jor.br\/site\/wp-content\/uploads\/2019\/05\/IMG_3199-150x150.jpg\" class=\"attachment-thumbnail size-thumbnail\" alt=\"\" \/><\/a>\n\t\t\t<\/div><\/figure><figure class='gallery-item'>\n\t\t\t<div class='gallery-icon landscape'>\n\t\t\t\t<a href='https:\/\/marcelolopes.jor.br\/site\/2019\/05\/15\/grande-publico-prestigia-o-lancamento-de-verao-tardio\/img_3204\/'><img loading=\"lazy\" decoding=\"async\" width=\"150\" height=\"150\" src=\"https:\/\/marcelolopes.jor.br\/site\/wp-content\/uploads\/2019\/05\/IMG_3204-150x150.jpg\" class=\"attachment-thumbnail size-thumbnail\" alt=\"\" \/><\/a>\n\t\t\t<\/div><\/figure>\n\t\t<\/div>\n\n<div class=\"czppi69f718d1d8c1e\" ><br><\/div><style type=\"text\/css\">\r\n@media screen and (min-width: 1201px) {\r\n.czppi69f718d1d8c1e {\r\ndisplay: block;\r\n}\r\n}\r\n@media screen and (min-width: 993px) and (max-width: 1200px) {\r\n.czppi69f718d1d8c1e {\r\ndisplay: block;\r\n}\r\n}\r\n@media screen and (min-width: 769px) and (max-width: 992px) {\r\n.czppi69f718d1d8c1e {\r\ndisplay: block;\r\n}\r\n}\r\n@media screen and (min-width: 768px) and (max-width: 768px) {\r\n.czppi69f718d1d8c1e {\r\ndisplay: block;\r\n}\r\n}\r\n@media screen and (max-width: 767px) {\r\n.czppi69f718d1d8c1e {\r\ndisplay: block;\r\n}\r\n}\r\n<\/style>\r\n<div class=\"cotna69f718d1de459\" ><div id=\"div_destino\"><\/div>\r\n<script src=\"https:\/\/cdn.snsrsv.com\/sdk.js\"><\/script>\r\n<script >\r\n      new sdk(\"464030C30061EA8BE065000000000001\") \r\n          .appendTo(\"div_destino\")\r\n          .disableStyle(true) \r\n          .setCacheBusterMacro(\"%%CACHEBUSTER%%\")\r\n          .setSize(\"800\",\"214\")\r\n          .setClickMacro(\"%%CLICK_URL_ESC%%\") \r\n          .setReferrerUrlMacro(\"%%REFERRER_URL_ESC%%\") \r\n          .start(); \r\n<\/script><\/div><style type=\"text\/css\">\r\n@media screen and (min-width: 1201px) {\r\n.cotna69f718d1de459 {\r\ndisplay: block;\r\n}\r\n}\r\n@media screen and (min-width: 993px) and (max-width: 1200px) {\r\n.cotna69f718d1de459 {\r\ndisplay: block;\r\n}\r\n}\r\n@media screen and (min-width: 769px) and (max-width: 992px) {\r\n.cotna69f718d1de459 {\r\ndisplay: block;\r\n}\r\n}\r\n@media screen and (min-width: 768px) and (max-width: 768px) {\r\n.cotna69f718d1de459 {\r\ndisplay: block;\r\n}\r\n}\r\n@media screen and (max-width: 767px) {\r\n.cotna69f718d1de459 {\r\ndisplay: block;\r\n}\r\n}\r\n<\/style>\r\n","protected":false},"excerpt":{"rendered":"<p>Um dos principais escritores brasileiros da atualidade, nascido em Cataguases onde viveu at\u00e9 a juventude, Luiz Ruffato, retornou \u00e0 sua cidade para lan\u00e7ar seu mais novo livro, &#8220;Ver\u00e3o Tardio&#8221;. A noite de aut\u00f3grafos, aconteceu no Centro Cultural Humberto Mauro e<\/p>\n<p class=\"link-more\"><a class=\"more-link\" href=\"https:\/\/marcelolopes.jor.br\/site\/2019\/05\/15\/grande-publico-prestigia-o-lancamento-de-verao-tardio\/\">Leia mais <span class=\"screen-reader-text\">Grande p\u00fablico prestigia o lan\u00e7amento de &#8220;Ver\u00e3o Tardio&#8221;<\/span><\/a><\/p>\n","protected":false},"author":2,"featured_media":1348,"comment_status":"open","ping_status":"open","sticky":false,"template":"","format":"standard","meta":{"footnotes":""},"categories":[1],"tags":[201,200,243,242],"class_list":["post-1347","post","type-post","status-publish","format-standard","has-post-thumbnail","hentry","category-noticias","tag-livro","tag-luiz-ruffato","tag-personagem","tag-verao-tardio","thumb-below-title"],"yoast_head":"<!-- This site is optimized with the Yoast SEO plugin v27.4 - https:\/\/yoast.com\/product\/yoast-seo-wordpress\/ -->\n<title>Grande p\u00fablico prestigia o lan\u00e7amento de &quot;Ver\u00e3o Tardio&quot; | Marcelo Lopes<\/title>\n<meta name=\"robots\" content=\"index, follow, max-snippet:-1, max-image-preview:large, max-video-preview:-1\" \/>\n<link rel=\"canonical\" href=\"https:\/\/marcelolopes.jor.br\/site\/2019\/05\/15\/grande-publico-prestigia-o-lancamento-de-verao-tardio\/\" \/>\n<meta property=\"og:locale\" content=\"pt_BR\" \/>\n<meta property=\"og:type\" content=\"article\" \/>\n<meta property=\"og:title\" content=\"Grande p\u00fablico prestigia o lan\u00e7amento de &quot;Ver\u00e3o Tardio&quot; | Marcelo Lopes\" \/>\n<meta property=\"og:description\" content=\"Um dos principais escritores brasileiros da atualidade, nascido em Cataguases onde viveu at\u00e9 a juventude, Luiz Ruffato, retornou \u00e0 sua cidade para lan\u00e7ar seu mais novo livro, &#8220;Ver\u00e3o Tardio&#8221;. A noite de aut\u00f3grafos, aconteceu no Centro Cultural Humberto Mauro eLeia mais Grande p\u00fablico prestigia o lan\u00e7amento de &#8220;Ver\u00e3o Tardio&#8221;\" \/>\n<meta property=\"og:url\" content=\"https:\/\/marcelolopes.jor.br\/site\/2019\/05\/15\/grande-publico-prestigia-o-lancamento-de-verao-tardio\/\" \/>\n<meta property=\"og:site_name\" content=\"Marcelo Lopes\" \/>\n<meta property=\"article:publisher\" content=\"https:\/\/www.facebook.com\/sitedomarcelolopes\" \/>\n<meta property=\"article:published_time\" content=\"2019-05-15T10:00:51+00:00\" \/>\n<meta property=\"og:image\" content=\"https:\/\/marcelolopes.jor.br\/site\/wp-content\/uploads\/2019\/05\/IMG_3169.jpg\" \/>\n\t<meta property=\"og:image:width\" content=\"640\" \/>\n\t<meta property=\"og:image:height\" content=\"480\" \/>\n\t<meta property=\"og:image:type\" content=\"image\/jpeg\" \/>\n<meta name=\"author\" content=\"Marcelo Lopes\" \/>\n<meta name=\"twitter:card\" content=\"summary_large_image\" \/>\n<meta name=\"twitter:label1\" content=\"Escrito por\" \/>\n\t<meta name=\"twitter:data1\" content=\"Marcelo Lopes\" \/>\n\t<meta name=\"twitter:label2\" content=\"Est. tempo de leitura\" \/>\n\t<meta name=\"twitter:data2\" content=\"2 minutos\" \/>\n<script type=\"application\/ld+json\" class=\"yoast-schema-graph\">{\"@context\":\"https:\\\/\\\/schema.org\",\"@graph\":[{\"@type\":\"NewsArticle\",\"@id\":\"https:\\\/\\\/marcelolopes.jor.br\\\/site\\\/2019\\\/05\\\/15\\\/grande-publico-prestigia-o-lancamento-de-verao-tardio\\\/#article\",\"isPartOf\":{\"@id\":\"https:\\\/\\\/marcelolopes.jor.br\\\/site\\\/2019\\\/05\\\/15\\\/grande-publico-prestigia-o-lancamento-de-verao-tardio\\\/\"},\"author\":{\"name\":\"Marcelo Lopes\",\"@id\":\"https:\\\/\\\/marcelolopes.jor.br\\\/site\\\/#\\\/schema\\\/person\\\/3e7216a35c34d8fdf952b31da3d1f89f\"},\"headline\":\"Grande p\u00fablico prestigia o lan\u00e7amento de &#8220;Ver\u00e3o Tardio&#8221;\",\"datePublished\":\"2019-05-15T10:00:51+00:00\",\"mainEntityOfPage\":{\"@id\":\"https:\\\/\\\/marcelolopes.jor.br\\\/site\\\/2019\\\/05\\\/15\\\/grande-publico-prestigia-o-lancamento-de-verao-tardio\\\/\"},\"wordCount\":360,\"commentCount\":0,\"publisher\":{\"@id\":\"https:\\\/\\\/marcelolopes.jor.br\\\/site\\\/#organization\"},\"image\":{\"@id\":\"https:\\\/\\\/marcelolopes.jor.br\\\/site\\\/2019\\\/05\\\/15\\\/grande-publico-prestigia-o-lancamento-de-verao-tardio\\\/#primaryimage\"},\"thumbnailUrl\":\"https:\\\/\\\/marcelolopes.jor.br\\\/site\\\/wp-content\\\/uploads\\\/2019\\\/05\\\/IMG_3169.jpg\",\"keywords\":[\"livro\",\"Luiz Ruffato\",\"personagem\",\"Ver\u00e3o Tardio\"],\"articleSection\":[\"Not\u00edcias\"],\"inLanguage\":\"pt-BR\",\"potentialAction\":[{\"@type\":\"CommentAction\",\"name\":\"Comment\",\"target\":[\"https:\\\/\\\/marcelolopes.jor.br\\\/site\\\/2019\\\/05\\\/15\\\/grande-publico-prestigia-o-lancamento-de-verao-tardio\\\/#respond\"]}]},{\"@type\":\"WebPage\",\"@id\":\"https:\\\/\\\/marcelolopes.jor.br\\\/site\\\/2019\\\/05\\\/15\\\/grande-publico-prestigia-o-lancamento-de-verao-tardio\\\/\",\"url\":\"https:\\\/\\\/marcelolopes.jor.br\\\/site\\\/2019\\\/05\\\/15\\\/grande-publico-prestigia-o-lancamento-de-verao-tardio\\\/\",\"name\":\"Grande p\u00fablico prestigia o lan\u00e7amento de \\\"Ver\u00e3o Tardio\\\" | Marcelo Lopes\",\"isPartOf\":{\"@id\":\"https:\\\/\\\/marcelolopes.jor.br\\\/site\\\/#website\"},\"primaryImageOfPage\":{\"@id\":\"https:\\\/\\\/marcelolopes.jor.br\\\/site\\\/2019\\\/05\\\/15\\\/grande-publico-prestigia-o-lancamento-de-verao-tardio\\\/#primaryimage\"},\"image\":{\"@id\":\"https:\\\/\\\/marcelolopes.jor.br\\\/site\\\/2019\\\/05\\\/15\\\/grande-publico-prestigia-o-lancamento-de-verao-tardio\\\/#primaryimage\"},\"thumbnailUrl\":\"https:\\\/\\\/marcelolopes.jor.br\\\/site\\\/wp-content\\\/uploads\\\/2019\\\/05\\\/IMG_3169.jpg\",\"datePublished\":\"2019-05-15T10:00:51+00:00\",\"breadcrumb\":{\"@id\":\"https:\\\/\\\/marcelolopes.jor.br\\\/site\\\/2019\\\/05\\\/15\\\/grande-publico-prestigia-o-lancamento-de-verao-tardio\\\/#breadcrumb\"},\"inLanguage\":\"pt-BR\",\"potentialAction\":[{\"@type\":\"ReadAction\",\"target\":[\"https:\\\/\\\/marcelolopes.jor.br\\\/site\\\/2019\\\/05\\\/15\\\/grande-publico-prestigia-o-lancamento-de-verao-tardio\\\/\"]}]},{\"@type\":\"ImageObject\",\"inLanguage\":\"pt-BR\",\"@id\":\"https:\\\/\\\/marcelolopes.jor.br\\\/site\\\/2019\\\/05\\\/15\\\/grande-publico-prestigia-o-lancamento-de-verao-tardio\\\/#primaryimage\",\"url\":\"https:\\\/\\\/marcelolopes.jor.br\\\/site\\\/wp-content\\\/uploads\\\/2019\\\/05\\\/IMG_3169.jpg\",\"contentUrl\":\"https:\\\/\\\/marcelolopes.jor.br\\\/site\\\/wp-content\\\/uploads\\\/2019\\\/05\\\/IMG_3169.jpg\",\"width\":640,\"height\":480,\"caption\":\"Luiz Ruffato autografou seu livro e dedicou aten\u00e7\u00e3o especial a cada um dos leitores que l\u00e1 estiveram\"},{\"@type\":\"BreadcrumbList\",\"@id\":\"https:\\\/\\\/marcelolopes.jor.br\\\/site\\\/2019\\\/05\\\/15\\\/grande-publico-prestigia-o-lancamento-de-verao-tardio\\\/#breadcrumb\",\"itemListElement\":[{\"@type\":\"ListItem\",\"position\":1,\"name\":\"Home\",\"item\":\"https:\\\/\\\/marcelolopes.jor.br\\\/site\\\/\"},{\"@type\":\"ListItem\",\"position\":2,\"name\":\"Grande p\u00fablico prestigia o lan\u00e7amento de &#8220;Ver\u00e3o Tardio&#8221;\"}]},{\"@type\":\"WebSite\",\"@id\":\"https:\\\/\\\/marcelolopes.jor.br\\\/site\\\/#website\",\"url\":\"https:\\\/\\\/marcelolopes.jor.br\\\/site\\\/\",\"name\":\"Marcelo Lopes\",\"description\":\"Not\u00edcias de Cataguases e Regi\u00e3o\",\"publisher\":{\"@id\":\"https:\\\/\\\/marcelolopes.jor.br\\\/site\\\/#organization\"},\"potentialAction\":[{\"@type\":\"SearchAction\",\"target\":{\"@type\":\"EntryPoint\",\"urlTemplate\":\"https:\\\/\\\/marcelolopes.jor.br\\\/site\\\/?s={search_term_string}\"},\"query-input\":{\"@type\":\"PropertyValueSpecification\",\"valueRequired\":true,\"valueName\":\"search_term_string\"}}],\"inLanguage\":\"pt-BR\"},{\"@type\":\"Organization\",\"@id\":\"https:\\\/\\\/marcelolopes.jor.br\\\/site\\\/#organization\",\"name\":\"Site do Marcelo Lopes\",\"url\":\"https:\\\/\\\/marcelolopes.jor.br\\\/site\\\/\",\"logo\":{\"@type\":\"ImageObject\",\"inLanguage\":\"pt-BR\",\"@id\":\"https:\\\/\\\/marcelolopes.jor.br\\\/site\\\/#\\\/schema\\\/logo\\\/image\\\/\",\"url\":\"https:\\\/\\\/marcelolopes.jor.br\\\/site\\\/wp-content\\\/uploads\\\/2024\\\/11\\\/logo-1.png\",\"contentUrl\":\"https:\\\/\\\/marcelolopes.jor.br\\\/site\\\/wp-content\\\/uploads\\\/2024\\\/11\\\/logo-1.png\",\"width\":475,\"height\":80,\"caption\":\"Site do Marcelo Lopes\"},\"image\":{\"@id\":\"https:\\\/\\\/marcelolopes.jor.br\\\/site\\\/#\\\/schema\\\/logo\\\/image\\\/\"},\"sameAs\":[\"https:\\\/\\\/www.facebook.com\\\/sitedomarcelolopes\",\"https:\\\/\\\/www.instagram.com\\\/sitedomarcelolopes\\\/\",\"https:\\\/\\\/www.linkedin.com\\\/company\\\/site-do-marcelo-lopes\\\/\",\"https:\\\/\\\/www.youtube.com\\\/user\\\/marcelolopes957\"]},{\"@type\":\"Person\",\"@id\":\"https:\\\/\\\/marcelolopes.jor.br\\\/site\\\/#\\\/schema\\\/person\\\/3e7216a35c34d8fdf952b31da3d1f89f\",\"name\":\"Marcelo Lopes\",\"sameAs\":[\"http:\\\/\\\/www.marcelolopes.jor.br\"],\"url\":\"https:\\\/\\\/marcelolopes.jor.br\\\/site\\\/author\\\/marcelo\\\/\"}]}<\/script>\n<!-- \/ Yoast SEO plugin. -->","yoast_head_json":{"title":"Grande p\u00fablico prestigia o lan\u00e7amento de \"Ver\u00e3o Tardio\" | Marcelo Lopes","robots":{"index":"index","follow":"follow","max-snippet":"max-snippet:-1","max-image-preview":"max-image-preview:large","max-video-preview":"max-video-preview:-1"},"canonical":"https:\/\/marcelolopes.jor.br\/site\/2019\/05\/15\/grande-publico-prestigia-o-lancamento-de-verao-tardio\/","og_locale":"pt_BR","og_type":"article","og_title":"Grande p\u00fablico prestigia o lan\u00e7amento de \"Ver\u00e3o Tardio\" | Marcelo Lopes","og_description":"Um dos principais escritores brasileiros da atualidade, nascido em Cataguases onde viveu at\u00e9 a juventude, Luiz Ruffato, retornou \u00e0 sua cidade para lan\u00e7ar seu mais novo livro, &#8220;Ver\u00e3o Tardio&#8221;. A noite de aut\u00f3grafos, aconteceu no Centro Cultural Humberto Mauro eLeia mais Grande p\u00fablico prestigia o lan\u00e7amento de &#8220;Ver\u00e3o Tardio&#8221;","og_url":"https:\/\/marcelolopes.jor.br\/site\/2019\/05\/15\/grande-publico-prestigia-o-lancamento-de-verao-tardio\/","og_site_name":"Marcelo Lopes","article_publisher":"https:\/\/www.facebook.com\/sitedomarcelolopes","article_published_time":"2019-05-15T10:00:51+00:00","og_image":[{"width":640,"height":480,"url":"https:\/\/marcelolopes.jor.br\/site\/wp-content\/uploads\/2019\/05\/IMG_3169.jpg","type":"image\/jpeg"}],"author":"Marcelo Lopes","twitter_card":"summary_large_image","twitter_misc":{"Escrito por":"Marcelo Lopes","Est. tempo de leitura":"2 minutos"},"schema":{"@context":"https:\/\/schema.org","@graph":[{"@type":"NewsArticle","@id":"https:\/\/marcelolopes.jor.br\/site\/2019\/05\/15\/grande-publico-prestigia-o-lancamento-de-verao-tardio\/#article","isPartOf":{"@id":"https:\/\/marcelolopes.jor.br\/site\/2019\/05\/15\/grande-publico-prestigia-o-lancamento-de-verao-tardio\/"},"author":{"name":"Marcelo Lopes","@id":"https:\/\/marcelolopes.jor.br\/site\/#\/schema\/person\/3e7216a35c34d8fdf952b31da3d1f89f"},"headline":"Grande p\u00fablico prestigia o lan\u00e7amento de &#8220;Ver\u00e3o Tardio&#8221;","datePublished":"2019-05-15T10:00:51+00:00","mainEntityOfPage":{"@id":"https:\/\/marcelolopes.jor.br\/site\/2019\/05\/15\/grande-publico-prestigia-o-lancamento-de-verao-tardio\/"},"wordCount":360,"commentCount":0,"publisher":{"@id":"https:\/\/marcelolopes.jor.br\/site\/#organization"},"image":{"@id":"https:\/\/marcelolopes.jor.br\/site\/2019\/05\/15\/grande-publico-prestigia-o-lancamento-de-verao-tardio\/#primaryimage"},"thumbnailUrl":"https:\/\/marcelolopes.jor.br\/site\/wp-content\/uploads\/2019\/05\/IMG_3169.jpg","keywords":["livro","Luiz Ruffato","personagem","Ver\u00e3o Tardio"],"articleSection":["Not\u00edcias"],"inLanguage":"pt-BR","potentialAction":[{"@type":"CommentAction","name":"Comment","target":["https:\/\/marcelolopes.jor.br\/site\/2019\/05\/15\/grande-publico-prestigia-o-lancamento-de-verao-tardio\/#respond"]}]},{"@type":"WebPage","@id":"https:\/\/marcelolopes.jor.br\/site\/2019\/05\/15\/grande-publico-prestigia-o-lancamento-de-verao-tardio\/","url":"https:\/\/marcelolopes.jor.br\/site\/2019\/05\/15\/grande-publico-prestigia-o-lancamento-de-verao-tardio\/","name":"Grande p\u00fablico prestigia o lan\u00e7amento de \"Ver\u00e3o Tardio\" | Marcelo Lopes","isPartOf":{"@id":"https:\/\/marcelolopes.jor.br\/site\/#website"},"primaryImageOfPage":{"@id":"https:\/\/marcelolopes.jor.br\/site\/2019\/05\/15\/grande-publico-prestigia-o-lancamento-de-verao-tardio\/#primaryimage"},"image":{"@id":"https:\/\/marcelolopes.jor.br\/site\/2019\/05\/15\/grande-publico-prestigia-o-lancamento-de-verao-tardio\/#primaryimage"},"thumbnailUrl":"https:\/\/marcelolopes.jor.br\/site\/wp-content\/uploads\/2019\/05\/IMG_3169.jpg","datePublished":"2019-05-15T10:00:51+00:00","breadcrumb":{"@id":"https:\/\/marcelolopes.jor.br\/site\/2019\/05\/15\/grande-publico-prestigia-o-lancamento-de-verao-tardio\/#breadcrumb"},"inLanguage":"pt-BR","potentialAction":[{"@type":"ReadAction","target":["https:\/\/marcelolopes.jor.br\/site\/2019\/05\/15\/grande-publico-prestigia-o-lancamento-de-verao-tardio\/"]}]},{"@type":"ImageObject","inLanguage":"pt-BR","@id":"https:\/\/marcelolopes.jor.br\/site\/2019\/05\/15\/grande-publico-prestigia-o-lancamento-de-verao-tardio\/#primaryimage","url":"https:\/\/marcelolopes.jor.br\/site\/wp-content\/uploads\/2019\/05\/IMG_3169.jpg","contentUrl":"https:\/\/marcelolopes.jor.br\/site\/wp-content\/uploads\/2019\/05\/IMG_3169.jpg","width":640,"height":480,"caption":"Luiz Ruffato autografou seu livro e dedicou aten\u00e7\u00e3o especial a cada um dos leitores que l\u00e1 estiveram"},{"@type":"BreadcrumbList","@id":"https:\/\/marcelolopes.jor.br\/site\/2019\/05\/15\/grande-publico-prestigia-o-lancamento-de-verao-tardio\/#breadcrumb","itemListElement":[{"@type":"ListItem","position":1,"name":"Home","item":"https:\/\/marcelolopes.jor.br\/site\/"},{"@type":"ListItem","position":2,"name":"Grande p\u00fablico prestigia o lan\u00e7amento de &#8220;Ver\u00e3o Tardio&#8221;"}]},{"@type":"WebSite","@id":"https:\/\/marcelolopes.jor.br\/site\/#website","url":"https:\/\/marcelolopes.jor.br\/site\/","name":"Marcelo Lopes","description":"Not\u00edcias de Cataguases e Regi\u00e3o","publisher":{"@id":"https:\/\/marcelolopes.jor.br\/site\/#organization"},"potentialAction":[{"@type":"SearchAction","target":{"@type":"EntryPoint","urlTemplate":"https:\/\/marcelolopes.jor.br\/site\/?s={search_term_string}"},"query-input":{"@type":"PropertyValueSpecification","valueRequired":true,"valueName":"search_term_string"}}],"inLanguage":"pt-BR"},{"@type":"Organization","@id":"https:\/\/marcelolopes.jor.br\/site\/#organization","name":"Site do Marcelo Lopes","url":"https:\/\/marcelolopes.jor.br\/site\/","logo":{"@type":"ImageObject","inLanguage":"pt-BR","@id":"https:\/\/marcelolopes.jor.br\/site\/#\/schema\/logo\/image\/","url":"https:\/\/marcelolopes.jor.br\/site\/wp-content\/uploads\/2024\/11\/logo-1.png","contentUrl":"https:\/\/marcelolopes.jor.br\/site\/wp-content\/uploads\/2024\/11\/logo-1.png","width":475,"height":80,"caption":"Site do Marcelo Lopes"},"image":{"@id":"https:\/\/marcelolopes.jor.br\/site\/#\/schema\/logo\/image\/"},"sameAs":["https:\/\/www.facebook.com\/sitedomarcelolopes","https:\/\/www.instagram.com\/sitedomarcelolopes\/","https:\/\/www.linkedin.com\/company\/site-do-marcelo-lopes\/","https:\/\/www.youtube.com\/user\/marcelolopes957"]},{"@type":"Person","@id":"https:\/\/marcelolopes.jor.br\/site\/#\/schema\/person\/3e7216a35c34d8fdf952b31da3d1f89f","name":"Marcelo Lopes","sameAs":["http:\/\/www.marcelolopes.jor.br"],"url":"https:\/\/marcelolopes.jor.br\/site\/author\/marcelo\/"}]}},"wps_subtitle":"Noite de aut\u00f3grafos foi uma das mais concorridas do escritor cataguasense em sua cidade natal.","_links":{"self":[{"href":"https:\/\/marcelolopes.jor.br\/site\/wp-json\/wp\/v2\/posts\/1347","targetHints":{"allow":["GET"]}}],"collection":[{"href":"https:\/\/marcelolopes.jor.br\/site\/wp-json\/wp\/v2\/posts"}],"about":[{"href":"https:\/\/marcelolopes.jor.br\/site\/wp-json\/wp\/v2\/types\/post"}],"author":[{"embeddable":true,"href":"https:\/\/marcelolopes.jor.br\/site\/wp-json\/wp\/v2\/users\/2"}],"replies":[{"embeddable":true,"href":"https:\/\/marcelolopes.jor.br\/site\/wp-json\/wp\/v2\/comments?post=1347"}],"version-history":[{"count":0,"href":"https:\/\/marcelolopes.jor.br\/site\/wp-json\/wp\/v2\/posts\/1347\/revisions"}],"wp:featuredmedia":[{"embeddable":true,"href":"https:\/\/marcelolopes.jor.br\/site\/wp-json\/wp\/v2\/media\/1348"}],"wp:attachment":[{"href":"https:\/\/marcelolopes.jor.br\/site\/wp-json\/wp\/v2\/media?parent=1347"}],"wp:term":[{"taxonomy":"category","embeddable":true,"href":"https:\/\/marcelolopes.jor.br\/site\/wp-json\/wp\/v2\/categories?post=1347"},{"taxonomy":"post_tag","embeddable":true,"href":"https:\/\/marcelolopes.jor.br\/site\/wp-json\/wp\/v2\/tags?post=1347"}],"curies":[{"name":"wp","href":"https:\/\/api.w.org\/{rel}","templated":true}]}}