{"id":1342,"date":"2019-05-14T19:00:08","date_gmt":"2019-05-14T22:00:08","guid":{"rendered":"https:\/\/marcelolopes.jor.br\/?p=1342"},"modified":"2022-12-31T17:27:20","modified_gmt":"2022-12-31T20:27:20","slug":"pai-e-filho-sao-condenados-por-homicidio-em-muriae","status":"publish","type":"post","link":"https:\/\/marcelolopes.jor.br\/site\/2019\/05\/14\/pai-e-filho-sao-condenados-por-homicidio-em-muriae\/","title":{"rendered":"Pai e filho s\u00e3o condenados por homic\u00eddio em Muria\u00e9"},"content":{"rendered":"<p style=\"text-align: justify;\">Dois homens foram condenados nesta ter\u00e7a-feira, 14 de maio, por homic\u00eddio duplamente qualificado. Os envolvidos s\u00e3o pai e filho. O pai foi condenado a 14 anos de pris\u00e3o e o filho a 12, ambos em regime fechado. Eles foram acusados de executar, no dia 12 de junho de 2018, Reginaldo Jorge Ferreira de 33 anos.<!--more--><\/p>\n<p style=\"text-align: justify;\">Naquele dia, Reginaldo foi golpeado com uma facada no abd\u00f4men. Ele chegou a ser socorrido com vida, mas devido a complica\u00e7\u00f5es, morreu no dia seguinte, no Hospital S\u00e3o Paulo.<\/p>\n<p style=\"text-align: justify;\">A defesa ir\u00e1 recorrer da senten\u00e7a aplicada.<\/p>\n<p style=\"text-align: justify;\"><strong>Relembre o caso:<br \/>\n<\/strong>No dia 12 de junho de 2018, os envolvidos chegaram numa moto, no bairro Aeroporto e atacaram a v\u00edtima. Em seguida, a PM foi avisada de que um dos suspeitos estaria escondido na mata do Horto Florestal. Os militares realizaram uma busca pelo o local, mas ningu\u00e9m foi encontrado.<\/p>\n<p style=\"text-align: justify;\">Populares, inconformados com o ocorrido atearam fogo no carro de um dos envolvidos, o qual ficou completamente queimado.<\/p>\n<p style=\"text-align: justify;\">No dia 15 de junho, um dos suspeitos foi preso, na Rua Cavalier, no bairro Aeroporto, dentro de um taxi, quando estava tentando fugir. Poucos dias depois, no dia 07 de julho, seu pai que participou do crime foi detido, no mesmo bairro.<\/p>\n<p><img loading=\"lazy\" decoding=\"async\" class=\"aligncenter wp-image-1344 size-full\" src=\"https:\/\/marcelolopes.jor.br\/site\/wp-content\/uploads\/2019\/05\/90aea6c824362756b17b537c38555005.01.jpg\" alt=\"\" width=\"700\" height=\"525\" srcset=\"https:\/\/marcelolopes.jor.br\/site\/wp-content\/uploads\/2019\/05\/90aea6c824362756b17b537c38555005.01.jpg 700w, https:\/\/marcelolopes.jor.br\/site\/wp-content\/uploads\/2019\/05\/90aea6c824362756b17b537c38555005.01-300x225.jpg 300w\" sizes=\"auto, (max-width: 700px) 100vw, 700px\" \/><\/p>\n<p><img loading=\"lazy\" decoding=\"async\" class=\"aligncenter wp-image-1345 size-full\" src=\"https:\/\/marcelolopes.jor.br\/site\/wp-content\/uploads\/2019\/05\/3afc0baeb5d8733664b664bb790d6650.01.jpg\" alt=\"Pai e filho s\u00e3o\" width=\"700\" height=\"525\" srcset=\"https:\/\/marcelolopes.jor.br\/site\/wp-content\/uploads\/2019\/05\/3afc0baeb5d8733664b664bb790d6650.01.jpg 700w, https:\/\/marcelolopes.jor.br\/site\/wp-content\/uploads\/2019\/05\/3afc0baeb5d8733664b664bb790d6650.01-300x225.jpg 300w\" sizes=\"auto, (max-width: 700px) 100vw, 700px\" \/><\/p>\n<div class=\"bzfck69f703ad32849\" ><br><\/div><style type=\"text\/css\">\r\n@media screen and (min-width: 1201px) {\r\n.bzfck69f703ad32849 {\r\ndisplay: block;\r\n}\r\n}\r\n@media screen and (min-width: 993px) and (max-width: 1200px) {\r\n.bzfck69f703ad32849 {\r\ndisplay: block;\r\n}\r\n}\r\n@media screen and (min-width: 769px) and (max-width: 992px) {\r\n.bzfck69f703ad32849 {\r\ndisplay: block;\r\n}\r\n}\r\n@media screen and (min-width: 768px) and (max-width: 768px) {\r\n.bzfck69f703ad32849 {\r\ndisplay: block;\r\n}\r\n}\r\n@media screen and (max-width: 767px) {\r\n.bzfck69f703ad32849 {\r\ndisplay: block;\r\n}\r\n}\r\n<\/style>\r\n<div class=\"atbeg69f703ad381b7\" ><div id=\"div_destino\"><\/div>\r\n<script src=\"https:\/\/cdn.snsrsv.com\/sdk.js\"><\/script>\r\n<script >\r\n      new sdk(\"464030C30061EA8BE065000000000001\") \r\n          .appendTo(\"div_destino\")\r\n          .disableStyle(true) \r\n          .setCacheBusterMacro(\"%%CACHEBUSTER%%\")\r\n          .setSize(\"800\",\"214\")\r\n          .setClickMacro(\"%%CLICK_URL_ESC%%\") \r\n          .setReferrerUrlMacro(\"%%REFERRER_URL_ESC%%\") \r\n          .start(); \r\n<\/script><\/div><style type=\"text\/css\">\r\n@media screen and (min-width: 1201px) {\r\n.atbeg69f703ad381b7 {\r\ndisplay: block;\r\n}\r\n}\r\n@media screen and (min-width: 993px) and (max-width: 1200px) {\r\n.atbeg69f703ad381b7 {\r\ndisplay: block;\r\n}\r\n}\r\n@media screen and (min-width: 769px) and (max-width: 992px) {\r\n.atbeg69f703ad381b7 {\r\ndisplay: block;\r\n}\r\n}\r\n@media screen and (min-width: 768px) and (max-width: 768px) {\r\n.atbeg69f703ad381b7 {\r\ndisplay: block;\r\n}\r\n}\r\n@media screen and (max-width: 767px) {\r\n.atbeg69f703ad381b7 {\r\ndisplay: block;\r\n}\r\n}\r\n<\/style>\r\n","protected":false},"excerpt":{"rendered":"<p>Dois homens foram condenados nesta ter\u00e7a-feira, 14 de maio, por homic\u00eddio duplamente qualificado. Os envolvidos s\u00e3o pai e filho. O pai foi condenado a 14 anos de pris\u00e3o e o filho a 12, ambos em regime fechado. Eles foram acusados<\/p>\n<p class=\"link-more\"><a class=\"more-link\" href=\"https:\/\/marcelolopes.jor.br\/site\/2019\/05\/14\/pai-e-filho-sao-condenados-por-homicidio-em-muriae\/\">Leia mais <span class=\"screen-reader-text\">Pai e filho s\u00e3o condenados por homic\u00eddio em Muria\u00e9<\/span><\/a><\/p>\n","protected":false},"author":2,"featured_media":1343,"comment_status":"open","ping_status":"open","sticky":false,"template":"","format":"standard","meta":{"footnotes":""},"categories":[1],"tags":[241,239,145,240],"class_list":["post-1342","post","type-post","status-publish","format-standard","has-post-thumbnail","hentry","category-noticias","tag-culpados","tag-julgamento","tag-justica","tag-tribunal-do-juri","thumb-below-title"],"yoast_head":"<!-- This site is optimized with the Yoast SEO plugin v27.4 - https:\/\/yoast.com\/product\/yoast-seo-wordpress\/ -->\n<title>Pai e filho s\u00e3o condenados por homic\u00eddio em Muria\u00e9<\/title>\n<meta name=\"description\" content=\"Pai e filho s\u00e3o condenados por homic\u00eddio em Muria\u00e9. A Justi\u00e7a os considerou culpados pela morte de um homem de 33 anos de idade\" \/>\n<meta name=\"robots\" content=\"index, follow, max-snippet:-1, max-image-preview:large, max-video-preview:-1\" \/>\n<link rel=\"canonical\" href=\"https:\/\/marcelolopes.jor.br\/site\/2019\/05\/14\/pai-e-filho-sao-condenados-por-homicidio-em-muriae\/\" \/>\n<meta property=\"og:locale\" content=\"pt_BR\" \/>\n<meta property=\"og:type\" content=\"article\" \/>\n<meta property=\"og:title\" content=\"Pai e filho s\u00e3o condenados por homic\u00eddio em Muria\u00e9\" \/>\n<meta property=\"og:description\" content=\"Pai e filho s\u00e3o condenados por homic\u00eddio em Muria\u00e9. A Justi\u00e7a os considerou culpados pela morte de um homem de 33 anos de idade\" \/>\n<meta property=\"og:url\" content=\"https:\/\/marcelolopes.jor.br\/site\/2019\/05\/14\/pai-e-filho-sao-condenados-por-homicidio-em-muriae\/\" \/>\n<meta property=\"og:site_name\" content=\"Marcelo Lopes\" \/>\n<meta property=\"article:publisher\" content=\"https:\/\/www.facebook.com\/sitedomarcelolopes\" \/>\n<meta property=\"article:published_time\" content=\"2019-05-14T22:00:08+00:00\" \/>\n<meta property=\"article:modified_time\" content=\"2022-12-31T20:27:20+00:00\" \/>\n<meta property=\"og:image\" content=\"https:\/\/marcelolopes.jor.br\/site\/wp-content\/uploads\/2019\/05\/001.jpg\" \/>\n\t<meta property=\"og:image:width\" content=\"700\" \/>\n\t<meta property=\"og:image:height\" content=\"525\" \/>\n\t<meta property=\"og:image:type\" content=\"image\/jpeg\" \/>\n<meta name=\"author\" content=\"Marcelo Lopes\" \/>\n<meta name=\"twitter:card\" content=\"summary_large_image\" \/>\n<meta name=\"twitter:label1\" content=\"Escrito por\" \/>\n\t<meta name=\"twitter:data1\" content=\"Marcelo Lopes\" \/>\n\t<meta name=\"twitter:label2\" content=\"Est. tempo de leitura\" \/>\n\t<meta name=\"twitter:data2\" content=\"1 minuto\" \/>\n<script type=\"application\/ld+json\" class=\"yoast-schema-graph\">{\"@context\":\"https:\\\/\\\/schema.org\",\"@graph\":[{\"@type\":\"NewsArticle\",\"@id\":\"https:\\\/\\\/marcelolopes.jor.br\\\/site\\\/2019\\\/05\\\/14\\\/pai-e-filho-sao-condenados-por-homicidio-em-muriae\\\/#article\",\"isPartOf\":{\"@id\":\"https:\\\/\\\/marcelolopes.jor.br\\\/site\\\/2019\\\/05\\\/14\\\/pai-e-filho-sao-condenados-por-homicidio-em-muriae\\\/\"},\"author\":{\"name\":\"Marcelo Lopes\",\"@id\":\"https:\\\/\\\/marcelolopes.jor.br\\\/site\\\/#\\\/schema\\\/person\\\/3e7216a35c34d8fdf952b31da3d1f89f\"},\"headline\":\"Pai e filho s\u00e3o condenados por homic\u00eddio em Muria\u00e9\",\"datePublished\":\"2019-05-14T22:00:08+00:00\",\"dateModified\":\"2022-12-31T20:27:20+00:00\",\"mainEntityOfPage\":{\"@id\":\"https:\\\/\\\/marcelolopes.jor.br\\\/site\\\/2019\\\/05\\\/14\\\/pai-e-filho-sao-condenados-por-homicidio-em-muriae\\\/\"},\"wordCount\":215,\"commentCount\":0,\"publisher\":{\"@id\":\"https:\\\/\\\/marcelolopes.jor.br\\\/site\\\/#organization\"},\"image\":{\"@id\":\"https:\\\/\\\/marcelolopes.jor.br\\\/site\\\/2019\\\/05\\\/14\\\/pai-e-filho-sao-condenados-por-homicidio-em-muriae\\\/#primaryimage\"},\"thumbnailUrl\":\"https:\\\/\\\/marcelolopes.jor.br\\\/site\\\/wp-content\\\/uploads\\\/2019\\\/05\\\/001.jpg\",\"keywords\":[\"culpados\",\"julgamento\",\"justi\u00e7a\",\"tribunal do j\u00fari\"],\"articleSection\":[\"Not\u00edcias\"],\"inLanguage\":\"pt-BR\",\"potentialAction\":[{\"@type\":\"CommentAction\",\"name\":\"Comment\",\"target\":[\"https:\\\/\\\/marcelolopes.jor.br\\\/site\\\/2019\\\/05\\\/14\\\/pai-e-filho-sao-condenados-por-homicidio-em-muriae\\\/#respond\"]}]},{\"@type\":\"WebPage\",\"@id\":\"https:\\\/\\\/marcelolopes.jor.br\\\/site\\\/2019\\\/05\\\/14\\\/pai-e-filho-sao-condenados-por-homicidio-em-muriae\\\/\",\"url\":\"https:\\\/\\\/marcelolopes.jor.br\\\/site\\\/2019\\\/05\\\/14\\\/pai-e-filho-sao-condenados-por-homicidio-em-muriae\\\/\",\"name\":\"Pai e filho s\u00e3o condenados por homic\u00eddio em Muria\u00e9\",\"isPartOf\":{\"@id\":\"https:\\\/\\\/marcelolopes.jor.br\\\/site\\\/#website\"},\"primaryImageOfPage\":{\"@id\":\"https:\\\/\\\/marcelolopes.jor.br\\\/site\\\/2019\\\/05\\\/14\\\/pai-e-filho-sao-condenados-por-homicidio-em-muriae\\\/#primaryimage\"},\"image\":{\"@id\":\"https:\\\/\\\/marcelolopes.jor.br\\\/site\\\/2019\\\/05\\\/14\\\/pai-e-filho-sao-condenados-por-homicidio-em-muriae\\\/#primaryimage\"},\"thumbnailUrl\":\"https:\\\/\\\/marcelolopes.jor.br\\\/site\\\/wp-content\\\/uploads\\\/2019\\\/05\\\/001.jpg\",\"datePublished\":\"2019-05-14T22:00:08+00:00\",\"dateModified\":\"2022-12-31T20:27:20+00:00\",\"description\":\"Pai e filho s\u00e3o condenados por homic\u00eddio em Muria\u00e9. A Justi\u00e7a os considerou culpados pela morte de um homem de 33 anos de idade\",\"breadcrumb\":{\"@id\":\"https:\\\/\\\/marcelolopes.jor.br\\\/site\\\/2019\\\/05\\\/14\\\/pai-e-filho-sao-condenados-por-homicidio-em-muriae\\\/#breadcrumb\"},\"inLanguage\":\"pt-BR\",\"potentialAction\":[{\"@type\":\"ReadAction\",\"target\":[\"https:\\\/\\\/marcelolopes.jor.br\\\/site\\\/2019\\\/05\\\/14\\\/pai-e-filho-sao-condenados-por-homicidio-em-muriae\\\/\"]}]},{\"@type\":\"ImageObject\",\"inLanguage\":\"pt-BR\",\"@id\":\"https:\\\/\\\/marcelolopes.jor.br\\\/site\\\/2019\\\/05\\\/14\\\/pai-e-filho-sao-condenados-por-homicidio-em-muriae\\\/#primaryimage\",\"url\":\"https:\\\/\\\/marcelolopes.jor.br\\\/site\\\/wp-content\\\/uploads\\\/2019\\\/05\\\/001.jpg\",\"contentUrl\":\"https:\\\/\\\/marcelolopes.jor.br\\\/site\\\/wp-content\\\/uploads\\\/2019\\\/05\\\/001.jpg\",\"width\":700,\"height\":525,\"caption\":\"O pai foi condenado a 14 anos de pris\u00e3o em regime fechado\"},{\"@type\":\"BreadcrumbList\",\"@id\":\"https:\\\/\\\/marcelolopes.jor.br\\\/site\\\/2019\\\/05\\\/14\\\/pai-e-filho-sao-condenados-por-homicidio-em-muriae\\\/#breadcrumb\",\"itemListElement\":[{\"@type\":\"ListItem\",\"position\":1,\"name\":\"Home\",\"item\":\"https:\\\/\\\/marcelolopes.jor.br\\\/site\\\/\"},{\"@type\":\"ListItem\",\"position\":2,\"name\":\"Pai e filho s\u00e3o condenados por homic\u00eddio em Muria\u00e9\"}]},{\"@type\":\"WebSite\",\"@id\":\"https:\\\/\\\/marcelolopes.jor.br\\\/site\\\/#website\",\"url\":\"https:\\\/\\\/marcelolopes.jor.br\\\/site\\\/\",\"name\":\"Marcelo Lopes\",\"description\":\"Not\u00edcias de Cataguases e Regi\u00e3o\",\"publisher\":{\"@id\":\"https:\\\/\\\/marcelolopes.jor.br\\\/site\\\/#organization\"},\"potentialAction\":[{\"@type\":\"SearchAction\",\"target\":{\"@type\":\"EntryPoint\",\"urlTemplate\":\"https:\\\/\\\/marcelolopes.jor.br\\\/site\\\/?s={search_term_string}\"},\"query-input\":{\"@type\":\"PropertyValueSpecification\",\"valueRequired\":true,\"valueName\":\"search_term_string\"}}],\"inLanguage\":\"pt-BR\"},{\"@type\":\"Organization\",\"@id\":\"https:\\\/\\\/marcelolopes.jor.br\\\/site\\\/#organization\",\"name\":\"Site do Marcelo Lopes\",\"url\":\"https:\\\/\\\/marcelolopes.jor.br\\\/site\\\/\",\"logo\":{\"@type\":\"ImageObject\",\"inLanguage\":\"pt-BR\",\"@id\":\"https:\\\/\\\/marcelolopes.jor.br\\\/site\\\/#\\\/schema\\\/logo\\\/image\\\/\",\"url\":\"https:\\\/\\\/marcelolopes.jor.br\\\/site\\\/wp-content\\\/uploads\\\/2024\\\/11\\\/logo-1.png\",\"contentUrl\":\"https:\\\/\\\/marcelolopes.jor.br\\\/site\\\/wp-content\\\/uploads\\\/2024\\\/11\\\/logo-1.png\",\"width\":475,\"height\":80,\"caption\":\"Site do Marcelo Lopes\"},\"image\":{\"@id\":\"https:\\\/\\\/marcelolopes.jor.br\\\/site\\\/#\\\/schema\\\/logo\\\/image\\\/\"},\"sameAs\":[\"https:\\\/\\\/www.facebook.com\\\/sitedomarcelolopes\",\"https:\\\/\\\/www.instagram.com\\\/sitedomarcelolopes\\\/\",\"https:\\\/\\\/www.linkedin.com\\\/company\\\/site-do-marcelo-lopes\\\/\",\"https:\\\/\\\/www.youtube.com\\\/user\\\/marcelolopes957\"]},{\"@type\":\"Person\",\"@id\":\"https:\\\/\\\/marcelolopes.jor.br\\\/site\\\/#\\\/schema\\\/person\\\/3e7216a35c34d8fdf952b31da3d1f89f\",\"name\":\"Marcelo Lopes\",\"sameAs\":[\"http:\\\/\\\/www.marcelolopes.jor.br\"],\"url\":\"https:\\\/\\\/marcelolopes.jor.br\\\/site\\\/author\\\/marcelo\\\/\"}]}<\/script>\n<!-- \/ Yoast SEO plugin. -->","yoast_head_json":{"title":"Pai e filho s\u00e3o condenados por homic\u00eddio em Muria\u00e9","description":"Pai e filho s\u00e3o condenados por homic\u00eddio em Muria\u00e9. A Justi\u00e7a os considerou culpados pela morte de um homem de 33 anos de idade","robots":{"index":"index","follow":"follow","max-snippet":"max-snippet:-1","max-image-preview":"max-image-preview:large","max-video-preview":"max-video-preview:-1"},"canonical":"https:\/\/marcelolopes.jor.br\/site\/2019\/05\/14\/pai-e-filho-sao-condenados-por-homicidio-em-muriae\/","og_locale":"pt_BR","og_type":"article","og_title":"Pai e filho s\u00e3o condenados por homic\u00eddio em Muria\u00e9","og_description":"Pai e filho s\u00e3o condenados por homic\u00eddio em Muria\u00e9. A Justi\u00e7a os considerou culpados pela morte de um homem de 33 anos de idade","og_url":"https:\/\/marcelolopes.jor.br\/site\/2019\/05\/14\/pai-e-filho-sao-condenados-por-homicidio-em-muriae\/","og_site_name":"Marcelo Lopes","article_publisher":"https:\/\/www.facebook.com\/sitedomarcelolopes","article_published_time":"2019-05-14T22:00:08+00:00","article_modified_time":"2022-12-31T20:27:20+00:00","og_image":[{"width":700,"height":525,"url":"https:\/\/marcelolopes.jor.br\/site\/wp-content\/uploads\/2019\/05\/001.jpg","type":"image\/jpeg"}],"author":"Marcelo Lopes","twitter_card":"summary_large_image","twitter_misc":{"Escrito por":"Marcelo Lopes","Est. tempo de leitura":"1 minuto"},"schema":{"@context":"https:\/\/schema.org","@graph":[{"@type":"NewsArticle","@id":"https:\/\/marcelolopes.jor.br\/site\/2019\/05\/14\/pai-e-filho-sao-condenados-por-homicidio-em-muriae\/#article","isPartOf":{"@id":"https:\/\/marcelolopes.jor.br\/site\/2019\/05\/14\/pai-e-filho-sao-condenados-por-homicidio-em-muriae\/"},"author":{"name":"Marcelo Lopes","@id":"https:\/\/marcelolopes.jor.br\/site\/#\/schema\/person\/3e7216a35c34d8fdf952b31da3d1f89f"},"headline":"Pai e filho s\u00e3o condenados por homic\u00eddio em Muria\u00e9","datePublished":"2019-05-14T22:00:08+00:00","dateModified":"2022-12-31T20:27:20+00:00","mainEntityOfPage":{"@id":"https:\/\/marcelolopes.jor.br\/site\/2019\/05\/14\/pai-e-filho-sao-condenados-por-homicidio-em-muriae\/"},"wordCount":215,"commentCount":0,"publisher":{"@id":"https:\/\/marcelolopes.jor.br\/site\/#organization"},"image":{"@id":"https:\/\/marcelolopes.jor.br\/site\/2019\/05\/14\/pai-e-filho-sao-condenados-por-homicidio-em-muriae\/#primaryimage"},"thumbnailUrl":"https:\/\/marcelolopes.jor.br\/site\/wp-content\/uploads\/2019\/05\/001.jpg","keywords":["culpados","julgamento","justi\u00e7a","tribunal do j\u00fari"],"articleSection":["Not\u00edcias"],"inLanguage":"pt-BR","potentialAction":[{"@type":"CommentAction","name":"Comment","target":["https:\/\/marcelolopes.jor.br\/site\/2019\/05\/14\/pai-e-filho-sao-condenados-por-homicidio-em-muriae\/#respond"]}]},{"@type":"WebPage","@id":"https:\/\/marcelolopes.jor.br\/site\/2019\/05\/14\/pai-e-filho-sao-condenados-por-homicidio-em-muriae\/","url":"https:\/\/marcelolopes.jor.br\/site\/2019\/05\/14\/pai-e-filho-sao-condenados-por-homicidio-em-muriae\/","name":"Pai e filho s\u00e3o condenados por homic\u00eddio em Muria\u00e9","isPartOf":{"@id":"https:\/\/marcelolopes.jor.br\/site\/#website"},"primaryImageOfPage":{"@id":"https:\/\/marcelolopes.jor.br\/site\/2019\/05\/14\/pai-e-filho-sao-condenados-por-homicidio-em-muriae\/#primaryimage"},"image":{"@id":"https:\/\/marcelolopes.jor.br\/site\/2019\/05\/14\/pai-e-filho-sao-condenados-por-homicidio-em-muriae\/#primaryimage"},"thumbnailUrl":"https:\/\/marcelolopes.jor.br\/site\/wp-content\/uploads\/2019\/05\/001.jpg","datePublished":"2019-05-14T22:00:08+00:00","dateModified":"2022-12-31T20:27:20+00:00","description":"Pai e filho s\u00e3o condenados por homic\u00eddio em Muria\u00e9. A Justi\u00e7a os considerou culpados pela morte de um homem de 33 anos de idade","breadcrumb":{"@id":"https:\/\/marcelolopes.jor.br\/site\/2019\/05\/14\/pai-e-filho-sao-condenados-por-homicidio-em-muriae\/#breadcrumb"},"inLanguage":"pt-BR","potentialAction":[{"@type":"ReadAction","target":["https:\/\/marcelolopes.jor.br\/site\/2019\/05\/14\/pai-e-filho-sao-condenados-por-homicidio-em-muriae\/"]}]},{"@type":"ImageObject","inLanguage":"pt-BR","@id":"https:\/\/marcelolopes.jor.br\/site\/2019\/05\/14\/pai-e-filho-sao-condenados-por-homicidio-em-muriae\/#primaryimage","url":"https:\/\/marcelolopes.jor.br\/site\/wp-content\/uploads\/2019\/05\/001.jpg","contentUrl":"https:\/\/marcelolopes.jor.br\/site\/wp-content\/uploads\/2019\/05\/001.jpg","width":700,"height":525,"caption":"O pai foi condenado a 14 anos de pris\u00e3o em regime fechado"},{"@type":"BreadcrumbList","@id":"https:\/\/marcelolopes.jor.br\/site\/2019\/05\/14\/pai-e-filho-sao-condenados-por-homicidio-em-muriae\/#breadcrumb","itemListElement":[{"@type":"ListItem","position":1,"name":"Home","item":"https:\/\/marcelolopes.jor.br\/site\/"},{"@type":"ListItem","position":2,"name":"Pai e filho s\u00e3o condenados por homic\u00eddio em Muria\u00e9"}]},{"@type":"WebSite","@id":"https:\/\/marcelolopes.jor.br\/site\/#website","url":"https:\/\/marcelolopes.jor.br\/site\/","name":"Marcelo Lopes","description":"Not\u00edcias de Cataguases e Regi\u00e3o","publisher":{"@id":"https:\/\/marcelolopes.jor.br\/site\/#organization"},"potentialAction":[{"@type":"SearchAction","target":{"@type":"EntryPoint","urlTemplate":"https:\/\/marcelolopes.jor.br\/site\/?s={search_term_string}"},"query-input":{"@type":"PropertyValueSpecification","valueRequired":true,"valueName":"search_term_string"}}],"inLanguage":"pt-BR"},{"@type":"Organization","@id":"https:\/\/marcelolopes.jor.br\/site\/#organization","name":"Site do Marcelo Lopes","url":"https:\/\/marcelolopes.jor.br\/site\/","logo":{"@type":"ImageObject","inLanguage":"pt-BR","@id":"https:\/\/marcelolopes.jor.br\/site\/#\/schema\/logo\/image\/","url":"https:\/\/marcelolopes.jor.br\/site\/wp-content\/uploads\/2024\/11\/logo-1.png","contentUrl":"https:\/\/marcelolopes.jor.br\/site\/wp-content\/uploads\/2024\/11\/logo-1.png","width":475,"height":80,"caption":"Site do Marcelo Lopes"},"image":{"@id":"https:\/\/marcelolopes.jor.br\/site\/#\/schema\/logo\/image\/"},"sameAs":["https:\/\/www.facebook.com\/sitedomarcelolopes","https:\/\/www.instagram.com\/sitedomarcelolopes\/","https:\/\/www.linkedin.com\/company\/site-do-marcelo-lopes\/","https:\/\/www.youtube.com\/user\/marcelolopes957"]},{"@type":"Person","@id":"https:\/\/marcelolopes.jor.br\/site\/#\/schema\/person\/3e7216a35c34d8fdf952b31da3d1f89f","name":"Marcelo Lopes","sameAs":["http:\/\/www.marcelolopes.jor.br"],"url":"https:\/\/marcelolopes.jor.br\/site\/author\/marcelo\/"}]}},"wps_subtitle":"A Justi\u00e7a os considerou culpados pela morte de um homem de 33 anos de idade","_links":{"self":[{"href":"https:\/\/marcelolopes.jor.br\/site\/wp-json\/wp\/v2\/posts\/1342","targetHints":{"allow":["GET"]}}],"collection":[{"href":"https:\/\/marcelolopes.jor.br\/site\/wp-json\/wp\/v2\/posts"}],"about":[{"href":"https:\/\/marcelolopes.jor.br\/site\/wp-json\/wp\/v2\/types\/post"}],"author":[{"embeddable":true,"href":"https:\/\/marcelolopes.jor.br\/site\/wp-json\/wp\/v2\/users\/2"}],"replies":[{"embeddable":true,"href":"https:\/\/marcelolopes.jor.br\/site\/wp-json\/wp\/v2\/comments?post=1342"}],"version-history":[{"count":0,"href":"https:\/\/marcelolopes.jor.br\/site\/wp-json\/wp\/v2\/posts\/1342\/revisions"}],"wp:featuredmedia":[{"embeddable":true,"href":"https:\/\/marcelolopes.jor.br\/site\/wp-json\/wp\/v2\/media\/1343"}],"wp:attachment":[{"href":"https:\/\/marcelolopes.jor.br\/site\/wp-json\/wp\/v2\/media?parent=1342"}],"wp:term":[{"taxonomy":"category","embeddable":true,"href":"https:\/\/marcelolopes.jor.br\/site\/wp-json\/wp\/v2\/categories?post=1342"},{"taxonomy":"post_tag","embeddable":true,"href":"https:\/\/marcelolopes.jor.br\/site\/wp-json\/wp\/v2\/tags?post=1342"}],"curies":[{"name":"wp","href":"https:\/\/api.w.org\/{rel}","templated":true}]}}