{"id":13231,"date":"2020-04-03T13:53:48","date_gmt":"2020-04-03T16:53:48","guid":{"rendered":"https:\/\/marcelolopes.jor.br\/?p=13231"},"modified":"2020-04-03T14:08:21","modified_gmt":"2020-04-03T17:08:21","slug":"industrial-prorroga-suspensao-de-suas-atividades-por-mais-30-dias","status":"publish","type":"post","link":"https:\/\/marcelolopes.jor.br\/site\/2020\/04\/03\/industrial-prorroga-suspensao-de-suas-atividades-por-mais-30-dias\/","title":{"rendered":"Companhia Industrial prorroga suspens\u00e3o das atividades, mas n\u00e3o far\u00e1 demiss\u00f5es"},"content":{"rendered":"<p style=\"text-align: justify;\">Priorizando a sa\u00fade e seguran\u00e7a de seus colaboradores e atendendo \u00e0s recomenda\u00e7\u00f5es dos \u00f3rg\u00e3os de sa\u00fade e governamentais sobre a necessidade de isolamento social para que seja poss\u00edvel conter a dissemina\u00e7\u00e3o da pandemia do novo coronav\u00edrus, a partir da pr\u00f3xima segunda-feira, dia 6 abril de 2020, a Companhia Industrial Cataguases vai prorrogar por mais 30 dias a suspens\u00e3o total de suas atividades operacionais e administrativas. A suspens\u00e3o poder\u00e1 ser estendida, de acordo com a avalia\u00e7\u00e3o dos gestores da empresa e diante de recomenda\u00e7\u00f5es dos \u00f3rg\u00e3os p\u00fablicos.<!--more--><\/p>\n<p style=\"text-align: justify;\">Pensando tamb\u00e9m nas necessidades financeiras de seus colaboradores, a Companhia Industrial Cataguases optou por n\u00e3o fazer nenhuma demiss\u00e3o. Apoiada pela Medida Provis\u00f3ria n\u00b0 936, de 1\u00ba de abril de 2020, a empresa contar\u00e1 com a ajuda do Governo Federal para que seus colaboradores continuem a receber remunera\u00e7\u00e3o no per\u00edodo em que a empresa permanecer fechada. Para fazer uso da Medida Provis\u00f3ria, a Companhia Industrial Cataguases suspender\u00e1, a partir do dia 6 de abril, o contrato de 95% dos seus colaboradores pelo per\u00edodo inicial de 30 dias.<\/p>\n<p style=\"text-align: justify;\">\u00c9 importante ressaltar que a suspens\u00e3o n\u00e3o significa demiss\u00e3o, e sim que a empresa pagar\u00e1 30% do valor do sal\u00e1rio do colaborador, enquanto o Governo Federal far\u00e1 um complemento de 70% do valor que o colaborador receberia caso solicitasse o seguro-desemprego. O valor do seguro-desemprego \u00e9 calculado de acordo com a faixa salarial. Por exemplo, se o sal\u00e1rio do colaborador \u00e9 de R$ 1.500,00, no pr\u00f3ximo m\u00eas ele receber\u00e1 R$ 450,00 da empresa e R$ 840,00 do Governo Federal (70% dos R$1.200,00 que ele receberia de seguro-desemprego), totalizando uma remunera\u00e7\u00e3o de R$ 1.290,00 enquanto permanece em isolamento social e se protege do novo coronav\u00edrus.<\/p>\n<p style=\"text-align: justify;\">A Companhia Industrial Cataguases tamb\u00e9m manter\u00e1 integralmente todos os benef\u00edcios de seus colaboradores durante o per\u00edodo de suspens\u00e3o dos contratos de trabalho, tais como plano de sa\u00fade, seguro de vida e vale alimenta\u00e7\u00e3o. A empresa manter\u00e1 as atividades de um pequeno grupo de colaboradores em home office para rotinas essenciais.<\/p>\n<p>Veja a Medida Provis\u00f3ria do Governo Federal <a href=\"http:\/\/www.planalto.gov.br\/ccivil_03\/_Ato2019-2022\/2020\/Mpv\/mpv936.htm\"><strong><span style=\"color: #800080;\">aqui.<\/span><\/strong><\/a><\/p>\n<p style=\"text-align: justify;\">Fonte: Assessoria de Comunica\u00e7\u00e3o Companhia Industrial Cataguases<\/p>\n<div class=\"mwxrl69f769d17d4d5\" ><br><\/div><style type=\"text\/css\">\r\n@media screen and (min-width: 1201px) {\r\n.mwxrl69f769d17d4d5 {\r\ndisplay: block;\r\n}\r\n}\r\n@media screen and (min-width: 993px) and (max-width: 1200px) {\r\n.mwxrl69f769d17d4d5 {\r\ndisplay: block;\r\n}\r\n}\r\n@media screen and (min-width: 769px) and (max-width: 992px) {\r\n.mwxrl69f769d17d4d5 {\r\ndisplay: block;\r\n}\r\n}\r\n@media screen and (min-width: 768px) and (max-width: 768px) {\r\n.mwxrl69f769d17d4d5 {\r\ndisplay: block;\r\n}\r\n}\r\n@media screen and (max-width: 767px) {\r\n.mwxrl69f769d17d4d5 {\r\ndisplay: block;\r\n}\r\n}\r\n<\/style>\r\n<div class=\"vjxhr69f769d182301\" ><div id=\"div_destino\"><\/div>\r\n<script src=\"https:\/\/cdn.snsrsv.com\/sdk.js\"><\/script>\r\n<script >\r\n      new sdk(\"464030C30061EA8BE065000000000001\") \r\n          .appendTo(\"div_destino\")\r\n          .disableStyle(true) \r\n          .setCacheBusterMacro(\"%%CACHEBUSTER%%\")\r\n          .setSize(\"800\",\"214\")\r\n          .setClickMacro(\"%%CLICK_URL_ESC%%\") \r\n          .setReferrerUrlMacro(\"%%REFERRER_URL_ESC%%\") \r\n          .start(); \r\n<\/script><\/div><style type=\"text\/css\">\r\n@media screen and (min-width: 1201px) {\r\n.vjxhr69f769d182301 {\r\ndisplay: block;\r\n}\r\n}\r\n@media screen and (min-width: 993px) and (max-width: 1200px) {\r\n.vjxhr69f769d182301 {\r\ndisplay: block;\r\n}\r\n}\r\n@media screen and (min-width: 769px) and (max-width: 992px) {\r\n.vjxhr69f769d182301 {\r\ndisplay: block;\r\n}\r\n}\r\n@media screen and (min-width: 768px) and (max-width: 768px) {\r\n.vjxhr69f769d182301 {\r\ndisplay: block;\r\n}\r\n}\r\n@media screen and (max-width: 767px) {\r\n.vjxhr69f769d182301 {\r\ndisplay: block;\r\n}\r\n}\r\n<\/style>\r\n","protected":false},"excerpt":{"rendered":"<p>Priorizando a sa\u00fade e seguran\u00e7a de seus colaboradores e atendendo \u00e0s recomenda\u00e7\u00f5es dos \u00f3rg\u00e3os de sa\u00fade e governamentais sobre a necessidade de isolamento social para que seja poss\u00edvel conter a dissemina\u00e7\u00e3o da pandemia do novo coronav\u00edrus, a partir da pr\u00f3xima<\/p>\n<p class=\"link-more\"><a class=\"more-link\" href=\"https:\/\/marcelolopes.jor.br\/site\/2020\/04\/03\/industrial-prorroga-suspensao-de-suas-atividades-por-mais-30-dias\/\">Leia mais <span class=\"screen-reader-text\">Companhia Industrial prorroga suspens\u00e3o das atividades, mas n\u00e3o far\u00e1 demiss\u00f5es<\/span><\/a><\/p>\n","protected":false},"author":2,"featured_media":13233,"comment_status":"open","ping_status":"open","sticky":false,"template":"","format":"standard","meta":{"footnotes":""},"categories":[1],"tags":[494,2320,495,2258],"class_list":["post-13231","post","type-post","status-publish","format-standard","has-post-thumbnail","hentry","category-noticias","tag-companhia-industrial","tag-contrato-de-trabalho","tag-industrial","tag-novo-coronavirus","thumb-below-title"],"yoast_head":"<!-- This site is optimized with the Yoast SEO plugin v27.4 - https:\/\/yoast.com\/product\/yoast-seo-wordpress\/ -->\n<title>Companhia Industrial prorroga suspens\u00e3o das atividades, mas n\u00e3o far\u00e1 demiss\u00f5es | Marcelo Lopes<\/title>\n<meta name=\"robots\" content=\"index, follow, max-snippet:-1, max-image-preview:large, max-video-preview:-1\" \/>\n<link rel=\"canonical\" href=\"https:\/\/marcelolopes.jor.br\/site\/2020\/04\/03\/industrial-prorroga-suspensao-de-suas-atividades-por-mais-30-dias\/\" \/>\n<meta property=\"og:locale\" content=\"pt_BR\" \/>\n<meta property=\"og:type\" content=\"article\" \/>\n<meta property=\"og:title\" content=\"Companhia Industrial prorroga suspens\u00e3o das atividades, mas n\u00e3o far\u00e1 demiss\u00f5es | Marcelo Lopes\" \/>\n<meta property=\"og:description\" content=\"Priorizando a sa\u00fade e seguran\u00e7a de seus colaboradores e atendendo \u00e0s recomenda\u00e7\u00f5es dos \u00f3rg\u00e3os de sa\u00fade e governamentais sobre a necessidade de isolamento social para que seja poss\u00edvel conter a dissemina\u00e7\u00e3o da pandemia do novo coronav\u00edrus, a partir da pr\u00f3ximaLeia mais Companhia Industrial prorroga suspens\u00e3o das atividades, mas n\u00e3o far\u00e1 demiss\u00f5es\" \/>\n<meta property=\"og:url\" content=\"https:\/\/marcelolopes.jor.br\/site\/2020\/04\/03\/industrial-prorroga-suspensao-de-suas-atividades-por-mais-30-dias\/\" \/>\n<meta property=\"og:site_name\" content=\"Marcelo Lopes\" \/>\n<meta property=\"article:publisher\" content=\"https:\/\/www.facebook.com\/sitedomarcelolopes\" \/>\n<meta property=\"article:published_time\" content=\"2020-04-03T16:53:48+00:00\" \/>\n<meta property=\"article:modified_time\" content=\"2020-04-03T17:08:21+00:00\" \/>\n<meta property=\"og:image\" content=\"https:\/\/marcelolopes.jor.br\/site\/wp-content\/uploads\/2020\/04\/IMG_0158.jpg\" \/>\n\t<meta property=\"og:image:width\" content=\"640\" \/>\n\t<meta property=\"og:image:height\" content=\"480\" \/>\n\t<meta property=\"og:image:type\" content=\"image\/jpeg\" \/>\n<meta name=\"author\" content=\"Marcelo Lopes\" \/>\n<meta name=\"twitter:card\" content=\"summary_large_image\" \/>\n<meta name=\"twitter:label1\" content=\"Escrito por\" \/>\n\t<meta name=\"twitter:data1\" content=\"Marcelo Lopes\" \/>\n\t<meta name=\"twitter:label2\" content=\"Est. tempo de leitura\" \/>\n\t<meta name=\"twitter:data2\" content=\"2 minutos\" \/>\n<script type=\"application\/ld+json\" class=\"yoast-schema-graph\">{\"@context\":\"https:\\\/\\\/schema.org\",\"@graph\":[{\"@type\":\"NewsArticle\",\"@id\":\"https:\\\/\\\/marcelolopes.jor.br\\\/site\\\/2020\\\/04\\\/03\\\/industrial-prorroga-suspensao-de-suas-atividades-por-mais-30-dias\\\/#article\",\"isPartOf\":{\"@id\":\"https:\\\/\\\/marcelolopes.jor.br\\\/site\\\/2020\\\/04\\\/03\\\/industrial-prorroga-suspensao-de-suas-atividades-por-mais-30-dias\\\/\"},\"author\":{\"name\":\"Marcelo Lopes\",\"@id\":\"https:\\\/\\\/marcelolopes.jor.br\\\/site\\\/#\\\/schema\\\/person\\\/3e7216a35c34d8fdf952b31da3d1f89f\"},\"headline\":\"Companhia Industrial prorroga suspens\u00e3o das atividades, mas n\u00e3o far\u00e1 demiss\u00f5es\",\"datePublished\":\"2020-04-03T16:53:48+00:00\",\"dateModified\":\"2020-04-03T17:08:21+00:00\",\"mainEntityOfPage\":{\"@id\":\"https:\\\/\\\/marcelolopes.jor.br\\\/site\\\/2020\\\/04\\\/03\\\/industrial-prorroga-suspensao-de-suas-atividades-por-mais-30-dias\\\/\"},\"wordCount\":375,\"commentCount\":0,\"publisher\":{\"@id\":\"https:\\\/\\\/marcelolopes.jor.br\\\/site\\\/#organization\"},\"image\":{\"@id\":\"https:\\\/\\\/marcelolopes.jor.br\\\/site\\\/2020\\\/04\\\/03\\\/industrial-prorroga-suspensao-de-suas-atividades-por-mais-30-dias\\\/#primaryimage\"},\"thumbnailUrl\":\"https:\\\/\\\/marcelolopes.jor.br\\\/site\\\/wp-content\\\/uploads\\\/2020\\\/04\\\/IMG_0158.jpg\",\"keywords\":[\"Companhia Industrial\",\"contrato de trabalho\",\"Industrial\",\"novo coronav\u00edrus\"],\"articleSection\":[\"Not\u00edcias\"],\"inLanguage\":\"pt-BR\",\"potentialAction\":[{\"@type\":\"CommentAction\",\"name\":\"Comment\",\"target\":[\"https:\\\/\\\/marcelolopes.jor.br\\\/site\\\/2020\\\/04\\\/03\\\/industrial-prorroga-suspensao-de-suas-atividades-por-mais-30-dias\\\/#respond\"]}]},{\"@type\":\"WebPage\",\"@id\":\"https:\\\/\\\/marcelolopes.jor.br\\\/site\\\/2020\\\/04\\\/03\\\/industrial-prorroga-suspensao-de-suas-atividades-por-mais-30-dias\\\/\",\"url\":\"https:\\\/\\\/marcelolopes.jor.br\\\/site\\\/2020\\\/04\\\/03\\\/industrial-prorroga-suspensao-de-suas-atividades-por-mais-30-dias\\\/\",\"name\":\"Companhia Industrial prorroga suspens\u00e3o das atividades, mas n\u00e3o far\u00e1 demiss\u00f5es | Marcelo Lopes\",\"isPartOf\":{\"@id\":\"https:\\\/\\\/marcelolopes.jor.br\\\/site\\\/#website\"},\"primaryImageOfPage\":{\"@id\":\"https:\\\/\\\/marcelolopes.jor.br\\\/site\\\/2020\\\/04\\\/03\\\/industrial-prorroga-suspensao-de-suas-atividades-por-mais-30-dias\\\/#primaryimage\"},\"image\":{\"@id\":\"https:\\\/\\\/marcelolopes.jor.br\\\/site\\\/2020\\\/04\\\/03\\\/industrial-prorroga-suspensao-de-suas-atividades-por-mais-30-dias\\\/#primaryimage\"},\"thumbnailUrl\":\"https:\\\/\\\/marcelolopes.jor.br\\\/site\\\/wp-content\\\/uploads\\\/2020\\\/04\\\/IMG_0158.jpg\",\"datePublished\":\"2020-04-03T16:53:48+00:00\",\"dateModified\":\"2020-04-03T17:08:21+00:00\",\"breadcrumb\":{\"@id\":\"https:\\\/\\\/marcelolopes.jor.br\\\/site\\\/2020\\\/04\\\/03\\\/industrial-prorroga-suspensao-de-suas-atividades-por-mais-30-dias\\\/#breadcrumb\"},\"inLanguage\":\"pt-BR\",\"potentialAction\":[{\"@type\":\"ReadAction\",\"target\":[\"https:\\\/\\\/marcelolopes.jor.br\\\/site\\\/2020\\\/04\\\/03\\\/industrial-prorroga-suspensao-de-suas-atividades-por-mais-30-dias\\\/\"]}]},{\"@type\":\"ImageObject\",\"inLanguage\":\"pt-BR\",\"@id\":\"https:\\\/\\\/marcelolopes.jor.br\\\/site\\\/2020\\\/04\\\/03\\\/industrial-prorroga-suspensao-de-suas-atividades-por-mais-30-dias\\\/#primaryimage\",\"url\":\"https:\\\/\\\/marcelolopes.jor.br\\\/site\\\/wp-content\\\/uploads\\\/2020\\\/04\\\/IMG_0158.jpg\",\"contentUrl\":\"https:\\\/\\\/marcelolopes.jor.br\\\/site\\\/wp-content\\\/uploads\\\/2020\\\/04\\\/IMG_0158.jpg\",\"width\":640,\"height\":480},{\"@type\":\"BreadcrumbList\",\"@id\":\"https:\\\/\\\/marcelolopes.jor.br\\\/site\\\/2020\\\/04\\\/03\\\/industrial-prorroga-suspensao-de-suas-atividades-por-mais-30-dias\\\/#breadcrumb\",\"itemListElement\":[{\"@type\":\"ListItem\",\"position\":1,\"name\":\"Home\",\"item\":\"https:\\\/\\\/marcelolopes.jor.br\\\/site\\\/\"},{\"@type\":\"ListItem\",\"position\":2,\"name\":\"Companhia Industrial prorroga suspens\u00e3o das atividades, mas n\u00e3o far\u00e1 demiss\u00f5es\"}]},{\"@type\":\"WebSite\",\"@id\":\"https:\\\/\\\/marcelolopes.jor.br\\\/site\\\/#website\",\"url\":\"https:\\\/\\\/marcelolopes.jor.br\\\/site\\\/\",\"name\":\"Marcelo Lopes\",\"description\":\"Not\u00edcias de Cataguases e Regi\u00e3o\",\"publisher\":{\"@id\":\"https:\\\/\\\/marcelolopes.jor.br\\\/site\\\/#organization\"},\"potentialAction\":[{\"@type\":\"SearchAction\",\"target\":{\"@type\":\"EntryPoint\",\"urlTemplate\":\"https:\\\/\\\/marcelolopes.jor.br\\\/site\\\/?s={search_term_string}\"},\"query-input\":{\"@type\":\"PropertyValueSpecification\",\"valueRequired\":true,\"valueName\":\"search_term_string\"}}],\"inLanguage\":\"pt-BR\"},{\"@type\":\"Organization\",\"@id\":\"https:\\\/\\\/marcelolopes.jor.br\\\/site\\\/#organization\",\"name\":\"Site do Marcelo Lopes\",\"url\":\"https:\\\/\\\/marcelolopes.jor.br\\\/site\\\/\",\"logo\":{\"@type\":\"ImageObject\",\"inLanguage\":\"pt-BR\",\"@id\":\"https:\\\/\\\/marcelolopes.jor.br\\\/site\\\/#\\\/schema\\\/logo\\\/image\\\/\",\"url\":\"https:\\\/\\\/marcelolopes.jor.br\\\/site\\\/wp-content\\\/uploads\\\/2024\\\/11\\\/logo-1.png\",\"contentUrl\":\"https:\\\/\\\/marcelolopes.jor.br\\\/site\\\/wp-content\\\/uploads\\\/2024\\\/11\\\/logo-1.png\",\"width\":475,\"height\":80,\"caption\":\"Site do Marcelo Lopes\"},\"image\":{\"@id\":\"https:\\\/\\\/marcelolopes.jor.br\\\/site\\\/#\\\/schema\\\/logo\\\/image\\\/\"},\"sameAs\":[\"https:\\\/\\\/www.facebook.com\\\/sitedomarcelolopes\",\"https:\\\/\\\/www.instagram.com\\\/sitedomarcelolopes\\\/\",\"https:\\\/\\\/www.linkedin.com\\\/company\\\/site-do-marcelo-lopes\\\/\",\"https:\\\/\\\/www.youtube.com\\\/user\\\/marcelolopes957\"]},{\"@type\":\"Person\",\"@id\":\"https:\\\/\\\/marcelolopes.jor.br\\\/site\\\/#\\\/schema\\\/person\\\/3e7216a35c34d8fdf952b31da3d1f89f\",\"name\":\"Marcelo Lopes\",\"sameAs\":[\"http:\\\/\\\/www.marcelolopes.jor.br\"],\"url\":\"https:\\\/\\\/marcelolopes.jor.br\\\/site\\\/author\\\/marcelo\\\/\"}]}<\/script>\n<!-- \/ Yoast SEO plugin. -->","yoast_head_json":{"title":"Companhia Industrial prorroga suspens\u00e3o das atividades, mas n\u00e3o far\u00e1 demiss\u00f5es | Marcelo Lopes","robots":{"index":"index","follow":"follow","max-snippet":"max-snippet:-1","max-image-preview":"max-image-preview:large","max-video-preview":"max-video-preview:-1"},"canonical":"https:\/\/marcelolopes.jor.br\/site\/2020\/04\/03\/industrial-prorroga-suspensao-de-suas-atividades-por-mais-30-dias\/","og_locale":"pt_BR","og_type":"article","og_title":"Companhia Industrial prorroga suspens\u00e3o das atividades, mas n\u00e3o far\u00e1 demiss\u00f5es | Marcelo Lopes","og_description":"Priorizando a sa\u00fade e seguran\u00e7a de seus colaboradores e atendendo \u00e0s recomenda\u00e7\u00f5es dos \u00f3rg\u00e3os de sa\u00fade e governamentais sobre a necessidade de isolamento social para que seja poss\u00edvel conter a dissemina\u00e7\u00e3o da pandemia do novo coronav\u00edrus, a partir da pr\u00f3ximaLeia mais Companhia Industrial prorroga suspens\u00e3o das atividades, mas n\u00e3o far\u00e1 demiss\u00f5es","og_url":"https:\/\/marcelolopes.jor.br\/site\/2020\/04\/03\/industrial-prorroga-suspensao-de-suas-atividades-por-mais-30-dias\/","og_site_name":"Marcelo Lopes","article_publisher":"https:\/\/www.facebook.com\/sitedomarcelolopes","article_published_time":"2020-04-03T16:53:48+00:00","article_modified_time":"2020-04-03T17:08:21+00:00","og_image":[{"width":640,"height":480,"url":"https:\/\/marcelolopes.jor.br\/site\/wp-content\/uploads\/2020\/04\/IMG_0158.jpg","type":"image\/jpeg"}],"author":"Marcelo Lopes","twitter_card":"summary_large_image","twitter_misc":{"Escrito por":"Marcelo Lopes","Est. tempo de leitura":"2 minutos"},"schema":{"@context":"https:\/\/schema.org","@graph":[{"@type":"NewsArticle","@id":"https:\/\/marcelolopes.jor.br\/site\/2020\/04\/03\/industrial-prorroga-suspensao-de-suas-atividades-por-mais-30-dias\/#article","isPartOf":{"@id":"https:\/\/marcelolopes.jor.br\/site\/2020\/04\/03\/industrial-prorroga-suspensao-de-suas-atividades-por-mais-30-dias\/"},"author":{"name":"Marcelo Lopes","@id":"https:\/\/marcelolopes.jor.br\/site\/#\/schema\/person\/3e7216a35c34d8fdf952b31da3d1f89f"},"headline":"Companhia Industrial prorroga suspens\u00e3o das atividades, mas n\u00e3o far\u00e1 demiss\u00f5es","datePublished":"2020-04-03T16:53:48+00:00","dateModified":"2020-04-03T17:08:21+00:00","mainEntityOfPage":{"@id":"https:\/\/marcelolopes.jor.br\/site\/2020\/04\/03\/industrial-prorroga-suspensao-de-suas-atividades-por-mais-30-dias\/"},"wordCount":375,"commentCount":0,"publisher":{"@id":"https:\/\/marcelolopes.jor.br\/site\/#organization"},"image":{"@id":"https:\/\/marcelolopes.jor.br\/site\/2020\/04\/03\/industrial-prorroga-suspensao-de-suas-atividades-por-mais-30-dias\/#primaryimage"},"thumbnailUrl":"https:\/\/marcelolopes.jor.br\/site\/wp-content\/uploads\/2020\/04\/IMG_0158.jpg","keywords":["Companhia Industrial","contrato de trabalho","Industrial","novo coronav\u00edrus"],"articleSection":["Not\u00edcias"],"inLanguage":"pt-BR","potentialAction":[{"@type":"CommentAction","name":"Comment","target":["https:\/\/marcelolopes.jor.br\/site\/2020\/04\/03\/industrial-prorroga-suspensao-de-suas-atividades-por-mais-30-dias\/#respond"]}]},{"@type":"WebPage","@id":"https:\/\/marcelolopes.jor.br\/site\/2020\/04\/03\/industrial-prorroga-suspensao-de-suas-atividades-por-mais-30-dias\/","url":"https:\/\/marcelolopes.jor.br\/site\/2020\/04\/03\/industrial-prorroga-suspensao-de-suas-atividades-por-mais-30-dias\/","name":"Companhia Industrial prorroga suspens\u00e3o das atividades, mas n\u00e3o far\u00e1 demiss\u00f5es | Marcelo Lopes","isPartOf":{"@id":"https:\/\/marcelolopes.jor.br\/site\/#website"},"primaryImageOfPage":{"@id":"https:\/\/marcelolopes.jor.br\/site\/2020\/04\/03\/industrial-prorroga-suspensao-de-suas-atividades-por-mais-30-dias\/#primaryimage"},"image":{"@id":"https:\/\/marcelolopes.jor.br\/site\/2020\/04\/03\/industrial-prorroga-suspensao-de-suas-atividades-por-mais-30-dias\/#primaryimage"},"thumbnailUrl":"https:\/\/marcelolopes.jor.br\/site\/wp-content\/uploads\/2020\/04\/IMG_0158.jpg","datePublished":"2020-04-03T16:53:48+00:00","dateModified":"2020-04-03T17:08:21+00:00","breadcrumb":{"@id":"https:\/\/marcelolopes.jor.br\/site\/2020\/04\/03\/industrial-prorroga-suspensao-de-suas-atividades-por-mais-30-dias\/#breadcrumb"},"inLanguage":"pt-BR","potentialAction":[{"@type":"ReadAction","target":["https:\/\/marcelolopes.jor.br\/site\/2020\/04\/03\/industrial-prorroga-suspensao-de-suas-atividades-por-mais-30-dias\/"]}]},{"@type":"ImageObject","inLanguage":"pt-BR","@id":"https:\/\/marcelolopes.jor.br\/site\/2020\/04\/03\/industrial-prorroga-suspensao-de-suas-atividades-por-mais-30-dias\/#primaryimage","url":"https:\/\/marcelolopes.jor.br\/site\/wp-content\/uploads\/2020\/04\/IMG_0158.jpg","contentUrl":"https:\/\/marcelolopes.jor.br\/site\/wp-content\/uploads\/2020\/04\/IMG_0158.jpg","width":640,"height":480},{"@type":"BreadcrumbList","@id":"https:\/\/marcelolopes.jor.br\/site\/2020\/04\/03\/industrial-prorroga-suspensao-de-suas-atividades-por-mais-30-dias\/#breadcrumb","itemListElement":[{"@type":"ListItem","position":1,"name":"Home","item":"https:\/\/marcelolopes.jor.br\/site\/"},{"@type":"ListItem","position":2,"name":"Companhia Industrial prorroga suspens\u00e3o das atividades, mas n\u00e3o far\u00e1 demiss\u00f5es"}]},{"@type":"WebSite","@id":"https:\/\/marcelolopes.jor.br\/site\/#website","url":"https:\/\/marcelolopes.jor.br\/site\/","name":"Marcelo Lopes","description":"Not\u00edcias de Cataguases e Regi\u00e3o","publisher":{"@id":"https:\/\/marcelolopes.jor.br\/site\/#organization"},"potentialAction":[{"@type":"SearchAction","target":{"@type":"EntryPoint","urlTemplate":"https:\/\/marcelolopes.jor.br\/site\/?s={search_term_string}"},"query-input":{"@type":"PropertyValueSpecification","valueRequired":true,"valueName":"search_term_string"}}],"inLanguage":"pt-BR"},{"@type":"Organization","@id":"https:\/\/marcelolopes.jor.br\/site\/#organization","name":"Site do Marcelo Lopes","url":"https:\/\/marcelolopes.jor.br\/site\/","logo":{"@type":"ImageObject","inLanguage":"pt-BR","@id":"https:\/\/marcelolopes.jor.br\/site\/#\/schema\/logo\/image\/","url":"https:\/\/marcelolopes.jor.br\/site\/wp-content\/uploads\/2024\/11\/logo-1.png","contentUrl":"https:\/\/marcelolopes.jor.br\/site\/wp-content\/uploads\/2024\/11\/logo-1.png","width":475,"height":80,"caption":"Site do Marcelo Lopes"},"image":{"@id":"https:\/\/marcelolopes.jor.br\/site\/#\/schema\/logo\/image\/"},"sameAs":["https:\/\/www.facebook.com\/sitedomarcelolopes","https:\/\/www.instagram.com\/sitedomarcelolopes\/","https:\/\/www.linkedin.com\/company\/site-do-marcelo-lopes\/","https:\/\/www.youtube.com\/user\/marcelolopes957"]},{"@type":"Person","@id":"https:\/\/marcelolopes.jor.br\/site\/#\/schema\/person\/3e7216a35c34d8fdf952b31da3d1f89f","name":"Marcelo Lopes","sameAs":["http:\/\/www.marcelolopes.jor.br"],"url":"https:\/\/marcelolopes.jor.br\/site\/author\/marcelo\/"}]}},"wps_subtitle":"Empresa emitiu comunicado com as novas determina\u00e7\u00f5es no come\u00e7o desta tarde.","_links":{"self":[{"href":"https:\/\/marcelolopes.jor.br\/site\/wp-json\/wp\/v2\/posts\/13231","targetHints":{"allow":["GET"]}}],"collection":[{"href":"https:\/\/marcelolopes.jor.br\/site\/wp-json\/wp\/v2\/posts"}],"about":[{"href":"https:\/\/marcelolopes.jor.br\/site\/wp-json\/wp\/v2\/types\/post"}],"author":[{"embeddable":true,"href":"https:\/\/marcelolopes.jor.br\/site\/wp-json\/wp\/v2\/users\/2"}],"replies":[{"embeddable":true,"href":"https:\/\/marcelolopes.jor.br\/site\/wp-json\/wp\/v2\/comments?post=13231"}],"version-history":[{"count":0,"href":"https:\/\/marcelolopes.jor.br\/site\/wp-json\/wp\/v2\/posts\/13231\/revisions"}],"wp:featuredmedia":[{"embeddable":true,"href":"https:\/\/marcelolopes.jor.br\/site\/wp-json\/wp\/v2\/media\/13233"}],"wp:attachment":[{"href":"https:\/\/marcelolopes.jor.br\/site\/wp-json\/wp\/v2\/media?parent=13231"}],"wp:term":[{"taxonomy":"category","embeddable":true,"href":"https:\/\/marcelolopes.jor.br\/site\/wp-json\/wp\/v2\/categories?post=13231"},{"taxonomy":"post_tag","embeddable":true,"href":"https:\/\/marcelolopes.jor.br\/site\/wp-json\/wp\/v2\/tags?post=13231"}],"curies":[{"name":"wp","href":"https:\/\/api.w.org\/{rel}","templated":true}]}}