{"id":13212,"date":"2020-04-02T20:00:41","date_gmt":"2020-04-02T23:00:41","guid":{"rendered":"https:\/\/marcelolopes.jor.br\/?p=13212"},"modified":"2020-04-02T18:25:35","modified_gmt":"2020-04-02T21:25:35","slug":"prefeitura-recebe-mais-de-r-2-milhoes-para-recuperar-a-cidade-da-enchente","status":"publish","type":"post","link":"https:\/\/marcelolopes.jor.br\/site\/2020\/04\/02\/prefeitura-recebe-mais-de-r-2-milhoes-para-recuperar-a-cidade-da-enchente\/","title":{"rendered":"Enchente: Prefeitura recebe mais de R$ 2 milh\u00f5es para reparar estragos"},"content":{"rendered":"<p style=\"text-align: justify;\">Agora \u00e9 oficial. O prefeito de Cataguases, Willian Lobo de Almeida, anunciou durante entrevista coletiva realizada em seu gabinete, na tarde desta quinta-feira, 02 de abril, o recebimento de mais de R$ 2 milh\u00f5es para obras de repara\u00e7\u00e3o aos danos provocados pelas enchentes do in\u00edcio deste ano. Ele tamb\u00e9m falou sobre outras obras, da pandemia do novo coronav\u00edrus, limpeza da cidade e de volunt\u00e1rios para atuarem nas barreiras sanit\u00e1rias instaladas nas entradas do munic\u00edpio.<!--more--><\/p>\n<p style=\"text-align: justify;\">A verba de R$ 2.078.109,33, foi aprovada e liberada pelo Minist\u00e9rio do Desenvolvimento Regional por causa dos estragos provocados pela primeira enchente que assolou Cataguases, ocorrida nos dias 24 e 25 de janeiro \u00faltimo. O recurso, conforme revelou o prefeito foi destinado para realizar obras na entrada do Bairro Ibrahim, acesso para o distrito industrial, onde tem um tubul\u00e3o, ser\u00e1 feita uma obra com duelas. A segunda \u00e9 na Vila Minalda, em frente a borracharia, a terceira, em frente ao Star Soccer, e a obra de constru\u00e7\u00e3o de um muro na Granjaria.<\/p>\n<p style=\"text-align: justify;\"><img loading=\"lazy\" decoding=\"async\" class=\"aligncenter wp-image-13215\" src=\"https:\/\/marcelolopes.jor.br\/site\/wp-content\/uploads\/2020\/04\/IMG_2986.jpg\" alt=\"\" width=\"600\" height=\"338\" srcset=\"https:\/\/marcelolopes.jor.br\/site\/wp-content\/uploads\/2020\/04\/IMG_2986.jpg 800w, https:\/\/marcelolopes.jor.br\/site\/wp-content\/uploads\/2020\/04\/IMG_2986-300x169.jpg 300w, https:\/\/marcelolopes.jor.br\/site\/wp-content\/uploads\/2020\/04\/IMG_2986-768x432.jpg 768w\" sizes=\"auto, (max-width: 600px) 100vw, 600px\" \/>Outras obras, que segundo o prefeito j\u00e1 estavam previstas, v\u00e3o acontecer na Vila Minalda, nos dois trevos ali existentes, sendo um em frente a Igreja Metodista Welleyana e outro na entrada do Bairro Primavera. Ele tamb\u00e9m anunciou uma reforma na cal\u00e7ada central da Avenida Humberto Mauro, onde as pessoas utilizam para fazer caminhadas, que vai ganhar tamb\u00e9m uma academia de gin\u00e1stica ao ar livre e tamb\u00e9m revelou que sua equipe t\u00e9cnica est\u00e1 fazendo projetos para pleitear mais recursos do governo federal para sanar os estragos da enchente. Participaram da entrevista o Secret\u00e1rio de Obras, Walber Lacerda e o coordenador da Secretaria de Servi\u00e7os Urbanos, Jarbas Rabelo.<\/p>\n<p style=\"text-align: justify;\">Por \u00faltimo, Willian comentou sobre a pandemia do novo Coronav\u00edrus que classificou como sendo a &#8220;terceira guerra mundial.&#8221; Ele disse que neste sentido, firmou parceria com a BAUMINAS que vai desinfetar em car\u00e1ter experimental na noite desta sexta-feira, quatro pontos da cidade. Revelou que dos 67 casos suspeitos de coronav\u00edrus na cidade, s\u00f3 faltam ser divulgados os resultados de 16 sendo que os demais deram todos negativos e, por fim, disse que est\u00e1 aceitando volunt\u00e1rios para trabalharem nas barreiras sanit\u00e1rias do munic\u00edpio. Ele voltou a pedir a todos para ficarem em casa porque &#8220;\u00e9 este sacrif\u00edcio de todos que est\u00e1 fazendo com que ainda n\u00e3o tenhamos nenhum caso positivo da doen\u00e7a&#8221;, completou.<\/p>\n<p style=\"text-align: justify;\">Assista os principais trechos da entrevista no v\u00eddeo abaixo. Ou na fanpage no Facebook, <a href=\"https:\/\/www.facebook.com\/pg\/sitedomarcelolopes\/videos\/?ref=page_internal\"><strong><span style=\"color: #800080;\">clicando aqui<\/span><\/strong><\/a>.<\/p>\n<p><iframe loading=\"lazy\" width=\"880\" height=\"495\" src=\"https:\/\/www.youtube.com\/embed\/1cuKKGv7KyQ?feature=oembed\" frameborder=\"0\" allow=\"accelerometer; autoplay; encrypted-media; gyroscope; picture-in-picture\" allowfullscreen><\/iframe><\/p>\n<div class=\"jtsbd69f727c52503a\" ><br><\/div><style type=\"text\/css\">\r\n@media screen and (min-width: 1201px) {\r\n.jtsbd69f727c52503a {\r\ndisplay: block;\r\n}\r\n}\r\n@media screen and (min-width: 993px) and (max-width: 1200px) {\r\n.jtsbd69f727c52503a {\r\ndisplay: block;\r\n}\r\n}\r\n@media screen and (min-width: 769px) and (max-width: 992px) {\r\n.jtsbd69f727c52503a {\r\ndisplay: block;\r\n}\r\n}\r\n@media screen and (min-width: 768px) and (max-width: 768px) {\r\n.jtsbd69f727c52503a {\r\ndisplay: block;\r\n}\r\n}\r\n@media screen and (max-width: 767px) {\r\n.jtsbd69f727c52503a {\r\ndisplay: block;\r\n}\r\n}\r\n<\/style>\r\n<div class=\"cngmo69f727c529f4e\" ><div id=\"div_destino\"><\/div>\r\n<script src=\"https:\/\/cdn.snsrsv.com\/sdk.js\"><\/script>\r\n<script >\r\n      new sdk(\"464030C30061EA8BE065000000000001\") \r\n          .appendTo(\"div_destino\")\r\n          .disableStyle(true) \r\n          .setCacheBusterMacro(\"%%CACHEBUSTER%%\")\r\n          .setSize(\"800\",\"214\")\r\n          .setClickMacro(\"%%CLICK_URL_ESC%%\") \r\n          .setReferrerUrlMacro(\"%%REFERRER_URL_ESC%%\") \r\n          .start(); \r\n<\/script><\/div><style type=\"text\/css\">\r\n@media screen and (min-width: 1201px) {\r\n.cngmo69f727c529f4e {\r\ndisplay: block;\r\n}\r\n}\r\n@media screen and (min-width: 993px) and (max-width: 1200px) {\r\n.cngmo69f727c529f4e {\r\ndisplay: block;\r\n}\r\n}\r\n@media screen and (min-width: 769px) and (max-width: 992px) {\r\n.cngmo69f727c529f4e {\r\ndisplay: block;\r\n}\r\n}\r\n@media screen and (min-width: 768px) and (max-width: 768px) {\r\n.cngmo69f727c529f4e {\r\ndisplay: block;\r\n}\r\n}\r\n@media screen and (max-width: 767px) {\r\n.cngmo69f727c529f4e {\r\ndisplay: block;\r\n}\r\n}\r\n<\/style>\r\n","protected":false},"excerpt":{"rendered":"<p>Agora \u00e9 oficial. O prefeito de Cataguases, Willian Lobo de Almeida, anunciou durante entrevista coletiva realizada em seu gabinete, na tarde desta quinta-feira, 02 de abril, o recebimento de mais de R$ 2 milh\u00f5es para obras de repara\u00e7\u00e3o aos danos<\/p>\n<p class=\"link-more\"><a class=\"more-link\" href=\"https:\/\/marcelolopes.jor.br\/site\/2020\/04\/02\/prefeitura-recebe-mais-de-r-2-milhoes-para-recuperar-a-cidade-da-enchente\/\">Leia mais <span class=\"screen-reader-text\">Enchente: Prefeitura recebe mais de R$ 2 milh\u00f5es para reparar estragos<\/span><\/a><\/p>\n","protected":false},"author":2,"featured_media":13214,"comment_status":"open","ping_status":"open","sticky":false,"template":"","format":"standard","meta":{"footnotes":""},"categories":[1],"tags":[1763,2258,1110,2317],"class_list":["post-13212","post","type-post","status-publish","format-standard","has-post-thumbnail","hentry","category-noticias","tag-enchente","tag-novo-coronavirus","tag-obras","tag-verba-federal","thumb-below-title"],"yoast_head":"<!-- This site is optimized with the Yoast SEO plugin v27.4 - https:\/\/yoast.com\/product\/yoast-seo-wordpress\/ -->\n<title>Enchente: Prefeitura recebe mais de R$ 2 milh\u00f5es para reparar estragos | Marcelo Lopes<\/title>\n<meta name=\"robots\" content=\"index, follow, max-snippet:-1, max-image-preview:large, max-video-preview:-1\" \/>\n<link rel=\"canonical\" href=\"https:\/\/marcelolopes.jor.br\/site\/2020\/04\/02\/prefeitura-recebe-mais-de-r-2-milhoes-para-recuperar-a-cidade-da-enchente\/\" \/>\n<meta property=\"og:locale\" content=\"pt_BR\" \/>\n<meta property=\"og:type\" content=\"article\" \/>\n<meta property=\"og:title\" content=\"Enchente: Prefeitura recebe mais de R$ 2 milh\u00f5es para reparar estragos | Marcelo Lopes\" \/>\n<meta property=\"og:description\" content=\"Agora \u00e9 oficial. O prefeito de Cataguases, Willian Lobo de Almeida, anunciou durante entrevista coletiva realizada em seu gabinete, na tarde desta quinta-feira, 02 de abril, o recebimento de mais de R$ 2 milh\u00f5es para obras de repara\u00e7\u00e3o aos danosLeia mais Enchente: Prefeitura recebe mais de R$ 2 milh\u00f5es para reparar estragos\" \/>\n<meta property=\"og:url\" content=\"https:\/\/marcelolopes.jor.br\/site\/2020\/04\/02\/prefeitura-recebe-mais-de-r-2-milhoes-para-recuperar-a-cidade-da-enchente\/\" \/>\n<meta property=\"og:site_name\" content=\"Marcelo Lopes\" \/>\n<meta property=\"article:publisher\" content=\"https:\/\/www.facebook.com\/sitedomarcelolopes\" \/>\n<meta property=\"article:published_time\" content=\"2020-04-02T23:00:41+00:00\" \/>\n<meta property=\"og:image\" content=\"https:\/\/marcelolopes.jor.br\/site\/wp-content\/uploads\/2020\/04\/IMG_2980.jpg\" \/>\n\t<meta property=\"og:image:width\" content=\"800\" \/>\n\t<meta property=\"og:image:height\" content=\"450\" \/>\n\t<meta property=\"og:image:type\" content=\"image\/jpeg\" \/>\n<meta name=\"author\" content=\"Marcelo Lopes\" \/>\n<meta name=\"twitter:card\" content=\"summary_large_image\" \/>\n<meta name=\"twitter:label1\" content=\"Escrito por\" \/>\n\t<meta name=\"twitter:data1\" content=\"Marcelo Lopes\" \/>\n\t<meta name=\"twitter:label2\" content=\"Est. tempo de leitura\" \/>\n\t<meta name=\"twitter:data2\" content=\"2 minutos\" \/>\n<script type=\"application\/ld+json\" class=\"yoast-schema-graph\">{\"@context\":\"https:\\\/\\\/schema.org\",\"@graph\":[{\"@type\":\"NewsArticle\",\"@id\":\"https:\\\/\\\/marcelolopes.jor.br\\\/site\\\/2020\\\/04\\\/02\\\/prefeitura-recebe-mais-de-r-2-milhoes-para-recuperar-a-cidade-da-enchente\\\/#article\",\"isPartOf\":{\"@id\":\"https:\\\/\\\/marcelolopes.jor.br\\\/site\\\/2020\\\/04\\\/02\\\/prefeitura-recebe-mais-de-r-2-milhoes-para-recuperar-a-cidade-da-enchente\\\/\"},\"author\":{\"name\":\"Marcelo Lopes\",\"@id\":\"https:\\\/\\\/marcelolopes.jor.br\\\/site\\\/#\\\/schema\\\/person\\\/3e7216a35c34d8fdf952b31da3d1f89f\"},\"headline\":\"Enchente: Prefeitura recebe mais de R$ 2 milh\u00f5es para reparar estragos\",\"datePublished\":\"2020-04-02T23:00:41+00:00\",\"mainEntityOfPage\":{\"@id\":\"https:\\\/\\\/marcelolopes.jor.br\\\/site\\\/2020\\\/04\\\/02\\\/prefeitura-recebe-mais-de-r-2-milhoes-para-recuperar-a-cidade-da-enchente\\\/\"},\"wordCount\":436,\"commentCount\":0,\"publisher\":{\"@id\":\"https:\\\/\\\/marcelolopes.jor.br\\\/site\\\/#organization\"},\"image\":{\"@id\":\"https:\\\/\\\/marcelolopes.jor.br\\\/site\\\/2020\\\/04\\\/02\\\/prefeitura-recebe-mais-de-r-2-milhoes-para-recuperar-a-cidade-da-enchente\\\/#primaryimage\"},\"thumbnailUrl\":\"https:\\\/\\\/marcelolopes.jor.br\\\/site\\\/wp-content\\\/uploads\\\/2020\\\/04\\\/IMG_2980.jpg\",\"keywords\":[\"enchente\",\"novo coronav\u00edrus\",\"obras\",\"verba federal\"],\"articleSection\":[\"Not\u00edcias\"],\"inLanguage\":\"pt-BR\",\"potentialAction\":[{\"@type\":\"CommentAction\",\"name\":\"Comment\",\"target\":[\"https:\\\/\\\/marcelolopes.jor.br\\\/site\\\/2020\\\/04\\\/02\\\/prefeitura-recebe-mais-de-r-2-milhoes-para-recuperar-a-cidade-da-enchente\\\/#respond\"]}]},{\"@type\":\"WebPage\",\"@id\":\"https:\\\/\\\/marcelolopes.jor.br\\\/site\\\/2020\\\/04\\\/02\\\/prefeitura-recebe-mais-de-r-2-milhoes-para-recuperar-a-cidade-da-enchente\\\/\",\"url\":\"https:\\\/\\\/marcelolopes.jor.br\\\/site\\\/2020\\\/04\\\/02\\\/prefeitura-recebe-mais-de-r-2-milhoes-para-recuperar-a-cidade-da-enchente\\\/\",\"name\":\"Enchente: Prefeitura recebe mais de R$ 2 milh\u00f5es para reparar estragos | Marcelo Lopes\",\"isPartOf\":{\"@id\":\"https:\\\/\\\/marcelolopes.jor.br\\\/site\\\/#website\"},\"primaryImageOfPage\":{\"@id\":\"https:\\\/\\\/marcelolopes.jor.br\\\/site\\\/2020\\\/04\\\/02\\\/prefeitura-recebe-mais-de-r-2-milhoes-para-recuperar-a-cidade-da-enchente\\\/#primaryimage\"},\"image\":{\"@id\":\"https:\\\/\\\/marcelolopes.jor.br\\\/site\\\/2020\\\/04\\\/02\\\/prefeitura-recebe-mais-de-r-2-milhoes-para-recuperar-a-cidade-da-enchente\\\/#primaryimage\"},\"thumbnailUrl\":\"https:\\\/\\\/marcelolopes.jor.br\\\/site\\\/wp-content\\\/uploads\\\/2020\\\/04\\\/IMG_2980.jpg\",\"datePublished\":\"2020-04-02T23:00:41+00:00\",\"breadcrumb\":{\"@id\":\"https:\\\/\\\/marcelolopes.jor.br\\\/site\\\/2020\\\/04\\\/02\\\/prefeitura-recebe-mais-de-r-2-milhoes-para-recuperar-a-cidade-da-enchente\\\/#breadcrumb\"},\"inLanguage\":\"pt-BR\",\"potentialAction\":[{\"@type\":\"ReadAction\",\"target\":[\"https:\\\/\\\/marcelolopes.jor.br\\\/site\\\/2020\\\/04\\\/02\\\/prefeitura-recebe-mais-de-r-2-milhoes-para-recuperar-a-cidade-da-enchente\\\/\"]}]},{\"@type\":\"ImageObject\",\"inLanguage\":\"pt-BR\",\"@id\":\"https:\\\/\\\/marcelolopes.jor.br\\\/site\\\/2020\\\/04\\\/02\\\/prefeitura-recebe-mais-de-r-2-milhoes-para-recuperar-a-cidade-da-enchente\\\/#primaryimage\",\"url\":\"https:\\\/\\\/marcelolopes.jor.br\\\/site\\\/wp-content\\\/uploads\\\/2020\\\/04\\\/IMG_2980.jpg\",\"contentUrl\":\"https:\\\/\\\/marcelolopes.jor.br\\\/site\\\/wp-content\\\/uploads\\\/2020\\\/04\\\/IMG_2980.jpg\",\"width\":800,\"height\":450},{\"@type\":\"BreadcrumbList\",\"@id\":\"https:\\\/\\\/marcelolopes.jor.br\\\/site\\\/2020\\\/04\\\/02\\\/prefeitura-recebe-mais-de-r-2-milhoes-para-recuperar-a-cidade-da-enchente\\\/#breadcrumb\",\"itemListElement\":[{\"@type\":\"ListItem\",\"position\":1,\"name\":\"Home\",\"item\":\"https:\\\/\\\/marcelolopes.jor.br\\\/site\\\/\"},{\"@type\":\"ListItem\",\"position\":2,\"name\":\"Enchente: Prefeitura recebe mais de R$ 2 milh\u00f5es para reparar estragos\"}]},{\"@type\":\"WebSite\",\"@id\":\"https:\\\/\\\/marcelolopes.jor.br\\\/site\\\/#website\",\"url\":\"https:\\\/\\\/marcelolopes.jor.br\\\/site\\\/\",\"name\":\"Marcelo Lopes\",\"description\":\"Not\u00edcias de Cataguases e Regi\u00e3o\",\"publisher\":{\"@id\":\"https:\\\/\\\/marcelolopes.jor.br\\\/site\\\/#organization\"},\"potentialAction\":[{\"@type\":\"SearchAction\",\"target\":{\"@type\":\"EntryPoint\",\"urlTemplate\":\"https:\\\/\\\/marcelolopes.jor.br\\\/site\\\/?s={search_term_string}\"},\"query-input\":{\"@type\":\"PropertyValueSpecification\",\"valueRequired\":true,\"valueName\":\"search_term_string\"}}],\"inLanguage\":\"pt-BR\"},{\"@type\":\"Organization\",\"@id\":\"https:\\\/\\\/marcelolopes.jor.br\\\/site\\\/#organization\",\"name\":\"Site do Marcelo Lopes\",\"url\":\"https:\\\/\\\/marcelolopes.jor.br\\\/site\\\/\",\"logo\":{\"@type\":\"ImageObject\",\"inLanguage\":\"pt-BR\",\"@id\":\"https:\\\/\\\/marcelolopes.jor.br\\\/site\\\/#\\\/schema\\\/logo\\\/image\\\/\",\"url\":\"https:\\\/\\\/marcelolopes.jor.br\\\/site\\\/wp-content\\\/uploads\\\/2024\\\/11\\\/logo-1.png\",\"contentUrl\":\"https:\\\/\\\/marcelolopes.jor.br\\\/site\\\/wp-content\\\/uploads\\\/2024\\\/11\\\/logo-1.png\",\"width\":475,\"height\":80,\"caption\":\"Site do Marcelo Lopes\"},\"image\":{\"@id\":\"https:\\\/\\\/marcelolopes.jor.br\\\/site\\\/#\\\/schema\\\/logo\\\/image\\\/\"},\"sameAs\":[\"https:\\\/\\\/www.facebook.com\\\/sitedomarcelolopes\",\"https:\\\/\\\/www.instagram.com\\\/sitedomarcelolopes\\\/\",\"https:\\\/\\\/www.linkedin.com\\\/company\\\/site-do-marcelo-lopes\\\/\",\"https:\\\/\\\/www.youtube.com\\\/user\\\/marcelolopes957\"]},{\"@type\":\"Person\",\"@id\":\"https:\\\/\\\/marcelolopes.jor.br\\\/site\\\/#\\\/schema\\\/person\\\/3e7216a35c34d8fdf952b31da3d1f89f\",\"name\":\"Marcelo Lopes\",\"sameAs\":[\"http:\\\/\\\/www.marcelolopes.jor.br\"],\"url\":\"https:\\\/\\\/marcelolopes.jor.br\\\/site\\\/author\\\/marcelo\\\/\"}]}<\/script>\n<!-- \/ Yoast SEO plugin. -->","yoast_head_json":{"title":"Enchente: Prefeitura recebe mais de R$ 2 milh\u00f5es para reparar estragos | Marcelo Lopes","robots":{"index":"index","follow":"follow","max-snippet":"max-snippet:-1","max-image-preview":"max-image-preview:large","max-video-preview":"max-video-preview:-1"},"canonical":"https:\/\/marcelolopes.jor.br\/site\/2020\/04\/02\/prefeitura-recebe-mais-de-r-2-milhoes-para-recuperar-a-cidade-da-enchente\/","og_locale":"pt_BR","og_type":"article","og_title":"Enchente: Prefeitura recebe mais de R$ 2 milh\u00f5es para reparar estragos | Marcelo Lopes","og_description":"Agora \u00e9 oficial. O prefeito de Cataguases, Willian Lobo de Almeida, anunciou durante entrevista coletiva realizada em seu gabinete, na tarde desta quinta-feira, 02 de abril, o recebimento de mais de R$ 2 milh\u00f5es para obras de repara\u00e7\u00e3o aos danosLeia mais Enchente: Prefeitura recebe mais de R$ 2 milh\u00f5es para reparar estragos","og_url":"https:\/\/marcelolopes.jor.br\/site\/2020\/04\/02\/prefeitura-recebe-mais-de-r-2-milhoes-para-recuperar-a-cidade-da-enchente\/","og_site_name":"Marcelo Lopes","article_publisher":"https:\/\/www.facebook.com\/sitedomarcelolopes","article_published_time":"2020-04-02T23:00:41+00:00","og_image":[{"width":800,"height":450,"url":"https:\/\/marcelolopes.jor.br\/site\/wp-content\/uploads\/2020\/04\/IMG_2980.jpg","type":"image\/jpeg"}],"author":"Marcelo Lopes","twitter_card":"summary_large_image","twitter_misc":{"Escrito por":"Marcelo Lopes","Est. tempo de leitura":"2 minutos"},"schema":{"@context":"https:\/\/schema.org","@graph":[{"@type":"NewsArticle","@id":"https:\/\/marcelolopes.jor.br\/site\/2020\/04\/02\/prefeitura-recebe-mais-de-r-2-milhoes-para-recuperar-a-cidade-da-enchente\/#article","isPartOf":{"@id":"https:\/\/marcelolopes.jor.br\/site\/2020\/04\/02\/prefeitura-recebe-mais-de-r-2-milhoes-para-recuperar-a-cidade-da-enchente\/"},"author":{"name":"Marcelo Lopes","@id":"https:\/\/marcelolopes.jor.br\/site\/#\/schema\/person\/3e7216a35c34d8fdf952b31da3d1f89f"},"headline":"Enchente: Prefeitura recebe mais de R$ 2 milh\u00f5es para reparar estragos","datePublished":"2020-04-02T23:00:41+00:00","mainEntityOfPage":{"@id":"https:\/\/marcelolopes.jor.br\/site\/2020\/04\/02\/prefeitura-recebe-mais-de-r-2-milhoes-para-recuperar-a-cidade-da-enchente\/"},"wordCount":436,"commentCount":0,"publisher":{"@id":"https:\/\/marcelolopes.jor.br\/site\/#organization"},"image":{"@id":"https:\/\/marcelolopes.jor.br\/site\/2020\/04\/02\/prefeitura-recebe-mais-de-r-2-milhoes-para-recuperar-a-cidade-da-enchente\/#primaryimage"},"thumbnailUrl":"https:\/\/marcelolopes.jor.br\/site\/wp-content\/uploads\/2020\/04\/IMG_2980.jpg","keywords":["enchente","novo coronav\u00edrus","obras","verba federal"],"articleSection":["Not\u00edcias"],"inLanguage":"pt-BR","potentialAction":[{"@type":"CommentAction","name":"Comment","target":["https:\/\/marcelolopes.jor.br\/site\/2020\/04\/02\/prefeitura-recebe-mais-de-r-2-milhoes-para-recuperar-a-cidade-da-enchente\/#respond"]}]},{"@type":"WebPage","@id":"https:\/\/marcelolopes.jor.br\/site\/2020\/04\/02\/prefeitura-recebe-mais-de-r-2-milhoes-para-recuperar-a-cidade-da-enchente\/","url":"https:\/\/marcelolopes.jor.br\/site\/2020\/04\/02\/prefeitura-recebe-mais-de-r-2-milhoes-para-recuperar-a-cidade-da-enchente\/","name":"Enchente: Prefeitura recebe mais de R$ 2 milh\u00f5es para reparar estragos | Marcelo Lopes","isPartOf":{"@id":"https:\/\/marcelolopes.jor.br\/site\/#website"},"primaryImageOfPage":{"@id":"https:\/\/marcelolopes.jor.br\/site\/2020\/04\/02\/prefeitura-recebe-mais-de-r-2-milhoes-para-recuperar-a-cidade-da-enchente\/#primaryimage"},"image":{"@id":"https:\/\/marcelolopes.jor.br\/site\/2020\/04\/02\/prefeitura-recebe-mais-de-r-2-milhoes-para-recuperar-a-cidade-da-enchente\/#primaryimage"},"thumbnailUrl":"https:\/\/marcelolopes.jor.br\/site\/wp-content\/uploads\/2020\/04\/IMG_2980.jpg","datePublished":"2020-04-02T23:00:41+00:00","breadcrumb":{"@id":"https:\/\/marcelolopes.jor.br\/site\/2020\/04\/02\/prefeitura-recebe-mais-de-r-2-milhoes-para-recuperar-a-cidade-da-enchente\/#breadcrumb"},"inLanguage":"pt-BR","potentialAction":[{"@type":"ReadAction","target":["https:\/\/marcelolopes.jor.br\/site\/2020\/04\/02\/prefeitura-recebe-mais-de-r-2-milhoes-para-recuperar-a-cidade-da-enchente\/"]}]},{"@type":"ImageObject","inLanguage":"pt-BR","@id":"https:\/\/marcelolopes.jor.br\/site\/2020\/04\/02\/prefeitura-recebe-mais-de-r-2-milhoes-para-recuperar-a-cidade-da-enchente\/#primaryimage","url":"https:\/\/marcelolopes.jor.br\/site\/wp-content\/uploads\/2020\/04\/IMG_2980.jpg","contentUrl":"https:\/\/marcelolopes.jor.br\/site\/wp-content\/uploads\/2020\/04\/IMG_2980.jpg","width":800,"height":450},{"@type":"BreadcrumbList","@id":"https:\/\/marcelolopes.jor.br\/site\/2020\/04\/02\/prefeitura-recebe-mais-de-r-2-milhoes-para-recuperar-a-cidade-da-enchente\/#breadcrumb","itemListElement":[{"@type":"ListItem","position":1,"name":"Home","item":"https:\/\/marcelolopes.jor.br\/site\/"},{"@type":"ListItem","position":2,"name":"Enchente: Prefeitura recebe mais de R$ 2 milh\u00f5es para reparar estragos"}]},{"@type":"WebSite","@id":"https:\/\/marcelolopes.jor.br\/site\/#website","url":"https:\/\/marcelolopes.jor.br\/site\/","name":"Marcelo Lopes","description":"Not\u00edcias de Cataguases e Regi\u00e3o","publisher":{"@id":"https:\/\/marcelolopes.jor.br\/site\/#organization"},"potentialAction":[{"@type":"SearchAction","target":{"@type":"EntryPoint","urlTemplate":"https:\/\/marcelolopes.jor.br\/site\/?s={search_term_string}"},"query-input":{"@type":"PropertyValueSpecification","valueRequired":true,"valueName":"search_term_string"}}],"inLanguage":"pt-BR"},{"@type":"Organization","@id":"https:\/\/marcelolopes.jor.br\/site\/#organization","name":"Site do Marcelo Lopes","url":"https:\/\/marcelolopes.jor.br\/site\/","logo":{"@type":"ImageObject","inLanguage":"pt-BR","@id":"https:\/\/marcelolopes.jor.br\/site\/#\/schema\/logo\/image\/","url":"https:\/\/marcelolopes.jor.br\/site\/wp-content\/uploads\/2024\/11\/logo-1.png","contentUrl":"https:\/\/marcelolopes.jor.br\/site\/wp-content\/uploads\/2024\/11\/logo-1.png","width":475,"height":80,"caption":"Site do Marcelo Lopes"},"image":{"@id":"https:\/\/marcelolopes.jor.br\/site\/#\/schema\/logo\/image\/"},"sameAs":["https:\/\/www.facebook.com\/sitedomarcelolopes","https:\/\/www.instagram.com\/sitedomarcelolopes\/","https:\/\/www.linkedin.com\/company\/site-do-marcelo-lopes\/","https:\/\/www.youtube.com\/user\/marcelolopes957"]},{"@type":"Person","@id":"https:\/\/marcelolopes.jor.br\/site\/#\/schema\/person\/3e7216a35c34d8fdf952b31da3d1f89f","name":"Marcelo Lopes","sameAs":["http:\/\/www.marcelolopes.jor.br"],"url":"https:\/\/marcelolopes.jor.br\/site\/author\/marcelo\/"}]}},"wps_subtitle":"Prefeito revelou onde o dinheiro ser\u00e1 investido e tamb\u00e9m deu outras informa\u00e7\u00f5es.","_links":{"self":[{"href":"https:\/\/marcelolopes.jor.br\/site\/wp-json\/wp\/v2\/posts\/13212","targetHints":{"allow":["GET"]}}],"collection":[{"href":"https:\/\/marcelolopes.jor.br\/site\/wp-json\/wp\/v2\/posts"}],"about":[{"href":"https:\/\/marcelolopes.jor.br\/site\/wp-json\/wp\/v2\/types\/post"}],"author":[{"embeddable":true,"href":"https:\/\/marcelolopes.jor.br\/site\/wp-json\/wp\/v2\/users\/2"}],"replies":[{"embeddable":true,"href":"https:\/\/marcelolopes.jor.br\/site\/wp-json\/wp\/v2\/comments?post=13212"}],"version-history":[{"count":0,"href":"https:\/\/marcelolopes.jor.br\/site\/wp-json\/wp\/v2\/posts\/13212\/revisions"}],"wp:featuredmedia":[{"embeddable":true,"href":"https:\/\/marcelolopes.jor.br\/site\/wp-json\/wp\/v2\/media\/13214"}],"wp:attachment":[{"href":"https:\/\/marcelolopes.jor.br\/site\/wp-json\/wp\/v2\/media?parent=13212"}],"wp:term":[{"taxonomy":"category","embeddable":true,"href":"https:\/\/marcelolopes.jor.br\/site\/wp-json\/wp\/v2\/categories?post=13212"},{"taxonomy":"post_tag","embeddable":true,"href":"https:\/\/marcelolopes.jor.br\/site\/wp-json\/wp\/v2\/tags?post=13212"}],"curies":[{"name":"wp","href":"https:\/\/api.w.org\/{rel}","templated":true}]}}