{"id":13128,"date":"2020-03-30T12:00:54","date_gmt":"2020-03-30T15:00:54","guid":{"rendered":"https:\/\/marcelolopes.jor.br\/?p=13128"},"modified":"2020-03-30T10:55:54","modified_gmt":"2020-03-30T13:55:54","slug":"recomeca-a-vacinacao-contra-a-influenza-em-cataguases","status":"publish","type":"post","link":"https:\/\/marcelolopes.jor.br\/site\/2020\/03\/30\/recomeca-a-vacinacao-contra-a-influenza-em-cataguases\/","title":{"rendered":"Recome\u00e7a a vacina\u00e7\u00e3o contra a Influenza em Cataguases"},"content":{"rendered":"<p style=\"text-align: justify;\">Recome\u00e7ou na manh\u00e3 desta segunda-feira, 30 de mar\u00e7o, a campanha de vacina\u00e7\u00e3o contra a gripe Influenza em Cataguases. O trabalho foi interrompido em meados da \u00faltima semana devido \u00e0 falta de vacinas visto que um grande n\u00famero de pessoas procurou os postos de sa\u00fade para serem imunizadas. Por causa do coronav\u00edrus, idosos est\u00e3o sendo vacinados primeiro obedecendo um cronograma definido pelo Minist\u00e9rio da Sa\u00fade.<!--more--><\/p>\n<p style=\"text-align: justify;\">Conforme informou Maria Ang\u00e9lica Lacerda Barbosa, Enfermeira e Coordenadora da Imuniza\u00e7\u00e3o da Secretaria Municipal de Sa\u00fade, Cataguases recebeu no final da tarde da \u00faltima sexta-feira, 27, 2.900 doses, sendo que j\u00e1 foram aplicadas 6.150 doses nos idosos e em profissionais de sa\u00fade, p\u00fablico-alvo desta primeira fase da campanha. A rotina de atendimento, garante, continua sendo a mesma: atendendo aos idosos em casa e aqueles que preferem ir at\u00e9 aos postos (desaconselh\u00e1vel neste momento), onde a aplica\u00e7\u00e3o acontece em locais arejados e sem aglomera\u00e7\u00e3o.<\/p>\n<p style=\"text-align: justify;\">Por que o governo n\u00e3o oferece a vacina para todos os grupos de uma vez? Porque seriam muitas pessoas indo aos postos de sa\u00fade ao mesmo tempo, o que pode provocar confus\u00e3o e desabastecimento.<\/p>\n<h6 style=\"text-align: justify;\">Veja o calend\u00e1rio de vacina\u00e7\u00e3o contra a Influenza.<\/h6>\n<p style=\"text-align: justify;\"><strong>23 de mar\u00e7o:<\/strong> in\u00edcio da Campanha Nacional de Vacina\u00e7\u00e3o Contra a Gripe. Pessoas com mais de 60 anos e trabalhadores da \u00e1rea da sa\u00fade podem tomar a dose. Aten\u00e7\u00e3o: o estado do Rio de Janeiro anunciou mudan\u00e7as no calend\u00e1rio para esse grupo.<\/p>\n<p style=\"text-align: justify;\"><strong>A partir do dia 16 de abril:<\/strong> o p\u00fablico-alvo \u00e9 ampliado para professores, profissionais das for\u00e7as de seguran\u00e7a e salvamento e pacientes com doen\u00e7as cr\u00f4nicas (hipertens\u00e3o, diabetes, asma\u2026).<\/p>\n<p style=\"text-align: justify;\"><strong>A partir do dia 9 de maio:<\/strong> crian\u00e7as de 6 meses a menores de 6 anos incompletos, pessoas entre 55 e 60 anos incompletos, gestantes, pu\u00e9rperas, ind\u00edgenas e pessoas privadas de liberdade come\u00e7am a receber a vacina. A campanha termina dia 22 de maio.<\/p>\n<p>Com informa\u00e7\u00f5es da revista Sa\u00fade | Foto: \u00a0Assessoria de Comunica\u00e7\u00e3o da Prefeitura de Cataguases.<\/p>\n<div class=\"ylnhc69f77a94c6ab6\" ><br><\/div><style type=\"text\/css\">\r\n@media screen and (min-width: 1201px) {\r\n.ylnhc69f77a94c6ab6 {\r\ndisplay: block;\r\n}\r\n}\r\n@media screen and (min-width: 993px) and (max-width: 1200px) {\r\n.ylnhc69f77a94c6ab6 {\r\ndisplay: block;\r\n}\r\n}\r\n@media screen and (min-width: 769px) and (max-width: 992px) {\r\n.ylnhc69f77a94c6ab6 {\r\ndisplay: block;\r\n}\r\n}\r\n@media screen and (min-width: 768px) and (max-width: 768px) {\r\n.ylnhc69f77a94c6ab6 {\r\ndisplay: block;\r\n}\r\n}\r\n@media screen and (max-width: 767px) {\r\n.ylnhc69f77a94c6ab6 {\r\ndisplay: block;\r\n}\r\n}\r\n<\/style>\r\n<div class=\"ftsku69f77a94cc48f\" ><div id=\"div_destino\"><\/div>\r\n<script src=\"https:\/\/cdn.snsrsv.com\/sdk.js\"><\/script>\r\n<script >\r\n      new sdk(\"464030C30061EA8BE065000000000001\") \r\n          .appendTo(\"div_destino\")\r\n          .disableStyle(true) \r\n          .setCacheBusterMacro(\"%%CACHEBUSTER%%\")\r\n          .setSize(\"800\",\"214\")\r\n          .setClickMacro(\"%%CLICK_URL_ESC%%\") \r\n          .setReferrerUrlMacro(\"%%REFERRER_URL_ESC%%\") \r\n          .start(); \r\n<\/script><\/div><style type=\"text\/css\">\r\n@media screen and (min-width: 1201px) {\r\n.ftsku69f77a94cc48f {\r\ndisplay: block;\r\n}\r\n}\r\n@media screen and (min-width: 993px) and (max-width: 1200px) {\r\n.ftsku69f77a94cc48f {\r\ndisplay: block;\r\n}\r\n}\r\n@media screen and (min-width: 769px) and (max-width: 992px) {\r\n.ftsku69f77a94cc48f {\r\ndisplay: block;\r\n}\r\n}\r\n@media screen and (min-width: 768px) and (max-width: 768px) {\r\n.ftsku69f77a94cc48f {\r\ndisplay: block;\r\n}\r\n}\r\n@media screen and (max-width: 767px) {\r\n.ftsku69f77a94cc48f {\r\ndisplay: block;\r\n}\r\n}\r\n<\/style>\r\n","protected":false},"excerpt":{"rendered":"<p>Recome\u00e7ou na manh\u00e3 desta segunda-feira, 30 de mar\u00e7o, a campanha de vacina\u00e7\u00e3o contra a gripe Influenza em Cataguases. O trabalho foi interrompido em meados da \u00faltima semana devido \u00e0 falta de vacinas visto que um grande n\u00famero de pessoas procurou<\/p>\n<p class=\"link-more\"><a class=\"more-link\" href=\"https:\/\/marcelolopes.jor.br\/site\/2020\/03\/30\/recomeca-a-vacinacao-contra-a-influenza-em-cataguases\/\">Leia mais <span class=\"screen-reader-text\">Recome\u00e7a a vacina\u00e7\u00e3o contra a Influenza em Cataguases<\/span><\/a><\/p>\n","protected":false},"author":2,"featured_media":13130,"comment_status":"open","ping_status":"open","sticky":false,"template":"","format":"standard","meta":{"footnotes":""},"categories":[1],"tags":[1332,492,2097,389],"class_list":["post-13128","post","type-post","status-publish","format-standard","has-post-thumbnail","hentry","category-noticias","tag-campanha-de-vacinacao","tag-influenza","tag-publico-alvo","tag-vacina","thumb-below-title"],"yoast_head":"<!-- This site is optimized with the Yoast SEO plugin v27.4 - https:\/\/yoast.com\/product\/yoast-seo-wordpress\/ -->\n<title>Recome\u00e7a a vacina\u00e7\u00e3o contra a Influenza em Cataguases | Marcelo Lopes<\/title>\n<meta name=\"robots\" content=\"index, follow, max-snippet:-1, max-image-preview:large, max-video-preview:-1\" \/>\n<link rel=\"canonical\" href=\"https:\/\/marcelolopes.jor.br\/site\/2020\/03\/30\/recomeca-a-vacinacao-contra-a-influenza-em-cataguases\/\" \/>\n<meta property=\"og:locale\" content=\"pt_BR\" \/>\n<meta property=\"og:type\" content=\"article\" \/>\n<meta property=\"og:title\" content=\"Recome\u00e7a a vacina\u00e7\u00e3o contra a Influenza em Cataguases | Marcelo Lopes\" \/>\n<meta property=\"og:description\" content=\"Recome\u00e7ou na manh\u00e3 desta segunda-feira, 30 de mar\u00e7o, a campanha de vacina\u00e7\u00e3o contra a gripe Influenza em Cataguases. O trabalho foi interrompido em meados da \u00faltima semana devido \u00e0 falta de vacinas visto que um grande n\u00famero de pessoas procurouLeia mais Recome\u00e7a a vacina\u00e7\u00e3o contra a Influenza em Cataguases\" \/>\n<meta property=\"og:url\" content=\"https:\/\/marcelolopes.jor.br\/site\/2020\/03\/30\/recomeca-a-vacinacao-contra-a-influenza-em-cataguases\/\" \/>\n<meta property=\"og:site_name\" content=\"Marcelo Lopes\" \/>\n<meta property=\"article:publisher\" content=\"https:\/\/www.facebook.com\/sitedomarcelolopes\" \/>\n<meta property=\"article:published_time\" content=\"2020-03-30T15:00:54+00:00\" \/>\n<meta property=\"og:image\" content=\"https:\/\/marcelolopes.jor.br\/site\/wp-content\/uploads\/2020\/03\/90963910_1413323932206331_5470142288887808000_n.jpg\" \/>\n\t<meta property=\"og:image:width\" content=\"750\" \/>\n\t<meta property=\"og:image:height\" content=\"563\" \/>\n\t<meta property=\"og:image:type\" content=\"image\/jpeg\" \/>\n<meta name=\"author\" content=\"Marcelo Lopes\" \/>\n<meta name=\"twitter:card\" content=\"summary_large_image\" \/>\n<meta name=\"twitter:label1\" content=\"Escrito por\" \/>\n\t<meta name=\"twitter:data1\" content=\"Marcelo Lopes\" \/>\n\t<meta name=\"twitter:label2\" content=\"Est. tempo de leitura\" \/>\n\t<meta name=\"twitter:data2\" content=\"2 minutos\" \/>\n<script type=\"application\/ld+json\" class=\"yoast-schema-graph\">{\"@context\":\"https:\\\/\\\/schema.org\",\"@graph\":[{\"@type\":\"NewsArticle\",\"@id\":\"https:\\\/\\\/marcelolopes.jor.br\\\/site\\\/2020\\\/03\\\/30\\\/recomeca-a-vacinacao-contra-a-influenza-em-cataguases\\\/#article\",\"isPartOf\":{\"@id\":\"https:\\\/\\\/marcelolopes.jor.br\\\/site\\\/2020\\\/03\\\/30\\\/recomeca-a-vacinacao-contra-a-influenza-em-cataguases\\\/\"},\"author\":{\"name\":\"Marcelo Lopes\",\"@id\":\"https:\\\/\\\/marcelolopes.jor.br\\\/site\\\/#\\\/schema\\\/person\\\/3e7216a35c34d8fdf952b31da3d1f89f\"},\"headline\":\"Recome\u00e7a a vacina\u00e7\u00e3o contra a Influenza em Cataguases\",\"datePublished\":\"2020-03-30T15:00:54+00:00\",\"mainEntityOfPage\":{\"@id\":\"https:\\\/\\\/marcelolopes.jor.br\\\/site\\\/2020\\\/03\\\/30\\\/recomeca-a-vacinacao-contra-a-influenza-em-cataguases\\\/\"},\"wordCount\":353,\"commentCount\":0,\"publisher\":{\"@id\":\"https:\\\/\\\/marcelolopes.jor.br\\\/site\\\/#organization\"},\"image\":{\"@id\":\"https:\\\/\\\/marcelolopes.jor.br\\\/site\\\/2020\\\/03\\\/30\\\/recomeca-a-vacinacao-contra-a-influenza-em-cataguases\\\/#primaryimage\"},\"thumbnailUrl\":\"https:\\\/\\\/marcelolopes.jor.br\\\/site\\\/wp-content\\\/uploads\\\/2020\\\/03\\\/90963910_1413323932206331_5470142288887808000_n.jpg\",\"keywords\":[\"campanha de vacina\u00e7\u00e3o\",\"Influenza\",\"p\u00fablico alvo\",\"vacina\"],\"articleSection\":[\"Not\u00edcias\"],\"inLanguage\":\"pt-BR\",\"potentialAction\":[{\"@type\":\"CommentAction\",\"name\":\"Comment\",\"target\":[\"https:\\\/\\\/marcelolopes.jor.br\\\/site\\\/2020\\\/03\\\/30\\\/recomeca-a-vacinacao-contra-a-influenza-em-cataguases\\\/#respond\"]}]},{\"@type\":\"WebPage\",\"@id\":\"https:\\\/\\\/marcelolopes.jor.br\\\/site\\\/2020\\\/03\\\/30\\\/recomeca-a-vacinacao-contra-a-influenza-em-cataguases\\\/\",\"url\":\"https:\\\/\\\/marcelolopes.jor.br\\\/site\\\/2020\\\/03\\\/30\\\/recomeca-a-vacinacao-contra-a-influenza-em-cataguases\\\/\",\"name\":\"Recome\u00e7a a vacina\u00e7\u00e3o contra a Influenza em Cataguases | Marcelo Lopes\",\"isPartOf\":{\"@id\":\"https:\\\/\\\/marcelolopes.jor.br\\\/site\\\/#website\"},\"primaryImageOfPage\":{\"@id\":\"https:\\\/\\\/marcelolopes.jor.br\\\/site\\\/2020\\\/03\\\/30\\\/recomeca-a-vacinacao-contra-a-influenza-em-cataguases\\\/#primaryimage\"},\"image\":{\"@id\":\"https:\\\/\\\/marcelolopes.jor.br\\\/site\\\/2020\\\/03\\\/30\\\/recomeca-a-vacinacao-contra-a-influenza-em-cataguases\\\/#primaryimage\"},\"thumbnailUrl\":\"https:\\\/\\\/marcelolopes.jor.br\\\/site\\\/wp-content\\\/uploads\\\/2020\\\/03\\\/90963910_1413323932206331_5470142288887808000_n.jpg\",\"datePublished\":\"2020-03-30T15:00:54+00:00\",\"breadcrumb\":{\"@id\":\"https:\\\/\\\/marcelolopes.jor.br\\\/site\\\/2020\\\/03\\\/30\\\/recomeca-a-vacinacao-contra-a-influenza-em-cataguases\\\/#breadcrumb\"},\"inLanguage\":\"pt-BR\",\"potentialAction\":[{\"@type\":\"ReadAction\",\"target\":[\"https:\\\/\\\/marcelolopes.jor.br\\\/site\\\/2020\\\/03\\\/30\\\/recomeca-a-vacinacao-contra-a-influenza-em-cataguases\\\/\"]}]},{\"@type\":\"ImageObject\",\"inLanguage\":\"pt-BR\",\"@id\":\"https:\\\/\\\/marcelolopes.jor.br\\\/site\\\/2020\\\/03\\\/30\\\/recomeca-a-vacinacao-contra-a-influenza-em-cataguases\\\/#primaryimage\",\"url\":\"https:\\\/\\\/marcelolopes.jor.br\\\/site\\\/wp-content\\\/uploads\\\/2020\\\/03\\\/90963910_1413323932206331_5470142288887808000_n.jpg\",\"contentUrl\":\"https:\\\/\\\/marcelolopes.jor.br\\\/site\\\/wp-content\\\/uploads\\\/2020\\\/03\\\/90963910_1413323932206331_5470142288887808000_n.jpg\",\"width\":750,\"height\":563},{\"@type\":\"BreadcrumbList\",\"@id\":\"https:\\\/\\\/marcelolopes.jor.br\\\/site\\\/2020\\\/03\\\/30\\\/recomeca-a-vacinacao-contra-a-influenza-em-cataguases\\\/#breadcrumb\",\"itemListElement\":[{\"@type\":\"ListItem\",\"position\":1,\"name\":\"Home\",\"item\":\"https:\\\/\\\/marcelolopes.jor.br\\\/site\\\/\"},{\"@type\":\"ListItem\",\"position\":2,\"name\":\"Recome\u00e7a a vacina\u00e7\u00e3o contra a Influenza em Cataguases\"}]},{\"@type\":\"WebSite\",\"@id\":\"https:\\\/\\\/marcelolopes.jor.br\\\/site\\\/#website\",\"url\":\"https:\\\/\\\/marcelolopes.jor.br\\\/site\\\/\",\"name\":\"Marcelo Lopes\",\"description\":\"Not\u00edcias de Cataguases e Regi\u00e3o\",\"publisher\":{\"@id\":\"https:\\\/\\\/marcelolopes.jor.br\\\/site\\\/#organization\"},\"potentialAction\":[{\"@type\":\"SearchAction\",\"target\":{\"@type\":\"EntryPoint\",\"urlTemplate\":\"https:\\\/\\\/marcelolopes.jor.br\\\/site\\\/?s={search_term_string}\"},\"query-input\":{\"@type\":\"PropertyValueSpecification\",\"valueRequired\":true,\"valueName\":\"search_term_string\"}}],\"inLanguage\":\"pt-BR\"},{\"@type\":\"Organization\",\"@id\":\"https:\\\/\\\/marcelolopes.jor.br\\\/site\\\/#organization\",\"name\":\"Site do Marcelo Lopes\",\"url\":\"https:\\\/\\\/marcelolopes.jor.br\\\/site\\\/\",\"logo\":{\"@type\":\"ImageObject\",\"inLanguage\":\"pt-BR\",\"@id\":\"https:\\\/\\\/marcelolopes.jor.br\\\/site\\\/#\\\/schema\\\/logo\\\/image\\\/\",\"url\":\"https:\\\/\\\/marcelolopes.jor.br\\\/site\\\/wp-content\\\/uploads\\\/2024\\\/11\\\/logo-1.png\",\"contentUrl\":\"https:\\\/\\\/marcelolopes.jor.br\\\/site\\\/wp-content\\\/uploads\\\/2024\\\/11\\\/logo-1.png\",\"width\":475,\"height\":80,\"caption\":\"Site do Marcelo Lopes\"},\"image\":{\"@id\":\"https:\\\/\\\/marcelolopes.jor.br\\\/site\\\/#\\\/schema\\\/logo\\\/image\\\/\"},\"sameAs\":[\"https:\\\/\\\/www.facebook.com\\\/sitedomarcelolopes\",\"https:\\\/\\\/www.instagram.com\\\/sitedomarcelolopes\\\/\",\"https:\\\/\\\/www.linkedin.com\\\/company\\\/site-do-marcelo-lopes\\\/\",\"https:\\\/\\\/www.youtube.com\\\/user\\\/marcelolopes957\"]},{\"@type\":\"Person\",\"@id\":\"https:\\\/\\\/marcelolopes.jor.br\\\/site\\\/#\\\/schema\\\/person\\\/3e7216a35c34d8fdf952b31da3d1f89f\",\"name\":\"Marcelo Lopes\",\"sameAs\":[\"http:\\\/\\\/www.marcelolopes.jor.br\"],\"url\":\"https:\\\/\\\/marcelolopes.jor.br\\\/site\\\/author\\\/marcelo\\\/\"}]}<\/script>\n<!-- \/ Yoast SEO plugin. -->","yoast_head_json":{"title":"Recome\u00e7a a vacina\u00e7\u00e3o contra a Influenza em Cataguases | Marcelo Lopes","robots":{"index":"index","follow":"follow","max-snippet":"max-snippet:-1","max-image-preview":"max-image-preview:large","max-video-preview":"max-video-preview:-1"},"canonical":"https:\/\/marcelolopes.jor.br\/site\/2020\/03\/30\/recomeca-a-vacinacao-contra-a-influenza-em-cataguases\/","og_locale":"pt_BR","og_type":"article","og_title":"Recome\u00e7a a vacina\u00e7\u00e3o contra a Influenza em Cataguases | Marcelo Lopes","og_description":"Recome\u00e7ou na manh\u00e3 desta segunda-feira, 30 de mar\u00e7o, a campanha de vacina\u00e7\u00e3o contra a gripe Influenza em Cataguases. O trabalho foi interrompido em meados da \u00faltima semana devido \u00e0 falta de vacinas visto que um grande n\u00famero de pessoas procurouLeia mais Recome\u00e7a a vacina\u00e7\u00e3o contra a Influenza em Cataguases","og_url":"https:\/\/marcelolopes.jor.br\/site\/2020\/03\/30\/recomeca-a-vacinacao-contra-a-influenza-em-cataguases\/","og_site_name":"Marcelo Lopes","article_publisher":"https:\/\/www.facebook.com\/sitedomarcelolopes","article_published_time":"2020-03-30T15:00:54+00:00","og_image":[{"width":750,"height":563,"url":"https:\/\/marcelolopes.jor.br\/site\/wp-content\/uploads\/2020\/03\/90963910_1413323932206331_5470142288887808000_n.jpg","type":"image\/jpeg"}],"author":"Marcelo Lopes","twitter_card":"summary_large_image","twitter_misc":{"Escrito por":"Marcelo Lopes","Est. tempo de leitura":"2 minutos"},"schema":{"@context":"https:\/\/schema.org","@graph":[{"@type":"NewsArticle","@id":"https:\/\/marcelolopes.jor.br\/site\/2020\/03\/30\/recomeca-a-vacinacao-contra-a-influenza-em-cataguases\/#article","isPartOf":{"@id":"https:\/\/marcelolopes.jor.br\/site\/2020\/03\/30\/recomeca-a-vacinacao-contra-a-influenza-em-cataguases\/"},"author":{"name":"Marcelo Lopes","@id":"https:\/\/marcelolopes.jor.br\/site\/#\/schema\/person\/3e7216a35c34d8fdf952b31da3d1f89f"},"headline":"Recome\u00e7a a vacina\u00e7\u00e3o contra a Influenza em Cataguases","datePublished":"2020-03-30T15:00:54+00:00","mainEntityOfPage":{"@id":"https:\/\/marcelolopes.jor.br\/site\/2020\/03\/30\/recomeca-a-vacinacao-contra-a-influenza-em-cataguases\/"},"wordCount":353,"commentCount":0,"publisher":{"@id":"https:\/\/marcelolopes.jor.br\/site\/#organization"},"image":{"@id":"https:\/\/marcelolopes.jor.br\/site\/2020\/03\/30\/recomeca-a-vacinacao-contra-a-influenza-em-cataguases\/#primaryimage"},"thumbnailUrl":"https:\/\/marcelolopes.jor.br\/site\/wp-content\/uploads\/2020\/03\/90963910_1413323932206331_5470142288887808000_n.jpg","keywords":["campanha de vacina\u00e7\u00e3o","Influenza","p\u00fablico alvo","vacina"],"articleSection":["Not\u00edcias"],"inLanguage":"pt-BR","potentialAction":[{"@type":"CommentAction","name":"Comment","target":["https:\/\/marcelolopes.jor.br\/site\/2020\/03\/30\/recomeca-a-vacinacao-contra-a-influenza-em-cataguases\/#respond"]}]},{"@type":"WebPage","@id":"https:\/\/marcelolopes.jor.br\/site\/2020\/03\/30\/recomeca-a-vacinacao-contra-a-influenza-em-cataguases\/","url":"https:\/\/marcelolopes.jor.br\/site\/2020\/03\/30\/recomeca-a-vacinacao-contra-a-influenza-em-cataguases\/","name":"Recome\u00e7a a vacina\u00e7\u00e3o contra a Influenza em Cataguases | Marcelo Lopes","isPartOf":{"@id":"https:\/\/marcelolopes.jor.br\/site\/#website"},"primaryImageOfPage":{"@id":"https:\/\/marcelolopes.jor.br\/site\/2020\/03\/30\/recomeca-a-vacinacao-contra-a-influenza-em-cataguases\/#primaryimage"},"image":{"@id":"https:\/\/marcelolopes.jor.br\/site\/2020\/03\/30\/recomeca-a-vacinacao-contra-a-influenza-em-cataguases\/#primaryimage"},"thumbnailUrl":"https:\/\/marcelolopes.jor.br\/site\/wp-content\/uploads\/2020\/03\/90963910_1413323932206331_5470142288887808000_n.jpg","datePublished":"2020-03-30T15:00:54+00:00","breadcrumb":{"@id":"https:\/\/marcelolopes.jor.br\/site\/2020\/03\/30\/recomeca-a-vacinacao-contra-a-influenza-em-cataguases\/#breadcrumb"},"inLanguage":"pt-BR","potentialAction":[{"@type":"ReadAction","target":["https:\/\/marcelolopes.jor.br\/site\/2020\/03\/30\/recomeca-a-vacinacao-contra-a-influenza-em-cataguases\/"]}]},{"@type":"ImageObject","inLanguage":"pt-BR","@id":"https:\/\/marcelolopes.jor.br\/site\/2020\/03\/30\/recomeca-a-vacinacao-contra-a-influenza-em-cataguases\/#primaryimage","url":"https:\/\/marcelolopes.jor.br\/site\/wp-content\/uploads\/2020\/03\/90963910_1413323932206331_5470142288887808000_n.jpg","contentUrl":"https:\/\/marcelolopes.jor.br\/site\/wp-content\/uploads\/2020\/03\/90963910_1413323932206331_5470142288887808000_n.jpg","width":750,"height":563},{"@type":"BreadcrumbList","@id":"https:\/\/marcelolopes.jor.br\/site\/2020\/03\/30\/recomeca-a-vacinacao-contra-a-influenza-em-cataguases\/#breadcrumb","itemListElement":[{"@type":"ListItem","position":1,"name":"Home","item":"https:\/\/marcelolopes.jor.br\/site\/"},{"@type":"ListItem","position":2,"name":"Recome\u00e7a a vacina\u00e7\u00e3o contra a Influenza em Cataguases"}]},{"@type":"WebSite","@id":"https:\/\/marcelolopes.jor.br\/site\/#website","url":"https:\/\/marcelolopes.jor.br\/site\/","name":"Marcelo Lopes","description":"Not\u00edcias de Cataguases e Regi\u00e3o","publisher":{"@id":"https:\/\/marcelolopes.jor.br\/site\/#organization"},"potentialAction":[{"@type":"SearchAction","target":{"@type":"EntryPoint","urlTemplate":"https:\/\/marcelolopes.jor.br\/site\/?s={search_term_string}"},"query-input":{"@type":"PropertyValueSpecification","valueRequired":true,"valueName":"search_term_string"}}],"inLanguage":"pt-BR"},{"@type":"Organization","@id":"https:\/\/marcelolopes.jor.br\/site\/#organization","name":"Site do Marcelo Lopes","url":"https:\/\/marcelolopes.jor.br\/site\/","logo":{"@type":"ImageObject","inLanguage":"pt-BR","@id":"https:\/\/marcelolopes.jor.br\/site\/#\/schema\/logo\/image\/","url":"https:\/\/marcelolopes.jor.br\/site\/wp-content\/uploads\/2024\/11\/logo-1.png","contentUrl":"https:\/\/marcelolopes.jor.br\/site\/wp-content\/uploads\/2024\/11\/logo-1.png","width":475,"height":80,"caption":"Site do Marcelo Lopes"},"image":{"@id":"https:\/\/marcelolopes.jor.br\/site\/#\/schema\/logo\/image\/"},"sameAs":["https:\/\/www.facebook.com\/sitedomarcelolopes","https:\/\/www.instagram.com\/sitedomarcelolopes\/","https:\/\/www.linkedin.com\/company\/site-do-marcelo-lopes\/","https:\/\/www.youtube.com\/user\/marcelolopes957"]},{"@type":"Person","@id":"https:\/\/marcelolopes.jor.br\/site\/#\/schema\/person\/3e7216a35c34d8fdf952b31da3d1f89f","name":"Marcelo Lopes","sameAs":["http:\/\/www.marcelolopes.jor.br"],"url":"https:\/\/marcelolopes.jor.br\/site\/author\/marcelo\/"}]}},"wps_subtitle":"Munic\u00edpio recebeu 2.900 doses da vacina no final da tarde de sexta-feira, 27.","_links":{"self":[{"href":"https:\/\/marcelolopes.jor.br\/site\/wp-json\/wp\/v2\/posts\/13128","targetHints":{"allow":["GET"]}}],"collection":[{"href":"https:\/\/marcelolopes.jor.br\/site\/wp-json\/wp\/v2\/posts"}],"about":[{"href":"https:\/\/marcelolopes.jor.br\/site\/wp-json\/wp\/v2\/types\/post"}],"author":[{"embeddable":true,"href":"https:\/\/marcelolopes.jor.br\/site\/wp-json\/wp\/v2\/users\/2"}],"replies":[{"embeddable":true,"href":"https:\/\/marcelolopes.jor.br\/site\/wp-json\/wp\/v2\/comments?post=13128"}],"version-history":[{"count":0,"href":"https:\/\/marcelolopes.jor.br\/site\/wp-json\/wp\/v2\/posts\/13128\/revisions"}],"wp:featuredmedia":[{"embeddable":true,"href":"https:\/\/marcelolopes.jor.br\/site\/wp-json\/wp\/v2\/media\/13130"}],"wp:attachment":[{"href":"https:\/\/marcelolopes.jor.br\/site\/wp-json\/wp\/v2\/media?parent=13128"}],"wp:term":[{"taxonomy":"category","embeddable":true,"href":"https:\/\/marcelolopes.jor.br\/site\/wp-json\/wp\/v2\/categories?post=13128"},{"taxonomy":"post_tag","embeddable":true,"href":"https:\/\/marcelolopes.jor.br\/site\/wp-json\/wp\/v2\/tags?post=13128"}],"curies":[{"name":"wp","href":"https:\/\/api.w.org\/{rel}","templated":true}]}}