{"id":12994,"date":"2020-03-25T07:00:23","date_gmt":"2020-03-25T10:00:23","guid":{"rendered":"https:\/\/marcelolopes.jor.br\/?p=12994"},"modified":"2020-03-24T18:38:17","modified_gmt":"2020-03-24T21:38:17","slug":"radio-melodia-cede-horario-para-igrejas-realizarem-seus-cultos","status":"publish","type":"post","link":"https:\/\/marcelolopes.jor.br\/site\/2020\/03\/25\/radio-melodia-cede-horario-para-igrejas-realizarem-seus-cultos\/","title":{"rendered":"R\u00e1dio Melodia cede hor\u00e1rio para igrejas realizarem seus cultos"},"content":{"rendered":"<p style=\"text-align: justify;\">A R\u00e1dio Melodia, emissora FM de Cataguases, decidiu por meio de seu propriet\u00e1rio, Alexandre Ferreira, ceder hor\u00e1rio em sua programa\u00e7\u00e3o para a realiza\u00e7\u00e3o de cultos evang\u00e9licos. Voltada para este p\u00fablico, a r\u00e1dio tem programa\u00e7\u00e3o cem por cento religiosa e, por causa das medidas de preven\u00e7\u00e3o ao novo coronav\u00edrus, adotadas no munic\u00edpio, est\u00e1 abrindo espa\u00e7o em sua grade de programa\u00e7\u00e3o para que pastores de todas as igrejas evang\u00e9licas de Cataguases possam realizar seus cultos que s\u00e3o transmitidos ao vivo.<!--more--><\/p>\n<p style=\"text-align: justify;\"><img loading=\"lazy\" decoding=\"async\" class=\"aligncenter wp-image-12996\" src=\"https:\/\/marcelolopes.jor.br\/site\/wp-content\/uploads\/2020\/03\/WhatsApp-Image-2020-03-24-at-11.57.01.jpeg\" alt=\"\" width=\"600\" height=\"422\" srcset=\"https:\/\/marcelolopes.jor.br\/site\/wp-content\/uploads\/2020\/03\/WhatsApp-Image-2020-03-24-at-11.57.01.jpeg 737w, https:\/\/marcelolopes.jor.br\/site\/wp-content\/uploads\/2020\/03\/WhatsApp-Image-2020-03-24-at-11.57.01-300x211.jpeg 300w\" sizes=\"auto, (max-width: 600px) 100vw, 600px\" \/>De acordo com Alexandre, a iniciativa come\u00e7ou sexta-feira, 20 de mar\u00e7o, das 20h \u00e0s 22 horas, e todos os pastores foram convidados. Desde ent\u00e3o, cada um realiza o seu culto em um dia da semana. &#8220;A ideia \u00e9 levar a Palavra de Deus apesar das dificuldades que estamos enfrentando neste momento e, junto com ela, conforto e tranquilidade a todos os fi\u00e9is na certeza de que vamos superar este momento&#8221;, disse.<\/p>\n<p><img loading=\"lazy\" decoding=\"async\" class=\"aligncenter wp-image-12998\" src=\"https:\/\/marcelolopes.jor.br\/site\/wp-content\/uploads\/2020\/03\/WhatsApp-Image-2020-03-24-at-11.57.02.jpeg\" alt=\"\" width=\"600\" height=\"425\" srcset=\"https:\/\/marcelolopes.jor.br\/site\/wp-content\/uploads\/2020\/03\/WhatsApp-Image-2020-03-24-at-11.57.02.jpeg 819w, https:\/\/marcelolopes.jor.br\/site\/wp-content\/uploads\/2020\/03\/WhatsApp-Image-2020-03-24-at-11.57.02-300x212.jpeg 300w, https:\/\/marcelolopes.jor.br\/site\/wp-content\/uploads\/2020\/03\/WhatsApp-Image-2020-03-24-at-11.57.02-768x544.jpeg 768w\" sizes=\"auto, (max-width: 600px) 100vw, 600px\" \/><\/p>\n<p style=\"text-align: justify;\"><img loading=\"lazy\" decoding=\"async\" class=\"alignright wp-image-12995 size-medium\" src=\"https:\/\/marcelolopes.jor.br\/site\/wp-content\/uploads\/2020\/03\/Alexandre-208x300.jpg\" alt=\"\" width=\"208\" height=\"300\" srcset=\"https:\/\/marcelolopes.jor.br\/site\/wp-content\/uploads\/2020\/03\/Alexandre-208x300.jpg 208w, https:\/\/marcelolopes.jor.br\/site\/wp-content\/uploads\/2020\/03\/Alexandre.jpg 498w\" sizes=\"auto, (max-width: 208px) 100vw, 208px\" \/>Ele lembra que, para isso, a emissora adotou as medidas de higiene preconizadas pelo Minist\u00e9rio da Sa\u00fade e limitou a tr\u00eas o n\u00famero de pessoas dentro do est\u00fadio, bem como fornece \u00e1lcool em gel a todos os presentes. Alexandre aproveita para convidar os evang\u00e9licos e crist\u00e3os de todas as religi\u00f5es para se unirem em uma campanha de ora\u00e7\u00e3o e jejum que vai acontecer nesta sexta-feira, 27 de mar\u00e7o, da meia noite at\u00e9 o meio dia de s\u00e1bado. &#8220;Vamos todos orar para que esse v\u00edrus que est\u00e1 assolando o mundo perca sua for\u00e7a, e para unificar as fam\u00edlias de todo o Brasil. Eu acredito que quando muitas pessoas se unem com um \u00fanico objetivo algo de bom acontece. Por isso este meu convite&#8221;, completou.<\/p>\n<div class=\"ybzzp69f77e24c1b29\" ><br><\/div><style type=\"text\/css\">\r\n@media screen and (min-width: 1201px) {\r\n.ybzzp69f77e24c1b29 {\r\ndisplay: block;\r\n}\r\n}\r\n@media screen and (min-width: 993px) and (max-width: 1200px) {\r\n.ybzzp69f77e24c1b29 {\r\ndisplay: block;\r\n}\r\n}\r\n@media screen and (min-width: 769px) and (max-width: 992px) {\r\n.ybzzp69f77e24c1b29 {\r\ndisplay: block;\r\n}\r\n}\r\n@media screen and (min-width: 768px) and (max-width: 768px) {\r\n.ybzzp69f77e24c1b29 {\r\ndisplay: block;\r\n}\r\n}\r\n@media screen and (max-width: 767px) {\r\n.ybzzp69f77e24c1b29 {\r\ndisplay: block;\r\n}\r\n}\r\n<\/style>\r\n<div class=\"npadb69f77e24c8c91\" ><div id=\"div_destino\"><\/div>\r\n<script src=\"https:\/\/cdn.snsrsv.com\/sdk.js\"><\/script>\r\n<script >\r\n      new sdk(\"464030C30061EA8BE065000000000001\") \r\n          .appendTo(\"div_destino\")\r\n          .disableStyle(true) \r\n          .setCacheBusterMacro(\"%%CACHEBUSTER%%\")\r\n          .setSize(\"800\",\"214\")\r\n          .setClickMacro(\"%%CLICK_URL_ESC%%\") \r\n          .setReferrerUrlMacro(\"%%REFERRER_URL_ESC%%\") \r\n          .start(); \r\n<\/script><\/div><style type=\"text\/css\">\r\n@media screen and (min-width: 1201px) {\r\n.npadb69f77e24c8c91 {\r\ndisplay: block;\r\n}\r\n}\r\n@media screen and (min-width: 993px) and (max-width: 1200px) {\r\n.npadb69f77e24c8c91 {\r\ndisplay: block;\r\n}\r\n}\r\n@media screen and (min-width: 769px) and (max-width: 992px) {\r\n.npadb69f77e24c8c91 {\r\ndisplay: block;\r\n}\r\n}\r\n@media screen and (min-width: 768px) and (max-width: 768px) {\r\n.npadb69f77e24c8c91 {\r\ndisplay: block;\r\n}\r\n}\r\n@media screen and (max-width: 767px) {\r\n.npadb69f77e24c8c91 {\r\ndisplay: block;\r\n}\r\n}\r\n<\/style>\r\n","protected":false},"excerpt":{"rendered":"<p>A R\u00e1dio Melodia, emissora FM de Cataguases, decidiu por meio de seu propriet\u00e1rio, Alexandre Ferreira, ceder hor\u00e1rio em sua programa\u00e7\u00e3o para a realiza\u00e7\u00e3o de cultos evang\u00e9licos. Voltada para este p\u00fablico, a r\u00e1dio tem programa\u00e7\u00e3o cem por cento religiosa e, por<\/p>\n<p class=\"link-more\"><a class=\"more-link\" href=\"https:\/\/marcelolopes.jor.br\/site\/2020\/03\/25\/radio-melodia-cede-horario-para-igrejas-realizarem-seus-cultos\/\">Leia mais <span class=\"screen-reader-text\">R\u00e1dio Melodia cede hor\u00e1rio para igrejas realizarem seus cultos<\/span><\/a><\/p>\n","protected":false},"author":2,"featured_media":12997,"comment_status":"open","ping_status":"open","sticky":false,"template":"","format":"standard","meta":{"footnotes":""},"categories":[1],"tags":[2287,2286,2288,2285],"class_list":["post-12994","post","type-post","status-publish","format-standard","has-post-thumbnail","hentry","category-noticias","tag-culto","tag-evangelicos","tag-jejum-e-oracao","tag-radio-melodia","thumb-below-title"],"yoast_head":"<!-- This site is optimized with the Yoast SEO plugin v27.4 - https:\/\/yoast.com\/product\/yoast-seo-wordpress\/ -->\n<title>R\u00e1dio Melodia cede hor\u00e1rio para igrejas realizarem seus cultos | Marcelo Lopes<\/title>\n<meta name=\"robots\" content=\"index, follow, max-snippet:-1, max-image-preview:large, max-video-preview:-1\" \/>\n<link rel=\"canonical\" href=\"https:\/\/marcelolopes.jor.br\/site\/2020\/03\/25\/radio-melodia-cede-horario-para-igrejas-realizarem-seus-cultos\/\" \/>\n<meta property=\"og:locale\" content=\"pt_BR\" \/>\n<meta property=\"og:type\" content=\"article\" \/>\n<meta property=\"og:title\" content=\"R\u00e1dio Melodia cede hor\u00e1rio para igrejas realizarem seus cultos | Marcelo Lopes\" \/>\n<meta property=\"og:description\" content=\"A R\u00e1dio Melodia, emissora FM de Cataguases, decidiu por meio de seu propriet\u00e1rio, Alexandre Ferreira, ceder hor\u00e1rio em sua programa\u00e7\u00e3o para a realiza\u00e7\u00e3o de cultos evang\u00e9licos. Voltada para este p\u00fablico, a r\u00e1dio tem programa\u00e7\u00e3o cem por cento religiosa e, porLeia mais R\u00e1dio Melodia cede hor\u00e1rio para igrejas realizarem seus cultos\" \/>\n<meta property=\"og:url\" content=\"https:\/\/marcelolopes.jor.br\/site\/2020\/03\/25\/radio-melodia-cede-horario-para-igrejas-realizarem-seus-cultos\/\" \/>\n<meta property=\"og:site_name\" content=\"Marcelo Lopes\" \/>\n<meta property=\"article:publisher\" content=\"https:\/\/www.facebook.com\/sitedomarcelolopes\" \/>\n<meta property=\"article:published_time\" content=\"2020-03-25T10:00:23+00:00\" \/>\n<meta property=\"og:image\" content=\"https:\/\/marcelolopes.jor.br\/site\/wp-content\/uploads\/2020\/03\/WhatsApp-Image-2020-03-24-at-11.57.03.jpeg\" \/>\n\t<meta property=\"og:image:width\" content=\"1080\" \/>\n\t<meta property=\"og:image:height\" content=\"763\" \/>\n\t<meta property=\"og:image:type\" content=\"image\/jpeg\" \/>\n<meta name=\"author\" content=\"Marcelo Lopes\" \/>\n<meta name=\"twitter:card\" content=\"summary_large_image\" \/>\n<meta name=\"twitter:label1\" content=\"Escrito por\" \/>\n\t<meta name=\"twitter:data1\" content=\"Marcelo Lopes\" \/>\n\t<meta name=\"twitter:label2\" content=\"Est. tempo de leitura\" \/>\n\t<meta name=\"twitter:data2\" content=\"2 minutos\" \/>\n<script type=\"application\/ld+json\" class=\"yoast-schema-graph\">{\"@context\":\"https:\\\/\\\/schema.org\",\"@graph\":[{\"@type\":\"NewsArticle\",\"@id\":\"https:\\\/\\\/marcelolopes.jor.br\\\/site\\\/2020\\\/03\\\/25\\\/radio-melodia-cede-horario-para-igrejas-realizarem-seus-cultos\\\/#article\",\"isPartOf\":{\"@id\":\"https:\\\/\\\/marcelolopes.jor.br\\\/site\\\/2020\\\/03\\\/25\\\/radio-melodia-cede-horario-para-igrejas-realizarem-seus-cultos\\\/\"},\"author\":{\"name\":\"Marcelo Lopes\",\"@id\":\"https:\\\/\\\/marcelolopes.jor.br\\\/site\\\/#\\\/schema\\\/person\\\/3e7216a35c34d8fdf952b31da3d1f89f\"},\"headline\":\"R\u00e1dio Melodia cede hor\u00e1rio para igrejas realizarem seus cultos\",\"datePublished\":\"2020-03-25T10:00:23+00:00\",\"mainEntityOfPage\":{\"@id\":\"https:\\\/\\\/marcelolopes.jor.br\\\/site\\\/2020\\\/03\\\/25\\\/radio-melodia-cede-horario-para-igrejas-realizarem-seus-cultos\\\/\"},\"wordCount\":313,\"commentCount\":0,\"publisher\":{\"@id\":\"https:\\\/\\\/marcelolopes.jor.br\\\/site\\\/#organization\"},\"image\":{\"@id\":\"https:\\\/\\\/marcelolopes.jor.br\\\/site\\\/2020\\\/03\\\/25\\\/radio-melodia-cede-horario-para-igrejas-realizarem-seus-cultos\\\/#primaryimage\"},\"thumbnailUrl\":\"https:\\\/\\\/marcelolopes.jor.br\\\/site\\\/wp-content\\\/uploads\\\/2020\\\/03\\\/WhatsApp-Image-2020-03-24-at-11.57.03.jpeg\",\"keywords\":[\"culto\",\"evang\u00e9licos\",\"jejum e ora\u00e7\u00e3o\",\"R\u00e1dio Melodia\"],\"articleSection\":[\"Not\u00edcias\"],\"inLanguage\":\"pt-BR\",\"potentialAction\":[{\"@type\":\"CommentAction\",\"name\":\"Comment\",\"target\":[\"https:\\\/\\\/marcelolopes.jor.br\\\/site\\\/2020\\\/03\\\/25\\\/radio-melodia-cede-horario-para-igrejas-realizarem-seus-cultos\\\/#respond\"]}]},{\"@type\":\"WebPage\",\"@id\":\"https:\\\/\\\/marcelolopes.jor.br\\\/site\\\/2020\\\/03\\\/25\\\/radio-melodia-cede-horario-para-igrejas-realizarem-seus-cultos\\\/\",\"url\":\"https:\\\/\\\/marcelolopes.jor.br\\\/site\\\/2020\\\/03\\\/25\\\/radio-melodia-cede-horario-para-igrejas-realizarem-seus-cultos\\\/\",\"name\":\"R\u00e1dio Melodia cede hor\u00e1rio para igrejas realizarem seus cultos | Marcelo Lopes\",\"isPartOf\":{\"@id\":\"https:\\\/\\\/marcelolopes.jor.br\\\/site\\\/#website\"},\"primaryImageOfPage\":{\"@id\":\"https:\\\/\\\/marcelolopes.jor.br\\\/site\\\/2020\\\/03\\\/25\\\/radio-melodia-cede-horario-para-igrejas-realizarem-seus-cultos\\\/#primaryimage\"},\"image\":{\"@id\":\"https:\\\/\\\/marcelolopes.jor.br\\\/site\\\/2020\\\/03\\\/25\\\/radio-melodia-cede-horario-para-igrejas-realizarem-seus-cultos\\\/#primaryimage\"},\"thumbnailUrl\":\"https:\\\/\\\/marcelolopes.jor.br\\\/site\\\/wp-content\\\/uploads\\\/2020\\\/03\\\/WhatsApp-Image-2020-03-24-at-11.57.03.jpeg\",\"datePublished\":\"2020-03-25T10:00:23+00:00\",\"breadcrumb\":{\"@id\":\"https:\\\/\\\/marcelolopes.jor.br\\\/site\\\/2020\\\/03\\\/25\\\/radio-melodia-cede-horario-para-igrejas-realizarem-seus-cultos\\\/#breadcrumb\"},\"inLanguage\":\"pt-BR\",\"potentialAction\":[{\"@type\":\"ReadAction\",\"target\":[\"https:\\\/\\\/marcelolopes.jor.br\\\/site\\\/2020\\\/03\\\/25\\\/radio-melodia-cede-horario-para-igrejas-realizarem-seus-cultos\\\/\"]}]},{\"@type\":\"ImageObject\",\"inLanguage\":\"pt-BR\",\"@id\":\"https:\\\/\\\/marcelolopes.jor.br\\\/site\\\/2020\\\/03\\\/25\\\/radio-melodia-cede-horario-para-igrejas-realizarem-seus-cultos\\\/#primaryimage\",\"url\":\"https:\\\/\\\/marcelolopes.jor.br\\\/site\\\/wp-content\\\/uploads\\\/2020\\\/03\\\/WhatsApp-Image-2020-03-24-at-11.57.03.jpeg\",\"contentUrl\":\"https:\\\/\\\/marcelolopes.jor.br\\\/site\\\/wp-content\\\/uploads\\\/2020\\\/03\\\/WhatsApp-Image-2020-03-24-at-11.57.03.jpeg\",\"width\":1080,\"height\":763},{\"@type\":\"BreadcrumbList\",\"@id\":\"https:\\\/\\\/marcelolopes.jor.br\\\/site\\\/2020\\\/03\\\/25\\\/radio-melodia-cede-horario-para-igrejas-realizarem-seus-cultos\\\/#breadcrumb\",\"itemListElement\":[{\"@type\":\"ListItem\",\"position\":1,\"name\":\"Home\",\"item\":\"https:\\\/\\\/marcelolopes.jor.br\\\/site\\\/\"},{\"@type\":\"ListItem\",\"position\":2,\"name\":\"R\u00e1dio Melodia cede hor\u00e1rio para igrejas realizarem seus cultos\"}]},{\"@type\":\"WebSite\",\"@id\":\"https:\\\/\\\/marcelolopes.jor.br\\\/site\\\/#website\",\"url\":\"https:\\\/\\\/marcelolopes.jor.br\\\/site\\\/\",\"name\":\"Marcelo Lopes\",\"description\":\"Not\u00edcias de Cataguases e Regi\u00e3o\",\"publisher\":{\"@id\":\"https:\\\/\\\/marcelolopes.jor.br\\\/site\\\/#organization\"},\"potentialAction\":[{\"@type\":\"SearchAction\",\"target\":{\"@type\":\"EntryPoint\",\"urlTemplate\":\"https:\\\/\\\/marcelolopes.jor.br\\\/site\\\/?s={search_term_string}\"},\"query-input\":{\"@type\":\"PropertyValueSpecification\",\"valueRequired\":true,\"valueName\":\"search_term_string\"}}],\"inLanguage\":\"pt-BR\"},{\"@type\":\"Organization\",\"@id\":\"https:\\\/\\\/marcelolopes.jor.br\\\/site\\\/#organization\",\"name\":\"Site do Marcelo Lopes\",\"url\":\"https:\\\/\\\/marcelolopes.jor.br\\\/site\\\/\",\"logo\":{\"@type\":\"ImageObject\",\"inLanguage\":\"pt-BR\",\"@id\":\"https:\\\/\\\/marcelolopes.jor.br\\\/site\\\/#\\\/schema\\\/logo\\\/image\\\/\",\"url\":\"https:\\\/\\\/marcelolopes.jor.br\\\/site\\\/wp-content\\\/uploads\\\/2024\\\/11\\\/logo-1.png\",\"contentUrl\":\"https:\\\/\\\/marcelolopes.jor.br\\\/site\\\/wp-content\\\/uploads\\\/2024\\\/11\\\/logo-1.png\",\"width\":475,\"height\":80,\"caption\":\"Site do Marcelo Lopes\"},\"image\":{\"@id\":\"https:\\\/\\\/marcelolopes.jor.br\\\/site\\\/#\\\/schema\\\/logo\\\/image\\\/\"},\"sameAs\":[\"https:\\\/\\\/www.facebook.com\\\/sitedomarcelolopes\",\"https:\\\/\\\/www.instagram.com\\\/sitedomarcelolopes\\\/\",\"https:\\\/\\\/www.linkedin.com\\\/company\\\/site-do-marcelo-lopes\\\/\",\"https:\\\/\\\/www.youtube.com\\\/user\\\/marcelolopes957\"]},{\"@type\":\"Person\",\"@id\":\"https:\\\/\\\/marcelolopes.jor.br\\\/site\\\/#\\\/schema\\\/person\\\/3e7216a35c34d8fdf952b31da3d1f89f\",\"name\":\"Marcelo Lopes\",\"sameAs\":[\"http:\\\/\\\/www.marcelolopes.jor.br\"],\"url\":\"https:\\\/\\\/marcelolopes.jor.br\\\/site\\\/author\\\/marcelo\\\/\"}]}<\/script>\n<!-- \/ Yoast SEO plugin. -->","yoast_head_json":{"title":"R\u00e1dio Melodia cede hor\u00e1rio para igrejas realizarem seus cultos | Marcelo Lopes","robots":{"index":"index","follow":"follow","max-snippet":"max-snippet:-1","max-image-preview":"max-image-preview:large","max-video-preview":"max-video-preview:-1"},"canonical":"https:\/\/marcelolopes.jor.br\/site\/2020\/03\/25\/radio-melodia-cede-horario-para-igrejas-realizarem-seus-cultos\/","og_locale":"pt_BR","og_type":"article","og_title":"R\u00e1dio Melodia cede hor\u00e1rio para igrejas realizarem seus cultos | Marcelo Lopes","og_description":"A R\u00e1dio Melodia, emissora FM de Cataguases, decidiu por meio de seu propriet\u00e1rio, Alexandre Ferreira, ceder hor\u00e1rio em sua programa\u00e7\u00e3o para a realiza\u00e7\u00e3o de cultos evang\u00e9licos. Voltada para este p\u00fablico, a r\u00e1dio tem programa\u00e7\u00e3o cem por cento religiosa e, porLeia mais R\u00e1dio Melodia cede hor\u00e1rio para igrejas realizarem seus cultos","og_url":"https:\/\/marcelolopes.jor.br\/site\/2020\/03\/25\/radio-melodia-cede-horario-para-igrejas-realizarem-seus-cultos\/","og_site_name":"Marcelo Lopes","article_publisher":"https:\/\/www.facebook.com\/sitedomarcelolopes","article_published_time":"2020-03-25T10:00:23+00:00","og_image":[{"width":1080,"height":763,"url":"https:\/\/marcelolopes.jor.br\/site\/wp-content\/uploads\/2020\/03\/WhatsApp-Image-2020-03-24-at-11.57.03.jpeg","type":"image\/jpeg"}],"author":"Marcelo Lopes","twitter_card":"summary_large_image","twitter_misc":{"Escrito por":"Marcelo Lopes","Est. tempo de leitura":"2 minutos"},"schema":{"@context":"https:\/\/schema.org","@graph":[{"@type":"NewsArticle","@id":"https:\/\/marcelolopes.jor.br\/site\/2020\/03\/25\/radio-melodia-cede-horario-para-igrejas-realizarem-seus-cultos\/#article","isPartOf":{"@id":"https:\/\/marcelolopes.jor.br\/site\/2020\/03\/25\/radio-melodia-cede-horario-para-igrejas-realizarem-seus-cultos\/"},"author":{"name":"Marcelo Lopes","@id":"https:\/\/marcelolopes.jor.br\/site\/#\/schema\/person\/3e7216a35c34d8fdf952b31da3d1f89f"},"headline":"R\u00e1dio Melodia cede hor\u00e1rio para igrejas realizarem seus cultos","datePublished":"2020-03-25T10:00:23+00:00","mainEntityOfPage":{"@id":"https:\/\/marcelolopes.jor.br\/site\/2020\/03\/25\/radio-melodia-cede-horario-para-igrejas-realizarem-seus-cultos\/"},"wordCount":313,"commentCount":0,"publisher":{"@id":"https:\/\/marcelolopes.jor.br\/site\/#organization"},"image":{"@id":"https:\/\/marcelolopes.jor.br\/site\/2020\/03\/25\/radio-melodia-cede-horario-para-igrejas-realizarem-seus-cultos\/#primaryimage"},"thumbnailUrl":"https:\/\/marcelolopes.jor.br\/site\/wp-content\/uploads\/2020\/03\/WhatsApp-Image-2020-03-24-at-11.57.03.jpeg","keywords":["culto","evang\u00e9licos","jejum e ora\u00e7\u00e3o","R\u00e1dio Melodia"],"articleSection":["Not\u00edcias"],"inLanguage":"pt-BR","potentialAction":[{"@type":"CommentAction","name":"Comment","target":["https:\/\/marcelolopes.jor.br\/site\/2020\/03\/25\/radio-melodia-cede-horario-para-igrejas-realizarem-seus-cultos\/#respond"]}]},{"@type":"WebPage","@id":"https:\/\/marcelolopes.jor.br\/site\/2020\/03\/25\/radio-melodia-cede-horario-para-igrejas-realizarem-seus-cultos\/","url":"https:\/\/marcelolopes.jor.br\/site\/2020\/03\/25\/radio-melodia-cede-horario-para-igrejas-realizarem-seus-cultos\/","name":"R\u00e1dio Melodia cede hor\u00e1rio para igrejas realizarem seus cultos | Marcelo Lopes","isPartOf":{"@id":"https:\/\/marcelolopes.jor.br\/site\/#website"},"primaryImageOfPage":{"@id":"https:\/\/marcelolopes.jor.br\/site\/2020\/03\/25\/radio-melodia-cede-horario-para-igrejas-realizarem-seus-cultos\/#primaryimage"},"image":{"@id":"https:\/\/marcelolopes.jor.br\/site\/2020\/03\/25\/radio-melodia-cede-horario-para-igrejas-realizarem-seus-cultos\/#primaryimage"},"thumbnailUrl":"https:\/\/marcelolopes.jor.br\/site\/wp-content\/uploads\/2020\/03\/WhatsApp-Image-2020-03-24-at-11.57.03.jpeg","datePublished":"2020-03-25T10:00:23+00:00","breadcrumb":{"@id":"https:\/\/marcelolopes.jor.br\/site\/2020\/03\/25\/radio-melodia-cede-horario-para-igrejas-realizarem-seus-cultos\/#breadcrumb"},"inLanguage":"pt-BR","potentialAction":[{"@type":"ReadAction","target":["https:\/\/marcelolopes.jor.br\/site\/2020\/03\/25\/radio-melodia-cede-horario-para-igrejas-realizarem-seus-cultos\/"]}]},{"@type":"ImageObject","inLanguage":"pt-BR","@id":"https:\/\/marcelolopes.jor.br\/site\/2020\/03\/25\/radio-melodia-cede-horario-para-igrejas-realizarem-seus-cultos\/#primaryimage","url":"https:\/\/marcelolopes.jor.br\/site\/wp-content\/uploads\/2020\/03\/WhatsApp-Image-2020-03-24-at-11.57.03.jpeg","contentUrl":"https:\/\/marcelolopes.jor.br\/site\/wp-content\/uploads\/2020\/03\/WhatsApp-Image-2020-03-24-at-11.57.03.jpeg","width":1080,"height":763},{"@type":"BreadcrumbList","@id":"https:\/\/marcelolopes.jor.br\/site\/2020\/03\/25\/radio-melodia-cede-horario-para-igrejas-realizarem-seus-cultos\/#breadcrumb","itemListElement":[{"@type":"ListItem","position":1,"name":"Home","item":"https:\/\/marcelolopes.jor.br\/site\/"},{"@type":"ListItem","position":2,"name":"R\u00e1dio Melodia cede hor\u00e1rio para igrejas realizarem seus cultos"}]},{"@type":"WebSite","@id":"https:\/\/marcelolopes.jor.br\/site\/#website","url":"https:\/\/marcelolopes.jor.br\/site\/","name":"Marcelo Lopes","description":"Not\u00edcias de Cataguases e Regi\u00e3o","publisher":{"@id":"https:\/\/marcelolopes.jor.br\/site\/#organization"},"potentialAction":[{"@type":"SearchAction","target":{"@type":"EntryPoint","urlTemplate":"https:\/\/marcelolopes.jor.br\/site\/?s={search_term_string}"},"query-input":{"@type":"PropertyValueSpecification","valueRequired":true,"valueName":"search_term_string"}}],"inLanguage":"pt-BR"},{"@type":"Organization","@id":"https:\/\/marcelolopes.jor.br\/site\/#organization","name":"Site do Marcelo Lopes","url":"https:\/\/marcelolopes.jor.br\/site\/","logo":{"@type":"ImageObject","inLanguage":"pt-BR","@id":"https:\/\/marcelolopes.jor.br\/site\/#\/schema\/logo\/image\/","url":"https:\/\/marcelolopes.jor.br\/site\/wp-content\/uploads\/2024\/11\/logo-1.png","contentUrl":"https:\/\/marcelolopes.jor.br\/site\/wp-content\/uploads\/2024\/11\/logo-1.png","width":475,"height":80,"caption":"Site do Marcelo Lopes"},"image":{"@id":"https:\/\/marcelolopes.jor.br\/site\/#\/schema\/logo\/image\/"},"sameAs":["https:\/\/www.facebook.com\/sitedomarcelolopes","https:\/\/www.instagram.com\/sitedomarcelolopes\/","https:\/\/www.linkedin.com\/company\/site-do-marcelo-lopes\/","https:\/\/www.youtube.com\/user\/marcelolopes957"]},{"@type":"Person","@id":"https:\/\/marcelolopes.jor.br\/site\/#\/schema\/person\/3e7216a35c34d8fdf952b31da3d1f89f","name":"Marcelo Lopes","sameAs":["http:\/\/www.marcelolopes.jor.br"],"url":"https:\/\/marcelolopes.jor.br\/site\/author\/marcelo\/"}]}},"wps_subtitle":"Nesta sexta-feira, emissora promove tamb\u00e9m campanha de ora\u00e7\u00e3o e jejum.","_links":{"self":[{"href":"https:\/\/marcelolopes.jor.br\/site\/wp-json\/wp\/v2\/posts\/12994","targetHints":{"allow":["GET"]}}],"collection":[{"href":"https:\/\/marcelolopes.jor.br\/site\/wp-json\/wp\/v2\/posts"}],"about":[{"href":"https:\/\/marcelolopes.jor.br\/site\/wp-json\/wp\/v2\/types\/post"}],"author":[{"embeddable":true,"href":"https:\/\/marcelolopes.jor.br\/site\/wp-json\/wp\/v2\/users\/2"}],"replies":[{"embeddable":true,"href":"https:\/\/marcelolopes.jor.br\/site\/wp-json\/wp\/v2\/comments?post=12994"}],"version-history":[{"count":0,"href":"https:\/\/marcelolopes.jor.br\/site\/wp-json\/wp\/v2\/posts\/12994\/revisions"}],"wp:featuredmedia":[{"embeddable":true,"href":"https:\/\/marcelolopes.jor.br\/site\/wp-json\/wp\/v2\/media\/12997"}],"wp:attachment":[{"href":"https:\/\/marcelolopes.jor.br\/site\/wp-json\/wp\/v2\/media?parent=12994"}],"wp:term":[{"taxonomy":"category","embeddable":true,"href":"https:\/\/marcelolopes.jor.br\/site\/wp-json\/wp\/v2\/categories?post=12994"},{"taxonomy":"post_tag","embeddable":true,"href":"https:\/\/marcelolopes.jor.br\/site\/wp-json\/wp\/v2\/tags?post=12994"}],"curies":[{"name":"wp","href":"https:\/\/api.w.org\/{rel}","templated":true}]}}