{"id":12922,"date":"2020-03-22T13:14:25","date_gmt":"2020-03-22T16:14:25","guid":{"rendered":"https:\/\/marcelolopes.jor.br\/?p=12922"},"modified":"2020-03-22T13:14:25","modified_gmt":"2020-03-22T16:14:25","slug":"policia-civil-sera-punido-quem-descumprir-medidas-de-enfrentamento-ao-coronavirus","status":"publish","type":"post","link":"https:\/\/marcelolopes.jor.br\/site\/2020\/03\/22\/policia-civil-sera-punido-quem-descumprir-medidas-de-enfrentamento-ao-coronavirus\/","title":{"rendered":"Pol\u00edcia Civil: Ser\u00e1 punido quem descumprir medidas de enfrentamento ao coronav\u00edrus"},"content":{"rendered":"<p style=\"text-align: justify;\">Uma s\u00e9rie de medidas contra a pandemia provocada pelo novo coronav\u00edrus, respons\u00e1vel pela transmiss\u00e3o da Covid-19, vem sendo definida pelo poder p\u00fablico. Como a grande preocupa\u00e7\u00e3o \u00e9 frear o cont\u00e1gio, a interrup\u00e7\u00e3o de atividades comerciais com potencial de aglomera\u00e7\u00e3o de pessoas e a restri\u00e7\u00e3o do n\u00famero de passageiros no transporte coletivo j\u00e1 s\u00e3o realidade em Minas Gerais, al\u00e9m do isolamento de pacientes contaminados.<!--more--><\/p>\n<p style=\"text-align: justify;\">Descumprir o que determinam as normas vigentes, al\u00e9m de acarretar risco \u00e0 sa\u00fade, pode configurar infra\u00e7\u00f5es penais que preveem pris\u00e3o e multa. De acordo com a delegada Bianca Prado, da Pol\u00edcia Civil de Minas Gerais, no que diz respeito \u00e0s regras voltadas a estabelecimentos, o com\u00e9rcio pode ser penalizado administrativamente, de acordo com as san\u00e7\u00f5es previstas em leis espec\u00edficas, e o propriet\u00e1rio ainda responder pelo crime de desobedi\u00eancia descrito no Artigo 330 do C\u00f3digo Penal, com pena de at\u00e9 seis meses de deten\u00e7\u00e3o e multa, al\u00e9m de outras eventuais infra\u00e7\u00f5es configuradas. O mesmo \u00e9 pass\u00edvel de ser aplicado a quem descumpre as condi\u00e7\u00f5es de circula\u00e7\u00e3o deliberadas pelo Governo do Estado.<\/p>\n<p style=\"text-align: justify;\">O decreto estadual de calamidade prev\u00ea que, para garantir a presta\u00e7\u00e3o de servi\u00e7os essenciais, bem como o abastecimento alimentar e assist\u00eancia \u00e0 sa\u00fade, alguns empreendimentos devem continuar em funcionamento. Coleta de res\u00edduos, abastecimento de \u00e1gua e assist\u00eancia m\u00e9dico-hospitalar est\u00e3o entre os que precisam funcionar. T\u00eam permiss\u00e3o, por exemplo, farm\u00e1cias, supermercados e postos de combust\u00edveis. Restaurantes, bares e lanchonetes podem funcionar com restri\u00e7\u00f5es sanit\u00e1rias. J\u00e1 feiras, shoppings, boates e centros culturais, entre outros, est\u00e3o proibidos.<\/p>\n<p style=\"text-align: justify;\"><strong>Isolamento<\/strong><br \/>\nOutro crime, estabelecido no Artigo 268, tamb\u00e9m do C\u00f3digo Penal, \u00e9 \u201cinfringir determina\u00e7\u00e3o do poder p\u00fablico, destinada a impedir introdu\u00e7\u00e3o ou propaga\u00e7\u00e3o de doen\u00e7a contagiosa\u201d. A delegada esclarece que, por j\u00e1 haver determina\u00e7\u00f5es legais de isolamento, o cidad\u00e3o que desrespeitar pode ser responsabilizado na esfera criminal. A pena \u00e9 de deten\u00e7\u00e3o de at\u00e9 um ano e multa.<\/p>\n<p style=\"text-align: justify;\">&#8211; Inclusive, j\u00e1 foi aplicada a um paciente de Vila Velha (ES), que, mesmo estando infectado e tendo sido determinado o seu isolamento, saiu e viajou para o estado de S\u00e3o Paulo\u201d, conta, ao acrescentar que outras infra\u00e7\u00f5es penais podem ser aplicadas a depender do caso.<\/p>\n<p style=\"text-align: justify;\">Como refor\u00e7a a delegada Bianca Prado, todas as medidas visam assegurar a sa\u00fade p\u00fablica: \u201cPodemos ver que, al\u00e9m de ser uma medida social, respeitar o isolamento e a quarentena quando determinados, \u00e9 a medida legal, ensejando em crime no caso do seu descumprimento. Nos casos de pessoas infectadas, passa a ser obrigat\u00f3rio, e nos demais, orienta\u00e7\u00e3o. Nessa mesma linha, est\u00e3o inclu\u00eddas as atividades comerciais, elencadas na legisla\u00e7\u00e3o vigente\u201d.<\/p>\n<p style=\"text-align: justify;\"><strong>Provocar tumulto<\/strong><br \/>\nA PCMG tamb\u00e9m alerta que com sa\u00fade n\u00e3o se brinca e as delibera\u00e7\u00f5es para o contingenciamento do coronav\u00edrus s\u00e3o assunto s\u00e9rio. Fazer alarde desnecess\u00e1rio ou de algo que n\u00e3o existe \u00e9 infra\u00e7\u00e3o prevista no Artigo 41 da Lei de Contraven\u00e7\u00f5es Penais: \u201cprovocar alarme, anunciando desastre ou perigo inexistente, ou praticar qualquer ato capaz de produzir p\u00e2nico ou tumulto\u201d.<\/p>\n<div class=\"pksxg69f774b904e19\" ><br><\/div><style type=\"text\/css\">\r\n@media screen and (min-width: 1201px) {\r\n.pksxg69f774b904e19 {\r\ndisplay: block;\r\n}\r\n}\r\n@media screen and (min-width: 993px) and (max-width: 1200px) {\r\n.pksxg69f774b904e19 {\r\ndisplay: block;\r\n}\r\n}\r\n@media screen and (min-width: 769px) and (max-width: 992px) {\r\n.pksxg69f774b904e19 {\r\ndisplay: block;\r\n}\r\n}\r\n@media screen and (min-width: 768px) and (max-width: 768px) {\r\n.pksxg69f774b904e19 {\r\ndisplay: block;\r\n}\r\n}\r\n@media screen and (max-width: 767px) {\r\n.pksxg69f774b904e19 {\r\ndisplay: block;\r\n}\r\n}\r\n<\/style>\r\n<div class=\"nkqoz69f774b909ed3\" ><div id=\"div_destino\"><\/div>\r\n<script src=\"https:\/\/cdn.snsrsv.com\/sdk.js\"><\/script>\r\n<script >\r\n      new sdk(\"464030C30061EA8BE065000000000001\") \r\n          .appendTo(\"div_destino\")\r\n          .disableStyle(true) \r\n          .setCacheBusterMacro(\"%%CACHEBUSTER%%\")\r\n          .setSize(\"800\",\"214\")\r\n          .setClickMacro(\"%%CLICK_URL_ESC%%\") \r\n          .setReferrerUrlMacro(\"%%REFERRER_URL_ESC%%\") \r\n          .start(); \r\n<\/script><\/div><style type=\"text\/css\">\r\n@media screen and (min-width: 1201px) {\r\n.nkqoz69f774b909ed3 {\r\ndisplay: block;\r\n}\r\n}\r\n@media screen and (min-width: 993px) and (max-width: 1200px) {\r\n.nkqoz69f774b909ed3 {\r\ndisplay: block;\r\n}\r\n}\r\n@media screen and (min-width: 769px) and (max-width: 992px) {\r\n.nkqoz69f774b909ed3 {\r\ndisplay: block;\r\n}\r\n}\r\n@media screen and (min-width: 768px) and (max-width: 768px) {\r\n.nkqoz69f774b909ed3 {\r\ndisplay: block;\r\n}\r\n}\r\n@media screen and (max-width: 767px) {\r\n.nkqoz69f774b909ed3 {\r\ndisplay: block;\r\n}\r\n}\r\n<\/style>\r\n","protected":false},"excerpt":{"rendered":"<p>Uma s\u00e9rie de medidas contra a pandemia provocada pelo novo coronav\u00edrus, respons\u00e1vel pela transmiss\u00e3o da Covid-19, vem sendo definida pelo poder p\u00fablico. Como a grande preocupa\u00e7\u00e3o \u00e9 frear o cont\u00e1gio, a interrup\u00e7\u00e3o de atividades comerciais com potencial de aglomera\u00e7\u00e3o de<\/p>\n<p class=\"link-more\"><a class=\"more-link\" href=\"https:\/\/marcelolopes.jor.br\/site\/2020\/03\/22\/policia-civil-sera-punido-quem-descumprir-medidas-de-enfrentamento-ao-coronavirus\/\">Leia mais <span class=\"screen-reader-text\">Pol\u00edcia Civil: Ser\u00e1 punido quem descumprir medidas de enfrentamento ao coronav\u00edrus<\/span><\/a><\/p>\n","protected":false},"author":2,"featured_media":12924,"comment_status":"open","ping_status":"open","sticky":false,"template":"","format":"standard","meta":{"footnotes":""},"categories":[1],"tags":[2241,2275,2258,2276],"class_list":["post-12922","post","type-post","status-publish","format-standard","has-post-thumbnail","hentry","category-noticias","tag-covid-19","tag-isolamento","tag-novo-coronavirus","tag-quarentena","thumb-below-title"],"yoast_head":"<!-- This site is optimized with the Yoast SEO plugin v27.4 - https:\/\/yoast.com\/product\/yoast-seo-wordpress\/ -->\n<title>Pol\u00edcia Civil: Ser\u00e1 punido quem descumprir medidas de enfrentamento ao coronav\u00edrus | Marcelo Lopes<\/title>\n<meta name=\"robots\" content=\"index, follow, max-snippet:-1, max-image-preview:large, max-video-preview:-1\" \/>\n<link rel=\"canonical\" href=\"https:\/\/marcelolopes.jor.br\/site\/2020\/03\/22\/policia-civil-sera-punido-quem-descumprir-medidas-de-enfrentamento-ao-coronavirus\/\" \/>\n<meta property=\"og:locale\" content=\"pt_BR\" \/>\n<meta property=\"og:type\" content=\"article\" \/>\n<meta property=\"og:title\" content=\"Pol\u00edcia Civil: Ser\u00e1 punido quem descumprir medidas de enfrentamento ao coronav\u00edrus | Marcelo Lopes\" \/>\n<meta property=\"og:description\" content=\"Uma s\u00e9rie de medidas contra a pandemia provocada pelo novo coronav\u00edrus, respons\u00e1vel pela transmiss\u00e3o da Covid-19, vem sendo definida pelo poder p\u00fablico. Como a grande preocupa\u00e7\u00e3o \u00e9 frear o cont\u00e1gio, a interrup\u00e7\u00e3o de atividades comerciais com potencial de aglomera\u00e7\u00e3o deLeia mais Pol\u00edcia Civil: Ser\u00e1 punido quem descumprir medidas de enfrentamento ao coronav\u00edrus\" \/>\n<meta property=\"og:url\" content=\"https:\/\/marcelolopes.jor.br\/site\/2020\/03\/22\/policia-civil-sera-punido-quem-descumprir-medidas-de-enfrentamento-ao-coronavirus\/\" \/>\n<meta property=\"og:site_name\" content=\"Marcelo Lopes\" \/>\n<meta property=\"article:publisher\" content=\"https:\/\/www.facebook.com\/sitedomarcelolopes\" \/>\n<meta property=\"article:published_time\" content=\"2020-03-22T16:14:25+00:00\" \/>\n<meta property=\"og:image\" content=\"https:\/\/marcelolopes.jor.br\/site\/wp-content\/uploads\/2020\/03\/Praa-Santa-Rita.jpg\" \/>\n\t<meta property=\"og:image:width\" content=\"640\" \/>\n\t<meta property=\"og:image:height\" content=\"480\" \/>\n\t<meta property=\"og:image:type\" content=\"image\/jpeg\" \/>\n<meta name=\"author\" content=\"Marcelo Lopes\" \/>\n<meta name=\"twitter:card\" content=\"summary_large_image\" \/>\n<meta name=\"twitter:label1\" content=\"Escrito por\" \/>\n\t<meta name=\"twitter:data1\" content=\"Marcelo Lopes\" \/>\n\t<meta name=\"twitter:label2\" content=\"Est. tempo de leitura\" \/>\n\t<meta name=\"twitter:data2\" content=\"3 minutos\" \/>\n<script type=\"application\/ld+json\" class=\"yoast-schema-graph\">{\"@context\":\"https:\\\/\\\/schema.org\",\"@graph\":[{\"@type\":\"NewsArticle\",\"@id\":\"https:\\\/\\\/marcelolopes.jor.br\\\/site\\\/2020\\\/03\\\/22\\\/policia-civil-sera-punido-quem-descumprir-medidas-de-enfrentamento-ao-coronavirus\\\/#article\",\"isPartOf\":{\"@id\":\"https:\\\/\\\/marcelolopes.jor.br\\\/site\\\/2020\\\/03\\\/22\\\/policia-civil-sera-punido-quem-descumprir-medidas-de-enfrentamento-ao-coronavirus\\\/\"},\"author\":{\"name\":\"Marcelo Lopes\",\"@id\":\"https:\\\/\\\/marcelolopes.jor.br\\\/site\\\/#\\\/schema\\\/person\\\/3e7216a35c34d8fdf952b31da3d1f89f\"},\"headline\":\"Pol\u00edcia Civil: Ser\u00e1 punido quem descumprir medidas de enfrentamento ao coronav\u00edrus\",\"datePublished\":\"2020-03-22T16:14:25+00:00\",\"mainEntityOfPage\":{\"@id\":\"https:\\\/\\\/marcelolopes.jor.br\\\/site\\\/2020\\\/03\\\/22\\\/policia-civil-sera-punido-quem-descumprir-medidas-de-enfrentamento-ao-coronavirus\\\/\"},\"wordCount\":559,\"commentCount\":0,\"publisher\":{\"@id\":\"https:\\\/\\\/marcelolopes.jor.br\\\/site\\\/#organization\"},\"image\":{\"@id\":\"https:\\\/\\\/marcelolopes.jor.br\\\/site\\\/2020\\\/03\\\/22\\\/policia-civil-sera-punido-quem-descumprir-medidas-de-enfrentamento-ao-coronavirus\\\/#primaryimage\"},\"thumbnailUrl\":\"https:\\\/\\\/marcelolopes.jor.br\\\/site\\\/wp-content\\\/uploads\\\/2020\\\/03\\\/Praa-Santa-Rita.jpg\",\"keywords\":[\"covid-19\",\"isolamento\",\"novo coronav\u00edrus\",\"quarentena\"],\"articleSection\":[\"Not\u00edcias\"],\"inLanguage\":\"pt-BR\",\"potentialAction\":[{\"@type\":\"CommentAction\",\"name\":\"Comment\",\"target\":[\"https:\\\/\\\/marcelolopes.jor.br\\\/site\\\/2020\\\/03\\\/22\\\/policia-civil-sera-punido-quem-descumprir-medidas-de-enfrentamento-ao-coronavirus\\\/#respond\"]}]},{\"@type\":\"WebPage\",\"@id\":\"https:\\\/\\\/marcelolopes.jor.br\\\/site\\\/2020\\\/03\\\/22\\\/policia-civil-sera-punido-quem-descumprir-medidas-de-enfrentamento-ao-coronavirus\\\/\",\"url\":\"https:\\\/\\\/marcelolopes.jor.br\\\/site\\\/2020\\\/03\\\/22\\\/policia-civil-sera-punido-quem-descumprir-medidas-de-enfrentamento-ao-coronavirus\\\/\",\"name\":\"Pol\u00edcia Civil: Ser\u00e1 punido quem descumprir medidas de enfrentamento ao coronav\u00edrus | Marcelo Lopes\",\"isPartOf\":{\"@id\":\"https:\\\/\\\/marcelolopes.jor.br\\\/site\\\/#website\"},\"primaryImageOfPage\":{\"@id\":\"https:\\\/\\\/marcelolopes.jor.br\\\/site\\\/2020\\\/03\\\/22\\\/policia-civil-sera-punido-quem-descumprir-medidas-de-enfrentamento-ao-coronavirus\\\/#primaryimage\"},\"image\":{\"@id\":\"https:\\\/\\\/marcelolopes.jor.br\\\/site\\\/2020\\\/03\\\/22\\\/policia-civil-sera-punido-quem-descumprir-medidas-de-enfrentamento-ao-coronavirus\\\/#primaryimage\"},\"thumbnailUrl\":\"https:\\\/\\\/marcelolopes.jor.br\\\/site\\\/wp-content\\\/uploads\\\/2020\\\/03\\\/Praa-Santa-Rita.jpg\",\"datePublished\":\"2020-03-22T16:14:25+00:00\",\"breadcrumb\":{\"@id\":\"https:\\\/\\\/marcelolopes.jor.br\\\/site\\\/2020\\\/03\\\/22\\\/policia-civil-sera-punido-quem-descumprir-medidas-de-enfrentamento-ao-coronavirus\\\/#breadcrumb\"},\"inLanguage\":\"pt-BR\",\"potentialAction\":[{\"@type\":\"ReadAction\",\"target\":[\"https:\\\/\\\/marcelolopes.jor.br\\\/site\\\/2020\\\/03\\\/22\\\/policia-civil-sera-punido-quem-descumprir-medidas-de-enfrentamento-ao-coronavirus\\\/\"]}]},{\"@type\":\"ImageObject\",\"inLanguage\":\"pt-BR\",\"@id\":\"https:\\\/\\\/marcelolopes.jor.br\\\/site\\\/2020\\\/03\\\/22\\\/policia-civil-sera-punido-quem-descumprir-medidas-de-enfrentamento-ao-coronavirus\\\/#primaryimage\",\"url\":\"https:\\\/\\\/marcelolopes.jor.br\\\/site\\\/wp-content\\\/uploads\\\/2020\\\/03\\\/Praa-Santa-Rita.jpg\",\"contentUrl\":\"https:\\\/\\\/marcelolopes.jor.br\\\/site\\\/wp-content\\\/uploads\\\/2020\\\/03\\\/Praa-Santa-Rita.jpg\",\"width\":640,\"height\":480},{\"@type\":\"BreadcrumbList\",\"@id\":\"https:\\\/\\\/marcelolopes.jor.br\\\/site\\\/2020\\\/03\\\/22\\\/policia-civil-sera-punido-quem-descumprir-medidas-de-enfrentamento-ao-coronavirus\\\/#breadcrumb\",\"itemListElement\":[{\"@type\":\"ListItem\",\"position\":1,\"name\":\"Home\",\"item\":\"https:\\\/\\\/marcelolopes.jor.br\\\/site\\\/\"},{\"@type\":\"ListItem\",\"position\":2,\"name\":\"Pol\u00edcia Civil: Ser\u00e1 punido quem descumprir medidas de enfrentamento ao coronav\u00edrus\"}]},{\"@type\":\"WebSite\",\"@id\":\"https:\\\/\\\/marcelolopes.jor.br\\\/site\\\/#website\",\"url\":\"https:\\\/\\\/marcelolopes.jor.br\\\/site\\\/\",\"name\":\"Marcelo Lopes\",\"description\":\"Not\u00edcias de Cataguases e Regi\u00e3o\",\"publisher\":{\"@id\":\"https:\\\/\\\/marcelolopes.jor.br\\\/site\\\/#organization\"},\"potentialAction\":[{\"@type\":\"SearchAction\",\"target\":{\"@type\":\"EntryPoint\",\"urlTemplate\":\"https:\\\/\\\/marcelolopes.jor.br\\\/site\\\/?s={search_term_string}\"},\"query-input\":{\"@type\":\"PropertyValueSpecification\",\"valueRequired\":true,\"valueName\":\"search_term_string\"}}],\"inLanguage\":\"pt-BR\"},{\"@type\":\"Organization\",\"@id\":\"https:\\\/\\\/marcelolopes.jor.br\\\/site\\\/#organization\",\"name\":\"Site do Marcelo Lopes\",\"url\":\"https:\\\/\\\/marcelolopes.jor.br\\\/site\\\/\",\"logo\":{\"@type\":\"ImageObject\",\"inLanguage\":\"pt-BR\",\"@id\":\"https:\\\/\\\/marcelolopes.jor.br\\\/site\\\/#\\\/schema\\\/logo\\\/image\\\/\",\"url\":\"https:\\\/\\\/marcelolopes.jor.br\\\/site\\\/wp-content\\\/uploads\\\/2024\\\/11\\\/logo-1.png\",\"contentUrl\":\"https:\\\/\\\/marcelolopes.jor.br\\\/site\\\/wp-content\\\/uploads\\\/2024\\\/11\\\/logo-1.png\",\"width\":475,\"height\":80,\"caption\":\"Site do Marcelo Lopes\"},\"image\":{\"@id\":\"https:\\\/\\\/marcelolopes.jor.br\\\/site\\\/#\\\/schema\\\/logo\\\/image\\\/\"},\"sameAs\":[\"https:\\\/\\\/www.facebook.com\\\/sitedomarcelolopes\",\"https:\\\/\\\/www.instagram.com\\\/sitedomarcelolopes\\\/\",\"https:\\\/\\\/www.linkedin.com\\\/company\\\/site-do-marcelo-lopes\\\/\",\"https:\\\/\\\/www.youtube.com\\\/user\\\/marcelolopes957\"]},{\"@type\":\"Person\",\"@id\":\"https:\\\/\\\/marcelolopes.jor.br\\\/site\\\/#\\\/schema\\\/person\\\/3e7216a35c34d8fdf952b31da3d1f89f\",\"name\":\"Marcelo Lopes\",\"sameAs\":[\"http:\\\/\\\/www.marcelolopes.jor.br\"],\"url\":\"https:\\\/\\\/marcelolopes.jor.br\\\/site\\\/author\\\/marcelo\\\/\"}]}<\/script>\n<!-- \/ Yoast SEO plugin. -->","yoast_head_json":{"title":"Pol\u00edcia Civil: Ser\u00e1 punido quem descumprir medidas de enfrentamento ao coronav\u00edrus | Marcelo Lopes","robots":{"index":"index","follow":"follow","max-snippet":"max-snippet:-1","max-image-preview":"max-image-preview:large","max-video-preview":"max-video-preview:-1"},"canonical":"https:\/\/marcelolopes.jor.br\/site\/2020\/03\/22\/policia-civil-sera-punido-quem-descumprir-medidas-de-enfrentamento-ao-coronavirus\/","og_locale":"pt_BR","og_type":"article","og_title":"Pol\u00edcia Civil: Ser\u00e1 punido quem descumprir medidas de enfrentamento ao coronav\u00edrus | Marcelo Lopes","og_description":"Uma s\u00e9rie de medidas contra a pandemia provocada pelo novo coronav\u00edrus, respons\u00e1vel pela transmiss\u00e3o da Covid-19, vem sendo definida pelo poder p\u00fablico. Como a grande preocupa\u00e7\u00e3o \u00e9 frear o cont\u00e1gio, a interrup\u00e7\u00e3o de atividades comerciais com potencial de aglomera\u00e7\u00e3o deLeia mais Pol\u00edcia Civil: Ser\u00e1 punido quem descumprir medidas de enfrentamento ao coronav\u00edrus","og_url":"https:\/\/marcelolopes.jor.br\/site\/2020\/03\/22\/policia-civil-sera-punido-quem-descumprir-medidas-de-enfrentamento-ao-coronavirus\/","og_site_name":"Marcelo Lopes","article_publisher":"https:\/\/www.facebook.com\/sitedomarcelolopes","article_published_time":"2020-03-22T16:14:25+00:00","og_image":[{"width":640,"height":480,"url":"https:\/\/marcelolopes.jor.br\/site\/wp-content\/uploads\/2020\/03\/Praa-Santa-Rita.jpg","type":"image\/jpeg"}],"author":"Marcelo Lopes","twitter_card":"summary_large_image","twitter_misc":{"Escrito por":"Marcelo Lopes","Est. tempo de leitura":"3 minutos"},"schema":{"@context":"https:\/\/schema.org","@graph":[{"@type":"NewsArticle","@id":"https:\/\/marcelolopes.jor.br\/site\/2020\/03\/22\/policia-civil-sera-punido-quem-descumprir-medidas-de-enfrentamento-ao-coronavirus\/#article","isPartOf":{"@id":"https:\/\/marcelolopes.jor.br\/site\/2020\/03\/22\/policia-civil-sera-punido-quem-descumprir-medidas-de-enfrentamento-ao-coronavirus\/"},"author":{"name":"Marcelo Lopes","@id":"https:\/\/marcelolopes.jor.br\/site\/#\/schema\/person\/3e7216a35c34d8fdf952b31da3d1f89f"},"headline":"Pol\u00edcia Civil: Ser\u00e1 punido quem descumprir medidas de enfrentamento ao coronav\u00edrus","datePublished":"2020-03-22T16:14:25+00:00","mainEntityOfPage":{"@id":"https:\/\/marcelolopes.jor.br\/site\/2020\/03\/22\/policia-civil-sera-punido-quem-descumprir-medidas-de-enfrentamento-ao-coronavirus\/"},"wordCount":559,"commentCount":0,"publisher":{"@id":"https:\/\/marcelolopes.jor.br\/site\/#organization"},"image":{"@id":"https:\/\/marcelolopes.jor.br\/site\/2020\/03\/22\/policia-civil-sera-punido-quem-descumprir-medidas-de-enfrentamento-ao-coronavirus\/#primaryimage"},"thumbnailUrl":"https:\/\/marcelolopes.jor.br\/site\/wp-content\/uploads\/2020\/03\/Praa-Santa-Rita.jpg","keywords":["covid-19","isolamento","novo coronav\u00edrus","quarentena"],"articleSection":["Not\u00edcias"],"inLanguage":"pt-BR","potentialAction":[{"@type":"CommentAction","name":"Comment","target":["https:\/\/marcelolopes.jor.br\/site\/2020\/03\/22\/policia-civil-sera-punido-quem-descumprir-medidas-de-enfrentamento-ao-coronavirus\/#respond"]}]},{"@type":"WebPage","@id":"https:\/\/marcelolopes.jor.br\/site\/2020\/03\/22\/policia-civil-sera-punido-quem-descumprir-medidas-de-enfrentamento-ao-coronavirus\/","url":"https:\/\/marcelolopes.jor.br\/site\/2020\/03\/22\/policia-civil-sera-punido-quem-descumprir-medidas-de-enfrentamento-ao-coronavirus\/","name":"Pol\u00edcia Civil: Ser\u00e1 punido quem descumprir medidas de enfrentamento ao coronav\u00edrus | Marcelo Lopes","isPartOf":{"@id":"https:\/\/marcelolopes.jor.br\/site\/#website"},"primaryImageOfPage":{"@id":"https:\/\/marcelolopes.jor.br\/site\/2020\/03\/22\/policia-civil-sera-punido-quem-descumprir-medidas-de-enfrentamento-ao-coronavirus\/#primaryimage"},"image":{"@id":"https:\/\/marcelolopes.jor.br\/site\/2020\/03\/22\/policia-civil-sera-punido-quem-descumprir-medidas-de-enfrentamento-ao-coronavirus\/#primaryimage"},"thumbnailUrl":"https:\/\/marcelolopes.jor.br\/site\/wp-content\/uploads\/2020\/03\/Praa-Santa-Rita.jpg","datePublished":"2020-03-22T16:14:25+00:00","breadcrumb":{"@id":"https:\/\/marcelolopes.jor.br\/site\/2020\/03\/22\/policia-civil-sera-punido-quem-descumprir-medidas-de-enfrentamento-ao-coronavirus\/#breadcrumb"},"inLanguage":"pt-BR","potentialAction":[{"@type":"ReadAction","target":["https:\/\/marcelolopes.jor.br\/site\/2020\/03\/22\/policia-civil-sera-punido-quem-descumprir-medidas-de-enfrentamento-ao-coronavirus\/"]}]},{"@type":"ImageObject","inLanguage":"pt-BR","@id":"https:\/\/marcelolopes.jor.br\/site\/2020\/03\/22\/policia-civil-sera-punido-quem-descumprir-medidas-de-enfrentamento-ao-coronavirus\/#primaryimage","url":"https:\/\/marcelolopes.jor.br\/site\/wp-content\/uploads\/2020\/03\/Praa-Santa-Rita.jpg","contentUrl":"https:\/\/marcelolopes.jor.br\/site\/wp-content\/uploads\/2020\/03\/Praa-Santa-Rita.jpg","width":640,"height":480},{"@type":"BreadcrumbList","@id":"https:\/\/marcelolopes.jor.br\/site\/2020\/03\/22\/policia-civil-sera-punido-quem-descumprir-medidas-de-enfrentamento-ao-coronavirus\/#breadcrumb","itemListElement":[{"@type":"ListItem","position":1,"name":"Home","item":"https:\/\/marcelolopes.jor.br\/site\/"},{"@type":"ListItem","position":2,"name":"Pol\u00edcia Civil: Ser\u00e1 punido quem descumprir medidas de enfrentamento ao coronav\u00edrus"}]},{"@type":"WebSite","@id":"https:\/\/marcelolopes.jor.br\/site\/#website","url":"https:\/\/marcelolopes.jor.br\/site\/","name":"Marcelo Lopes","description":"Not\u00edcias de Cataguases e Regi\u00e3o","publisher":{"@id":"https:\/\/marcelolopes.jor.br\/site\/#organization"},"potentialAction":[{"@type":"SearchAction","target":{"@type":"EntryPoint","urlTemplate":"https:\/\/marcelolopes.jor.br\/site\/?s={search_term_string}"},"query-input":{"@type":"PropertyValueSpecification","valueRequired":true,"valueName":"search_term_string"}}],"inLanguage":"pt-BR"},{"@type":"Organization","@id":"https:\/\/marcelolopes.jor.br\/site\/#organization","name":"Site do Marcelo Lopes","url":"https:\/\/marcelolopes.jor.br\/site\/","logo":{"@type":"ImageObject","inLanguage":"pt-BR","@id":"https:\/\/marcelolopes.jor.br\/site\/#\/schema\/logo\/image\/","url":"https:\/\/marcelolopes.jor.br\/site\/wp-content\/uploads\/2024\/11\/logo-1.png","contentUrl":"https:\/\/marcelolopes.jor.br\/site\/wp-content\/uploads\/2024\/11\/logo-1.png","width":475,"height":80,"caption":"Site do Marcelo Lopes"},"image":{"@id":"https:\/\/marcelolopes.jor.br\/site\/#\/schema\/logo\/image\/"},"sameAs":["https:\/\/www.facebook.com\/sitedomarcelolopes","https:\/\/www.instagram.com\/sitedomarcelolopes\/","https:\/\/www.linkedin.com\/company\/site-do-marcelo-lopes\/","https:\/\/www.youtube.com\/user\/marcelolopes957"]},{"@type":"Person","@id":"https:\/\/marcelolopes.jor.br\/site\/#\/schema\/person\/3e7216a35c34d8fdf952b31da3d1f89f","name":"Marcelo Lopes","sameAs":["http:\/\/www.marcelolopes.jor.br"],"url":"https:\/\/marcelolopes.jor.br\/site\/author\/marcelo\/"}]}},"wps_subtitle":"Respeitar o isolamento \u00e9 a medida legal, ensejando em crime no caso do seu descumprimento.","_links":{"self":[{"href":"https:\/\/marcelolopes.jor.br\/site\/wp-json\/wp\/v2\/posts\/12922","targetHints":{"allow":["GET"]}}],"collection":[{"href":"https:\/\/marcelolopes.jor.br\/site\/wp-json\/wp\/v2\/posts"}],"about":[{"href":"https:\/\/marcelolopes.jor.br\/site\/wp-json\/wp\/v2\/types\/post"}],"author":[{"embeddable":true,"href":"https:\/\/marcelolopes.jor.br\/site\/wp-json\/wp\/v2\/users\/2"}],"replies":[{"embeddable":true,"href":"https:\/\/marcelolopes.jor.br\/site\/wp-json\/wp\/v2\/comments?post=12922"}],"version-history":[{"count":0,"href":"https:\/\/marcelolopes.jor.br\/site\/wp-json\/wp\/v2\/posts\/12922\/revisions"}],"wp:featuredmedia":[{"embeddable":true,"href":"https:\/\/marcelolopes.jor.br\/site\/wp-json\/wp\/v2\/media\/12924"}],"wp:attachment":[{"href":"https:\/\/marcelolopes.jor.br\/site\/wp-json\/wp\/v2\/media?parent=12922"}],"wp:term":[{"taxonomy":"category","embeddable":true,"href":"https:\/\/marcelolopes.jor.br\/site\/wp-json\/wp\/v2\/categories?post=12922"},{"taxonomy":"post_tag","embeddable":true,"href":"https:\/\/marcelolopes.jor.br\/site\/wp-json\/wp\/v2\/tags?post=12922"}],"curies":[{"name":"wp","href":"https:\/\/api.w.org\/{rel}","templated":true}]}}