{"id":12863,"date":"2020-03-19T20:24:09","date_gmt":"2020-03-19T23:24:09","guid":{"rendered":"https:\/\/marcelolopes.jor.br\/?p=12863"},"modified":"2020-03-19T20:25:14","modified_gmt":"2020-03-19T23:25:14","slug":"decreto-limita-ainda-mais-a-circulacao-de-pessoas-em-cataguases","status":"publish","type":"post","link":"https:\/\/marcelolopes.jor.br\/site\/2020\/03\/19\/decreto-limita-ainda-mais-a-circulacao-de-pessoas-em-cataguases\/","title":{"rendered":"Decreto limita ainda mais a circula\u00e7\u00e3o de pessoas em Cataguases"},"content":{"rendered":"<p style=\"text-align: justify;\">O prefeito de Cataguases, Willian Lobo de Almeida, baixou decreto no final da tarde desta quinta-feira, 19 de mar\u00e7o, com uma s\u00e9rie de restri\u00e7\u00f5es e proibi\u00e7\u00f5es a empresas e atividades do cotidiano do munic\u00edpio. O decreto n\u00ba 5.202\/2020 refor\u00e7a as medidas adotadas no decreto anterior que levou Cataguases ao estado de Situa\u00e7\u00e3o de Emerg\u00eancia e faz uma s\u00e9rie de proibi\u00e7\u00f5es como, por exemplo, o funcionamento de casas de show, boates, danceterias e clubes, entre outros.<!--more--><\/p>\n<p style=\"text-align: justify;\">O documento tamb\u00e9m suspendeu as aulas na rede municipal de ensino at\u00e9 o dia 31 de mar\u00e7o, determinou a redu\u00e7\u00e3o de mesas em restaurantes em 70%, proibiu padarias de manterem mesas em suas depend\u00eancias, determina que em caso de filas as pessoas devem ficar distantes um metro uma das outras, bem como todas as atividades que com potencial de aglomera\u00e7\u00e3o de pessoas dever\u00e3o funcionar restringindo o fluxo de pessoas.<\/p>\n<p style=\"text-align: justify;\">Tamb\u00e9m foi suspenso o atendimento ao p\u00fablico para recebimento do FGTS que vinha sendo feito na antiga esta\u00e7\u00e3o ferrovi\u00e1ria, proibiu as pessoas de ficarem jogando baralho, Damas ou Xadrez, na pra\u00e7a Dona Catarina; Os restaurantes devem incentivar o servi\u00e7o de delivery; Os passageiros dos \u00f4nibus que chegarem a Cataguases de outras cidades v\u00e3o cumprir uma quarentena de 14 dias; Est\u00e1 proibida viagens de lojistas para compras em grandes centros; Est\u00e1 suspensa a gratuidade nos \u00f4nibus urbanos, exceto para casos de doen\u00e7a j\u00e1 previstas em lei; os atendimentos pelo SUS ser\u00e3o somente para casos de urg\u00eancia\/emerg\u00eancia; Os vel\u00f3rios dever\u00e3o ser realizados em no m\u00e1ximo duas horas sendo que seus participantes devem observar dist\u00e2ncia m\u00ednima de 2 metros uma das outras; Fica decretado ponto facultativo no munic\u00edpio at\u00e9 dia 31 de mar\u00e7o.<\/p>\n<p style=\"text-align: justify;\">A fiscaliza\u00e7\u00e3o do cumprimento do decreto ser\u00e1 feito pela Fiscaliza\u00e7\u00e3o Municipal e a desobedi\u00eancia vai sujeitar os infratores \u00e0s san\u00e7\u00f5es penais previstas na legisla\u00e7\u00e3o em vigor. Conhe\u00e7a o decreto no v\u00eddeo abaixo.<\/p>\n<div id=\"fb-root\"><\/div>\n<p><script async=\"1\" defer=\"1\" crossorigin=\"anonymous\" src=\"https:\/\/connect.facebook.net\/en_US\/sdk.js#xfbml=1&amp;version=v6.0\"><\/script><\/p>\n<div class=\"fb-video\" data-href=\"https:\/\/www.facebook.com\/sitedomarcelolopes\/videos\/573588919906489\/\" data-width=\"880\">\n<blockquote cite=\"https:\/\/www.facebook.com\/sitedomarcelolopes\/videos\/573588919906489\/\" class=\"fb-xfbml-parse-ignore\"><p><a href=\"https:\/\/www.facebook.com\/sitedomarcelolopes\/videos\/573588919906489\/\">Decreto vai diminuir o n\u00famero de pessoas nas ruas<\/a><\/p>\n<p>Prefeito decidiu limitar ainda mais o funcionamento de empresas e servi\u00e7os no munic\u00edpio.<\/p>\n<p>Posted by <a href=\"https:\/\/www.facebook.com\/sitedomarcelolopes\/\">Site do Marcelo Lopes<\/a> on Thursday, March 19, 2020<\/p><\/blockquote>\n<\/div>\n<div class=\"nrryr69f7398dc5f50\" ><br><\/div><style type=\"text\/css\">\r\n@media screen and (min-width: 1201px) {\r\n.nrryr69f7398dc5f50 {\r\ndisplay: block;\r\n}\r\n}\r\n@media screen and (min-width: 993px) and (max-width: 1200px) {\r\n.nrryr69f7398dc5f50 {\r\ndisplay: block;\r\n}\r\n}\r\n@media screen and (min-width: 769px) and (max-width: 992px) {\r\n.nrryr69f7398dc5f50 {\r\ndisplay: block;\r\n}\r\n}\r\n@media screen and (min-width: 768px) and (max-width: 768px) {\r\n.nrryr69f7398dc5f50 {\r\ndisplay: block;\r\n}\r\n}\r\n@media screen and (max-width: 767px) {\r\n.nrryr69f7398dc5f50 {\r\ndisplay: block;\r\n}\r\n}\r\n<\/style>\r\n<div class=\"ychxp69f7398dcb12a\" ><div id=\"div_destino\"><\/div>\r\n<script src=\"https:\/\/cdn.snsrsv.com\/sdk.js\"><\/script>\r\n<script >\r\n      new sdk(\"464030C30061EA8BE065000000000001\") \r\n          .appendTo(\"div_destino\")\r\n          .disableStyle(true) \r\n          .setCacheBusterMacro(\"%%CACHEBUSTER%%\")\r\n          .setSize(\"800\",\"214\")\r\n          .setClickMacro(\"%%CLICK_URL_ESC%%\") \r\n          .setReferrerUrlMacro(\"%%REFERRER_URL_ESC%%\") \r\n          .start(); \r\n<\/script><\/div><style type=\"text\/css\">\r\n@media screen and (min-width: 1201px) {\r\n.ychxp69f7398dcb12a {\r\ndisplay: block;\r\n}\r\n}\r\n@media screen and (min-width: 993px) and (max-width: 1200px) {\r\n.ychxp69f7398dcb12a {\r\ndisplay: block;\r\n}\r\n}\r\n@media screen and (min-width: 769px) and (max-width: 992px) {\r\n.ychxp69f7398dcb12a {\r\ndisplay: block;\r\n}\r\n}\r\n@media screen and (min-width: 768px) and (max-width: 768px) {\r\n.ychxp69f7398dcb12a {\r\ndisplay: block;\r\n}\r\n}\r\n@media screen and (max-width: 767px) {\r\n.ychxp69f7398dcb12a {\r\ndisplay: block;\r\n}\r\n}\r\n<\/style>\r\n","protected":false},"excerpt":{"rendered":"<p>O prefeito de Cataguases, Willian Lobo de Almeida, baixou decreto no final da tarde desta quinta-feira, 19 de mar\u00e7o, com uma s\u00e9rie de restri\u00e7\u00f5es e proibi\u00e7\u00f5es a empresas e atividades do cotidiano do munic\u00edpio. O decreto n\u00ba 5.202\/2020 refor\u00e7a as<\/p>\n<p class=\"link-more\"><a class=\"more-link\" href=\"https:\/\/marcelolopes.jor.br\/site\/2020\/03\/19\/decreto-limita-ainda-mais-a-circulacao-de-pessoas-em-cataguases\/\">Leia mais <span class=\"screen-reader-text\">Decreto limita ainda mais a circula\u00e7\u00e3o de pessoas em Cataguases<\/span><\/a><\/p>\n","protected":false},"author":2,"featured_media":12865,"comment_status":"open","ping_status":"open","sticky":false,"template":"","format":"standard","meta":{"footnotes":""},"categories":[1],"tags":[335,2258,2250,1204],"class_list":["post-12863","post","type-post","status-publish","format-standard","has-post-thumbnail","hentry","category-noticias","tag-decreto","tag-novo-coronavirus","tag-pandemia","tag-saude-publica","thumb-below-title"],"yoast_head":"<!-- This site is optimized with the Yoast SEO plugin v27.4 - https:\/\/yoast.com\/product\/yoast-seo-wordpress\/ -->\n<title>Decreto limita ainda mais a circula\u00e7\u00e3o de pessoas em Cataguases | Marcelo Lopes<\/title>\n<meta name=\"robots\" content=\"index, follow, max-snippet:-1, max-image-preview:large, max-video-preview:-1\" \/>\n<link rel=\"canonical\" href=\"https:\/\/marcelolopes.jor.br\/site\/2020\/03\/19\/decreto-limita-ainda-mais-a-circulacao-de-pessoas-em-cataguases\/\" \/>\n<meta property=\"og:locale\" content=\"pt_BR\" \/>\n<meta property=\"og:type\" content=\"article\" \/>\n<meta property=\"og:title\" content=\"Decreto limita ainda mais a circula\u00e7\u00e3o de pessoas em Cataguases | Marcelo Lopes\" \/>\n<meta property=\"og:description\" content=\"O prefeito de Cataguases, Willian Lobo de Almeida, baixou decreto no final da tarde desta quinta-feira, 19 de mar\u00e7o, com uma s\u00e9rie de restri\u00e7\u00f5es e proibi\u00e7\u00f5es a empresas e atividades do cotidiano do munic\u00edpio. O decreto n\u00ba 5.202\/2020 refor\u00e7a asLeia mais Decreto limita ainda mais a circula\u00e7\u00e3o de pessoas em Cataguases\" \/>\n<meta property=\"og:url\" content=\"https:\/\/marcelolopes.jor.br\/site\/2020\/03\/19\/decreto-limita-ainda-mais-a-circulacao-de-pessoas-em-cataguases\/\" \/>\n<meta property=\"og:site_name\" content=\"Marcelo Lopes\" \/>\n<meta property=\"article:publisher\" content=\"https:\/\/www.facebook.com\/sitedomarcelolopes\" \/>\n<meta property=\"article:published_time\" content=\"2020-03-19T23:24:09+00:00\" \/>\n<meta property=\"article:modified_time\" content=\"2020-03-19T23:25:14+00:00\" \/>\n<meta property=\"og:image\" content=\"https:\/\/marcelolopes.jor.br\/site\/wp-content\/uploads\/2020\/03\/IMG_2772.jpeg\" \/>\n\t<meta property=\"og:image:width\" content=\"800\" \/>\n\t<meta property=\"og:image:height\" content=\"450\" \/>\n\t<meta property=\"og:image:type\" content=\"image\/jpeg\" \/>\n<meta name=\"author\" content=\"Marcelo Lopes\" \/>\n<meta name=\"twitter:card\" content=\"summary_large_image\" \/>\n<meta name=\"twitter:label1\" content=\"Escrito por\" \/>\n\t<meta name=\"twitter:data1\" content=\"Marcelo Lopes\" \/>\n\t<meta name=\"twitter:label2\" content=\"Est. tempo de leitura\" \/>\n\t<meta name=\"twitter:data2\" content=\"2 minutos\" \/>\n<script type=\"application\/ld+json\" class=\"yoast-schema-graph\">{\"@context\":\"https:\\\/\\\/schema.org\",\"@graph\":[{\"@type\":\"NewsArticle\",\"@id\":\"https:\\\/\\\/marcelolopes.jor.br\\\/site\\\/2020\\\/03\\\/19\\\/decreto-limita-ainda-mais-a-circulacao-de-pessoas-em-cataguases\\\/#article\",\"isPartOf\":{\"@id\":\"https:\\\/\\\/marcelolopes.jor.br\\\/site\\\/2020\\\/03\\\/19\\\/decreto-limita-ainda-mais-a-circulacao-de-pessoas-em-cataguases\\\/\"},\"author\":{\"name\":\"Marcelo Lopes\",\"@id\":\"https:\\\/\\\/marcelolopes.jor.br\\\/site\\\/#\\\/schema\\\/person\\\/3e7216a35c34d8fdf952b31da3d1f89f\"},\"headline\":\"Decreto limita ainda mais a circula\u00e7\u00e3o de pessoas em Cataguases\",\"datePublished\":\"2020-03-19T23:24:09+00:00\",\"dateModified\":\"2020-03-19T23:25:14+00:00\",\"mainEntityOfPage\":{\"@id\":\"https:\\\/\\\/marcelolopes.jor.br\\\/site\\\/2020\\\/03\\\/19\\\/decreto-limita-ainda-mais-a-circulacao-de-pessoas-em-cataguases\\\/\"},\"wordCount\":358,\"commentCount\":0,\"publisher\":{\"@id\":\"https:\\\/\\\/marcelolopes.jor.br\\\/site\\\/#organization\"},\"image\":{\"@id\":\"https:\\\/\\\/marcelolopes.jor.br\\\/site\\\/2020\\\/03\\\/19\\\/decreto-limita-ainda-mais-a-circulacao-de-pessoas-em-cataguases\\\/#primaryimage\"},\"thumbnailUrl\":\"https:\\\/\\\/marcelolopes.jor.br\\\/site\\\/wp-content\\\/uploads\\\/2020\\\/03\\\/IMG_2772.jpeg\",\"keywords\":[\"decreto\",\"novo coronav\u00edrus\",\"pandemia\",\"sa\u00fade p\u00fablica\"],\"articleSection\":[\"Not\u00edcias\"],\"inLanguage\":\"pt-BR\",\"potentialAction\":[{\"@type\":\"CommentAction\",\"name\":\"Comment\",\"target\":[\"https:\\\/\\\/marcelolopes.jor.br\\\/site\\\/2020\\\/03\\\/19\\\/decreto-limita-ainda-mais-a-circulacao-de-pessoas-em-cataguases\\\/#respond\"]}]},{\"@type\":\"WebPage\",\"@id\":\"https:\\\/\\\/marcelolopes.jor.br\\\/site\\\/2020\\\/03\\\/19\\\/decreto-limita-ainda-mais-a-circulacao-de-pessoas-em-cataguases\\\/\",\"url\":\"https:\\\/\\\/marcelolopes.jor.br\\\/site\\\/2020\\\/03\\\/19\\\/decreto-limita-ainda-mais-a-circulacao-de-pessoas-em-cataguases\\\/\",\"name\":\"Decreto limita ainda mais a circula\u00e7\u00e3o de pessoas em Cataguases | Marcelo Lopes\",\"isPartOf\":{\"@id\":\"https:\\\/\\\/marcelolopes.jor.br\\\/site\\\/#website\"},\"primaryImageOfPage\":{\"@id\":\"https:\\\/\\\/marcelolopes.jor.br\\\/site\\\/2020\\\/03\\\/19\\\/decreto-limita-ainda-mais-a-circulacao-de-pessoas-em-cataguases\\\/#primaryimage\"},\"image\":{\"@id\":\"https:\\\/\\\/marcelolopes.jor.br\\\/site\\\/2020\\\/03\\\/19\\\/decreto-limita-ainda-mais-a-circulacao-de-pessoas-em-cataguases\\\/#primaryimage\"},\"thumbnailUrl\":\"https:\\\/\\\/marcelolopes.jor.br\\\/site\\\/wp-content\\\/uploads\\\/2020\\\/03\\\/IMG_2772.jpeg\",\"datePublished\":\"2020-03-19T23:24:09+00:00\",\"dateModified\":\"2020-03-19T23:25:14+00:00\",\"breadcrumb\":{\"@id\":\"https:\\\/\\\/marcelolopes.jor.br\\\/site\\\/2020\\\/03\\\/19\\\/decreto-limita-ainda-mais-a-circulacao-de-pessoas-em-cataguases\\\/#breadcrumb\"},\"inLanguage\":\"pt-BR\",\"potentialAction\":[{\"@type\":\"ReadAction\",\"target\":[\"https:\\\/\\\/marcelolopes.jor.br\\\/site\\\/2020\\\/03\\\/19\\\/decreto-limita-ainda-mais-a-circulacao-de-pessoas-em-cataguases\\\/\"]}]},{\"@type\":\"ImageObject\",\"inLanguage\":\"pt-BR\",\"@id\":\"https:\\\/\\\/marcelolopes.jor.br\\\/site\\\/2020\\\/03\\\/19\\\/decreto-limita-ainda-mais-a-circulacao-de-pessoas-em-cataguases\\\/#primaryimage\",\"url\":\"https:\\\/\\\/marcelolopes.jor.br\\\/site\\\/wp-content\\\/uploads\\\/2020\\\/03\\\/IMG_2772.jpeg\",\"contentUrl\":\"https:\\\/\\\/marcelolopes.jor.br\\\/site\\\/wp-content\\\/uploads\\\/2020\\\/03\\\/IMG_2772.jpeg\",\"width\":800,\"height\":450},{\"@type\":\"BreadcrumbList\",\"@id\":\"https:\\\/\\\/marcelolopes.jor.br\\\/site\\\/2020\\\/03\\\/19\\\/decreto-limita-ainda-mais-a-circulacao-de-pessoas-em-cataguases\\\/#breadcrumb\",\"itemListElement\":[{\"@type\":\"ListItem\",\"position\":1,\"name\":\"Home\",\"item\":\"https:\\\/\\\/marcelolopes.jor.br\\\/site\\\/\"},{\"@type\":\"ListItem\",\"position\":2,\"name\":\"Decreto limita ainda mais a circula\u00e7\u00e3o de pessoas em Cataguases\"}]},{\"@type\":\"WebSite\",\"@id\":\"https:\\\/\\\/marcelolopes.jor.br\\\/site\\\/#website\",\"url\":\"https:\\\/\\\/marcelolopes.jor.br\\\/site\\\/\",\"name\":\"Marcelo Lopes\",\"description\":\"Not\u00edcias de Cataguases e Regi\u00e3o\",\"publisher\":{\"@id\":\"https:\\\/\\\/marcelolopes.jor.br\\\/site\\\/#organization\"},\"potentialAction\":[{\"@type\":\"SearchAction\",\"target\":{\"@type\":\"EntryPoint\",\"urlTemplate\":\"https:\\\/\\\/marcelolopes.jor.br\\\/site\\\/?s={search_term_string}\"},\"query-input\":{\"@type\":\"PropertyValueSpecification\",\"valueRequired\":true,\"valueName\":\"search_term_string\"}}],\"inLanguage\":\"pt-BR\"},{\"@type\":\"Organization\",\"@id\":\"https:\\\/\\\/marcelolopes.jor.br\\\/site\\\/#organization\",\"name\":\"Site do Marcelo Lopes\",\"url\":\"https:\\\/\\\/marcelolopes.jor.br\\\/site\\\/\",\"logo\":{\"@type\":\"ImageObject\",\"inLanguage\":\"pt-BR\",\"@id\":\"https:\\\/\\\/marcelolopes.jor.br\\\/site\\\/#\\\/schema\\\/logo\\\/image\\\/\",\"url\":\"https:\\\/\\\/marcelolopes.jor.br\\\/site\\\/wp-content\\\/uploads\\\/2024\\\/11\\\/logo-1.png\",\"contentUrl\":\"https:\\\/\\\/marcelolopes.jor.br\\\/site\\\/wp-content\\\/uploads\\\/2024\\\/11\\\/logo-1.png\",\"width\":475,\"height\":80,\"caption\":\"Site do Marcelo Lopes\"},\"image\":{\"@id\":\"https:\\\/\\\/marcelolopes.jor.br\\\/site\\\/#\\\/schema\\\/logo\\\/image\\\/\"},\"sameAs\":[\"https:\\\/\\\/www.facebook.com\\\/sitedomarcelolopes\",\"https:\\\/\\\/www.instagram.com\\\/sitedomarcelolopes\\\/\",\"https:\\\/\\\/www.linkedin.com\\\/company\\\/site-do-marcelo-lopes\\\/\",\"https:\\\/\\\/www.youtube.com\\\/user\\\/marcelolopes957\"]},{\"@type\":\"Person\",\"@id\":\"https:\\\/\\\/marcelolopes.jor.br\\\/site\\\/#\\\/schema\\\/person\\\/3e7216a35c34d8fdf952b31da3d1f89f\",\"name\":\"Marcelo Lopes\",\"sameAs\":[\"http:\\\/\\\/www.marcelolopes.jor.br\"],\"url\":\"https:\\\/\\\/marcelolopes.jor.br\\\/site\\\/author\\\/marcelo\\\/\"}]}<\/script>\n<!-- \/ Yoast SEO plugin. -->","yoast_head_json":{"title":"Decreto limita ainda mais a circula\u00e7\u00e3o de pessoas em Cataguases | Marcelo Lopes","robots":{"index":"index","follow":"follow","max-snippet":"max-snippet:-1","max-image-preview":"max-image-preview:large","max-video-preview":"max-video-preview:-1"},"canonical":"https:\/\/marcelolopes.jor.br\/site\/2020\/03\/19\/decreto-limita-ainda-mais-a-circulacao-de-pessoas-em-cataguases\/","og_locale":"pt_BR","og_type":"article","og_title":"Decreto limita ainda mais a circula\u00e7\u00e3o de pessoas em Cataguases | Marcelo Lopes","og_description":"O prefeito de Cataguases, Willian Lobo de Almeida, baixou decreto no final da tarde desta quinta-feira, 19 de mar\u00e7o, com uma s\u00e9rie de restri\u00e7\u00f5es e proibi\u00e7\u00f5es a empresas e atividades do cotidiano do munic\u00edpio. O decreto n\u00ba 5.202\/2020 refor\u00e7a asLeia mais Decreto limita ainda mais a circula\u00e7\u00e3o de pessoas em Cataguases","og_url":"https:\/\/marcelolopes.jor.br\/site\/2020\/03\/19\/decreto-limita-ainda-mais-a-circulacao-de-pessoas-em-cataguases\/","og_site_name":"Marcelo Lopes","article_publisher":"https:\/\/www.facebook.com\/sitedomarcelolopes","article_published_time":"2020-03-19T23:24:09+00:00","article_modified_time":"2020-03-19T23:25:14+00:00","og_image":[{"width":800,"height":450,"url":"https:\/\/marcelolopes.jor.br\/site\/wp-content\/uploads\/2020\/03\/IMG_2772.jpeg","type":"image\/jpeg"}],"author":"Marcelo Lopes","twitter_card":"summary_large_image","twitter_misc":{"Escrito por":"Marcelo Lopes","Est. tempo de leitura":"2 minutos"},"schema":{"@context":"https:\/\/schema.org","@graph":[{"@type":"NewsArticle","@id":"https:\/\/marcelolopes.jor.br\/site\/2020\/03\/19\/decreto-limita-ainda-mais-a-circulacao-de-pessoas-em-cataguases\/#article","isPartOf":{"@id":"https:\/\/marcelolopes.jor.br\/site\/2020\/03\/19\/decreto-limita-ainda-mais-a-circulacao-de-pessoas-em-cataguases\/"},"author":{"name":"Marcelo Lopes","@id":"https:\/\/marcelolopes.jor.br\/site\/#\/schema\/person\/3e7216a35c34d8fdf952b31da3d1f89f"},"headline":"Decreto limita ainda mais a circula\u00e7\u00e3o de pessoas em Cataguases","datePublished":"2020-03-19T23:24:09+00:00","dateModified":"2020-03-19T23:25:14+00:00","mainEntityOfPage":{"@id":"https:\/\/marcelolopes.jor.br\/site\/2020\/03\/19\/decreto-limita-ainda-mais-a-circulacao-de-pessoas-em-cataguases\/"},"wordCount":358,"commentCount":0,"publisher":{"@id":"https:\/\/marcelolopes.jor.br\/site\/#organization"},"image":{"@id":"https:\/\/marcelolopes.jor.br\/site\/2020\/03\/19\/decreto-limita-ainda-mais-a-circulacao-de-pessoas-em-cataguases\/#primaryimage"},"thumbnailUrl":"https:\/\/marcelolopes.jor.br\/site\/wp-content\/uploads\/2020\/03\/IMG_2772.jpeg","keywords":["decreto","novo coronav\u00edrus","pandemia","sa\u00fade p\u00fablica"],"articleSection":["Not\u00edcias"],"inLanguage":"pt-BR","potentialAction":[{"@type":"CommentAction","name":"Comment","target":["https:\/\/marcelolopes.jor.br\/site\/2020\/03\/19\/decreto-limita-ainda-mais-a-circulacao-de-pessoas-em-cataguases\/#respond"]}]},{"@type":"WebPage","@id":"https:\/\/marcelolopes.jor.br\/site\/2020\/03\/19\/decreto-limita-ainda-mais-a-circulacao-de-pessoas-em-cataguases\/","url":"https:\/\/marcelolopes.jor.br\/site\/2020\/03\/19\/decreto-limita-ainda-mais-a-circulacao-de-pessoas-em-cataguases\/","name":"Decreto limita ainda mais a circula\u00e7\u00e3o de pessoas em Cataguases | Marcelo Lopes","isPartOf":{"@id":"https:\/\/marcelolopes.jor.br\/site\/#website"},"primaryImageOfPage":{"@id":"https:\/\/marcelolopes.jor.br\/site\/2020\/03\/19\/decreto-limita-ainda-mais-a-circulacao-de-pessoas-em-cataguases\/#primaryimage"},"image":{"@id":"https:\/\/marcelolopes.jor.br\/site\/2020\/03\/19\/decreto-limita-ainda-mais-a-circulacao-de-pessoas-em-cataguases\/#primaryimage"},"thumbnailUrl":"https:\/\/marcelolopes.jor.br\/site\/wp-content\/uploads\/2020\/03\/IMG_2772.jpeg","datePublished":"2020-03-19T23:24:09+00:00","dateModified":"2020-03-19T23:25:14+00:00","breadcrumb":{"@id":"https:\/\/marcelolopes.jor.br\/site\/2020\/03\/19\/decreto-limita-ainda-mais-a-circulacao-de-pessoas-em-cataguases\/#breadcrumb"},"inLanguage":"pt-BR","potentialAction":[{"@type":"ReadAction","target":["https:\/\/marcelolopes.jor.br\/site\/2020\/03\/19\/decreto-limita-ainda-mais-a-circulacao-de-pessoas-em-cataguases\/"]}]},{"@type":"ImageObject","inLanguage":"pt-BR","@id":"https:\/\/marcelolopes.jor.br\/site\/2020\/03\/19\/decreto-limita-ainda-mais-a-circulacao-de-pessoas-em-cataguases\/#primaryimage","url":"https:\/\/marcelolopes.jor.br\/site\/wp-content\/uploads\/2020\/03\/IMG_2772.jpeg","contentUrl":"https:\/\/marcelolopes.jor.br\/site\/wp-content\/uploads\/2020\/03\/IMG_2772.jpeg","width":800,"height":450},{"@type":"BreadcrumbList","@id":"https:\/\/marcelolopes.jor.br\/site\/2020\/03\/19\/decreto-limita-ainda-mais-a-circulacao-de-pessoas-em-cataguases\/#breadcrumb","itemListElement":[{"@type":"ListItem","position":1,"name":"Home","item":"https:\/\/marcelolopes.jor.br\/site\/"},{"@type":"ListItem","position":2,"name":"Decreto limita ainda mais a circula\u00e7\u00e3o de pessoas em Cataguases"}]},{"@type":"WebSite","@id":"https:\/\/marcelolopes.jor.br\/site\/#website","url":"https:\/\/marcelolopes.jor.br\/site\/","name":"Marcelo Lopes","description":"Not\u00edcias de Cataguases e Regi\u00e3o","publisher":{"@id":"https:\/\/marcelolopes.jor.br\/site\/#organization"},"potentialAction":[{"@type":"SearchAction","target":{"@type":"EntryPoint","urlTemplate":"https:\/\/marcelolopes.jor.br\/site\/?s={search_term_string}"},"query-input":{"@type":"PropertyValueSpecification","valueRequired":true,"valueName":"search_term_string"}}],"inLanguage":"pt-BR"},{"@type":"Organization","@id":"https:\/\/marcelolopes.jor.br\/site\/#organization","name":"Site do Marcelo Lopes","url":"https:\/\/marcelolopes.jor.br\/site\/","logo":{"@type":"ImageObject","inLanguage":"pt-BR","@id":"https:\/\/marcelolopes.jor.br\/site\/#\/schema\/logo\/image\/","url":"https:\/\/marcelolopes.jor.br\/site\/wp-content\/uploads\/2024\/11\/logo-1.png","contentUrl":"https:\/\/marcelolopes.jor.br\/site\/wp-content\/uploads\/2024\/11\/logo-1.png","width":475,"height":80,"caption":"Site do Marcelo Lopes"},"image":{"@id":"https:\/\/marcelolopes.jor.br\/site\/#\/schema\/logo\/image\/"},"sameAs":["https:\/\/www.facebook.com\/sitedomarcelolopes","https:\/\/www.instagram.com\/sitedomarcelolopes\/","https:\/\/www.linkedin.com\/company\/site-do-marcelo-lopes\/","https:\/\/www.youtube.com\/user\/marcelolopes957"]},{"@type":"Person","@id":"https:\/\/marcelolopes.jor.br\/site\/#\/schema\/person\/3e7216a35c34d8fdf952b31da3d1f89f","name":"Marcelo Lopes","sameAs":["http:\/\/www.marcelolopes.jor.br"],"url":"https:\/\/marcelolopes.jor.br\/site\/author\/marcelo\/"}]}},"wps_subtitle":"Medida \u00e9 mais uma preventiva contra o avan\u00e7o do novo coronav\u00edrus.","_links":{"self":[{"href":"https:\/\/marcelolopes.jor.br\/site\/wp-json\/wp\/v2\/posts\/12863","targetHints":{"allow":["GET"]}}],"collection":[{"href":"https:\/\/marcelolopes.jor.br\/site\/wp-json\/wp\/v2\/posts"}],"about":[{"href":"https:\/\/marcelolopes.jor.br\/site\/wp-json\/wp\/v2\/types\/post"}],"author":[{"embeddable":true,"href":"https:\/\/marcelolopes.jor.br\/site\/wp-json\/wp\/v2\/users\/2"}],"replies":[{"embeddable":true,"href":"https:\/\/marcelolopes.jor.br\/site\/wp-json\/wp\/v2\/comments?post=12863"}],"version-history":[{"count":0,"href":"https:\/\/marcelolopes.jor.br\/site\/wp-json\/wp\/v2\/posts\/12863\/revisions"}],"wp:featuredmedia":[{"embeddable":true,"href":"https:\/\/marcelolopes.jor.br\/site\/wp-json\/wp\/v2\/media\/12865"}],"wp:attachment":[{"href":"https:\/\/marcelolopes.jor.br\/site\/wp-json\/wp\/v2\/media?parent=12863"}],"wp:term":[{"taxonomy":"category","embeddable":true,"href":"https:\/\/marcelolopes.jor.br\/site\/wp-json\/wp\/v2\/categories?post=12863"},{"taxonomy":"post_tag","embeddable":true,"href":"https:\/\/marcelolopes.jor.br\/site\/wp-json\/wp\/v2\/tags?post=12863"}],"curies":[{"name":"wp","href":"https:\/\/api.w.org\/{rel}","templated":true}]}}