{"id":12827,"date":"2020-03-18T17:09:25","date_gmt":"2020-03-18T20:09:25","guid":{"rendered":"https:\/\/marcelolopes.jor.br\/?p=12827"},"modified":"2020-03-18T18:16:58","modified_gmt":"2020-03-18T21:16:58","slug":"radialista-gomes-e-alvo-de-fake-news-sobre-sua-saude","status":"publish","type":"post","link":"https:\/\/marcelolopes.jor.br\/site\/2020\/03\/18\/radialista-gomes-e-alvo-de-fake-news-sobre-sua-saude\/","title":{"rendered":"Radialista Gomes \u00e9 alvo de &#8220;fake news&#8221; sobre sua sa\u00fade"},"content":{"rendered":"<p style=\"text-align: justify;\">O radialista da R\u00e1dio Multisom Sertaneja, Gomes, &#8220;o amigo da dona de casa&#8221;, e um dos mais tradicionais e respeitados profissionais de comunica\u00e7\u00e3o da regi\u00e3o, com mais de quarenta anos de atua\u00e7\u00e3o, \u00e9 a mais nova v\u00edtima da praga que assola as redes sociais e que atende pelo nome de fake news. Algum irrespons\u00e1vel sem car\u00e1ter, usando identidade falsa no Facebook, fez uma montagem infantil e de p\u00e9ssima qualidade, utilizando duas fotos daquele apresentador afirmando em seguida que ele estaria com a Covid-19 transmitida pelo novo coronav\u00edrus. O texto ainda diz <em>&#8220;For\u00e7a Gomes, estamos com voc\u00ea!&#8221;<\/em>, refor\u00e7ando a sordidez do gesto que tenta fazer o internauta crer que Gomes estaria bem de sa\u00fade.<!--more--><\/p>\n<p style=\"text-align: justify;\">Tudo mentira, claro. Gomes nunca esteve t\u00e3o bem disposto quanto nesta quarta-feira, 18 de mar\u00e7o. Ele disse ao site que sua preocupa\u00e7\u00e3o n\u00e3o \u00e9 desmentir sobre o seu real estado de sa\u00fade, afirmando que &#8220;muita gente pegou o v\u00edrus como a Preta Gil, por exemplo, e outros famosos e j\u00e1 est\u00e3o se recuperando&#8221;, mas sim, desmoralizar e agir &#8220;firmemente contra as fake news que prestam um desservi\u00e7o \u00e0 toda sociedade, podendo at\u00e9 causar problemas graves&#8221;, alerta. Ele tem toda raz\u00e3o. Quem se esconde atr\u00e1s de um suposto anonimato para divulgar qualquer coisa, n\u00e3o pode estar com boas inten\u00e7\u00f5es. Assim, \u00e9 preciso repudiar com vigor este tipo de procedimento criminoso.<\/p>\n<p style=\"text-align: justify;\">Gomes informou ao site tamb\u00e9m que denunciou a postagem \u00e0 Pol\u00edcia Civil que estaria investigando o caso. De acordo com ele o &#8220;post&#8221; foi feito \u00e0 1h30min desta quarta-feira, 18, de um aparelho celular, marca Sansumg, de dois chips. Ele acrescentou estar otimista que o autor seja descoberto para que possa responder por seus atos, e inibir a\u00e7\u00f5es deste tipo, e finalizou que amanh\u00e3, quinta-feira, em seu programa, vai dar mais detalhes do ocorrido, bem como sobre as investiga\u00e7\u00f5es.<\/p>\n<p style=\"text-align: justify;\">As duas fotos utilizada pelo criminoso foram tiradas em 2014, pertencem ao arquivo deste Site e foram copiadas e utilizadas sem autoriza\u00e7\u00e3o de seu editor e autor das imagens. Uma delas, a que est\u00e1 abaixo, foi editada e mostra Gomes com uma suposta m\u00e1scara cir\u00fargica cobrindo o seu rosto (em uma p\u00e9ssima e infantil montagem) ao lado da atual prefeita de Guidoval, Soraia Vieira, a quem ele entrevistava. A outra fotografia \u00e9 a que est\u00e1 acima nesta mat\u00e9ria. N\u00e3o d\u00e1 pra saber o que pretendia o autor com essa fake news, mas se queria prejudicar a imagem deste renomado radialista, o que conseguiu foi lhe dar mais audi\u00eancia e refor\u00e7ar sua credibilidade junto ao p\u00fablico.<\/p>\n<p><img loading=\"lazy\" decoding=\"async\" class=\"aligncenter wp-image-12828\" src=\"https:\/\/marcelolopes.jor.br\/site\/wp-content\/uploads\/2020\/03\/20140722185402_434.jpg\" alt=\"\" width=\"600\" height=\"450\" srcset=\"https:\/\/marcelolopes.jor.br\/site\/wp-content\/uploads\/2020\/03\/20140722185402_434.jpg 800w, https:\/\/marcelolopes.jor.br\/site\/wp-content\/uploads\/2020\/03\/20140722185402_434-300x225.jpg 300w, https:\/\/marcelolopes.jor.br\/site\/wp-content\/uploads\/2020\/03\/20140722185402_434-768x576.jpg 768w\" sizes=\"auto, (max-width: 600px) 100vw, 600px\" \/><\/p>\n<p>Texto: Marcelo Lopes<\/p>\n<div class=\"pcpif69f76841887a8\" ><br><\/div><style type=\"text\/css\">\r\n@media screen and (min-width: 1201px) {\r\n.pcpif69f76841887a8 {\r\ndisplay: block;\r\n}\r\n}\r\n@media screen and (min-width: 993px) and (max-width: 1200px) {\r\n.pcpif69f76841887a8 {\r\ndisplay: block;\r\n}\r\n}\r\n@media screen and (min-width: 769px) and (max-width: 992px) {\r\n.pcpif69f76841887a8 {\r\ndisplay: block;\r\n}\r\n}\r\n@media screen and (min-width: 768px) and (max-width: 768px) {\r\n.pcpif69f76841887a8 {\r\ndisplay: block;\r\n}\r\n}\r\n@media screen and (max-width: 767px) {\r\n.pcpif69f76841887a8 {\r\ndisplay: block;\r\n}\r\n}\r\n<\/style>\r\n<div class=\"wkool69f768418f0f0\" ><div id=\"div_destino\"><\/div>\r\n<script src=\"https:\/\/cdn.snsrsv.com\/sdk.js\"><\/script>\r\n<script >\r\n      new sdk(\"464030C30061EA8BE065000000000001\") \r\n          .appendTo(\"div_destino\")\r\n          .disableStyle(true) \r\n          .setCacheBusterMacro(\"%%CACHEBUSTER%%\")\r\n          .setSize(\"800\",\"214\")\r\n          .setClickMacro(\"%%CLICK_URL_ESC%%\") \r\n          .setReferrerUrlMacro(\"%%REFERRER_URL_ESC%%\") \r\n          .start(); \r\n<\/script><\/div><style type=\"text\/css\">\r\n@media screen and (min-width: 1201px) {\r\n.wkool69f768418f0f0 {\r\ndisplay: block;\r\n}\r\n}\r\n@media screen and (min-width: 993px) and (max-width: 1200px) {\r\n.wkool69f768418f0f0 {\r\ndisplay: block;\r\n}\r\n}\r\n@media screen and (min-width: 769px) and (max-width: 992px) {\r\n.wkool69f768418f0f0 {\r\ndisplay: block;\r\n}\r\n}\r\n@media screen and (min-width: 768px) and (max-width: 768px) {\r\n.wkool69f768418f0f0 {\r\ndisplay: block;\r\n}\r\n}\r\n@media screen and (max-width: 767px) {\r\n.wkool69f768418f0f0 {\r\ndisplay: block;\r\n}\r\n}\r\n<\/style>\r\n","protected":false},"excerpt":{"rendered":"<p>O radialista da R\u00e1dio Multisom Sertaneja, Gomes, &#8220;o amigo da dona de casa&#8221;, e um dos mais tradicionais e respeitados profissionais de comunica\u00e7\u00e3o da regi\u00e3o, com mais de quarenta anos de atua\u00e7\u00e3o, \u00e9 a mais nova v\u00edtima da praga que<\/p>\n<p class=\"link-more\"><a class=\"more-link\" href=\"https:\/\/marcelolopes.jor.br\/site\/2020\/03\/18\/radialista-gomes-e-alvo-de-fake-news-sobre-sua-saude\/\">Leia mais <span class=\"screen-reader-text\">Radialista Gomes \u00e9 alvo de &#8220;fake news&#8221; sobre sua sa\u00fade<\/span><\/a><\/p>\n","protected":false},"author":2,"featured_media":12829,"comment_status":"open","ping_status":"open","sticky":false,"template":"","format":"standard","meta":{"footnotes":""},"categories":[1],"tags":[571,2266,2258,59],"class_list":["post-12827","post","type-post","status-publish","format-standard","has-post-thumbnail","hentry","category-noticias","tag-fake-news","tag-gomes","tag-novo-coronavirus","tag-saude","thumb-below-title"],"yoast_head":"<!-- This site is optimized with the Yoast SEO plugin v27.4 - https:\/\/yoast.com\/product\/yoast-seo-wordpress\/ -->\n<title>Radialista Gomes \u00e9 alvo de &quot;fake news&quot; sobre sua sa\u00fade | Marcelo Lopes<\/title>\n<meta name=\"robots\" content=\"index, follow, max-snippet:-1, max-image-preview:large, max-video-preview:-1\" \/>\n<link rel=\"canonical\" href=\"https:\/\/marcelolopes.jor.br\/site\/2020\/03\/18\/radialista-gomes-e-alvo-de-fake-news-sobre-sua-saude\/\" \/>\n<meta property=\"og:locale\" content=\"pt_BR\" \/>\n<meta property=\"og:type\" content=\"article\" \/>\n<meta property=\"og:title\" content=\"Radialista Gomes \u00e9 alvo de &quot;fake news&quot; sobre sua sa\u00fade | Marcelo Lopes\" \/>\n<meta property=\"og:description\" content=\"O radialista da R\u00e1dio Multisom Sertaneja, Gomes, &#8220;o amigo da dona de casa&#8221;, e um dos mais tradicionais e respeitados profissionais de comunica\u00e7\u00e3o da regi\u00e3o, com mais de quarenta anos de atua\u00e7\u00e3o, \u00e9 a mais nova v\u00edtima da praga queLeia mais Radialista Gomes \u00e9 alvo de &#8220;fake news&#8221; sobre sua sa\u00fade\" \/>\n<meta property=\"og:url\" content=\"https:\/\/marcelolopes.jor.br\/site\/2020\/03\/18\/radialista-gomes-e-alvo-de-fake-news-sobre-sua-saude\/\" \/>\n<meta property=\"og:site_name\" content=\"Marcelo Lopes\" \/>\n<meta property=\"article:publisher\" content=\"https:\/\/www.facebook.com\/sitedomarcelolopes\" \/>\n<meta property=\"article:published_time\" content=\"2020-03-18T20:09:25+00:00\" \/>\n<meta property=\"article:modified_time\" content=\"2020-03-18T21:16:58+00:00\" \/>\n<meta property=\"og:image\" content=\"https:\/\/marcelolopes.jor.br\/site\/wp-content\/uploads\/2020\/03\/20141112002942_245.jpg\" \/>\n\t<meta property=\"og:image:width\" content=\"614\" \/>\n\t<meta property=\"og:image:height\" content=\"409\" \/>\n\t<meta property=\"og:image:type\" content=\"image\/jpeg\" \/>\n<meta name=\"author\" content=\"Marcelo Lopes\" \/>\n<meta name=\"twitter:card\" content=\"summary_large_image\" \/>\n<meta name=\"twitter:label1\" content=\"Escrito por\" \/>\n\t<meta name=\"twitter:data1\" content=\"Marcelo Lopes\" \/>\n\t<meta name=\"twitter:label2\" content=\"Est. tempo de leitura\" \/>\n\t<meta name=\"twitter:data2\" content=\"2 minutos\" \/>\n<script type=\"application\/ld+json\" class=\"yoast-schema-graph\">{\"@context\":\"https:\\\/\\\/schema.org\",\"@graph\":[{\"@type\":\"NewsArticle\",\"@id\":\"https:\\\/\\\/marcelolopes.jor.br\\\/site\\\/2020\\\/03\\\/18\\\/radialista-gomes-e-alvo-de-fake-news-sobre-sua-saude\\\/#article\",\"isPartOf\":{\"@id\":\"https:\\\/\\\/marcelolopes.jor.br\\\/site\\\/2020\\\/03\\\/18\\\/radialista-gomes-e-alvo-de-fake-news-sobre-sua-saude\\\/\"},\"author\":{\"name\":\"Marcelo Lopes\",\"@id\":\"https:\\\/\\\/marcelolopes.jor.br\\\/site\\\/#\\\/schema\\\/person\\\/3e7216a35c34d8fdf952b31da3d1f89f\"},\"headline\":\"Radialista Gomes \u00e9 alvo de &#8220;fake news&#8221; sobre sua sa\u00fade\",\"datePublished\":\"2020-03-18T20:09:25+00:00\",\"dateModified\":\"2020-03-18T21:16:58+00:00\",\"mainEntityOfPage\":{\"@id\":\"https:\\\/\\\/marcelolopes.jor.br\\\/site\\\/2020\\\/03\\\/18\\\/radialista-gomes-e-alvo-de-fake-news-sobre-sua-saude\\\/\"},\"wordCount\":457,\"commentCount\":0,\"publisher\":{\"@id\":\"https:\\\/\\\/marcelolopes.jor.br\\\/site\\\/#organization\"},\"image\":{\"@id\":\"https:\\\/\\\/marcelolopes.jor.br\\\/site\\\/2020\\\/03\\\/18\\\/radialista-gomes-e-alvo-de-fake-news-sobre-sua-saude\\\/#primaryimage\"},\"thumbnailUrl\":\"https:\\\/\\\/marcelolopes.jor.br\\\/site\\\/wp-content\\\/uploads\\\/2020\\\/03\\\/20141112002942_245.jpg\",\"keywords\":[\"fake news\",\"Gomes\",\"novo coronav\u00edrus\",\"sa\u00fade\"],\"articleSection\":[\"Not\u00edcias\"],\"inLanguage\":\"pt-BR\",\"potentialAction\":[{\"@type\":\"CommentAction\",\"name\":\"Comment\",\"target\":[\"https:\\\/\\\/marcelolopes.jor.br\\\/site\\\/2020\\\/03\\\/18\\\/radialista-gomes-e-alvo-de-fake-news-sobre-sua-saude\\\/#respond\"]}]},{\"@type\":\"WebPage\",\"@id\":\"https:\\\/\\\/marcelolopes.jor.br\\\/site\\\/2020\\\/03\\\/18\\\/radialista-gomes-e-alvo-de-fake-news-sobre-sua-saude\\\/\",\"url\":\"https:\\\/\\\/marcelolopes.jor.br\\\/site\\\/2020\\\/03\\\/18\\\/radialista-gomes-e-alvo-de-fake-news-sobre-sua-saude\\\/\",\"name\":\"Radialista Gomes \u00e9 alvo de \\\"fake news\\\" sobre sua sa\u00fade | Marcelo Lopes\",\"isPartOf\":{\"@id\":\"https:\\\/\\\/marcelolopes.jor.br\\\/site\\\/#website\"},\"primaryImageOfPage\":{\"@id\":\"https:\\\/\\\/marcelolopes.jor.br\\\/site\\\/2020\\\/03\\\/18\\\/radialista-gomes-e-alvo-de-fake-news-sobre-sua-saude\\\/#primaryimage\"},\"image\":{\"@id\":\"https:\\\/\\\/marcelolopes.jor.br\\\/site\\\/2020\\\/03\\\/18\\\/radialista-gomes-e-alvo-de-fake-news-sobre-sua-saude\\\/#primaryimage\"},\"thumbnailUrl\":\"https:\\\/\\\/marcelolopes.jor.br\\\/site\\\/wp-content\\\/uploads\\\/2020\\\/03\\\/20141112002942_245.jpg\",\"datePublished\":\"2020-03-18T20:09:25+00:00\",\"dateModified\":\"2020-03-18T21:16:58+00:00\",\"breadcrumb\":{\"@id\":\"https:\\\/\\\/marcelolopes.jor.br\\\/site\\\/2020\\\/03\\\/18\\\/radialista-gomes-e-alvo-de-fake-news-sobre-sua-saude\\\/#breadcrumb\"},\"inLanguage\":\"pt-BR\",\"potentialAction\":[{\"@type\":\"ReadAction\",\"target\":[\"https:\\\/\\\/marcelolopes.jor.br\\\/site\\\/2020\\\/03\\\/18\\\/radialista-gomes-e-alvo-de-fake-news-sobre-sua-saude\\\/\"]}]},{\"@type\":\"ImageObject\",\"inLanguage\":\"pt-BR\",\"@id\":\"https:\\\/\\\/marcelolopes.jor.br\\\/site\\\/2020\\\/03\\\/18\\\/radialista-gomes-e-alvo-de-fake-news-sobre-sua-saude\\\/#primaryimage\",\"url\":\"https:\\\/\\\/marcelolopes.jor.br\\\/site\\\/wp-content\\\/uploads\\\/2020\\\/03\\\/20141112002942_245.jpg\",\"contentUrl\":\"https:\\\/\\\/marcelolopes.jor.br\\\/site\\\/wp-content\\\/uploads\\\/2020\\\/03\\\/20141112002942_245.jpg\",\"width\":614,\"height\":409},{\"@type\":\"BreadcrumbList\",\"@id\":\"https:\\\/\\\/marcelolopes.jor.br\\\/site\\\/2020\\\/03\\\/18\\\/radialista-gomes-e-alvo-de-fake-news-sobre-sua-saude\\\/#breadcrumb\",\"itemListElement\":[{\"@type\":\"ListItem\",\"position\":1,\"name\":\"Home\",\"item\":\"https:\\\/\\\/marcelolopes.jor.br\\\/site\\\/\"},{\"@type\":\"ListItem\",\"position\":2,\"name\":\"Radialista Gomes \u00e9 alvo de &#8220;fake news&#8221; sobre sua sa\u00fade\"}]},{\"@type\":\"WebSite\",\"@id\":\"https:\\\/\\\/marcelolopes.jor.br\\\/site\\\/#website\",\"url\":\"https:\\\/\\\/marcelolopes.jor.br\\\/site\\\/\",\"name\":\"Marcelo Lopes\",\"description\":\"Not\u00edcias de Cataguases e Regi\u00e3o\",\"publisher\":{\"@id\":\"https:\\\/\\\/marcelolopes.jor.br\\\/site\\\/#organization\"},\"potentialAction\":[{\"@type\":\"SearchAction\",\"target\":{\"@type\":\"EntryPoint\",\"urlTemplate\":\"https:\\\/\\\/marcelolopes.jor.br\\\/site\\\/?s={search_term_string}\"},\"query-input\":{\"@type\":\"PropertyValueSpecification\",\"valueRequired\":true,\"valueName\":\"search_term_string\"}}],\"inLanguage\":\"pt-BR\"},{\"@type\":\"Organization\",\"@id\":\"https:\\\/\\\/marcelolopes.jor.br\\\/site\\\/#organization\",\"name\":\"Site do Marcelo Lopes\",\"url\":\"https:\\\/\\\/marcelolopes.jor.br\\\/site\\\/\",\"logo\":{\"@type\":\"ImageObject\",\"inLanguage\":\"pt-BR\",\"@id\":\"https:\\\/\\\/marcelolopes.jor.br\\\/site\\\/#\\\/schema\\\/logo\\\/image\\\/\",\"url\":\"https:\\\/\\\/marcelolopes.jor.br\\\/site\\\/wp-content\\\/uploads\\\/2024\\\/11\\\/logo-1.png\",\"contentUrl\":\"https:\\\/\\\/marcelolopes.jor.br\\\/site\\\/wp-content\\\/uploads\\\/2024\\\/11\\\/logo-1.png\",\"width\":475,\"height\":80,\"caption\":\"Site do Marcelo Lopes\"},\"image\":{\"@id\":\"https:\\\/\\\/marcelolopes.jor.br\\\/site\\\/#\\\/schema\\\/logo\\\/image\\\/\"},\"sameAs\":[\"https:\\\/\\\/www.facebook.com\\\/sitedomarcelolopes\",\"https:\\\/\\\/www.instagram.com\\\/sitedomarcelolopes\\\/\",\"https:\\\/\\\/www.linkedin.com\\\/company\\\/site-do-marcelo-lopes\\\/\",\"https:\\\/\\\/www.youtube.com\\\/user\\\/marcelolopes957\"]},{\"@type\":\"Person\",\"@id\":\"https:\\\/\\\/marcelolopes.jor.br\\\/site\\\/#\\\/schema\\\/person\\\/3e7216a35c34d8fdf952b31da3d1f89f\",\"name\":\"Marcelo Lopes\",\"sameAs\":[\"http:\\\/\\\/www.marcelolopes.jor.br\"],\"url\":\"https:\\\/\\\/marcelolopes.jor.br\\\/site\\\/author\\\/marcelo\\\/\"}]}<\/script>\n<!-- \/ Yoast SEO plugin. -->","yoast_head_json":{"title":"Radialista Gomes \u00e9 alvo de \"fake news\" sobre sua sa\u00fade | Marcelo Lopes","robots":{"index":"index","follow":"follow","max-snippet":"max-snippet:-1","max-image-preview":"max-image-preview:large","max-video-preview":"max-video-preview:-1"},"canonical":"https:\/\/marcelolopes.jor.br\/site\/2020\/03\/18\/radialista-gomes-e-alvo-de-fake-news-sobre-sua-saude\/","og_locale":"pt_BR","og_type":"article","og_title":"Radialista Gomes \u00e9 alvo de \"fake news\" sobre sua sa\u00fade | Marcelo Lopes","og_description":"O radialista da R\u00e1dio Multisom Sertaneja, Gomes, &#8220;o amigo da dona de casa&#8221;, e um dos mais tradicionais e respeitados profissionais de comunica\u00e7\u00e3o da regi\u00e3o, com mais de quarenta anos de atua\u00e7\u00e3o, \u00e9 a mais nova v\u00edtima da praga queLeia mais Radialista Gomes \u00e9 alvo de &#8220;fake news&#8221; sobre sua sa\u00fade","og_url":"https:\/\/marcelolopes.jor.br\/site\/2020\/03\/18\/radialista-gomes-e-alvo-de-fake-news-sobre-sua-saude\/","og_site_name":"Marcelo Lopes","article_publisher":"https:\/\/www.facebook.com\/sitedomarcelolopes","article_published_time":"2020-03-18T20:09:25+00:00","article_modified_time":"2020-03-18T21:16:58+00:00","og_image":[{"width":614,"height":409,"url":"https:\/\/marcelolopes.jor.br\/site\/wp-content\/uploads\/2020\/03\/20141112002942_245.jpg","type":"image\/jpeg"}],"author":"Marcelo Lopes","twitter_card":"summary_large_image","twitter_misc":{"Escrito por":"Marcelo Lopes","Est. tempo de leitura":"2 minutos"},"schema":{"@context":"https:\/\/schema.org","@graph":[{"@type":"NewsArticle","@id":"https:\/\/marcelolopes.jor.br\/site\/2020\/03\/18\/radialista-gomes-e-alvo-de-fake-news-sobre-sua-saude\/#article","isPartOf":{"@id":"https:\/\/marcelolopes.jor.br\/site\/2020\/03\/18\/radialista-gomes-e-alvo-de-fake-news-sobre-sua-saude\/"},"author":{"name":"Marcelo Lopes","@id":"https:\/\/marcelolopes.jor.br\/site\/#\/schema\/person\/3e7216a35c34d8fdf952b31da3d1f89f"},"headline":"Radialista Gomes \u00e9 alvo de &#8220;fake news&#8221; sobre sua sa\u00fade","datePublished":"2020-03-18T20:09:25+00:00","dateModified":"2020-03-18T21:16:58+00:00","mainEntityOfPage":{"@id":"https:\/\/marcelolopes.jor.br\/site\/2020\/03\/18\/radialista-gomes-e-alvo-de-fake-news-sobre-sua-saude\/"},"wordCount":457,"commentCount":0,"publisher":{"@id":"https:\/\/marcelolopes.jor.br\/site\/#organization"},"image":{"@id":"https:\/\/marcelolopes.jor.br\/site\/2020\/03\/18\/radialista-gomes-e-alvo-de-fake-news-sobre-sua-saude\/#primaryimage"},"thumbnailUrl":"https:\/\/marcelolopes.jor.br\/site\/wp-content\/uploads\/2020\/03\/20141112002942_245.jpg","keywords":["fake news","Gomes","novo coronav\u00edrus","sa\u00fade"],"articleSection":["Not\u00edcias"],"inLanguage":"pt-BR","potentialAction":[{"@type":"CommentAction","name":"Comment","target":["https:\/\/marcelolopes.jor.br\/site\/2020\/03\/18\/radialista-gomes-e-alvo-de-fake-news-sobre-sua-saude\/#respond"]}]},{"@type":"WebPage","@id":"https:\/\/marcelolopes.jor.br\/site\/2020\/03\/18\/radialista-gomes-e-alvo-de-fake-news-sobre-sua-saude\/","url":"https:\/\/marcelolopes.jor.br\/site\/2020\/03\/18\/radialista-gomes-e-alvo-de-fake-news-sobre-sua-saude\/","name":"Radialista Gomes \u00e9 alvo de \"fake news\" sobre sua sa\u00fade | Marcelo Lopes","isPartOf":{"@id":"https:\/\/marcelolopes.jor.br\/site\/#website"},"primaryImageOfPage":{"@id":"https:\/\/marcelolopes.jor.br\/site\/2020\/03\/18\/radialista-gomes-e-alvo-de-fake-news-sobre-sua-saude\/#primaryimage"},"image":{"@id":"https:\/\/marcelolopes.jor.br\/site\/2020\/03\/18\/radialista-gomes-e-alvo-de-fake-news-sobre-sua-saude\/#primaryimage"},"thumbnailUrl":"https:\/\/marcelolopes.jor.br\/site\/wp-content\/uploads\/2020\/03\/20141112002942_245.jpg","datePublished":"2020-03-18T20:09:25+00:00","dateModified":"2020-03-18T21:16:58+00:00","breadcrumb":{"@id":"https:\/\/marcelolopes.jor.br\/site\/2020\/03\/18\/radialista-gomes-e-alvo-de-fake-news-sobre-sua-saude\/#breadcrumb"},"inLanguage":"pt-BR","potentialAction":[{"@type":"ReadAction","target":["https:\/\/marcelolopes.jor.br\/site\/2020\/03\/18\/radialista-gomes-e-alvo-de-fake-news-sobre-sua-saude\/"]}]},{"@type":"ImageObject","inLanguage":"pt-BR","@id":"https:\/\/marcelolopes.jor.br\/site\/2020\/03\/18\/radialista-gomes-e-alvo-de-fake-news-sobre-sua-saude\/#primaryimage","url":"https:\/\/marcelolopes.jor.br\/site\/wp-content\/uploads\/2020\/03\/20141112002942_245.jpg","contentUrl":"https:\/\/marcelolopes.jor.br\/site\/wp-content\/uploads\/2020\/03\/20141112002942_245.jpg","width":614,"height":409},{"@type":"BreadcrumbList","@id":"https:\/\/marcelolopes.jor.br\/site\/2020\/03\/18\/radialista-gomes-e-alvo-de-fake-news-sobre-sua-saude\/#breadcrumb","itemListElement":[{"@type":"ListItem","position":1,"name":"Home","item":"https:\/\/marcelolopes.jor.br\/site\/"},{"@type":"ListItem","position":2,"name":"Radialista Gomes \u00e9 alvo de &#8220;fake news&#8221; sobre sua sa\u00fade"}]},{"@type":"WebSite","@id":"https:\/\/marcelolopes.jor.br\/site\/#website","url":"https:\/\/marcelolopes.jor.br\/site\/","name":"Marcelo Lopes","description":"Not\u00edcias de Cataguases e Regi\u00e3o","publisher":{"@id":"https:\/\/marcelolopes.jor.br\/site\/#organization"},"potentialAction":[{"@type":"SearchAction","target":{"@type":"EntryPoint","urlTemplate":"https:\/\/marcelolopes.jor.br\/site\/?s={search_term_string}"},"query-input":{"@type":"PropertyValueSpecification","valueRequired":true,"valueName":"search_term_string"}}],"inLanguage":"pt-BR"},{"@type":"Organization","@id":"https:\/\/marcelolopes.jor.br\/site\/#organization","name":"Site do Marcelo Lopes","url":"https:\/\/marcelolopes.jor.br\/site\/","logo":{"@type":"ImageObject","inLanguage":"pt-BR","@id":"https:\/\/marcelolopes.jor.br\/site\/#\/schema\/logo\/image\/","url":"https:\/\/marcelolopes.jor.br\/site\/wp-content\/uploads\/2024\/11\/logo-1.png","contentUrl":"https:\/\/marcelolopes.jor.br\/site\/wp-content\/uploads\/2024\/11\/logo-1.png","width":475,"height":80,"caption":"Site do Marcelo Lopes"},"image":{"@id":"https:\/\/marcelolopes.jor.br\/site\/#\/schema\/logo\/image\/"},"sameAs":["https:\/\/www.facebook.com\/sitedomarcelolopes","https:\/\/www.instagram.com\/sitedomarcelolopes\/","https:\/\/www.linkedin.com\/company\/site-do-marcelo-lopes\/","https:\/\/www.youtube.com\/user\/marcelolopes957"]},{"@type":"Person","@id":"https:\/\/marcelolopes.jor.br\/site\/#\/schema\/person\/3e7216a35c34d8fdf952b31da3d1f89f","name":"Marcelo Lopes","sameAs":["http:\/\/www.marcelolopes.jor.br"],"url":"https:\/\/marcelolopes.jor.br\/site\/author\/marcelo\/"}]}},"wps_subtitle":"O apresentador, que n\u00e3o est\u00e1 doente, entregou o caso \u00e0 Pol\u00edcia Civil.","_links":{"self":[{"href":"https:\/\/marcelolopes.jor.br\/site\/wp-json\/wp\/v2\/posts\/12827","targetHints":{"allow":["GET"]}}],"collection":[{"href":"https:\/\/marcelolopes.jor.br\/site\/wp-json\/wp\/v2\/posts"}],"about":[{"href":"https:\/\/marcelolopes.jor.br\/site\/wp-json\/wp\/v2\/types\/post"}],"author":[{"embeddable":true,"href":"https:\/\/marcelolopes.jor.br\/site\/wp-json\/wp\/v2\/users\/2"}],"replies":[{"embeddable":true,"href":"https:\/\/marcelolopes.jor.br\/site\/wp-json\/wp\/v2\/comments?post=12827"}],"version-history":[{"count":0,"href":"https:\/\/marcelolopes.jor.br\/site\/wp-json\/wp\/v2\/posts\/12827\/revisions"}],"wp:featuredmedia":[{"embeddable":true,"href":"https:\/\/marcelolopes.jor.br\/site\/wp-json\/wp\/v2\/media\/12829"}],"wp:attachment":[{"href":"https:\/\/marcelolopes.jor.br\/site\/wp-json\/wp\/v2\/media?parent=12827"}],"wp:term":[{"taxonomy":"category","embeddable":true,"href":"https:\/\/marcelolopes.jor.br\/site\/wp-json\/wp\/v2\/categories?post=12827"},{"taxonomy":"post_tag","embeddable":true,"href":"https:\/\/marcelolopes.jor.br\/site\/wp-json\/wp\/v2\/tags?post=12827"}],"curies":[{"name":"wp","href":"https:\/\/api.w.org\/{rel}","templated":true}]}}