{"id":12673,"date":"2020-03-13T16:00:48","date_gmt":"2020-03-13T19:00:48","guid":{"rendered":"https:\/\/marcelolopes.jor.br\/?p=12673"},"modified":"2020-03-13T11:00:47","modified_gmt":"2020-03-13T14:00:47","slug":"energisa-entrega-a-prefeitura-iluminacao-em-led-no-centro-da-cidade","status":"publish","type":"post","link":"https:\/\/marcelolopes.jor.br\/site\/2020\/03\/13\/energisa-entrega-a-prefeitura-iluminacao-em-led-no-centro-da-cidade\/","title":{"rendered":"Energisa entrega \u00e0 Prefeitura ilumina\u00e7\u00e3o em LED no centro da cidade"},"content":{"rendered":"<p style=\"text-align: justify;\">A Energisa Minas Gerais realizou no in\u00edcio da noite de quinta-feira, 12 de mar\u00e7o, na Pra\u00e7a Rui Barbosa, em Cataguases, mais uma edi\u00e7\u00e3o do projeto &#8220;Nossa Energia&#8221;. Na ocasi\u00e3o tamb\u00e9m foi feita a entrega formal do Projeto de Efici\u00eancia Energ\u00e9tica dos 350 pontos de ilumina\u00e7\u00e3o p\u00fablica em LED na regi\u00e3o central de Cataguases \u00e0 Prefeitura. O evento ainda contou com cadastro na Tarifa Social para aqueles clientes inseridos em programas sociais do governo; troca de l\u00e2mpadas para os clientes j\u00e1 cadastrados na Tarifa Social, teatro com o Grupo Pera, com dicas de consumo eficiente e seguran\u00e7a com a rede el\u00e9trica, sorteio de brindes, entre outras.<!--more--><\/p>\n<p style=\"text-align: justify;\"><img loading=\"lazy\" decoding=\"async\" class=\"aligncenter wp-image-12675\" src=\"https:\/\/marcelolopes.jor.br\/site\/wp-content\/uploads\/2020\/03\/IMG_2617.jpeg\" alt=\"\" width=\"600\" height=\"338\" srcset=\"https:\/\/marcelolopes.jor.br\/site\/wp-content\/uploads\/2020\/03\/IMG_2617.jpeg 800w, https:\/\/marcelolopes.jor.br\/site\/wp-content\/uploads\/2020\/03\/IMG_2617-300x169.jpeg 300w, https:\/\/marcelolopes.jor.br\/site\/wp-content\/uploads\/2020\/03\/IMG_2617-768x432.jpeg 768w\" sizes=\"auto, (max-width: 600px) 100vw, 600px\" \/>Participaram do evento o prefeito de Cataguases, Willian Lobo de Almeida e seu vice, Tita Lima, al\u00e9m de assessores, bem como o presidente da Energisa Minas Gerais, Eduardo Mantovani. Na ocasi\u00e3o Willian recebeu uma placa alusiva \u00e0 conclus\u00e3o do projeto de Efici\u00eancia Energ\u00e9tica que substituiu a ilumina\u00e7\u00e3o p\u00fablica tradicional da regi\u00e3o central da cidade por l\u00e2mpadas de LED. A iniciativa alcan\u00e7ou 350 pontos de luz que agora tornaram aquela regi\u00e3o melhor iluminada. Willian agradeceu a parceria neste projeto e fez um agradecimento especial a Mantovani por estar sempre preocupado em trazer melhorias para Cataguases.<\/p>\n<p style=\"text-align: justify;\">Em seu pronunciamento, Eduardo Mantovani, disse que est\u00e1 em estudos projeto para ampliar a coloca\u00e7\u00e3o de LED em outros pontos da cidade e revelou a participa\u00e7\u00e3o da empresa na reforma de tr\u00eas escolas da rede municipal de ensino. Ele tamb\u00e9m destacou a import\u00e2ncia do trabalho em parceria com o munic\u00edpio para o desenvolvimento da cidade e regi\u00e3o e lembrou o projeto da Energisa denominado Smart City, uma aposta inovadora da empresa para tornar a cidade mais interligada e conectada facilitando desta forma, conforme salientou, a presta\u00e7\u00e3o de servi\u00e7os. Por fim, explicou que a nova ilumina\u00e7\u00e3o em LED no Centro da cidade significa uma economia m\u00e9dia de R$ 170 mil aos cofres p\u00fablicos. Este tipo de ilumina\u00e7\u00e3o, ainda de acordo com Mantovani, permite que a prefeitura ajuste o n\u00edvel da intensidade da luz em cada poste.<\/p>\n<p style=\"text-align: justify;\">Antes e depois da solenidade o p\u00fablico se divertiu com sorteio de brindes e ainda ganhou pipoca e algod\u00e3o doce. O evento contou ainda com uma apresenta\u00e7\u00e3o teatral do grupo Pera, de Cataguases, que apresentou uma curta pe\u00e7a teatral recheada de humor contando uma hist\u00f3ria com dicas do uso correto da energia el\u00e9trica. Com tr\u00eas personagens em cena, a m\u00e3e (Aline Millani) tem sempre que estar ensinando o filho (Emmanuel Braga) a economizar energia e &#8220;puxando a orelha&#8221; do marido desatento (Eric Ara\u00fajo) que liga tr\u00eas aparelhos el\u00e9tricos ao mesmo tempo dentro de casa. A pe\u00e7a, voltada especialmente para o p\u00fablico infantil, deixa a crian\u00e7ada de olhos vidrados na hist\u00f3ria, e todos saem de l\u00e1 mais conscientes sobre o uso racional da energia.<\/p>\n<p><img loading=\"lazy\" decoding=\"async\" class=\"aligncenter wp-image-12677\" src=\"https:\/\/marcelolopes.jor.br\/site\/wp-content\/uploads\/2020\/03\/IMG_2629.jpeg\" alt=\"\" width=\"600\" height=\"338\" srcset=\"https:\/\/marcelolopes.jor.br\/site\/wp-content\/uploads\/2020\/03\/IMG_2629.jpeg 800w, https:\/\/marcelolopes.jor.br\/site\/wp-content\/uploads\/2020\/03\/IMG_2629-300x169.jpeg 300w, https:\/\/marcelolopes.jor.br\/site\/wp-content\/uploads\/2020\/03\/IMG_2629-768x432.jpeg 768w\" sizes=\"auto, (max-width: 600px) 100vw, 600px\" \/><\/p>\n<p><img loading=\"lazy\" decoding=\"async\" class=\"aligncenter wp-image-12679\" src=\"https:\/\/marcelolopes.jor.br\/site\/wp-content\/uploads\/2020\/03\/IMG_2656.jpeg\" alt=\"\" width=\"600\" height=\"450\" srcset=\"https:\/\/marcelolopes.jor.br\/site\/wp-content\/uploads\/2020\/03\/IMG_2656.jpeg 800w, https:\/\/marcelolopes.jor.br\/site\/wp-content\/uploads\/2020\/03\/IMG_2656-300x225.jpeg 300w, https:\/\/marcelolopes.jor.br\/site\/wp-content\/uploads\/2020\/03\/IMG_2656-768x576.jpeg 768w\" sizes=\"auto, (max-width: 600px) 100vw, 600px\" \/><\/p>\n<p><img loading=\"lazy\" decoding=\"async\" class=\"aligncenter wp-image-12680\" src=\"https:\/\/marcelolopes.jor.br\/site\/wp-content\/uploads\/2020\/03\/IMG_2648.jpeg\" alt=\"\" width=\"600\" height=\"338\" srcset=\"https:\/\/marcelolopes.jor.br\/site\/wp-content\/uploads\/2020\/03\/IMG_2648.jpeg 800w, https:\/\/marcelolopes.jor.br\/site\/wp-content\/uploads\/2020\/03\/IMG_2648-300x169.jpeg 300w, https:\/\/marcelolopes.jor.br\/site\/wp-content\/uploads\/2020\/03\/IMG_2648-768x432.jpeg 768w\" sizes=\"auto, (max-width: 600px) 100vw, 600px\" \/><\/p>\n<p><img loading=\"lazy\" decoding=\"async\" class=\"aligncenter wp-image-12678\" src=\"https:\/\/marcelolopes.jor.br\/site\/wp-content\/uploads\/2020\/03\/IMG_2639.jpeg\" alt=\"\" width=\"600\" height=\"338\" srcset=\"https:\/\/marcelolopes.jor.br\/site\/wp-content\/uploads\/2020\/03\/IMG_2639.jpeg 800w, https:\/\/marcelolopes.jor.br\/site\/wp-content\/uploads\/2020\/03\/IMG_2639-300x169.jpeg 300w, https:\/\/marcelolopes.jor.br\/site\/wp-content\/uploads\/2020\/03\/IMG_2639-768x432.jpeg 768w\" sizes=\"auto, (max-width: 600px) 100vw, 600px\" \/><\/p>\n<p><img loading=\"lazy\" decoding=\"async\" class=\"aligncenter wp-image-12681\" src=\"https:\/\/marcelolopes.jor.br\/site\/wp-content\/uploads\/2020\/03\/IMG_2662.jpeg\" alt=\"\" width=\"600\" height=\"338\" srcset=\"https:\/\/marcelolopes.jor.br\/site\/wp-content\/uploads\/2020\/03\/IMG_2662.jpeg 800w, https:\/\/marcelolopes.jor.br\/site\/wp-content\/uploads\/2020\/03\/IMG_2662-300x169.jpeg 300w, https:\/\/marcelolopes.jor.br\/site\/wp-content\/uploads\/2020\/03\/IMG_2662-768x432.jpeg 768w\" sizes=\"auto, (max-width: 600px) 100vw, 600px\" \/><\/p>\n<p><img loading=\"lazy\" decoding=\"async\" class=\"aligncenter wp-image-12676\" src=\"https:\/\/marcelolopes.jor.br\/site\/wp-content\/uploads\/2020\/03\/IMG_2615.jpeg\" alt=\"\" width=\"600\" height=\"338\" srcset=\"https:\/\/marcelolopes.jor.br\/site\/wp-content\/uploads\/2020\/03\/IMG_2615.jpeg 800w, https:\/\/marcelolopes.jor.br\/site\/wp-content\/uploads\/2020\/03\/IMG_2615-300x169.jpeg 300w, https:\/\/marcelolopes.jor.br\/site\/wp-content\/uploads\/2020\/03\/IMG_2615-768x432.jpeg 768w\" sizes=\"auto, (max-width: 600px) 100vw, 600px\" \/><\/p>\n<p><img loading=\"lazy\" decoding=\"async\" class=\"aligncenter wp-image-12682\" src=\"https:\/\/marcelolopes.jor.br\/site\/wp-content\/uploads\/2020\/03\/IMG_2618.jpeg\" alt=\"\" width=\"600\" height=\"338\" srcset=\"https:\/\/marcelolopes.jor.br\/site\/wp-content\/uploads\/2020\/03\/IMG_2618.jpeg 800w, https:\/\/marcelolopes.jor.br\/site\/wp-content\/uploads\/2020\/03\/IMG_2618-300x169.jpeg 300w, https:\/\/marcelolopes.jor.br\/site\/wp-content\/uploads\/2020\/03\/IMG_2618-768x432.jpeg 768w\" sizes=\"auto, (max-width: 600px) 100vw, 600px\" \/><\/p>\n<div class=\"gaptl6a94ea3500e57\" ><br><\/div><style type=\"text\/css\">\r\n@media screen and (min-width: 1201px) {\r\n.gaptl6a94ea3500e57 {\r\ndisplay: block;\r\n}\r\n}\r\n@media screen and (min-width: 993px) and (max-width: 1200px) {\r\n.gaptl6a94ea3500e57 {\r\ndisplay: block;\r\n}\r\n}\r\n@media screen and (min-width: 769px) and (max-width: 992px) {\r\n.gaptl6a94ea3500e57 {\r\ndisplay: block;\r\n}\r\n}\r\n@media screen and (min-width: 768px) and (max-width: 768px) {\r\n.gaptl6a94ea3500e57 {\r\ndisplay: block;\r\n}\r\n}\r\n@media screen and (max-width: 767px) {\r\n.gaptl6a94ea3500e57 {\r\ndisplay: block;\r\n}\r\n}\r\n<\/style>\r\n<div class=\"hxino6a94ea3507c1c\" ><div id=\"div_destino\"><\/div>\r\n<script src=\"https:\/\/cdn.snsrsv.com\/sdk.js\"><\/script>\r\n<script >\r\n      new sdk(\"464030C30061EA8BE065000000000001\") \r\n          .appendTo(\"div_destino\")\r\n          .disableStyle(true) \r\n          .setCacheBusterMacro(\"%%CACHEBUSTER%%\")\r\n          .setSize(\"800\",\"214\")\r\n          .setClickMacro(\"%%CLICK_URL_ESC%%\") \r\n          .setReferrerUrlMacro(\"%%REFERRER_URL_ESC%%\") \r\n          .start(); \r\n<\/script><\/div><style type=\"text\/css\">\r\n@media screen and (min-width: 1201px) {\r\n.hxino6a94ea3507c1c {\r\ndisplay: block;\r\n}\r\n}\r\n@media screen and (min-width: 993px) and (max-width: 1200px) {\r\n.hxino6a94ea3507c1c {\r\ndisplay: block;\r\n}\r\n}\r\n@media screen and (min-width: 769px) and (max-width: 992px) {\r\n.hxino6a94ea3507c1c {\r\ndisplay: block;\r\n}\r\n}\r\n@media screen and (min-width: 768px) and (max-width: 768px) {\r\n.hxino6a94ea3507c1c {\r\ndisplay: block;\r\n}\r\n}\r\n@media screen and (max-width: 767px) {\r\n.hxino6a94ea3507c1c {\r\ndisplay: block;\r\n}\r\n}\r\n<\/style>\r\n","protected":false},"excerpt":{"rendered":"<p>A Energisa Minas Gerais realizou no in\u00edcio da noite de quinta-feira, 12 de mar\u00e7o, na Pra\u00e7a Rui Barbosa, em Cataguases, mais uma edi\u00e7\u00e3o do projeto &#8220;Nossa Energia&#8221;. Na ocasi\u00e3o tamb\u00e9m foi feita a entrega formal do Projeto de Efici\u00eancia Energ\u00e9tica<\/p>\n<p class=\"link-more\"><a class=\"more-link\" href=\"https:\/\/marcelolopes.jor.br\/site\/2020\/03\/13\/energisa-entrega-a-prefeitura-iluminacao-em-led-no-centro-da-cidade\/\">Leia mais <span class=\"screen-reader-text\">Energisa entrega \u00e0 Prefeitura ilumina\u00e7\u00e3o em LED no centro da cidade<\/span><\/a><\/p>\n","protected":false},"author":2,"featured_media":12674,"comment_status":"open","ping_status":"open","sticky":false,"template":"","format":"standard","meta":{"footnotes":""},"categories":[1],"tags":[120,2238,543,1868],"class_list":["post-12673","post","type-post","status-publish","format-standard","has-post-thumbnail","hentry","category-noticias","tag-energisa","tag-iluminacao-em-led","tag-lampadas-de-led","tag-prefeitura-de-cataguases","thumb-below-title"],"yoast_head":"<!-- This site is optimized with the Yoast SEO plugin v28.3 - https:\/\/yoast.com\/product\/yoast-seo-wordpress\/ -->\n<title>Energisa entrega \u00e0 Prefeitura ilumina\u00e7\u00e3o em LED no centro da cidade | Marcelo Lopes<\/title>\n<meta name=\"robots\" content=\"index, follow, max-snippet:-1, max-image-preview:large, max-video-preview:-1\" \/>\n<link rel=\"canonical\" href=\"https:\/\/marcelolopes.jor.br\/site\/2020\/03\/13\/energisa-entrega-a-prefeitura-iluminacao-em-led-no-centro-da-cidade\/\" \/>\n<meta property=\"og:locale\" content=\"pt_BR\" \/>\n<meta property=\"og:type\" content=\"article\" \/>\n<meta property=\"og:title\" content=\"Energisa entrega \u00e0 Prefeitura ilumina\u00e7\u00e3o em LED no centro da cidade | Marcelo Lopes\" \/>\n<meta property=\"og:description\" content=\"A Energisa Minas Gerais realizou no in\u00edcio da noite de quinta-feira, 12 de mar\u00e7o, na Pra\u00e7a Rui Barbosa, em Cataguases, mais uma edi\u00e7\u00e3o do projeto &#8220;Nossa Energia&#8221;. Na ocasi\u00e3o tamb\u00e9m foi feita a entrega formal do Projeto de Efici\u00eancia Energ\u00e9ticaLeia mais Energisa entrega \u00e0 Prefeitura ilumina\u00e7\u00e3o em LED no centro da cidade\" \/>\n<meta property=\"og:url\" content=\"https:\/\/marcelolopes.jor.br\/site\/2020\/03\/13\/energisa-entrega-a-prefeitura-iluminacao-em-led-no-centro-da-cidade\/\" \/>\n<meta property=\"og:site_name\" content=\"Marcelo Lopes\" \/>\n<meta property=\"article:publisher\" content=\"https:\/\/www.facebook.com\/sitedomarcelolopes\" \/>\n<meta property=\"article:published_time\" content=\"2020-03-13T19:00:48+00:00\" \/>\n<meta property=\"og:image\" content=\"https:\/\/marcelolopes.jor.br\/site\/wp-content\/uploads\/2020\/03\/IMG_2622.jpeg\" \/>\n\t<meta property=\"og:image:width\" content=\"800\" \/>\n\t<meta property=\"og:image:height\" content=\"450\" \/>\n\t<meta property=\"og:image:type\" content=\"image\/jpeg\" \/>\n<meta name=\"author\" content=\"Marcelo Lopes\" \/>\n<meta name=\"twitter:card\" content=\"summary_large_image\" \/>\n<meta name=\"twitter:label1\" content=\"Escrito por\" \/>\n\t<meta name=\"twitter:data1\" content=\"Marcelo Lopes\" \/>\n\t<meta name=\"twitter:label2\" content=\"Est. tempo de leitura\" \/>\n\t<meta name=\"twitter:data2\" content=\"3 minutos\" \/>\n<script type=\"application\/ld+json\" class=\"yoast-schema-graph\">{\"@context\":\"https:\\\/\\\/schema.org\",\"@graph\":[{\"@type\":\"NewsArticle\",\"@id\":\"https:\\\/\\\/marcelolopes.jor.br\\\/site\\\/2020\\\/03\\\/13\\\/energisa-entrega-a-prefeitura-iluminacao-em-led-no-centro-da-cidade\\\/#article\",\"isPartOf\":{\"@id\":\"https:\\\/\\\/marcelolopes.jor.br\\\/site\\\/2020\\\/03\\\/13\\\/energisa-entrega-a-prefeitura-iluminacao-em-led-no-centro-da-cidade\\\/\"},\"author\":{\"name\":\"Marcelo Lopes\",\"@id\":\"https:\\\/\\\/marcelolopes.jor.br\\\/site\\\/#\\\/schema\\\/person\\\/3e7216a35c34d8fdf952b31da3d1f89f\"},\"headline\":\"Energisa entrega \u00e0 Prefeitura ilumina\u00e7\u00e3o em LED no centro da cidade\",\"datePublished\":\"2020-03-13T19:00:48+00:00\",\"mainEntityOfPage\":{\"@id\":\"https:\\\/\\\/marcelolopes.jor.br\\\/site\\\/2020\\\/03\\\/13\\\/energisa-entrega-a-prefeitura-iluminacao-em-led-no-centro-da-cidade\\\/\"},\"wordCount\":516,\"commentCount\":0,\"publisher\":{\"@id\":\"https:\\\/\\\/marcelolopes.jor.br\\\/site\\\/#organization\"},\"image\":{\"@id\":\"https:\\\/\\\/marcelolopes.jor.br\\\/site\\\/2020\\\/03\\\/13\\\/energisa-entrega-a-prefeitura-iluminacao-em-led-no-centro-da-cidade\\\/#primaryimage\"},\"thumbnailUrl\":\"https:\\\/\\\/marcelolopes.jor.br\\\/site\\\/wp-content\\\/uploads\\\/2020\\\/03\\\/IMG_2622.jpeg\",\"keywords\":[\"Energisa\",\"ilumina\u00e7\u00e3o em LED\",\"l\u00e2mpadas de LED\",\"Prefeitura de Cataguases\"],\"articleSection\":[\"Not\u00edcias\"],\"inLanguage\":\"pt-BR\",\"potentialAction\":[{\"@type\":\"CommentAction\",\"name\":\"Comment\",\"target\":[\"https:\\\/\\\/marcelolopes.jor.br\\\/site\\\/2020\\\/03\\\/13\\\/energisa-entrega-a-prefeitura-iluminacao-em-led-no-centro-da-cidade\\\/#respond\"]}]},{\"@type\":\"WebPage\",\"@id\":\"https:\\\/\\\/marcelolopes.jor.br\\\/site\\\/2020\\\/03\\\/13\\\/energisa-entrega-a-prefeitura-iluminacao-em-led-no-centro-da-cidade\\\/\",\"url\":\"https:\\\/\\\/marcelolopes.jor.br\\\/site\\\/2020\\\/03\\\/13\\\/energisa-entrega-a-prefeitura-iluminacao-em-led-no-centro-da-cidade\\\/\",\"name\":\"Energisa entrega \u00e0 Prefeitura ilumina\u00e7\u00e3o em LED no centro da cidade | Marcelo Lopes\",\"isPartOf\":{\"@id\":\"https:\\\/\\\/marcelolopes.jor.br\\\/site\\\/#website\"},\"primaryImageOfPage\":{\"@id\":\"https:\\\/\\\/marcelolopes.jor.br\\\/site\\\/2020\\\/03\\\/13\\\/energisa-entrega-a-prefeitura-iluminacao-em-led-no-centro-da-cidade\\\/#primaryimage\"},\"image\":{\"@id\":\"https:\\\/\\\/marcelolopes.jor.br\\\/site\\\/2020\\\/03\\\/13\\\/energisa-entrega-a-prefeitura-iluminacao-em-led-no-centro-da-cidade\\\/#primaryimage\"},\"thumbnailUrl\":\"https:\\\/\\\/marcelolopes.jor.br\\\/site\\\/wp-content\\\/uploads\\\/2020\\\/03\\\/IMG_2622.jpeg\",\"datePublished\":\"2020-03-13T19:00:48+00:00\",\"breadcrumb\":{\"@id\":\"https:\\\/\\\/marcelolopes.jor.br\\\/site\\\/2020\\\/03\\\/13\\\/energisa-entrega-a-prefeitura-iluminacao-em-led-no-centro-da-cidade\\\/#breadcrumb\"},\"inLanguage\":\"pt-BR\",\"potentialAction\":[{\"@type\":\"ReadAction\",\"target\":[\"https:\\\/\\\/marcelolopes.jor.br\\\/site\\\/2020\\\/03\\\/13\\\/energisa-entrega-a-prefeitura-iluminacao-em-led-no-centro-da-cidade\\\/\"]}]},{\"@type\":\"ImageObject\",\"inLanguage\":\"pt-BR\",\"@id\":\"https:\\\/\\\/marcelolopes.jor.br\\\/site\\\/2020\\\/03\\\/13\\\/energisa-entrega-a-prefeitura-iluminacao-em-led-no-centro-da-cidade\\\/#primaryimage\",\"url\":\"https:\\\/\\\/marcelolopes.jor.br\\\/site\\\/wp-content\\\/uploads\\\/2020\\\/03\\\/IMG_2622.jpeg\",\"contentUrl\":\"https:\\\/\\\/marcelolopes.jor.br\\\/site\\\/wp-content\\\/uploads\\\/2020\\\/03\\\/IMG_2622.jpeg\",\"width\":800,\"height\":450},{\"@type\":\"BreadcrumbList\",\"@id\":\"https:\\\/\\\/marcelolopes.jor.br\\\/site\\\/2020\\\/03\\\/13\\\/energisa-entrega-a-prefeitura-iluminacao-em-led-no-centro-da-cidade\\\/#breadcrumb\",\"itemListElement\":[{\"@type\":\"ListItem\",\"position\":1,\"name\":\"Home\",\"item\":\"https:\\\/\\\/marcelolopes.jor.br\\\/site\\\/\"},{\"@type\":\"ListItem\",\"position\":2,\"name\":\"Energisa entrega \u00e0 Prefeitura ilumina\u00e7\u00e3o em LED no centro da cidade\"}]},{\"@type\":\"WebSite\",\"@id\":\"https:\\\/\\\/marcelolopes.jor.br\\\/site\\\/#website\",\"url\":\"https:\\\/\\\/marcelolopes.jor.br\\\/site\\\/\",\"name\":\"Marcelo Lopes\",\"description\":\"Not\u00edcias de Cataguases e Regi\u00e3o\",\"publisher\":{\"@id\":\"https:\\\/\\\/marcelolopes.jor.br\\\/site\\\/#organization\"},\"potentialAction\":[{\"@type\":\"SearchAction\",\"target\":{\"@type\":\"EntryPoint\",\"urlTemplate\":\"https:\\\/\\\/marcelolopes.jor.br\\\/site\\\/?s={search_term_string}\"},\"query-input\":{\"@type\":\"PropertyValueSpecification\",\"valueRequired\":true,\"valueName\":\"search_term_string\"}}],\"inLanguage\":\"pt-BR\"},{\"@type\":\"Organization\",\"@id\":\"https:\\\/\\\/marcelolopes.jor.br\\\/site\\\/#organization\",\"name\":\"Site do Marcelo Lopes\",\"url\":\"https:\\\/\\\/marcelolopes.jor.br\\\/site\\\/\",\"logo\":{\"@type\":\"ImageObject\",\"inLanguage\":\"pt-BR\",\"@id\":\"https:\\\/\\\/marcelolopes.jor.br\\\/site\\\/#\\\/schema\\\/logo\\\/image\\\/\",\"url\":\"https:\\\/\\\/marcelolopes.jor.br\\\/site\\\/wp-content\\\/uploads\\\/2026\\\/07\\\/cropped-logo2026.png\",\"contentUrl\":\"https:\\\/\\\/marcelolopes.jor.br\\\/site\\\/wp-content\\\/uploads\\\/2026\\\/07\\\/cropped-logo2026.png\",\"width\":328,\"height\":96,\"caption\":\"Site do Marcelo Lopes\"},\"image\":{\"@id\":\"https:\\\/\\\/marcelolopes.jor.br\\\/site\\\/#\\\/schema\\\/logo\\\/image\\\/\"},\"sameAs\":[\"https:\\\/\\\/www.facebook.com\\\/sitedomarcelolopes\",\"https:\\\/\\\/www.instagram.com\\\/sitedomarcelolopes\\\/\",\"https:\\\/\\\/www.linkedin.com\\\/company\\\/site-do-marcelo-lopes\\\/\",\"https:\\\/\\\/www.youtube.com\\\/user\\\/marcelolopes957\"]},{\"@type\":\"Person\",\"@id\":\"https:\\\/\\\/marcelolopes.jor.br\\\/site\\\/#\\\/schema\\\/person\\\/3e7216a35c34d8fdf952b31da3d1f89f\",\"name\":\"Marcelo Lopes\",\"sameAs\":[\"http:\\\/\\\/www.marcelolopes.jor.br\"],\"url\":\"https:\\\/\\\/marcelolopes.jor.br\\\/site\\\/author\\\/marcelo\\\/\"}]}<\/script>\n<!-- \/ Yoast SEO plugin. -->","yoast_head_json":{"title":"Energisa entrega \u00e0 Prefeitura ilumina\u00e7\u00e3o em LED no centro da cidade | Marcelo Lopes","robots":{"index":"index","follow":"follow","max-snippet":"max-snippet:-1","max-image-preview":"max-image-preview:large","max-video-preview":"max-video-preview:-1"},"canonical":"https:\/\/marcelolopes.jor.br\/site\/2020\/03\/13\/energisa-entrega-a-prefeitura-iluminacao-em-led-no-centro-da-cidade\/","og_locale":"pt_BR","og_type":"article","og_title":"Energisa entrega \u00e0 Prefeitura ilumina\u00e7\u00e3o em LED no centro da cidade | Marcelo Lopes","og_description":"A Energisa Minas Gerais realizou no in\u00edcio da noite de quinta-feira, 12 de mar\u00e7o, na Pra\u00e7a Rui Barbosa, em Cataguases, mais uma edi\u00e7\u00e3o do projeto &#8220;Nossa Energia&#8221;. Na ocasi\u00e3o tamb\u00e9m foi feita a entrega formal do Projeto de Efici\u00eancia Energ\u00e9ticaLeia mais Energisa entrega \u00e0 Prefeitura ilumina\u00e7\u00e3o em LED no centro da cidade","og_url":"https:\/\/marcelolopes.jor.br\/site\/2020\/03\/13\/energisa-entrega-a-prefeitura-iluminacao-em-led-no-centro-da-cidade\/","og_site_name":"Marcelo Lopes","article_publisher":"https:\/\/www.facebook.com\/sitedomarcelolopes","article_published_time":"2020-03-13T19:00:48+00:00","og_image":[{"width":800,"height":450,"url":"https:\/\/marcelolopes.jor.br\/site\/wp-content\/uploads\/2020\/03\/IMG_2622.jpeg","type":"image\/jpeg"}],"author":"Marcelo Lopes","twitter_card":"summary_large_image","twitter_misc":{"Escrito por":"Marcelo Lopes","Est. tempo de leitura":"3 minutos"},"schema":{"@context":"https:\/\/schema.org","@graph":[{"@type":"NewsArticle","@id":"https:\/\/marcelolopes.jor.br\/site\/2020\/03\/13\/energisa-entrega-a-prefeitura-iluminacao-em-led-no-centro-da-cidade\/#article","isPartOf":{"@id":"https:\/\/marcelolopes.jor.br\/site\/2020\/03\/13\/energisa-entrega-a-prefeitura-iluminacao-em-led-no-centro-da-cidade\/"},"author":{"name":"Marcelo Lopes","@id":"https:\/\/marcelolopes.jor.br\/site\/#\/schema\/person\/3e7216a35c34d8fdf952b31da3d1f89f"},"headline":"Energisa entrega \u00e0 Prefeitura ilumina\u00e7\u00e3o em LED no centro da cidade","datePublished":"2020-03-13T19:00:48+00:00","mainEntityOfPage":{"@id":"https:\/\/marcelolopes.jor.br\/site\/2020\/03\/13\/energisa-entrega-a-prefeitura-iluminacao-em-led-no-centro-da-cidade\/"},"wordCount":516,"commentCount":0,"publisher":{"@id":"https:\/\/marcelolopes.jor.br\/site\/#organization"},"image":{"@id":"https:\/\/marcelolopes.jor.br\/site\/2020\/03\/13\/energisa-entrega-a-prefeitura-iluminacao-em-led-no-centro-da-cidade\/#primaryimage"},"thumbnailUrl":"https:\/\/marcelolopes.jor.br\/site\/wp-content\/uploads\/2020\/03\/IMG_2622.jpeg","keywords":["Energisa","ilumina\u00e7\u00e3o em LED","l\u00e2mpadas de LED","Prefeitura de Cataguases"],"articleSection":["Not\u00edcias"],"inLanguage":"pt-BR","potentialAction":[{"@type":"CommentAction","name":"Comment","target":["https:\/\/marcelolopes.jor.br\/site\/2020\/03\/13\/energisa-entrega-a-prefeitura-iluminacao-em-led-no-centro-da-cidade\/#respond"]}]},{"@type":"WebPage","@id":"https:\/\/marcelolopes.jor.br\/site\/2020\/03\/13\/energisa-entrega-a-prefeitura-iluminacao-em-led-no-centro-da-cidade\/","url":"https:\/\/marcelolopes.jor.br\/site\/2020\/03\/13\/energisa-entrega-a-prefeitura-iluminacao-em-led-no-centro-da-cidade\/","name":"Energisa entrega \u00e0 Prefeitura ilumina\u00e7\u00e3o em LED no centro da cidade | Marcelo Lopes","isPartOf":{"@id":"https:\/\/marcelolopes.jor.br\/site\/#website"},"primaryImageOfPage":{"@id":"https:\/\/marcelolopes.jor.br\/site\/2020\/03\/13\/energisa-entrega-a-prefeitura-iluminacao-em-led-no-centro-da-cidade\/#primaryimage"},"image":{"@id":"https:\/\/marcelolopes.jor.br\/site\/2020\/03\/13\/energisa-entrega-a-prefeitura-iluminacao-em-led-no-centro-da-cidade\/#primaryimage"},"thumbnailUrl":"https:\/\/marcelolopes.jor.br\/site\/wp-content\/uploads\/2020\/03\/IMG_2622.jpeg","datePublished":"2020-03-13T19:00:48+00:00","breadcrumb":{"@id":"https:\/\/marcelolopes.jor.br\/site\/2020\/03\/13\/energisa-entrega-a-prefeitura-iluminacao-em-led-no-centro-da-cidade\/#breadcrumb"},"inLanguage":"pt-BR","potentialAction":[{"@type":"ReadAction","target":["https:\/\/marcelolopes.jor.br\/site\/2020\/03\/13\/energisa-entrega-a-prefeitura-iluminacao-em-led-no-centro-da-cidade\/"]}]},{"@type":"ImageObject","inLanguage":"pt-BR","@id":"https:\/\/marcelolopes.jor.br\/site\/2020\/03\/13\/energisa-entrega-a-prefeitura-iluminacao-em-led-no-centro-da-cidade\/#primaryimage","url":"https:\/\/marcelolopes.jor.br\/site\/wp-content\/uploads\/2020\/03\/IMG_2622.jpeg","contentUrl":"https:\/\/marcelolopes.jor.br\/site\/wp-content\/uploads\/2020\/03\/IMG_2622.jpeg","width":800,"height":450},{"@type":"BreadcrumbList","@id":"https:\/\/marcelolopes.jor.br\/site\/2020\/03\/13\/energisa-entrega-a-prefeitura-iluminacao-em-led-no-centro-da-cidade\/#breadcrumb","itemListElement":[{"@type":"ListItem","position":1,"name":"Home","item":"https:\/\/marcelolopes.jor.br\/site\/"},{"@type":"ListItem","position":2,"name":"Energisa entrega \u00e0 Prefeitura ilumina\u00e7\u00e3o em LED no centro da cidade"}]},{"@type":"WebSite","@id":"https:\/\/marcelolopes.jor.br\/site\/#website","url":"https:\/\/marcelolopes.jor.br\/site\/","name":"Marcelo Lopes","description":"Not\u00edcias de Cataguases e Regi\u00e3o","publisher":{"@id":"https:\/\/marcelolopes.jor.br\/site\/#organization"},"potentialAction":[{"@type":"SearchAction","target":{"@type":"EntryPoint","urlTemplate":"https:\/\/marcelolopes.jor.br\/site\/?s={search_term_string}"},"query-input":{"@type":"PropertyValueSpecification","valueRequired":true,"valueName":"search_term_string"}}],"inLanguage":"pt-BR"},{"@type":"Organization","@id":"https:\/\/marcelolopes.jor.br\/site\/#organization","name":"Site do Marcelo Lopes","url":"https:\/\/marcelolopes.jor.br\/site\/","logo":{"@type":"ImageObject","inLanguage":"pt-BR","@id":"https:\/\/marcelolopes.jor.br\/site\/#\/schema\/logo\/image\/","url":"https:\/\/marcelolopes.jor.br\/site\/wp-content\/uploads\/2026\/07\/cropped-logo2026.png","contentUrl":"https:\/\/marcelolopes.jor.br\/site\/wp-content\/uploads\/2026\/07\/cropped-logo2026.png","width":328,"height":96,"caption":"Site do Marcelo Lopes"},"image":{"@id":"https:\/\/marcelolopes.jor.br\/site\/#\/schema\/logo\/image\/"},"sameAs":["https:\/\/www.facebook.com\/sitedomarcelolopes","https:\/\/www.instagram.com\/sitedomarcelolopes\/","https:\/\/www.linkedin.com\/company\/site-do-marcelo-lopes\/","https:\/\/www.youtube.com\/user\/marcelolopes957"]},{"@type":"Person","@id":"https:\/\/marcelolopes.jor.br\/site\/#\/schema\/person\/3e7216a35c34d8fdf952b31da3d1f89f","name":"Marcelo Lopes","sameAs":["http:\/\/www.marcelolopes.jor.br"],"url":"https:\/\/marcelolopes.jor.br\/site\/author\/marcelo\/"}]}},"wps_subtitle":"Evento aconteceu na Pra\u00e7a Rui Barbosa e teve teatro com o Grupo Pera.","_links":{"self":[{"href":"https:\/\/marcelolopes.jor.br\/site\/wp-json\/wp\/v2\/posts\/12673","targetHints":{"allow":["GET"]}}],"collection":[{"href":"https:\/\/marcelolopes.jor.br\/site\/wp-json\/wp\/v2\/posts"}],"about":[{"href":"https:\/\/marcelolopes.jor.br\/site\/wp-json\/wp\/v2\/types\/post"}],"author":[{"embeddable":true,"href":"https:\/\/marcelolopes.jor.br\/site\/wp-json\/wp\/v2\/users\/2"}],"replies":[{"embeddable":true,"href":"https:\/\/marcelolopes.jor.br\/site\/wp-json\/wp\/v2\/comments?post=12673"}],"version-history":[{"count":0,"href":"https:\/\/marcelolopes.jor.br\/site\/wp-json\/wp\/v2\/posts\/12673\/revisions"}],"wp:featuredmedia":[{"embeddable":true,"href":"https:\/\/marcelolopes.jor.br\/site\/wp-json\/wp\/v2\/media\/12674"}],"wp:attachment":[{"href":"https:\/\/marcelolopes.jor.br\/site\/wp-json\/wp\/v2\/media?parent=12673"}],"wp:term":[{"taxonomy":"category","embeddable":true,"href":"https:\/\/marcelolopes.jor.br\/site\/wp-json\/wp\/v2\/categories?post=12673"},{"taxonomy":"post_tag","embeddable":true,"href":"https:\/\/marcelolopes.jor.br\/site\/wp-json\/wp\/v2\/tags?post=12673"}],"curies":[{"name":"wp","href":"https:\/\/api.w.org\/{rel}","templated":true}]}}