{"id":12663,"date":"2020-03-13T12:00:19","date_gmt":"2020-03-13T15:00:19","guid":{"rendered":"https:\/\/marcelolopes.jor.br\/?p=12663"},"modified":"2020-03-13T10:08:39","modified_gmt":"2020-03-13T13:08:39","slug":"mascara-cirurgica-esta-em-falta-no-comercio-de-cataguases","status":"publish","type":"post","link":"https:\/\/marcelolopes.jor.br\/site\/2020\/03\/13\/mascara-cirurgica-esta-em-falta-no-comercio-de-cataguases\/","title":{"rendered":"M\u00e1scara cir\u00fargica est\u00e1 em falta no com\u00e9rcio de Cataguases"},"content":{"rendered":"<p style=\"text-align: justify;\">A pandemia da gripe provocada pelo novo coronav\u00edrus, al\u00e9m de requerer cuidados preventivos e tamb\u00e9m durante o tratamento, est\u00e1 provocando uma corrida \u00e0s farm\u00e1cias e lojas de produtos m\u00e9dicos em busca de m\u00e1scaras cir\u00fargicas. Em Cataguases o produto est\u00e1 esgotado, conforme apurou nesta manh\u00e3 de sexta-feira, 13, a reportagem do Site do Marcelo Lopes. H\u00e1 previs\u00e3o de chegar em meados da pr\u00f3xima semana. Um revendedor da cidade informou que, mesmo assim, j\u00e1 est\u00e1 com quase toda a remessa reservada para clientes.<!--more--><\/p>\n<p style=\"text-align: justify;\">Se a m\u00e1scara tornou-se um produto raro, seu pre\u00e7o tamb\u00e9m disparou. Antes da crise, conforme apurou a reportagem, era encontrada facilmente em qualquer loja do ramo pelo pre\u00e7o m\u00e9dio de R$ 9 a embalagem com cinquenta. Hoje, a mesma caixa n\u00e3o sai por menos de R$ 85, para o consumidor final. A procura muito al\u00e9m do normal, prejudicou diretamente os dentistas que utilizam o produto diariamente e em alta rotatividade, visto que para cada paciente \u00e9 preciso usar pelo menos uma m\u00e1scara. Um deles, conversou com a reportagem e disse que comprava a caixa por cerca de R$ 10 e hoje j\u00e1 custa R$ 50.<\/p>\n<p style=\"text-align: justify;\">Situa\u00e7\u00e3o semelhante ocorre com outro produto: O \u00e1lcool gel. Ele ainda pode ser encontrado em alguns pontos de venda da cidade, mas o cliente vai precisar fazer uma pequena peregrina\u00e7\u00e3o at\u00e9 encontr\u00e1-lo. O pre\u00e7o, claro, j\u00e1 alcan\u00e7ou tamb\u00e9m patamares bem acima daqueles praticados antes da chegada do coronav\u00edrus. Ao contr\u00e1rio da m\u00e1scara, que n\u00e3o \u00e9 indicada para a popula\u00e7\u00e3o em geral, de acordo com os especialistas, o \u00e1lcool gel \u00e9 aconselhado ser utilizado na higiene pessoal para prevenir o cont\u00e1gio pelo covid-19. <a href=\"https:\/\/globoplay.globo.com\/v\/8394740\/\"><span style=\"color: #0000ff;\"><strong>Clique aqui<\/strong> <\/span><\/a>para assistir ao v\u00eddeo com explica\u00e7\u00f5es sobre o uso da m\u00e1scara.<\/p>\n<p><img loading=\"lazy\" decoding=\"async\" class=\"aligncenter size-full wp-image-12668\" src=\"https:\/\/marcelolopes.jor.br\/site\/wp-content\/uploads\/2020\/03\/lcool.jpg\" alt=\"\" width=\"600\" height=\"450\" srcset=\"https:\/\/marcelolopes.jor.br\/site\/wp-content\/uploads\/2020\/03\/lcool.jpg 600w, https:\/\/marcelolopes.jor.br\/site\/wp-content\/uploads\/2020\/03\/lcool-300x225.jpg 300w\" sizes=\"auto, (max-width: 600px) 100vw, 600px\" \/><\/p>\n<p>&nbsp;<\/p>\n<div class=\"zylih69f7503f12770\" ><br><\/div><style type=\"text\/css\">\r\n@media screen and (min-width: 1201px) {\r\n.zylih69f7503f12770 {\r\ndisplay: block;\r\n}\r\n}\r\n@media screen and (min-width: 993px) and (max-width: 1200px) {\r\n.zylih69f7503f12770 {\r\ndisplay: block;\r\n}\r\n}\r\n@media screen and (min-width: 769px) and (max-width: 992px) {\r\n.zylih69f7503f12770 {\r\ndisplay: block;\r\n}\r\n}\r\n@media screen and (min-width: 768px) and (max-width: 768px) {\r\n.zylih69f7503f12770 {\r\ndisplay: block;\r\n}\r\n}\r\n@media screen and (max-width: 767px) {\r\n.zylih69f7503f12770 {\r\ndisplay: block;\r\n}\r\n}\r\n<\/style>\r\n<div class=\"erqmv69f7503f19650\" ><div id=\"div_destino\"><\/div>\r\n<script src=\"https:\/\/cdn.snsrsv.com\/sdk.js\"><\/script>\r\n<script >\r\n      new sdk(\"464030C30061EA8BE065000000000001\") \r\n          .appendTo(\"div_destino\")\r\n          .disableStyle(true) \r\n          .setCacheBusterMacro(\"%%CACHEBUSTER%%\")\r\n          .setSize(\"800\",\"214\")\r\n          .setClickMacro(\"%%CLICK_URL_ESC%%\") \r\n          .setReferrerUrlMacro(\"%%REFERRER_URL_ESC%%\") \r\n          .start(); \r\n<\/script><\/div><style type=\"text\/css\">\r\n@media screen and (min-width: 1201px) {\r\n.erqmv69f7503f19650 {\r\ndisplay: block;\r\n}\r\n}\r\n@media screen and (min-width: 993px) and (max-width: 1200px) {\r\n.erqmv69f7503f19650 {\r\ndisplay: block;\r\n}\r\n}\r\n@media screen and (min-width: 769px) and (max-width: 992px) {\r\n.erqmv69f7503f19650 {\r\ndisplay: block;\r\n}\r\n}\r\n@media screen and (min-width: 768px) and (max-width: 768px) {\r\n.erqmv69f7503f19650 {\r\ndisplay: block;\r\n}\r\n}\r\n@media screen and (max-width: 767px) {\r\n.erqmv69f7503f19650 {\r\ndisplay: block;\r\n}\r\n}\r\n<\/style>\r\n","protected":false},"excerpt":{"rendered":"<p>A pandemia da gripe provocada pelo novo coronav\u00edrus, al\u00e9m de requerer cuidados preventivos e tamb\u00e9m durante o tratamento, est\u00e1 provocando uma corrida \u00e0s farm\u00e1cias e lojas de produtos m\u00e9dicos em busca de m\u00e1scaras cir\u00fargicas. Em Cataguases o produto est\u00e1 esgotado,<\/p>\n<p class=\"link-more\"><a class=\"more-link\" href=\"https:\/\/marcelolopes.jor.br\/site\/2020\/03\/13\/mascara-cirurgica-esta-em-falta-no-comercio-de-cataguases\/\">Leia mais <span class=\"screen-reader-text\">M\u00e1scara cir\u00fargica est\u00e1 em falta no com\u00e9rcio de Cataguases<\/span><\/a><\/p>\n","protected":false},"author":2,"featured_media":12667,"comment_status":"open","ping_status":"open","sticky":false,"template":"","format":"standard","meta":{"footnotes":""},"categories":[1],"tags":[2237,2185,168,2236],"class_list":["post-12663","post","type-post","status-publish","format-standard","has-post-thumbnail","hentry","category-noticias","tag-alcool-gel","tag-coronavirus","tag-higiene","tag-mascara-cirurgica","thumb-below-title"],"yoast_head":"<!-- This site is optimized with the Yoast SEO plugin v27.4 - https:\/\/yoast.com\/product\/yoast-seo-wordpress\/ -->\n<title>M\u00e1scara cir\u00fargica est\u00e1 em falta no com\u00e9rcio de Cataguases | Marcelo Lopes<\/title>\n<meta name=\"robots\" content=\"index, follow, max-snippet:-1, max-image-preview:large, max-video-preview:-1\" \/>\n<link rel=\"canonical\" href=\"https:\/\/marcelolopes.jor.br\/site\/2020\/03\/13\/mascara-cirurgica-esta-em-falta-no-comercio-de-cataguases\/\" \/>\n<meta property=\"og:locale\" content=\"pt_BR\" \/>\n<meta property=\"og:type\" content=\"article\" \/>\n<meta property=\"og:title\" content=\"M\u00e1scara cir\u00fargica est\u00e1 em falta no com\u00e9rcio de Cataguases | Marcelo Lopes\" \/>\n<meta property=\"og:description\" content=\"A pandemia da gripe provocada pelo novo coronav\u00edrus, al\u00e9m de requerer cuidados preventivos e tamb\u00e9m durante o tratamento, est\u00e1 provocando uma corrida \u00e0s farm\u00e1cias e lojas de produtos m\u00e9dicos em busca de m\u00e1scaras cir\u00fargicas. Em Cataguases o produto est\u00e1 esgotado,Leia mais M\u00e1scara cir\u00fargica est\u00e1 em falta no com\u00e9rcio de Cataguases\" \/>\n<meta property=\"og:url\" content=\"https:\/\/marcelolopes.jor.br\/site\/2020\/03\/13\/mascara-cirurgica-esta-em-falta-no-comercio-de-cataguases\/\" \/>\n<meta property=\"og:site_name\" content=\"Marcelo Lopes\" \/>\n<meta property=\"article:publisher\" content=\"https:\/\/www.facebook.com\/sitedomarcelolopes\" \/>\n<meta property=\"article:published_time\" content=\"2020-03-13T15:00:19+00:00\" \/>\n<meta property=\"og:image\" content=\"https:\/\/marcelolopes.jor.br\/site\/wp-content\/uploads\/2020\/03\/0726.jpg\" \/>\n\t<meta property=\"og:image:width\" content=\"800\" \/>\n\t<meta property=\"og:image:height\" content=\"556\" \/>\n\t<meta property=\"og:image:type\" content=\"image\/jpeg\" \/>\n<meta name=\"author\" content=\"Marcelo Lopes\" \/>\n<meta name=\"twitter:card\" content=\"summary_large_image\" \/>\n<meta name=\"twitter:label1\" content=\"Escrito por\" \/>\n\t<meta name=\"twitter:data1\" content=\"Marcelo Lopes\" \/>\n\t<meta name=\"twitter:label2\" content=\"Est. tempo de leitura\" \/>\n\t<meta name=\"twitter:data2\" content=\"2 minutos\" \/>\n<script type=\"application\/ld+json\" class=\"yoast-schema-graph\">{\"@context\":\"https:\\\/\\\/schema.org\",\"@graph\":[{\"@type\":\"NewsArticle\",\"@id\":\"https:\\\/\\\/marcelolopes.jor.br\\\/site\\\/2020\\\/03\\\/13\\\/mascara-cirurgica-esta-em-falta-no-comercio-de-cataguases\\\/#article\",\"isPartOf\":{\"@id\":\"https:\\\/\\\/marcelolopes.jor.br\\\/site\\\/2020\\\/03\\\/13\\\/mascara-cirurgica-esta-em-falta-no-comercio-de-cataguases\\\/\"},\"author\":{\"name\":\"Marcelo Lopes\",\"@id\":\"https:\\\/\\\/marcelolopes.jor.br\\\/site\\\/#\\\/schema\\\/person\\\/3e7216a35c34d8fdf952b31da3d1f89f\"},\"headline\":\"M\u00e1scara cir\u00fargica est\u00e1 em falta no com\u00e9rcio de Cataguases\",\"datePublished\":\"2020-03-13T15:00:19+00:00\",\"mainEntityOfPage\":{\"@id\":\"https:\\\/\\\/marcelolopes.jor.br\\\/site\\\/2020\\\/03\\\/13\\\/mascara-cirurgica-esta-em-falta-no-comercio-de-cataguases\\\/\"},\"wordCount\":318,\"commentCount\":0,\"publisher\":{\"@id\":\"https:\\\/\\\/marcelolopes.jor.br\\\/site\\\/#organization\"},\"image\":{\"@id\":\"https:\\\/\\\/marcelolopes.jor.br\\\/site\\\/2020\\\/03\\\/13\\\/mascara-cirurgica-esta-em-falta-no-comercio-de-cataguases\\\/#primaryimage\"},\"thumbnailUrl\":\"https:\\\/\\\/marcelolopes.jor.br\\\/site\\\/wp-content\\\/uploads\\\/2020\\\/03\\\/0726.jpg\",\"keywords\":[\"\u00e1lcool gel\",\"coronav\u00edrus\",\"higiene\",\"m\u00e1scara cir\u00fargica\"],\"articleSection\":[\"Not\u00edcias\"],\"inLanguage\":\"pt-BR\",\"potentialAction\":[{\"@type\":\"CommentAction\",\"name\":\"Comment\",\"target\":[\"https:\\\/\\\/marcelolopes.jor.br\\\/site\\\/2020\\\/03\\\/13\\\/mascara-cirurgica-esta-em-falta-no-comercio-de-cataguases\\\/#respond\"]}]},{\"@type\":\"WebPage\",\"@id\":\"https:\\\/\\\/marcelolopes.jor.br\\\/site\\\/2020\\\/03\\\/13\\\/mascara-cirurgica-esta-em-falta-no-comercio-de-cataguases\\\/\",\"url\":\"https:\\\/\\\/marcelolopes.jor.br\\\/site\\\/2020\\\/03\\\/13\\\/mascara-cirurgica-esta-em-falta-no-comercio-de-cataguases\\\/\",\"name\":\"M\u00e1scara cir\u00fargica est\u00e1 em falta no com\u00e9rcio de Cataguases | Marcelo Lopes\",\"isPartOf\":{\"@id\":\"https:\\\/\\\/marcelolopes.jor.br\\\/site\\\/#website\"},\"primaryImageOfPage\":{\"@id\":\"https:\\\/\\\/marcelolopes.jor.br\\\/site\\\/2020\\\/03\\\/13\\\/mascara-cirurgica-esta-em-falta-no-comercio-de-cataguases\\\/#primaryimage\"},\"image\":{\"@id\":\"https:\\\/\\\/marcelolopes.jor.br\\\/site\\\/2020\\\/03\\\/13\\\/mascara-cirurgica-esta-em-falta-no-comercio-de-cataguases\\\/#primaryimage\"},\"thumbnailUrl\":\"https:\\\/\\\/marcelolopes.jor.br\\\/site\\\/wp-content\\\/uploads\\\/2020\\\/03\\\/0726.jpg\",\"datePublished\":\"2020-03-13T15:00:19+00:00\",\"breadcrumb\":{\"@id\":\"https:\\\/\\\/marcelolopes.jor.br\\\/site\\\/2020\\\/03\\\/13\\\/mascara-cirurgica-esta-em-falta-no-comercio-de-cataguases\\\/#breadcrumb\"},\"inLanguage\":\"pt-BR\",\"potentialAction\":[{\"@type\":\"ReadAction\",\"target\":[\"https:\\\/\\\/marcelolopes.jor.br\\\/site\\\/2020\\\/03\\\/13\\\/mascara-cirurgica-esta-em-falta-no-comercio-de-cataguases\\\/\"]}]},{\"@type\":\"ImageObject\",\"inLanguage\":\"pt-BR\",\"@id\":\"https:\\\/\\\/marcelolopes.jor.br\\\/site\\\/2020\\\/03\\\/13\\\/mascara-cirurgica-esta-em-falta-no-comercio-de-cataguases\\\/#primaryimage\",\"url\":\"https:\\\/\\\/marcelolopes.jor.br\\\/site\\\/wp-content\\\/uploads\\\/2020\\\/03\\\/0726.jpg\",\"contentUrl\":\"https:\\\/\\\/marcelolopes.jor.br\\\/site\\\/wp-content\\\/uploads\\\/2020\\\/03\\\/0726.jpg\",\"width\":800,\"height\":556},{\"@type\":\"BreadcrumbList\",\"@id\":\"https:\\\/\\\/marcelolopes.jor.br\\\/site\\\/2020\\\/03\\\/13\\\/mascara-cirurgica-esta-em-falta-no-comercio-de-cataguases\\\/#breadcrumb\",\"itemListElement\":[{\"@type\":\"ListItem\",\"position\":1,\"name\":\"Home\",\"item\":\"https:\\\/\\\/marcelolopes.jor.br\\\/site\\\/\"},{\"@type\":\"ListItem\",\"position\":2,\"name\":\"M\u00e1scara cir\u00fargica est\u00e1 em falta no com\u00e9rcio de Cataguases\"}]},{\"@type\":\"WebSite\",\"@id\":\"https:\\\/\\\/marcelolopes.jor.br\\\/site\\\/#website\",\"url\":\"https:\\\/\\\/marcelolopes.jor.br\\\/site\\\/\",\"name\":\"Marcelo Lopes\",\"description\":\"Not\u00edcias de Cataguases e Regi\u00e3o\",\"publisher\":{\"@id\":\"https:\\\/\\\/marcelolopes.jor.br\\\/site\\\/#organization\"},\"potentialAction\":[{\"@type\":\"SearchAction\",\"target\":{\"@type\":\"EntryPoint\",\"urlTemplate\":\"https:\\\/\\\/marcelolopes.jor.br\\\/site\\\/?s={search_term_string}\"},\"query-input\":{\"@type\":\"PropertyValueSpecification\",\"valueRequired\":true,\"valueName\":\"search_term_string\"}}],\"inLanguage\":\"pt-BR\"},{\"@type\":\"Organization\",\"@id\":\"https:\\\/\\\/marcelolopes.jor.br\\\/site\\\/#organization\",\"name\":\"Site do Marcelo Lopes\",\"url\":\"https:\\\/\\\/marcelolopes.jor.br\\\/site\\\/\",\"logo\":{\"@type\":\"ImageObject\",\"inLanguage\":\"pt-BR\",\"@id\":\"https:\\\/\\\/marcelolopes.jor.br\\\/site\\\/#\\\/schema\\\/logo\\\/image\\\/\",\"url\":\"https:\\\/\\\/marcelolopes.jor.br\\\/site\\\/wp-content\\\/uploads\\\/2024\\\/11\\\/logo-1.png\",\"contentUrl\":\"https:\\\/\\\/marcelolopes.jor.br\\\/site\\\/wp-content\\\/uploads\\\/2024\\\/11\\\/logo-1.png\",\"width\":475,\"height\":80,\"caption\":\"Site do Marcelo Lopes\"},\"image\":{\"@id\":\"https:\\\/\\\/marcelolopes.jor.br\\\/site\\\/#\\\/schema\\\/logo\\\/image\\\/\"},\"sameAs\":[\"https:\\\/\\\/www.facebook.com\\\/sitedomarcelolopes\",\"https:\\\/\\\/www.instagram.com\\\/sitedomarcelolopes\\\/\",\"https:\\\/\\\/www.linkedin.com\\\/company\\\/site-do-marcelo-lopes\\\/\",\"https:\\\/\\\/www.youtube.com\\\/user\\\/marcelolopes957\"]},{\"@type\":\"Person\",\"@id\":\"https:\\\/\\\/marcelolopes.jor.br\\\/site\\\/#\\\/schema\\\/person\\\/3e7216a35c34d8fdf952b31da3d1f89f\",\"name\":\"Marcelo Lopes\",\"sameAs\":[\"http:\\\/\\\/www.marcelolopes.jor.br\"],\"url\":\"https:\\\/\\\/marcelolopes.jor.br\\\/site\\\/author\\\/marcelo\\\/\"}]}<\/script>\n<!-- \/ Yoast SEO plugin. -->","yoast_head_json":{"title":"M\u00e1scara cir\u00fargica est\u00e1 em falta no com\u00e9rcio de Cataguases | Marcelo Lopes","robots":{"index":"index","follow":"follow","max-snippet":"max-snippet:-1","max-image-preview":"max-image-preview:large","max-video-preview":"max-video-preview:-1"},"canonical":"https:\/\/marcelolopes.jor.br\/site\/2020\/03\/13\/mascara-cirurgica-esta-em-falta-no-comercio-de-cataguases\/","og_locale":"pt_BR","og_type":"article","og_title":"M\u00e1scara cir\u00fargica est\u00e1 em falta no com\u00e9rcio de Cataguases | Marcelo Lopes","og_description":"A pandemia da gripe provocada pelo novo coronav\u00edrus, al\u00e9m de requerer cuidados preventivos e tamb\u00e9m durante o tratamento, est\u00e1 provocando uma corrida \u00e0s farm\u00e1cias e lojas de produtos m\u00e9dicos em busca de m\u00e1scaras cir\u00fargicas. Em Cataguases o produto est\u00e1 esgotado,Leia mais M\u00e1scara cir\u00fargica est\u00e1 em falta no com\u00e9rcio de Cataguases","og_url":"https:\/\/marcelolopes.jor.br\/site\/2020\/03\/13\/mascara-cirurgica-esta-em-falta-no-comercio-de-cataguases\/","og_site_name":"Marcelo Lopes","article_publisher":"https:\/\/www.facebook.com\/sitedomarcelolopes","article_published_time":"2020-03-13T15:00:19+00:00","og_image":[{"width":800,"height":556,"url":"https:\/\/marcelolopes.jor.br\/site\/wp-content\/uploads\/2020\/03\/0726.jpg","type":"image\/jpeg"}],"author":"Marcelo Lopes","twitter_card":"summary_large_image","twitter_misc":{"Escrito por":"Marcelo Lopes","Est. tempo de leitura":"2 minutos"},"schema":{"@context":"https:\/\/schema.org","@graph":[{"@type":"NewsArticle","@id":"https:\/\/marcelolopes.jor.br\/site\/2020\/03\/13\/mascara-cirurgica-esta-em-falta-no-comercio-de-cataguases\/#article","isPartOf":{"@id":"https:\/\/marcelolopes.jor.br\/site\/2020\/03\/13\/mascara-cirurgica-esta-em-falta-no-comercio-de-cataguases\/"},"author":{"name":"Marcelo Lopes","@id":"https:\/\/marcelolopes.jor.br\/site\/#\/schema\/person\/3e7216a35c34d8fdf952b31da3d1f89f"},"headline":"M\u00e1scara cir\u00fargica est\u00e1 em falta no com\u00e9rcio de Cataguases","datePublished":"2020-03-13T15:00:19+00:00","mainEntityOfPage":{"@id":"https:\/\/marcelolopes.jor.br\/site\/2020\/03\/13\/mascara-cirurgica-esta-em-falta-no-comercio-de-cataguases\/"},"wordCount":318,"commentCount":0,"publisher":{"@id":"https:\/\/marcelolopes.jor.br\/site\/#organization"},"image":{"@id":"https:\/\/marcelolopes.jor.br\/site\/2020\/03\/13\/mascara-cirurgica-esta-em-falta-no-comercio-de-cataguases\/#primaryimage"},"thumbnailUrl":"https:\/\/marcelolopes.jor.br\/site\/wp-content\/uploads\/2020\/03\/0726.jpg","keywords":["\u00e1lcool gel","coronav\u00edrus","higiene","m\u00e1scara cir\u00fargica"],"articleSection":["Not\u00edcias"],"inLanguage":"pt-BR","potentialAction":[{"@type":"CommentAction","name":"Comment","target":["https:\/\/marcelolopes.jor.br\/site\/2020\/03\/13\/mascara-cirurgica-esta-em-falta-no-comercio-de-cataguases\/#respond"]}]},{"@type":"WebPage","@id":"https:\/\/marcelolopes.jor.br\/site\/2020\/03\/13\/mascara-cirurgica-esta-em-falta-no-comercio-de-cataguases\/","url":"https:\/\/marcelolopes.jor.br\/site\/2020\/03\/13\/mascara-cirurgica-esta-em-falta-no-comercio-de-cataguases\/","name":"M\u00e1scara cir\u00fargica est\u00e1 em falta no com\u00e9rcio de Cataguases | Marcelo Lopes","isPartOf":{"@id":"https:\/\/marcelolopes.jor.br\/site\/#website"},"primaryImageOfPage":{"@id":"https:\/\/marcelolopes.jor.br\/site\/2020\/03\/13\/mascara-cirurgica-esta-em-falta-no-comercio-de-cataguases\/#primaryimage"},"image":{"@id":"https:\/\/marcelolopes.jor.br\/site\/2020\/03\/13\/mascara-cirurgica-esta-em-falta-no-comercio-de-cataguases\/#primaryimage"},"thumbnailUrl":"https:\/\/marcelolopes.jor.br\/site\/wp-content\/uploads\/2020\/03\/0726.jpg","datePublished":"2020-03-13T15:00:19+00:00","breadcrumb":{"@id":"https:\/\/marcelolopes.jor.br\/site\/2020\/03\/13\/mascara-cirurgica-esta-em-falta-no-comercio-de-cataguases\/#breadcrumb"},"inLanguage":"pt-BR","potentialAction":[{"@type":"ReadAction","target":["https:\/\/marcelolopes.jor.br\/site\/2020\/03\/13\/mascara-cirurgica-esta-em-falta-no-comercio-de-cataguases\/"]}]},{"@type":"ImageObject","inLanguage":"pt-BR","@id":"https:\/\/marcelolopes.jor.br\/site\/2020\/03\/13\/mascara-cirurgica-esta-em-falta-no-comercio-de-cataguases\/#primaryimage","url":"https:\/\/marcelolopes.jor.br\/site\/wp-content\/uploads\/2020\/03\/0726.jpg","contentUrl":"https:\/\/marcelolopes.jor.br\/site\/wp-content\/uploads\/2020\/03\/0726.jpg","width":800,"height":556},{"@type":"BreadcrumbList","@id":"https:\/\/marcelolopes.jor.br\/site\/2020\/03\/13\/mascara-cirurgica-esta-em-falta-no-comercio-de-cataguases\/#breadcrumb","itemListElement":[{"@type":"ListItem","position":1,"name":"Home","item":"https:\/\/marcelolopes.jor.br\/site\/"},{"@type":"ListItem","position":2,"name":"M\u00e1scara cir\u00fargica est\u00e1 em falta no com\u00e9rcio de Cataguases"}]},{"@type":"WebSite","@id":"https:\/\/marcelolopes.jor.br\/site\/#website","url":"https:\/\/marcelolopes.jor.br\/site\/","name":"Marcelo Lopes","description":"Not\u00edcias de Cataguases e Regi\u00e3o","publisher":{"@id":"https:\/\/marcelolopes.jor.br\/site\/#organization"},"potentialAction":[{"@type":"SearchAction","target":{"@type":"EntryPoint","urlTemplate":"https:\/\/marcelolopes.jor.br\/site\/?s={search_term_string}"},"query-input":{"@type":"PropertyValueSpecification","valueRequired":true,"valueName":"search_term_string"}}],"inLanguage":"pt-BR"},{"@type":"Organization","@id":"https:\/\/marcelolopes.jor.br\/site\/#organization","name":"Site do Marcelo Lopes","url":"https:\/\/marcelolopes.jor.br\/site\/","logo":{"@type":"ImageObject","inLanguage":"pt-BR","@id":"https:\/\/marcelolopes.jor.br\/site\/#\/schema\/logo\/image\/","url":"https:\/\/marcelolopes.jor.br\/site\/wp-content\/uploads\/2024\/11\/logo-1.png","contentUrl":"https:\/\/marcelolopes.jor.br\/site\/wp-content\/uploads\/2024\/11\/logo-1.png","width":475,"height":80,"caption":"Site do Marcelo Lopes"},"image":{"@id":"https:\/\/marcelolopes.jor.br\/site\/#\/schema\/logo\/image\/"},"sameAs":["https:\/\/www.facebook.com\/sitedomarcelolopes","https:\/\/www.instagram.com\/sitedomarcelolopes\/","https:\/\/www.linkedin.com\/company\/site-do-marcelo-lopes\/","https:\/\/www.youtube.com\/user\/marcelolopes957"]},{"@type":"Person","@id":"https:\/\/marcelolopes.jor.br\/site\/#\/schema\/person\/3e7216a35c34d8fdf952b31da3d1f89f","name":"Marcelo Lopes","sameAs":["http:\/\/www.marcelolopes.jor.br"],"url":"https:\/\/marcelolopes.jor.br\/site\/author\/marcelo\/"}]}},"wps_subtitle":"Procura cresceu muito al\u00e9m do esperado, revelam comerciantes.","_links":{"self":[{"href":"https:\/\/marcelolopes.jor.br\/site\/wp-json\/wp\/v2\/posts\/12663","targetHints":{"allow":["GET"]}}],"collection":[{"href":"https:\/\/marcelolopes.jor.br\/site\/wp-json\/wp\/v2\/posts"}],"about":[{"href":"https:\/\/marcelolopes.jor.br\/site\/wp-json\/wp\/v2\/types\/post"}],"author":[{"embeddable":true,"href":"https:\/\/marcelolopes.jor.br\/site\/wp-json\/wp\/v2\/users\/2"}],"replies":[{"embeddable":true,"href":"https:\/\/marcelolopes.jor.br\/site\/wp-json\/wp\/v2\/comments?post=12663"}],"version-history":[{"count":0,"href":"https:\/\/marcelolopes.jor.br\/site\/wp-json\/wp\/v2\/posts\/12663\/revisions"}],"wp:featuredmedia":[{"embeddable":true,"href":"https:\/\/marcelolopes.jor.br\/site\/wp-json\/wp\/v2\/media\/12667"}],"wp:attachment":[{"href":"https:\/\/marcelolopes.jor.br\/site\/wp-json\/wp\/v2\/media?parent=12663"}],"wp:term":[{"taxonomy":"category","embeddable":true,"href":"https:\/\/marcelolopes.jor.br\/site\/wp-json\/wp\/v2\/categories?post=12663"},{"taxonomy":"post_tag","embeddable":true,"href":"https:\/\/marcelolopes.jor.br\/site\/wp-json\/wp\/v2\/tags?post=12663"}],"curies":[{"name":"wp","href":"https:\/\/api.w.org\/{rel}","templated":true}]}}