{"id":12526,"date":"2020-03-10T07:00:13","date_gmt":"2020-03-10T10:00:13","guid":{"rendered":"https:\/\/marcelolopes.jor.br\/?p=12526"},"modified":"2020-03-09T17:26:40","modified_gmt":"2020-03-09T20:26:40","slug":"projeto-lab-cidadania-alia-tecnologia-e-diversao-para-promover-a-democracia-em-mirai","status":"publish","type":"post","link":"https:\/\/marcelolopes.jor.br\/site\/2020\/03\/10\/projeto-lab-cidadania-alia-tecnologia-e-diversao-para-promover-a-democracia-em-mirai\/","title":{"rendered":"Projeto Lab Cidadania alia tecnologia e divers\u00e3o para promover a democracia em Mira\u00ed"},"content":{"rendered":"<p style=\"text-align: justify;\">Na \u00faltima quinta-feira, dia 5 de mar\u00e7o, foi lan\u00e7ado o projeto \u201cLab Cidadania\u201d, com objetivo de conscientizar a popula\u00e7\u00e3o sobre educa\u00e7\u00e3o e participa\u00e7\u00e3o pol\u00edtica por meio de conte\u00fado leve e educativo. A ideia \u00e9 promover a\u00e7\u00f5es que favore\u00e7am o aumento da informa\u00e7\u00e3o e participa\u00e7\u00e3o dos cidad\u00e3os no munic\u00edpio. Em Mira\u00ed, o projeto \u00e9 uma iniciativa do Instituto Votorantim e da Companhia Brasileira de Alum\u00ednio (CBA).<!--more--><br \/>\nPor meio de um aplicativo para celular, desenvolvido pela Colab, empresa de tecnologia que trabalha com inova\u00e7\u00e3o, o Lab Cidadania funciona como uma rede social, onde as pessoas podem enviar solicita\u00e7\u00f5es para os \u00f3rg\u00e3os p\u00fablicos, receber comunicados sobre sua cidade e at\u00e9 mesmo se inteirar sobre as audi\u00eancias p\u00fablicas. Na perspectiva do cidad\u00e3o, o projeto atuar\u00e1 como um instrumento de participa\u00e7\u00e3o e engajamento social.<\/p>\n<p>Para o gerente das unidades da CBA na Zona da Mata, Christian Fonseca de Andrade, a iniciativa estimula a participa\u00e7\u00e3o e o exerc\u00edcio da cidadania. \u201cEsperamos levar um pouco de informa\u00e7\u00e3o sobre a cultura democr\u00e1tica de uma forma mais leve, esperando que isso reflita em maior conscientiza\u00e7\u00e3o da popula\u00e7\u00e3o. Nosso objetivo \u00e9 despertar o cidad\u00e3o para a participa\u00e7\u00e3o ativa no cotidiano da cidade\u201d, afirma.<\/p>\n<p>Durante o Lab Cidadania, o Colab desenvolver\u00e1 um conte\u00fado espec\u00edfico para Mira\u00ed e cidades da regi\u00e3o, com foco na educa\u00e7\u00e3o e na participa\u00e7\u00e3o pol\u00edtica. \u201cA ideia \u00e9 proporcionar uma &#8220;Jornada do Cidad\u00e3o&#8221;, com informa\u00e7\u00f5es de uma forma geral, jogos de perguntas e respostas, consultas e miss\u00f5es para a popula\u00e7\u00e3o. A proposta \u00e9 que as pessoas aprendam o assunto de uma forma descontra\u00edda e divertida\u201d, explica Samara Resende, gestora de projeto no Colab.<\/p>\n<p>O projeto envolver\u00e1 o poder p\u00fablico, \u00f3rg\u00e3os locais e escolas para parcerias na divulga\u00e7\u00e3o, al\u00e9m de promover visitas e rodas de conversa sobre educa\u00e7\u00e3o pol\u00edtica. As a\u00e7\u00f5es presenciais v\u00e3o se concentrar em Mira\u00ed. A \u201cJornada do Cidad\u00e3o\u201d tamb\u00e9m estar\u00e1 dispon\u00edvel no aplicativo para as cidades pr\u00f3ximas, como Muria\u00e9, Cataguases, S\u00e3o Sebasti\u00e3o da Vargem Alegre e Ros\u00e1rio da Limeira.<\/p>\n<p><strong>Lab Cidadania<\/strong><br \/>\nO Lab Cidadania \u00e9 uma iniciativa do Grupo Votorantim e de suas empresas investidas por meio do Instituto Votorantim. O objetivo da a\u00e7\u00e3o \u00e9 buscar solu\u00e7\u00f5es inovadoras para a promo\u00e7\u00e3o da cultura democr\u00e1tica nos munic\u00edpios onde as empresas atuam, melhorando a qualifica\u00e7\u00e3o e o fortalecimento da participa\u00e7\u00e3o cidad\u00e3. O Lab Cidadania est\u00e1 acontecendo em cinco cidades brasileiras: Araripina\/PE, Mat\u00e3o\/ SP, Votorantim\/SP, Tr\u00eas Marias\/MG e Mira\u00ed\/MG.<\/p>\n<p><img loading=\"lazy\" decoding=\"async\" class=\"aligncenter wp-image-12529\" src=\"https:\/\/marcelolopes.jor.br\/site\/wp-content\/uploads\/2020\/03\/Lan\u00e7amento_Lab_Cidadania_CBA-1.jpg\" alt=\"\" width=\"600\" height=\"450\" srcset=\"https:\/\/marcelolopes.jor.br\/site\/wp-content\/uploads\/2020\/03\/Lan\u00e7amento_Lab_Cidadania_CBA-1.jpg 800w, https:\/\/marcelolopes.jor.br\/site\/wp-content\/uploads\/2020\/03\/Lan\u00e7amento_Lab_Cidadania_CBA-1-300x225.jpg 300w, https:\/\/marcelolopes.jor.br\/site\/wp-content\/uploads\/2020\/03\/Lan\u00e7amento_Lab_Cidadania_CBA-1-768x576.jpg 768w\" sizes=\"auto, (max-width: 600px) 100vw, 600px\" \/><\/p>\n<p>Fonte e foto: Id\u00e9ia Comunica\u00e7\u00e3o<\/p>\n<div class=\"cwtue69f768a2ebc5c\" ><br><\/div><style type=\"text\/css\">\r\n@media screen and (min-width: 1201px) {\r\n.cwtue69f768a2ebc5c {\r\ndisplay: block;\r\n}\r\n}\r\n@media screen and (min-width: 993px) and (max-width: 1200px) {\r\n.cwtue69f768a2ebc5c {\r\ndisplay: block;\r\n}\r\n}\r\n@media screen and (min-width: 769px) and (max-width: 992px) {\r\n.cwtue69f768a2ebc5c {\r\ndisplay: block;\r\n}\r\n}\r\n@media screen and (min-width: 768px) and (max-width: 768px) {\r\n.cwtue69f768a2ebc5c {\r\ndisplay: block;\r\n}\r\n}\r\n@media screen and (max-width: 767px) {\r\n.cwtue69f768a2ebc5c {\r\ndisplay: block;\r\n}\r\n}\r\n<\/style>\r\n<div class=\"yvusk69f768a2f26cc\" ><div id=\"div_destino\"><\/div>\r\n<script src=\"https:\/\/cdn.snsrsv.com\/sdk.js\"><\/script>\r\n<script >\r\n      new sdk(\"464030C30061EA8BE065000000000001\") \r\n          .appendTo(\"div_destino\")\r\n          .disableStyle(true) \r\n          .setCacheBusterMacro(\"%%CACHEBUSTER%%\")\r\n          .setSize(\"800\",\"214\")\r\n          .setClickMacro(\"%%CLICK_URL_ESC%%\") \r\n          .setReferrerUrlMacro(\"%%REFERRER_URL_ESC%%\") \r\n          .start(); \r\n<\/script><\/div><style type=\"text\/css\">\r\n@media screen and (min-width: 1201px) {\r\n.yvusk69f768a2f26cc {\r\ndisplay: block;\r\n}\r\n}\r\n@media screen and (min-width: 993px) and (max-width: 1200px) {\r\n.yvusk69f768a2f26cc {\r\ndisplay: block;\r\n}\r\n}\r\n@media screen and (min-width: 769px) and (max-width: 992px) {\r\n.yvusk69f768a2f26cc {\r\ndisplay: block;\r\n}\r\n}\r\n@media screen and (min-width: 768px) and (max-width: 768px) {\r\n.yvusk69f768a2f26cc {\r\ndisplay: block;\r\n}\r\n}\r\n@media screen and (max-width: 767px) {\r\n.yvusk69f768a2f26cc {\r\ndisplay: block;\r\n}\r\n}\r\n<\/style>\r\n","protected":false},"excerpt":{"rendered":"<p>Na \u00faltima quinta-feira, dia 5 de mar\u00e7o, foi lan\u00e7ado o projeto \u201cLab Cidadania\u201d, com objetivo de conscientizar a popula\u00e7\u00e3o sobre educa\u00e7\u00e3o e participa\u00e7\u00e3o pol\u00edtica por meio de conte\u00fado leve e educativo. A ideia \u00e9 promover a\u00e7\u00f5es que favore\u00e7am o aumento<\/p>\n<p class=\"link-more\"><a class=\"more-link\" href=\"https:\/\/marcelolopes.jor.br\/site\/2020\/03\/10\/projeto-lab-cidadania-alia-tecnologia-e-diversao-para-promover-a-democracia-em-mirai\/\">Leia mais <span class=\"screen-reader-text\">Projeto Lab Cidadania alia tecnologia e divers\u00e3o para promover a democracia em Mira\u00ed<\/span><\/a><\/p>\n","protected":false},"author":2,"featured_media":12528,"comment_status":"open","ping_status":"open","sticky":false,"template":"","format":"standard","meta":{"footnotes":""},"categories":[1],"tags":[699,435,126,2223],"class_list":["post-12526","post","type-post","status-publish","format-standard","has-post-thumbnail","hentry","category-noticias","tag-mineradora-cba","tag-minerio","tag-mirai","tag-votorantim","thumb-below-title"],"yoast_head":"<!-- This site is optimized with the Yoast SEO plugin v27.4 - https:\/\/yoast.com\/product\/yoast-seo-wordpress\/ -->\n<title>Projeto Lab Cidadania alia tecnologia e divers\u00e3o para promover a democracia em Mira\u00ed | Marcelo Lopes<\/title>\n<meta name=\"robots\" content=\"index, follow, max-snippet:-1, max-image-preview:large, max-video-preview:-1\" \/>\n<link rel=\"canonical\" href=\"https:\/\/marcelolopes.jor.br\/site\/2020\/03\/10\/projeto-lab-cidadania-alia-tecnologia-e-diversao-para-promover-a-democracia-em-mirai\/\" \/>\n<meta property=\"og:locale\" content=\"pt_BR\" \/>\n<meta property=\"og:type\" content=\"article\" \/>\n<meta property=\"og:title\" content=\"Projeto Lab Cidadania alia tecnologia e divers\u00e3o para promover a democracia em Mira\u00ed | Marcelo Lopes\" \/>\n<meta property=\"og:description\" content=\"Na \u00faltima quinta-feira, dia 5 de mar\u00e7o, foi lan\u00e7ado o projeto \u201cLab Cidadania\u201d, com objetivo de conscientizar a popula\u00e7\u00e3o sobre educa\u00e7\u00e3o e participa\u00e7\u00e3o pol\u00edtica por meio de conte\u00fado leve e educativo. A ideia \u00e9 promover a\u00e7\u00f5es que favore\u00e7am o aumentoLeia mais Projeto Lab Cidadania alia tecnologia e divers\u00e3o para promover a democracia em Mira\u00ed\" \/>\n<meta property=\"og:url\" content=\"https:\/\/marcelolopes.jor.br\/site\/2020\/03\/10\/projeto-lab-cidadania-alia-tecnologia-e-diversao-para-promover-a-democracia-em-mirai\/\" \/>\n<meta property=\"og:site_name\" content=\"Marcelo Lopes\" \/>\n<meta property=\"article:publisher\" content=\"https:\/\/www.facebook.com\/sitedomarcelolopes\" \/>\n<meta property=\"article:published_time\" content=\"2020-03-10T10:00:13+00:00\" \/>\n<meta property=\"og:image\" content=\"https:\/\/marcelolopes.jor.br\/site\/wp-content\/uploads\/2020\/03\/Lan\u00e7amento_Lab_Cidadania_CBA-4.jpg\" \/>\n\t<meta property=\"og:image:width\" content=\"800\" \/>\n\t<meta property=\"og:image:height\" content=\"600\" \/>\n\t<meta property=\"og:image:type\" content=\"image\/jpeg\" \/>\n<meta name=\"author\" content=\"Marcelo Lopes\" \/>\n<meta name=\"twitter:card\" content=\"summary_large_image\" \/>\n<meta name=\"twitter:label1\" content=\"Escrito por\" \/>\n\t<meta name=\"twitter:data1\" content=\"Marcelo Lopes\" \/>\n\t<meta name=\"twitter:label2\" content=\"Est. tempo de leitura\" \/>\n\t<meta name=\"twitter:data2\" content=\"2 minutos\" \/>\n<script type=\"application\/ld+json\" class=\"yoast-schema-graph\">{\"@context\":\"https:\\\/\\\/schema.org\",\"@graph\":[{\"@type\":\"NewsArticle\",\"@id\":\"https:\\\/\\\/marcelolopes.jor.br\\\/site\\\/2020\\\/03\\\/10\\\/projeto-lab-cidadania-alia-tecnologia-e-diversao-para-promover-a-democracia-em-mirai\\\/#article\",\"isPartOf\":{\"@id\":\"https:\\\/\\\/marcelolopes.jor.br\\\/site\\\/2020\\\/03\\\/10\\\/projeto-lab-cidadania-alia-tecnologia-e-diversao-para-promover-a-democracia-em-mirai\\\/\"},\"author\":{\"name\":\"Marcelo Lopes\",\"@id\":\"https:\\\/\\\/marcelolopes.jor.br\\\/site\\\/#\\\/schema\\\/person\\\/3e7216a35c34d8fdf952b31da3d1f89f\"},\"headline\":\"Projeto Lab Cidadania alia tecnologia e divers\u00e3o para promover a democracia em Mira\u00ed\",\"datePublished\":\"2020-03-10T10:00:13+00:00\",\"mainEntityOfPage\":{\"@id\":\"https:\\\/\\\/marcelolopes.jor.br\\\/site\\\/2020\\\/03\\\/10\\\/projeto-lab-cidadania-alia-tecnologia-e-diversao-para-promover-a-democracia-em-mirai\\\/\"},\"wordCount\":472,\"commentCount\":0,\"publisher\":{\"@id\":\"https:\\\/\\\/marcelolopes.jor.br\\\/site\\\/#organization\"},\"image\":{\"@id\":\"https:\\\/\\\/marcelolopes.jor.br\\\/site\\\/2020\\\/03\\\/10\\\/projeto-lab-cidadania-alia-tecnologia-e-diversao-para-promover-a-democracia-em-mirai\\\/#primaryimage\"},\"thumbnailUrl\":\"https:\\\/\\\/marcelolopes.jor.br\\\/site\\\/wp-content\\\/uploads\\\/2020\\\/03\\\/Lan\u00e7amento_Lab_Cidadania_CBA-4.jpg\",\"keywords\":[\"Mineradora CBA\",\"min\u00e9rio\",\"Mira\u00ed\",\"Votorantim\"],\"articleSection\":[\"Not\u00edcias\"],\"inLanguage\":\"pt-BR\",\"potentialAction\":[{\"@type\":\"CommentAction\",\"name\":\"Comment\",\"target\":[\"https:\\\/\\\/marcelolopes.jor.br\\\/site\\\/2020\\\/03\\\/10\\\/projeto-lab-cidadania-alia-tecnologia-e-diversao-para-promover-a-democracia-em-mirai\\\/#respond\"]}]},{\"@type\":\"WebPage\",\"@id\":\"https:\\\/\\\/marcelolopes.jor.br\\\/site\\\/2020\\\/03\\\/10\\\/projeto-lab-cidadania-alia-tecnologia-e-diversao-para-promover-a-democracia-em-mirai\\\/\",\"url\":\"https:\\\/\\\/marcelolopes.jor.br\\\/site\\\/2020\\\/03\\\/10\\\/projeto-lab-cidadania-alia-tecnologia-e-diversao-para-promover-a-democracia-em-mirai\\\/\",\"name\":\"Projeto Lab Cidadania alia tecnologia e divers\u00e3o para promover a democracia em Mira\u00ed | Marcelo Lopes\",\"isPartOf\":{\"@id\":\"https:\\\/\\\/marcelolopes.jor.br\\\/site\\\/#website\"},\"primaryImageOfPage\":{\"@id\":\"https:\\\/\\\/marcelolopes.jor.br\\\/site\\\/2020\\\/03\\\/10\\\/projeto-lab-cidadania-alia-tecnologia-e-diversao-para-promover-a-democracia-em-mirai\\\/#primaryimage\"},\"image\":{\"@id\":\"https:\\\/\\\/marcelolopes.jor.br\\\/site\\\/2020\\\/03\\\/10\\\/projeto-lab-cidadania-alia-tecnologia-e-diversao-para-promover-a-democracia-em-mirai\\\/#primaryimage\"},\"thumbnailUrl\":\"https:\\\/\\\/marcelolopes.jor.br\\\/site\\\/wp-content\\\/uploads\\\/2020\\\/03\\\/Lan\u00e7amento_Lab_Cidadania_CBA-4.jpg\",\"datePublished\":\"2020-03-10T10:00:13+00:00\",\"breadcrumb\":{\"@id\":\"https:\\\/\\\/marcelolopes.jor.br\\\/site\\\/2020\\\/03\\\/10\\\/projeto-lab-cidadania-alia-tecnologia-e-diversao-para-promover-a-democracia-em-mirai\\\/#breadcrumb\"},\"inLanguage\":\"pt-BR\",\"potentialAction\":[{\"@type\":\"ReadAction\",\"target\":[\"https:\\\/\\\/marcelolopes.jor.br\\\/site\\\/2020\\\/03\\\/10\\\/projeto-lab-cidadania-alia-tecnologia-e-diversao-para-promover-a-democracia-em-mirai\\\/\"]}]},{\"@type\":\"ImageObject\",\"inLanguage\":\"pt-BR\",\"@id\":\"https:\\\/\\\/marcelolopes.jor.br\\\/site\\\/2020\\\/03\\\/10\\\/projeto-lab-cidadania-alia-tecnologia-e-diversao-para-promover-a-democracia-em-mirai\\\/#primaryimage\",\"url\":\"https:\\\/\\\/marcelolopes.jor.br\\\/site\\\/wp-content\\\/uploads\\\/2020\\\/03\\\/Lan\u00e7amento_Lab_Cidadania_CBA-4.jpg\",\"contentUrl\":\"https:\\\/\\\/marcelolopes.jor.br\\\/site\\\/wp-content\\\/uploads\\\/2020\\\/03\\\/Lan\u00e7amento_Lab_Cidadania_CBA-4.jpg\",\"width\":800,\"height\":600},{\"@type\":\"BreadcrumbList\",\"@id\":\"https:\\\/\\\/marcelolopes.jor.br\\\/site\\\/2020\\\/03\\\/10\\\/projeto-lab-cidadania-alia-tecnologia-e-diversao-para-promover-a-democracia-em-mirai\\\/#breadcrumb\",\"itemListElement\":[{\"@type\":\"ListItem\",\"position\":1,\"name\":\"Home\",\"item\":\"https:\\\/\\\/marcelolopes.jor.br\\\/site\\\/\"},{\"@type\":\"ListItem\",\"position\":2,\"name\":\"Projeto Lab Cidadania alia tecnologia e divers\u00e3o para promover a democracia em Mira\u00ed\"}]},{\"@type\":\"WebSite\",\"@id\":\"https:\\\/\\\/marcelolopes.jor.br\\\/site\\\/#website\",\"url\":\"https:\\\/\\\/marcelolopes.jor.br\\\/site\\\/\",\"name\":\"Marcelo Lopes\",\"description\":\"Not\u00edcias de Cataguases e Regi\u00e3o\",\"publisher\":{\"@id\":\"https:\\\/\\\/marcelolopes.jor.br\\\/site\\\/#organization\"},\"potentialAction\":[{\"@type\":\"SearchAction\",\"target\":{\"@type\":\"EntryPoint\",\"urlTemplate\":\"https:\\\/\\\/marcelolopes.jor.br\\\/site\\\/?s={search_term_string}\"},\"query-input\":{\"@type\":\"PropertyValueSpecification\",\"valueRequired\":true,\"valueName\":\"search_term_string\"}}],\"inLanguage\":\"pt-BR\"},{\"@type\":\"Organization\",\"@id\":\"https:\\\/\\\/marcelolopes.jor.br\\\/site\\\/#organization\",\"name\":\"Site do Marcelo Lopes\",\"url\":\"https:\\\/\\\/marcelolopes.jor.br\\\/site\\\/\",\"logo\":{\"@type\":\"ImageObject\",\"inLanguage\":\"pt-BR\",\"@id\":\"https:\\\/\\\/marcelolopes.jor.br\\\/site\\\/#\\\/schema\\\/logo\\\/image\\\/\",\"url\":\"https:\\\/\\\/marcelolopes.jor.br\\\/site\\\/wp-content\\\/uploads\\\/2024\\\/11\\\/logo-1.png\",\"contentUrl\":\"https:\\\/\\\/marcelolopes.jor.br\\\/site\\\/wp-content\\\/uploads\\\/2024\\\/11\\\/logo-1.png\",\"width\":475,\"height\":80,\"caption\":\"Site do Marcelo Lopes\"},\"image\":{\"@id\":\"https:\\\/\\\/marcelolopes.jor.br\\\/site\\\/#\\\/schema\\\/logo\\\/image\\\/\"},\"sameAs\":[\"https:\\\/\\\/www.facebook.com\\\/sitedomarcelolopes\",\"https:\\\/\\\/www.instagram.com\\\/sitedomarcelolopes\\\/\",\"https:\\\/\\\/www.linkedin.com\\\/company\\\/site-do-marcelo-lopes\\\/\",\"https:\\\/\\\/www.youtube.com\\\/user\\\/marcelolopes957\"]},{\"@type\":\"Person\",\"@id\":\"https:\\\/\\\/marcelolopes.jor.br\\\/site\\\/#\\\/schema\\\/person\\\/3e7216a35c34d8fdf952b31da3d1f89f\",\"name\":\"Marcelo Lopes\",\"sameAs\":[\"http:\\\/\\\/www.marcelolopes.jor.br\"],\"url\":\"https:\\\/\\\/marcelolopes.jor.br\\\/site\\\/author\\\/marcelo\\\/\"}]}<\/script>\n<!-- \/ Yoast SEO plugin. -->","yoast_head_json":{"title":"Projeto Lab Cidadania alia tecnologia e divers\u00e3o para promover a democracia em Mira\u00ed | Marcelo Lopes","robots":{"index":"index","follow":"follow","max-snippet":"max-snippet:-1","max-image-preview":"max-image-preview:large","max-video-preview":"max-video-preview:-1"},"canonical":"https:\/\/marcelolopes.jor.br\/site\/2020\/03\/10\/projeto-lab-cidadania-alia-tecnologia-e-diversao-para-promover-a-democracia-em-mirai\/","og_locale":"pt_BR","og_type":"article","og_title":"Projeto Lab Cidadania alia tecnologia e divers\u00e3o para promover a democracia em Mira\u00ed | Marcelo Lopes","og_description":"Na \u00faltima quinta-feira, dia 5 de mar\u00e7o, foi lan\u00e7ado o projeto \u201cLab Cidadania\u201d, com objetivo de conscientizar a popula\u00e7\u00e3o sobre educa\u00e7\u00e3o e participa\u00e7\u00e3o pol\u00edtica por meio de conte\u00fado leve e educativo. A ideia \u00e9 promover a\u00e7\u00f5es que favore\u00e7am o aumentoLeia mais Projeto Lab Cidadania alia tecnologia e divers\u00e3o para promover a democracia em Mira\u00ed","og_url":"https:\/\/marcelolopes.jor.br\/site\/2020\/03\/10\/projeto-lab-cidadania-alia-tecnologia-e-diversao-para-promover-a-democracia-em-mirai\/","og_site_name":"Marcelo Lopes","article_publisher":"https:\/\/www.facebook.com\/sitedomarcelolopes","article_published_time":"2020-03-10T10:00:13+00:00","og_image":[{"width":800,"height":600,"url":"https:\/\/marcelolopes.jor.br\/site\/wp-content\/uploads\/2020\/03\/Lan\u00e7amento_Lab_Cidadania_CBA-4.jpg","type":"image\/jpeg"}],"author":"Marcelo Lopes","twitter_card":"summary_large_image","twitter_misc":{"Escrito por":"Marcelo Lopes","Est. tempo de leitura":"2 minutos"},"schema":{"@context":"https:\/\/schema.org","@graph":[{"@type":"NewsArticle","@id":"https:\/\/marcelolopes.jor.br\/site\/2020\/03\/10\/projeto-lab-cidadania-alia-tecnologia-e-diversao-para-promover-a-democracia-em-mirai\/#article","isPartOf":{"@id":"https:\/\/marcelolopes.jor.br\/site\/2020\/03\/10\/projeto-lab-cidadania-alia-tecnologia-e-diversao-para-promover-a-democracia-em-mirai\/"},"author":{"name":"Marcelo Lopes","@id":"https:\/\/marcelolopes.jor.br\/site\/#\/schema\/person\/3e7216a35c34d8fdf952b31da3d1f89f"},"headline":"Projeto Lab Cidadania alia tecnologia e divers\u00e3o para promover a democracia em Mira\u00ed","datePublished":"2020-03-10T10:00:13+00:00","mainEntityOfPage":{"@id":"https:\/\/marcelolopes.jor.br\/site\/2020\/03\/10\/projeto-lab-cidadania-alia-tecnologia-e-diversao-para-promover-a-democracia-em-mirai\/"},"wordCount":472,"commentCount":0,"publisher":{"@id":"https:\/\/marcelolopes.jor.br\/site\/#organization"},"image":{"@id":"https:\/\/marcelolopes.jor.br\/site\/2020\/03\/10\/projeto-lab-cidadania-alia-tecnologia-e-diversao-para-promover-a-democracia-em-mirai\/#primaryimage"},"thumbnailUrl":"https:\/\/marcelolopes.jor.br\/site\/wp-content\/uploads\/2020\/03\/Lan\u00e7amento_Lab_Cidadania_CBA-4.jpg","keywords":["Mineradora CBA","min\u00e9rio","Mira\u00ed","Votorantim"],"articleSection":["Not\u00edcias"],"inLanguage":"pt-BR","potentialAction":[{"@type":"CommentAction","name":"Comment","target":["https:\/\/marcelolopes.jor.br\/site\/2020\/03\/10\/projeto-lab-cidadania-alia-tecnologia-e-diversao-para-promover-a-democracia-em-mirai\/#respond"]}]},{"@type":"WebPage","@id":"https:\/\/marcelolopes.jor.br\/site\/2020\/03\/10\/projeto-lab-cidadania-alia-tecnologia-e-diversao-para-promover-a-democracia-em-mirai\/","url":"https:\/\/marcelolopes.jor.br\/site\/2020\/03\/10\/projeto-lab-cidadania-alia-tecnologia-e-diversao-para-promover-a-democracia-em-mirai\/","name":"Projeto Lab Cidadania alia tecnologia e divers\u00e3o para promover a democracia em Mira\u00ed | Marcelo Lopes","isPartOf":{"@id":"https:\/\/marcelolopes.jor.br\/site\/#website"},"primaryImageOfPage":{"@id":"https:\/\/marcelolopes.jor.br\/site\/2020\/03\/10\/projeto-lab-cidadania-alia-tecnologia-e-diversao-para-promover-a-democracia-em-mirai\/#primaryimage"},"image":{"@id":"https:\/\/marcelolopes.jor.br\/site\/2020\/03\/10\/projeto-lab-cidadania-alia-tecnologia-e-diversao-para-promover-a-democracia-em-mirai\/#primaryimage"},"thumbnailUrl":"https:\/\/marcelolopes.jor.br\/site\/wp-content\/uploads\/2020\/03\/Lan\u00e7amento_Lab_Cidadania_CBA-4.jpg","datePublished":"2020-03-10T10:00:13+00:00","breadcrumb":{"@id":"https:\/\/marcelolopes.jor.br\/site\/2020\/03\/10\/projeto-lab-cidadania-alia-tecnologia-e-diversao-para-promover-a-democracia-em-mirai\/#breadcrumb"},"inLanguage":"pt-BR","potentialAction":[{"@type":"ReadAction","target":["https:\/\/marcelolopes.jor.br\/site\/2020\/03\/10\/projeto-lab-cidadania-alia-tecnologia-e-diversao-para-promover-a-democracia-em-mirai\/"]}]},{"@type":"ImageObject","inLanguage":"pt-BR","@id":"https:\/\/marcelolopes.jor.br\/site\/2020\/03\/10\/projeto-lab-cidadania-alia-tecnologia-e-diversao-para-promover-a-democracia-em-mirai\/#primaryimage","url":"https:\/\/marcelolopes.jor.br\/site\/wp-content\/uploads\/2020\/03\/Lan\u00e7amento_Lab_Cidadania_CBA-4.jpg","contentUrl":"https:\/\/marcelolopes.jor.br\/site\/wp-content\/uploads\/2020\/03\/Lan\u00e7amento_Lab_Cidadania_CBA-4.jpg","width":800,"height":600},{"@type":"BreadcrumbList","@id":"https:\/\/marcelolopes.jor.br\/site\/2020\/03\/10\/projeto-lab-cidadania-alia-tecnologia-e-diversao-para-promover-a-democracia-em-mirai\/#breadcrumb","itemListElement":[{"@type":"ListItem","position":1,"name":"Home","item":"https:\/\/marcelolopes.jor.br\/site\/"},{"@type":"ListItem","position":2,"name":"Projeto Lab Cidadania alia tecnologia e divers\u00e3o para promover a democracia em Mira\u00ed"}]},{"@type":"WebSite","@id":"https:\/\/marcelolopes.jor.br\/site\/#website","url":"https:\/\/marcelolopes.jor.br\/site\/","name":"Marcelo Lopes","description":"Not\u00edcias de Cataguases e Regi\u00e3o","publisher":{"@id":"https:\/\/marcelolopes.jor.br\/site\/#organization"},"potentialAction":[{"@type":"SearchAction","target":{"@type":"EntryPoint","urlTemplate":"https:\/\/marcelolopes.jor.br\/site\/?s={search_term_string}"},"query-input":{"@type":"PropertyValueSpecification","valueRequired":true,"valueName":"search_term_string"}}],"inLanguage":"pt-BR"},{"@type":"Organization","@id":"https:\/\/marcelolopes.jor.br\/site\/#organization","name":"Site do Marcelo Lopes","url":"https:\/\/marcelolopes.jor.br\/site\/","logo":{"@type":"ImageObject","inLanguage":"pt-BR","@id":"https:\/\/marcelolopes.jor.br\/site\/#\/schema\/logo\/image\/","url":"https:\/\/marcelolopes.jor.br\/site\/wp-content\/uploads\/2024\/11\/logo-1.png","contentUrl":"https:\/\/marcelolopes.jor.br\/site\/wp-content\/uploads\/2024\/11\/logo-1.png","width":475,"height":80,"caption":"Site do Marcelo Lopes"},"image":{"@id":"https:\/\/marcelolopes.jor.br\/site\/#\/schema\/logo\/image\/"},"sameAs":["https:\/\/www.facebook.com\/sitedomarcelolopes","https:\/\/www.instagram.com\/sitedomarcelolopes\/","https:\/\/www.linkedin.com\/company\/site-do-marcelo-lopes\/","https:\/\/www.youtube.com\/user\/marcelolopes957"]},{"@type":"Person","@id":"https:\/\/marcelolopes.jor.br\/site\/#\/schema\/person\/3e7216a35c34d8fdf952b31da3d1f89f","name":"Marcelo Lopes","sameAs":["http:\/\/www.marcelolopes.jor.br"],"url":"https:\/\/marcelolopes.jor.br\/site\/author\/marcelo\/"}]}},"wps_subtitle":"Iniciativa da CBA levar\u00e1 informa\u00e7\u00e3o e educa\u00e7\u00e3o pol\u00edtica para o munic\u00edpio.","_links":{"self":[{"href":"https:\/\/marcelolopes.jor.br\/site\/wp-json\/wp\/v2\/posts\/12526","targetHints":{"allow":["GET"]}}],"collection":[{"href":"https:\/\/marcelolopes.jor.br\/site\/wp-json\/wp\/v2\/posts"}],"about":[{"href":"https:\/\/marcelolopes.jor.br\/site\/wp-json\/wp\/v2\/types\/post"}],"author":[{"embeddable":true,"href":"https:\/\/marcelolopes.jor.br\/site\/wp-json\/wp\/v2\/users\/2"}],"replies":[{"embeddable":true,"href":"https:\/\/marcelolopes.jor.br\/site\/wp-json\/wp\/v2\/comments?post=12526"}],"version-history":[{"count":0,"href":"https:\/\/marcelolopes.jor.br\/site\/wp-json\/wp\/v2\/posts\/12526\/revisions"}],"wp:featuredmedia":[{"embeddable":true,"href":"https:\/\/marcelolopes.jor.br\/site\/wp-json\/wp\/v2\/media\/12528"}],"wp:attachment":[{"href":"https:\/\/marcelolopes.jor.br\/site\/wp-json\/wp\/v2\/media?parent=12526"}],"wp:term":[{"taxonomy":"category","embeddable":true,"href":"https:\/\/marcelolopes.jor.br\/site\/wp-json\/wp\/v2\/categories?post=12526"},{"taxonomy":"post_tag","embeddable":true,"href":"https:\/\/marcelolopes.jor.br\/site\/wp-json\/wp\/v2\/tags?post=12526"}],"curies":[{"name":"wp","href":"https:\/\/api.w.org\/{rel}","templated":true}]}}