{"id":12515,"date":"2020-03-09T16:00:08","date_gmt":"2020-03-09T19:00:08","guid":{"rendered":"https:\/\/marcelolopes.jor.br\/?p=12515"},"modified":"2020-03-09T14:41:34","modified_gmt":"2020-03-09T17:41:34","slug":"doctum-abre-novas-turmas-para-os-cursos-na-modalidade-semipresencial","status":"publish","type":"post","link":"https:\/\/marcelolopes.jor.br\/site\/2020\/03\/09\/doctum-abre-novas-turmas-para-os-cursos-na-modalidade-semipresencial\/","title":{"rendered":"Doctum abre novas turmas para os cursos na modalidade semipresencial"},"content":{"rendered":"<p style=\"text-align: justify;\">A Faculdade Doctum de Cataguases est\u00e1 iniciando o m\u00eas de mar\u00e7o com a abertura das turmas de Engenharia El\u00e9trica, Engenharia Civil e Administra\u00e7\u00e3o na modalidade Semipresencial. A modalidade, tamb\u00e9m chamada de ensino h\u00edbrido, une as vantagens do ensino EAD e do presencial.<!--more--><\/p>\n<p style=\"text-align: justify;\">Neste sistema, os alunos possuem dois encontros presenciais na semana mediados por professores com alta qualifica\u00e7\u00e3o nas \u00e1reas de forma\u00e7\u00e3o. Estes encontros permitem aos alunos troca de experi\u00eancia, tirar suas d\u00favidas e solucionar problemas em equipe, vantagens que s\u00e3o oriundas do ensino presencial.<\/p>\n<p style=\"text-align: justify;\"><img loading=\"lazy\" decoding=\"async\" class=\"aligncenter wp-image-12518 size-full\" src=\"https:\/\/marcelolopes.jor.br\/site\/wp-content\/uploads\/2020\/03\/IMG-20200304-WA0094.jpg\" alt=\"\" width=\"600\" height=\"292\" srcset=\"https:\/\/marcelolopes.jor.br\/site\/wp-content\/uploads\/2020\/03\/IMG-20200304-WA0094.jpg 600w, https:\/\/marcelolopes.jor.br\/site\/wp-content\/uploads\/2020\/03\/IMG-20200304-WA0094-300x146.jpg 300w\" sizes=\"auto, (max-width: 600px) 100vw, 600px\" \/>O Ambiente Virtual de Aprendizado, disponibilizado pela Doctum, \u00e9 um dos mais modernos do mercado nacional e internacional, possuindo um grande n\u00famero de ferramentas que facilitam o processo de aprendizagem e troca de experi\u00eancias. Os alunos que ingressarem nos cursos de Engenharia ter\u00e3o desconto de 45% e os de Administra\u00e7\u00e3o de 50%, no valor das mensalidades durante todo o curso. J\u00e1 aqueles que fizeram o ENEM possuem descontos ainda melhores, revela a dire\u00e7\u00e3o da Doctum.<\/p>\n<p style=\"text-align: justify;\">Os interessados em ingressar nos cursos podem entrar em contato pelos telefone 3422-7322 ou pelo WhatsApp (33) 99924-3407. As matr\u00edculas podem ser realizadas at\u00e9 o dia 13 de mar\u00e7o.<\/p>\n<p style=\"text-align: justify;\">A Rede Doctum \u00e9 uma institui\u00e7\u00e3o de ensino que est\u00e1 presente em mais de 30 cidades, nos estados de Minas Gerais, Espirito Santo e Rio de Janeiro. A institui\u00e7\u00e3o tem o lema \u201cTransformar Vidas pela Educa\u00e7\u00e3o\u201d como norte para o desenvolvimento de todas as suas a\u00e7\u00f5es.<\/p>\n<p>Fonte e Fotos: Faculdades Doctum Cataguases.<\/p>\n<div class=\"ggbxu69f728374a20c\" ><br><\/div><style type=\"text\/css\">\r\n@media screen and (min-width: 1201px) {\r\n.ggbxu69f728374a20c {\r\ndisplay: block;\r\n}\r\n}\r\n@media screen and (min-width: 993px) and (max-width: 1200px) {\r\n.ggbxu69f728374a20c {\r\ndisplay: block;\r\n}\r\n}\r\n@media screen and (min-width: 769px) and (max-width: 992px) {\r\n.ggbxu69f728374a20c {\r\ndisplay: block;\r\n}\r\n}\r\n@media screen and (min-width: 768px) and (max-width: 768px) {\r\n.ggbxu69f728374a20c {\r\ndisplay: block;\r\n}\r\n}\r\n@media screen and (max-width: 767px) {\r\n.ggbxu69f728374a20c {\r\ndisplay: block;\r\n}\r\n}\r\n<\/style>\r\n<div class=\"jmtqr69f7283750081\" ><div id=\"div_destino\"><\/div>\r\n<script src=\"https:\/\/cdn.snsrsv.com\/sdk.js\"><\/script>\r\n<script >\r\n      new sdk(\"464030C30061EA8BE065000000000001\") \r\n          .appendTo(\"div_destino\")\r\n          .disableStyle(true) \r\n          .setCacheBusterMacro(\"%%CACHEBUSTER%%\")\r\n          .setSize(\"800\",\"214\")\r\n          .setClickMacro(\"%%CLICK_URL_ESC%%\") \r\n          .setReferrerUrlMacro(\"%%REFERRER_URL_ESC%%\") \r\n          .start(); \r\n<\/script><\/div><style type=\"text\/css\">\r\n@media screen and (min-width: 1201px) {\r\n.jmtqr69f7283750081 {\r\ndisplay: block;\r\n}\r\n}\r\n@media screen and (min-width: 993px) and (max-width: 1200px) {\r\n.jmtqr69f7283750081 {\r\ndisplay: block;\r\n}\r\n}\r\n@media screen and (min-width: 769px) and (max-width: 992px) {\r\n.jmtqr69f7283750081 {\r\ndisplay: block;\r\n}\r\n}\r\n@media screen and (min-width: 768px) and (max-width: 768px) {\r\n.jmtqr69f7283750081 {\r\ndisplay: block;\r\n}\r\n}\r\n@media screen and (max-width: 767px) {\r\n.jmtqr69f7283750081 {\r\ndisplay: block;\r\n}\r\n}\r\n<\/style>\r\n","protected":false},"excerpt":{"rendered":"<p>A Faculdade Doctum de Cataguases est\u00e1 iniciando o m\u00eas de mar\u00e7o com a abertura das turmas de Engenharia El\u00e9trica, Engenharia Civil e Administra\u00e7\u00e3o na modalidade Semipresencial. A modalidade, tamb\u00e9m chamada de ensino h\u00edbrido, une as vantagens do ensino EAD e<\/p>\n<p class=\"link-more\"><a class=\"more-link\" href=\"https:\/\/marcelolopes.jor.br\/site\/2020\/03\/09\/doctum-abre-novas-turmas-para-os-cursos-na-modalidade-semipresencial\/\">Leia mais <span class=\"screen-reader-text\">Doctum abre novas turmas para os cursos na modalidade semipresencial<\/span><\/a><\/p>\n","protected":false},"author":2,"featured_media":12517,"comment_status":"open","ping_status":"open","sticky":false,"template":"","format":"standard","meta":{"footnotes":""},"categories":[1],"tags":[2221,694,620,2220],"class_list":["post-12515","post","type-post","status-publish","format-standard","has-post-thumbnail","hentry","category-noticias","tag-cursos","tag-doctum","tag-faculdade","tag-semipresencial","thumb-below-title"],"yoast_head":"<!-- This site is optimized with the Yoast SEO plugin v27.4 - https:\/\/yoast.com\/product\/yoast-seo-wordpress\/ -->\n<title>Doctum abre novas turmas para os cursos na modalidade semipresencial | Marcelo Lopes<\/title>\n<meta name=\"robots\" content=\"index, follow, max-snippet:-1, max-image-preview:large, max-video-preview:-1\" \/>\n<link rel=\"canonical\" href=\"https:\/\/marcelolopes.jor.br\/site\/2020\/03\/09\/doctum-abre-novas-turmas-para-os-cursos-na-modalidade-semipresencial\/\" \/>\n<meta property=\"og:locale\" content=\"pt_BR\" \/>\n<meta property=\"og:type\" content=\"article\" \/>\n<meta property=\"og:title\" content=\"Doctum abre novas turmas para os cursos na modalidade semipresencial | Marcelo Lopes\" \/>\n<meta property=\"og:description\" content=\"A Faculdade Doctum de Cataguases est\u00e1 iniciando o m\u00eas de mar\u00e7o com a abertura das turmas de Engenharia El\u00e9trica, Engenharia Civil e Administra\u00e7\u00e3o na modalidade Semipresencial. A modalidade, tamb\u00e9m chamada de ensino h\u00edbrido, une as vantagens do ensino EAD eLeia mais Doctum abre novas turmas para os cursos na modalidade semipresencial\" \/>\n<meta property=\"og:url\" content=\"https:\/\/marcelolopes.jor.br\/site\/2020\/03\/09\/doctum-abre-novas-turmas-para-os-cursos-na-modalidade-semipresencial\/\" \/>\n<meta property=\"og:site_name\" content=\"Marcelo Lopes\" \/>\n<meta property=\"article:publisher\" content=\"https:\/\/www.facebook.com\/sitedomarcelolopes\" \/>\n<meta property=\"article:published_time\" content=\"2020-03-09T19:00:08+00:00\" \/>\n<meta property=\"og:image\" content=\"https:\/\/marcelolopes.jor.br\/site\/wp-content\/uploads\/2020\/03\/IMG-20200304-WA0114.jpg\" \/>\n\t<meta property=\"og:image:width\" content=\"800\" \/>\n\t<meta property=\"og:image:height\" content=\"407\" \/>\n\t<meta property=\"og:image:type\" content=\"image\/jpeg\" \/>\n<meta name=\"author\" content=\"Marcelo Lopes\" \/>\n<meta name=\"twitter:card\" content=\"summary_large_image\" \/>\n<meta name=\"twitter:label1\" content=\"Escrito por\" \/>\n\t<meta name=\"twitter:data1\" content=\"Marcelo Lopes\" \/>\n\t<meta name=\"twitter:label2\" content=\"Est. tempo de leitura\" \/>\n\t<meta name=\"twitter:data2\" content=\"1 minuto\" \/>\n<script type=\"application\/ld+json\" class=\"yoast-schema-graph\">{\"@context\":\"https:\\\/\\\/schema.org\",\"@graph\":[{\"@type\":\"NewsArticle\",\"@id\":\"https:\\\/\\\/marcelolopes.jor.br\\\/site\\\/2020\\\/03\\\/09\\\/doctum-abre-novas-turmas-para-os-cursos-na-modalidade-semipresencial\\\/#article\",\"isPartOf\":{\"@id\":\"https:\\\/\\\/marcelolopes.jor.br\\\/site\\\/2020\\\/03\\\/09\\\/doctum-abre-novas-turmas-para-os-cursos-na-modalidade-semipresencial\\\/\"},\"author\":{\"name\":\"Marcelo Lopes\",\"@id\":\"https:\\\/\\\/marcelolopes.jor.br\\\/site\\\/#\\\/schema\\\/person\\\/3e7216a35c34d8fdf952b31da3d1f89f\"},\"headline\":\"Doctum abre novas turmas para os cursos na modalidade semipresencial\",\"datePublished\":\"2020-03-09T19:00:08+00:00\",\"mainEntityOfPage\":{\"@id\":\"https:\\\/\\\/marcelolopes.jor.br\\\/site\\\/2020\\\/03\\\/09\\\/doctum-abre-novas-turmas-para-os-cursos-na-modalidade-semipresencial\\\/\"},\"wordCount\":266,\"commentCount\":0,\"publisher\":{\"@id\":\"https:\\\/\\\/marcelolopes.jor.br\\\/site\\\/#organization\"},\"image\":{\"@id\":\"https:\\\/\\\/marcelolopes.jor.br\\\/site\\\/2020\\\/03\\\/09\\\/doctum-abre-novas-turmas-para-os-cursos-na-modalidade-semipresencial\\\/#primaryimage\"},\"thumbnailUrl\":\"https:\\\/\\\/marcelolopes.jor.br\\\/site\\\/wp-content\\\/uploads\\\/2020\\\/03\\\/IMG-20200304-WA0114.jpg\",\"keywords\":[\"cursos\",\"Doctum\",\"Faculdade\",\"semipresencial\"],\"articleSection\":[\"Not\u00edcias\"],\"inLanguage\":\"pt-BR\",\"potentialAction\":[{\"@type\":\"CommentAction\",\"name\":\"Comment\",\"target\":[\"https:\\\/\\\/marcelolopes.jor.br\\\/site\\\/2020\\\/03\\\/09\\\/doctum-abre-novas-turmas-para-os-cursos-na-modalidade-semipresencial\\\/#respond\"]}]},{\"@type\":\"WebPage\",\"@id\":\"https:\\\/\\\/marcelolopes.jor.br\\\/site\\\/2020\\\/03\\\/09\\\/doctum-abre-novas-turmas-para-os-cursos-na-modalidade-semipresencial\\\/\",\"url\":\"https:\\\/\\\/marcelolopes.jor.br\\\/site\\\/2020\\\/03\\\/09\\\/doctum-abre-novas-turmas-para-os-cursos-na-modalidade-semipresencial\\\/\",\"name\":\"Doctum abre novas turmas para os cursos na modalidade semipresencial | Marcelo Lopes\",\"isPartOf\":{\"@id\":\"https:\\\/\\\/marcelolopes.jor.br\\\/site\\\/#website\"},\"primaryImageOfPage\":{\"@id\":\"https:\\\/\\\/marcelolopes.jor.br\\\/site\\\/2020\\\/03\\\/09\\\/doctum-abre-novas-turmas-para-os-cursos-na-modalidade-semipresencial\\\/#primaryimage\"},\"image\":{\"@id\":\"https:\\\/\\\/marcelolopes.jor.br\\\/site\\\/2020\\\/03\\\/09\\\/doctum-abre-novas-turmas-para-os-cursos-na-modalidade-semipresencial\\\/#primaryimage\"},\"thumbnailUrl\":\"https:\\\/\\\/marcelolopes.jor.br\\\/site\\\/wp-content\\\/uploads\\\/2020\\\/03\\\/IMG-20200304-WA0114.jpg\",\"datePublished\":\"2020-03-09T19:00:08+00:00\",\"breadcrumb\":{\"@id\":\"https:\\\/\\\/marcelolopes.jor.br\\\/site\\\/2020\\\/03\\\/09\\\/doctum-abre-novas-turmas-para-os-cursos-na-modalidade-semipresencial\\\/#breadcrumb\"},\"inLanguage\":\"pt-BR\",\"potentialAction\":[{\"@type\":\"ReadAction\",\"target\":[\"https:\\\/\\\/marcelolopes.jor.br\\\/site\\\/2020\\\/03\\\/09\\\/doctum-abre-novas-turmas-para-os-cursos-na-modalidade-semipresencial\\\/\"]}]},{\"@type\":\"ImageObject\",\"inLanguage\":\"pt-BR\",\"@id\":\"https:\\\/\\\/marcelolopes.jor.br\\\/site\\\/2020\\\/03\\\/09\\\/doctum-abre-novas-turmas-para-os-cursos-na-modalidade-semipresencial\\\/#primaryimage\",\"url\":\"https:\\\/\\\/marcelolopes.jor.br\\\/site\\\/wp-content\\\/uploads\\\/2020\\\/03\\\/IMG-20200304-WA0114.jpg\",\"contentUrl\":\"https:\\\/\\\/marcelolopes.jor.br\\\/site\\\/wp-content\\\/uploads\\\/2020\\\/03\\\/IMG-20200304-WA0114.jpg\",\"width\":800,\"height\":407},{\"@type\":\"BreadcrumbList\",\"@id\":\"https:\\\/\\\/marcelolopes.jor.br\\\/site\\\/2020\\\/03\\\/09\\\/doctum-abre-novas-turmas-para-os-cursos-na-modalidade-semipresencial\\\/#breadcrumb\",\"itemListElement\":[{\"@type\":\"ListItem\",\"position\":1,\"name\":\"Home\",\"item\":\"https:\\\/\\\/marcelolopes.jor.br\\\/site\\\/\"},{\"@type\":\"ListItem\",\"position\":2,\"name\":\"Doctum abre novas turmas para os cursos na modalidade semipresencial\"}]},{\"@type\":\"WebSite\",\"@id\":\"https:\\\/\\\/marcelolopes.jor.br\\\/site\\\/#website\",\"url\":\"https:\\\/\\\/marcelolopes.jor.br\\\/site\\\/\",\"name\":\"Marcelo Lopes\",\"description\":\"Not\u00edcias de Cataguases e Regi\u00e3o\",\"publisher\":{\"@id\":\"https:\\\/\\\/marcelolopes.jor.br\\\/site\\\/#organization\"},\"potentialAction\":[{\"@type\":\"SearchAction\",\"target\":{\"@type\":\"EntryPoint\",\"urlTemplate\":\"https:\\\/\\\/marcelolopes.jor.br\\\/site\\\/?s={search_term_string}\"},\"query-input\":{\"@type\":\"PropertyValueSpecification\",\"valueRequired\":true,\"valueName\":\"search_term_string\"}}],\"inLanguage\":\"pt-BR\"},{\"@type\":\"Organization\",\"@id\":\"https:\\\/\\\/marcelolopes.jor.br\\\/site\\\/#organization\",\"name\":\"Site do Marcelo Lopes\",\"url\":\"https:\\\/\\\/marcelolopes.jor.br\\\/site\\\/\",\"logo\":{\"@type\":\"ImageObject\",\"inLanguage\":\"pt-BR\",\"@id\":\"https:\\\/\\\/marcelolopes.jor.br\\\/site\\\/#\\\/schema\\\/logo\\\/image\\\/\",\"url\":\"https:\\\/\\\/marcelolopes.jor.br\\\/site\\\/wp-content\\\/uploads\\\/2024\\\/11\\\/logo-1.png\",\"contentUrl\":\"https:\\\/\\\/marcelolopes.jor.br\\\/site\\\/wp-content\\\/uploads\\\/2024\\\/11\\\/logo-1.png\",\"width\":475,\"height\":80,\"caption\":\"Site do Marcelo Lopes\"},\"image\":{\"@id\":\"https:\\\/\\\/marcelolopes.jor.br\\\/site\\\/#\\\/schema\\\/logo\\\/image\\\/\"},\"sameAs\":[\"https:\\\/\\\/www.facebook.com\\\/sitedomarcelolopes\",\"https:\\\/\\\/www.instagram.com\\\/sitedomarcelolopes\\\/\",\"https:\\\/\\\/www.linkedin.com\\\/company\\\/site-do-marcelo-lopes\\\/\",\"https:\\\/\\\/www.youtube.com\\\/user\\\/marcelolopes957\"]},{\"@type\":\"Person\",\"@id\":\"https:\\\/\\\/marcelolopes.jor.br\\\/site\\\/#\\\/schema\\\/person\\\/3e7216a35c34d8fdf952b31da3d1f89f\",\"name\":\"Marcelo Lopes\",\"sameAs\":[\"http:\\\/\\\/www.marcelolopes.jor.br\"],\"url\":\"https:\\\/\\\/marcelolopes.jor.br\\\/site\\\/author\\\/marcelo\\\/\"}]}<\/script>\n<!-- \/ Yoast SEO plugin. -->","yoast_head_json":{"title":"Doctum abre novas turmas para os cursos na modalidade semipresencial | Marcelo Lopes","robots":{"index":"index","follow":"follow","max-snippet":"max-snippet:-1","max-image-preview":"max-image-preview:large","max-video-preview":"max-video-preview:-1"},"canonical":"https:\/\/marcelolopes.jor.br\/site\/2020\/03\/09\/doctum-abre-novas-turmas-para-os-cursos-na-modalidade-semipresencial\/","og_locale":"pt_BR","og_type":"article","og_title":"Doctum abre novas turmas para os cursos na modalidade semipresencial | Marcelo Lopes","og_description":"A Faculdade Doctum de Cataguases est\u00e1 iniciando o m\u00eas de mar\u00e7o com a abertura das turmas de Engenharia El\u00e9trica, Engenharia Civil e Administra\u00e7\u00e3o na modalidade Semipresencial. A modalidade, tamb\u00e9m chamada de ensino h\u00edbrido, une as vantagens do ensino EAD eLeia mais Doctum abre novas turmas para os cursos na modalidade semipresencial","og_url":"https:\/\/marcelolopes.jor.br\/site\/2020\/03\/09\/doctum-abre-novas-turmas-para-os-cursos-na-modalidade-semipresencial\/","og_site_name":"Marcelo Lopes","article_publisher":"https:\/\/www.facebook.com\/sitedomarcelolopes","article_published_time":"2020-03-09T19:00:08+00:00","og_image":[{"width":800,"height":407,"url":"https:\/\/marcelolopes.jor.br\/site\/wp-content\/uploads\/2020\/03\/IMG-20200304-WA0114.jpg","type":"image\/jpeg"}],"author":"Marcelo Lopes","twitter_card":"summary_large_image","twitter_misc":{"Escrito por":"Marcelo Lopes","Est. tempo de leitura":"1 minuto"},"schema":{"@context":"https:\/\/schema.org","@graph":[{"@type":"NewsArticle","@id":"https:\/\/marcelolopes.jor.br\/site\/2020\/03\/09\/doctum-abre-novas-turmas-para-os-cursos-na-modalidade-semipresencial\/#article","isPartOf":{"@id":"https:\/\/marcelolopes.jor.br\/site\/2020\/03\/09\/doctum-abre-novas-turmas-para-os-cursos-na-modalidade-semipresencial\/"},"author":{"name":"Marcelo Lopes","@id":"https:\/\/marcelolopes.jor.br\/site\/#\/schema\/person\/3e7216a35c34d8fdf952b31da3d1f89f"},"headline":"Doctum abre novas turmas para os cursos na modalidade semipresencial","datePublished":"2020-03-09T19:00:08+00:00","mainEntityOfPage":{"@id":"https:\/\/marcelolopes.jor.br\/site\/2020\/03\/09\/doctum-abre-novas-turmas-para-os-cursos-na-modalidade-semipresencial\/"},"wordCount":266,"commentCount":0,"publisher":{"@id":"https:\/\/marcelolopes.jor.br\/site\/#organization"},"image":{"@id":"https:\/\/marcelolopes.jor.br\/site\/2020\/03\/09\/doctum-abre-novas-turmas-para-os-cursos-na-modalidade-semipresencial\/#primaryimage"},"thumbnailUrl":"https:\/\/marcelolopes.jor.br\/site\/wp-content\/uploads\/2020\/03\/IMG-20200304-WA0114.jpg","keywords":["cursos","Doctum","Faculdade","semipresencial"],"articleSection":["Not\u00edcias"],"inLanguage":"pt-BR","potentialAction":[{"@type":"CommentAction","name":"Comment","target":["https:\/\/marcelolopes.jor.br\/site\/2020\/03\/09\/doctum-abre-novas-turmas-para-os-cursos-na-modalidade-semipresencial\/#respond"]}]},{"@type":"WebPage","@id":"https:\/\/marcelolopes.jor.br\/site\/2020\/03\/09\/doctum-abre-novas-turmas-para-os-cursos-na-modalidade-semipresencial\/","url":"https:\/\/marcelolopes.jor.br\/site\/2020\/03\/09\/doctum-abre-novas-turmas-para-os-cursos-na-modalidade-semipresencial\/","name":"Doctum abre novas turmas para os cursos na modalidade semipresencial | Marcelo Lopes","isPartOf":{"@id":"https:\/\/marcelolopes.jor.br\/site\/#website"},"primaryImageOfPage":{"@id":"https:\/\/marcelolopes.jor.br\/site\/2020\/03\/09\/doctum-abre-novas-turmas-para-os-cursos-na-modalidade-semipresencial\/#primaryimage"},"image":{"@id":"https:\/\/marcelolopes.jor.br\/site\/2020\/03\/09\/doctum-abre-novas-turmas-para-os-cursos-na-modalidade-semipresencial\/#primaryimage"},"thumbnailUrl":"https:\/\/marcelolopes.jor.br\/site\/wp-content\/uploads\/2020\/03\/IMG-20200304-WA0114.jpg","datePublished":"2020-03-09T19:00:08+00:00","breadcrumb":{"@id":"https:\/\/marcelolopes.jor.br\/site\/2020\/03\/09\/doctum-abre-novas-turmas-para-os-cursos-na-modalidade-semipresencial\/#breadcrumb"},"inLanguage":"pt-BR","potentialAction":[{"@type":"ReadAction","target":["https:\/\/marcelolopes.jor.br\/site\/2020\/03\/09\/doctum-abre-novas-turmas-para-os-cursos-na-modalidade-semipresencial\/"]}]},{"@type":"ImageObject","inLanguage":"pt-BR","@id":"https:\/\/marcelolopes.jor.br\/site\/2020\/03\/09\/doctum-abre-novas-turmas-para-os-cursos-na-modalidade-semipresencial\/#primaryimage","url":"https:\/\/marcelolopes.jor.br\/site\/wp-content\/uploads\/2020\/03\/IMG-20200304-WA0114.jpg","contentUrl":"https:\/\/marcelolopes.jor.br\/site\/wp-content\/uploads\/2020\/03\/IMG-20200304-WA0114.jpg","width":800,"height":407},{"@type":"BreadcrumbList","@id":"https:\/\/marcelolopes.jor.br\/site\/2020\/03\/09\/doctum-abre-novas-turmas-para-os-cursos-na-modalidade-semipresencial\/#breadcrumb","itemListElement":[{"@type":"ListItem","position":1,"name":"Home","item":"https:\/\/marcelolopes.jor.br\/site\/"},{"@type":"ListItem","position":2,"name":"Doctum abre novas turmas para os cursos na modalidade semipresencial"}]},{"@type":"WebSite","@id":"https:\/\/marcelolopes.jor.br\/site\/#website","url":"https:\/\/marcelolopes.jor.br\/site\/","name":"Marcelo Lopes","description":"Not\u00edcias de Cataguases e Regi\u00e3o","publisher":{"@id":"https:\/\/marcelolopes.jor.br\/site\/#organization"},"potentialAction":[{"@type":"SearchAction","target":{"@type":"EntryPoint","urlTemplate":"https:\/\/marcelolopes.jor.br\/site\/?s={search_term_string}"},"query-input":{"@type":"PropertyValueSpecification","valueRequired":true,"valueName":"search_term_string"}}],"inLanguage":"pt-BR"},{"@type":"Organization","@id":"https:\/\/marcelolopes.jor.br\/site\/#organization","name":"Site do Marcelo Lopes","url":"https:\/\/marcelolopes.jor.br\/site\/","logo":{"@type":"ImageObject","inLanguage":"pt-BR","@id":"https:\/\/marcelolopes.jor.br\/site\/#\/schema\/logo\/image\/","url":"https:\/\/marcelolopes.jor.br\/site\/wp-content\/uploads\/2024\/11\/logo-1.png","contentUrl":"https:\/\/marcelolopes.jor.br\/site\/wp-content\/uploads\/2024\/11\/logo-1.png","width":475,"height":80,"caption":"Site do Marcelo Lopes"},"image":{"@id":"https:\/\/marcelolopes.jor.br\/site\/#\/schema\/logo\/image\/"},"sameAs":["https:\/\/www.facebook.com\/sitedomarcelolopes","https:\/\/www.instagram.com\/sitedomarcelolopes\/","https:\/\/www.linkedin.com\/company\/site-do-marcelo-lopes\/","https:\/\/www.youtube.com\/user\/marcelolopes957"]},{"@type":"Person","@id":"https:\/\/marcelolopes.jor.br\/site\/#\/schema\/person\/3e7216a35c34d8fdf952b31da3d1f89f","name":"Marcelo Lopes","sameAs":["http:\/\/www.marcelolopes.jor.br"],"url":"https:\/\/marcelolopes.jor.br\/site\/author\/marcelo\/"}]}},"wps_subtitle":"Este sistema une as vantagens do ensino EAD e do presencial.","_links":{"self":[{"href":"https:\/\/marcelolopes.jor.br\/site\/wp-json\/wp\/v2\/posts\/12515","targetHints":{"allow":["GET"]}}],"collection":[{"href":"https:\/\/marcelolopes.jor.br\/site\/wp-json\/wp\/v2\/posts"}],"about":[{"href":"https:\/\/marcelolopes.jor.br\/site\/wp-json\/wp\/v2\/types\/post"}],"author":[{"embeddable":true,"href":"https:\/\/marcelolopes.jor.br\/site\/wp-json\/wp\/v2\/users\/2"}],"replies":[{"embeddable":true,"href":"https:\/\/marcelolopes.jor.br\/site\/wp-json\/wp\/v2\/comments?post=12515"}],"version-history":[{"count":0,"href":"https:\/\/marcelolopes.jor.br\/site\/wp-json\/wp\/v2\/posts\/12515\/revisions"}],"wp:featuredmedia":[{"embeddable":true,"href":"https:\/\/marcelolopes.jor.br\/site\/wp-json\/wp\/v2\/media\/12517"}],"wp:attachment":[{"href":"https:\/\/marcelolopes.jor.br\/site\/wp-json\/wp\/v2\/media?parent=12515"}],"wp:term":[{"taxonomy":"category","embeddable":true,"href":"https:\/\/marcelolopes.jor.br\/site\/wp-json\/wp\/v2\/categories?post=12515"},{"taxonomy":"post_tag","embeddable":true,"href":"https:\/\/marcelolopes.jor.br\/site\/wp-json\/wp\/v2\/tags?post=12515"}],"curies":[{"name":"wp","href":"https:\/\/api.w.org\/{rel}","templated":true}]}}