{"id":12506,"date":"2020-03-08T20:00:01","date_gmt":"2020-03-08T23:00:01","guid":{"rendered":"https:\/\/marcelolopes.jor.br\/?p=12506"},"modified":"2022-10-19T10:20:03","modified_gmt":"2022-10-19T13:20:03","slug":"mulheres-ocupam-lugar-de-destaque-no-empreendedorismo","status":"publish","type":"post","link":"https:\/\/marcelolopes.jor.br\/site\/2020\/03\/08\/mulheres-ocupam-lugar-de-destaque-no-empreendedorismo\/","title":{"rendered":"Mulheres ocupam lugar de destaque no empreendedorismo"},"content":{"rendered":"<p style=\"text-align: justify;\">No m\u00eas em que se comemora o Dia Internacional da Mulher, o empreendedorismo feminino ganha destaque. Segundo dados da pesquisa GEM (Global Entrepreneuriship Monitor), em 2018, dos 52 milh\u00f5es de empreendedores no Brasil, 24 milh\u00f5es eram mulheres, n\u00famero praticamente equivalente ao de homens na mesma condi\u00e7\u00e3o. Em 49 pa\u00edses que participaram da GEM 2018, o Brasil teve a 7\u00aa maior propor\u00e7\u00e3o de mulheres entre os Empreendedores Iniciais, ou seja, aqueles que tinha neg\u00f3cios com at\u00e9 3,5 anos de exist\u00eancia.<!--more--><\/p>\n<p style=\"text-align: justify;\">Quando falamos dos Microempreendedoras Individuais (MEI), as mulheres ocupam lugar expressivo. Pesquisa do <a href=\"https:\/\/www.sebrae.com.br\"><strong><span style=\"color: #800000;\">Sebrae<\/span> <\/strong><\/a>revela que, em 2020, as mulheres representam 47% do total de empreendedores formalizados nesta categoria no Brasil. A maior parte delas est\u00e1 envolvida com atividades nos setores de alimenta\u00e7\u00e3o, moda e beleza, e trabalham predominantemente em casa (55%).<\/p>\n<p style=\"text-align: justify;\">Os desafios, no entanto, ainda s\u00e3o muitos. Dados apontam que as mulheres empreendem mais por necessidade do que por oportunidade, e t\u00eam neg\u00f3cios menos longevos do que os dos homens. As mulheres, em geral, possuem neg\u00f3cios pouco diversificados, em segmentos de baixo valor agregado e menor capacidade de internacionaliza\u00e7\u00e3o. Apesar de serem mais adimplentes que os homens, pagam taxas de juros mais altas.<\/p>\n<p style=\"text-align: justify;\"><strong>Sebrae DELAS<\/strong><br \/>\nCom o objetivo de apoiar o empreendedorismo feminino e ajudar a tornar os seus neg\u00f3cios mais competitivos, o Sebrae criou um programa exclusivo para as mulheres: o Sebrae DELAS. Nele est\u00e3o contempladas diversas a\u00e7\u00f5es para incentivar, apoiar e fortalecer a cultura empreendedora entre as mulheres. O objetivo do programa \u00e9 capacitar e orientar as mulheres que transformam sonhos em oportunidades de neg\u00f3cios, estimulando o desenvolvimento de compet\u00eancias, comportamentos e habilidades.<\/p>\n<p style=\"text-align: justify;\">O programa foi estruturado em tr\u00eas pilares: MEU, EU, N\u00d3S, desdobrados em a\u00e7\u00f5es de sensibiliza\u00e7\u00e3o, capacita\u00e7\u00e3o e fortalecimento de redes que buscam mesclar os saberes e a for\u00e7a feminina direcionada aos neg\u00f3cios. O projeto come\u00e7ou com 200 atendimentos, e hoje mais de 500 mulheres, entre empreendedoras formais e informais, com diversos perfis, est\u00e3o sendo atendidas e orientadas nas nove regionais do Sebrae em Minas Gerais, para que possam aprimorar e acelerar seus neg\u00f3cios.<\/p>\n<p style=\"text-align: justify;\"><strong><em>Nota da Reda\u00e7\u00e3o:<\/em><\/strong> A pesquisa GEM considera como empreendedores aqueles que t\u00eam um neg\u00f3cio formal ou informal, ou realizaram alguma a\u00e7\u00e3o, nos \u00faltimos 12 meses, visando ter o pr\u00f3prio neg\u00f3cio.<\/p>\n<p>Fonte: Sebrae-MG<\/p>\n<div class=\"blcyz69f76f0c89063\" ><br><\/div><style type=\"text\/css\">\r\n@media screen and (min-width: 1201px) {\r\n.blcyz69f76f0c89063 {\r\ndisplay: block;\r\n}\r\n}\r\n@media screen and (min-width: 993px) and (max-width: 1200px) {\r\n.blcyz69f76f0c89063 {\r\ndisplay: block;\r\n}\r\n}\r\n@media screen and (min-width: 769px) and (max-width: 992px) {\r\n.blcyz69f76f0c89063 {\r\ndisplay: block;\r\n}\r\n}\r\n@media screen and (min-width: 768px) and (max-width: 768px) {\r\n.blcyz69f76f0c89063 {\r\ndisplay: block;\r\n}\r\n}\r\n@media screen and (max-width: 767px) {\r\n.blcyz69f76f0c89063 {\r\ndisplay: block;\r\n}\r\n}\r\n<\/style>\r\n<div class=\"blraw69f76f0c9056c\" ><div id=\"div_destino\"><\/div>\r\n<script src=\"https:\/\/cdn.snsrsv.com\/sdk.js\"><\/script>\r\n<script >\r\n      new sdk(\"464030C30061EA8BE065000000000001\") \r\n          .appendTo(\"div_destino\")\r\n          .disableStyle(true) \r\n          .setCacheBusterMacro(\"%%CACHEBUSTER%%\")\r\n          .setSize(\"800\",\"214\")\r\n          .setClickMacro(\"%%CLICK_URL_ESC%%\") \r\n          .setReferrerUrlMacro(\"%%REFERRER_URL_ESC%%\") \r\n          .start(); \r\n<\/script><\/div><style type=\"text\/css\">\r\n@media screen and (min-width: 1201px) {\r\n.blraw69f76f0c9056c {\r\ndisplay: block;\r\n}\r\n}\r\n@media screen and (min-width: 993px) and (max-width: 1200px) {\r\n.blraw69f76f0c9056c {\r\ndisplay: block;\r\n}\r\n}\r\n@media screen and (min-width: 769px) and (max-width: 992px) {\r\n.blraw69f76f0c9056c {\r\ndisplay: block;\r\n}\r\n}\r\n@media screen and (min-width: 768px) and (max-width: 768px) {\r\n.blraw69f76f0c9056c {\r\ndisplay: block;\r\n}\r\n}\r\n@media screen and (max-width: 767px) {\r\n.blraw69f76f0c9056c {\r\ndisplay: block;\r\n}\r\n}\r\n<\/style>\r\n","protected":false},"excerpt":{"rendered":"<p>No m\u00eas em que se comemora o Dia Internacional da Mulher, o empreendedorismo feminino ganha destaque. Segundo dados da pesquisa GEM (Global Entrepreneuriship Monitor), em 2018, dos 52 milh\u00f5es de empreendedores no Brasil, 24 milh\u00f5es eram mulheres, n\u00famero praticamente equivalente<\/p>\n<p class=\"link-more\"><a class=\"more-link\" href=\"https:\/\/marcelolopes.jor.br\/site\/2020\/03\/08\/mulheres-ocupam-lugar-de-destaque-no-empreendedorismo\/\">Leia mais <span class=\"screen-reader-text\">Mulheres ocupam lugar de destaque no empreendedorismo<\/span><\/a><\/p>\n","protected":false},"author":2,"featured_media":12508,"comment_status":"open","ping_status":"open","sticky":false,"template":"","format":"standard","meta":{"footnotes":""},"categories":[1],"tags":[179],"class_list":["post-12506","post","type-post","status-publish","format-standard","has-post-thumbnail","hentry","category-noticias","tag-sebrae-mg","thumb-below-title"],"yoast_head":"<!-- This site is optimized with the Yoast SEO plugin v27.4 - https:\/\/yoast.com\/product\/yoast-seo-wordpress\/ -->\n<title>Mulheres ocupam lugar de destaque no empreendedorismo<\/title>\n<meta name=\"description\" content=\"Mulheres ocupam lugar de destaque no empreendedorismo. No m\u00eas da Mulher, dados revelam que elas est\u00e3o cada vez mais \u00e0 frente dos neg\u00f3cios.\" \/>\n<meta name=\"robots\" content=\"index, follow, max-snippet:-1, max-image-preview:large, max-video-preview:-1\" \/>\n<link rel=\"canonical\" href=\"https:\/\/marcelolopes.jor.br\/site\/2020\/03\/08\/mulheres-ocupam-lugar-de-destaque-no-empreendedorismo\/\" \/>\n<meta property=\"og:locale\" content=\"pt_BR\" \/>\n<meta property=\"og:type\" content=\"article\" \/>\n<meta property=\"og:title\" content=\"Mulheres ocupam lugar de destaque no empreendedorismo\" \/>\n<meta property=\"og:description\" content=\"Mulheres ocupam lugar de destaque no empreendedorismo. No m\u00eas da Mulher, dados revelam que elas est\u00e3o cada vez mais \u00e0 frente dos neg\u00f3cios.\" \/>\n<meta property=\"og:url\" content=\"https:\/\/marcelolopes.jor.br\/site\/2020\/03\/08\/mulheres-ocupam-lugar-de-destaque-no-empreendedorismo\/\" \/>\n<meta property=\"og:site_name\" content=\"Marcelo Lopes\" \/>\n<meta property=\"article:publisher\" content=\"https:\/\/www.facebook.com\/sitedomarcelolopes\" \/>\n<meta property=\"article:published_time\" content=\"2020-03-08T23:00:01+00:00\" \/>\n<meta property=\"article:modified_time\" content=\"2022-10-19T13:20:03+00:00\" \/>\n<meta property=\"og:image\" content=\"https:\/\/marcelolopes.jor.br\/site\/wp-content\/uploads\/2020\/03\/235..jpg\" \/>\n\t<meta property=\"og:image:width\" content=\"800\" \/>\n\t<meta property=\"og:image:height\" content=\"485\" \/>\n\t<meta property=\"og:image:type\" content=\"image\/jpeg\" \/>\n<meta name=\"author\" content=\"Marcelo Lopes\" \/>\n<meta name=\"twitter:card\" content=\"summary_large_image\" \/>\n<meta name=\"twitter:label1\" content=\"Escrito por\" \/>\n\t<meta name=\"twitter:data1\" content=\"Marcelo Lopes\" \/>\n\t<meta name=\"twitter:label2\" content=\"Est. tempo de leitura\" \/>\n\t<meta name=\"twitter:data2\" content=\"2 minutos\" \/>\n<script type=\"application\/ld+json\" class=\"yoast-schema-graph\">{\"@context\":\"https:\\\/\\\/schema.org\",\"@graph\":[{\"@type\":\"NewsArticle\",\"@id\":\"https:\\\/\\\/marcelolopes.jor.br\\\/site\\\/2020\\\/03\\\/08\\\/mulheres-ocupam-lugar-de-destaque-no-empreendedorismo\\\/#article\",\"isPartOf\":{\"@id\":\"https:\\\/\\\/marcelolopes.jor.br\\\/site\\\/2020\\\/03\\\/08\\\/mulheres-ocupam-lugar-de-destaque-no-empreendedorismo\\\/\"},\"author\":{\"name\":\"Marcelo Lopes\",\"@id\":\"https:\\\/\\\/marcelolopes.jor.br\\\/site\\\/#\\\/schema\\\/person\\\/3e7216a35c34d8fdf952b31da3d1f89f\"},\"headline\":\"Mulheres ocupam lugar de destaque no empreendedorismo\",\"datePublished\":\"2020-03-08T23:00:01+00:00\",\"dateModified\":\"2022-10-19T13:20:03+00:00\",\"mainEntityOfPage\":{\"@id\":\"https:\\\/\\\/marcelolopes.jor.br\\\/site\\\/2020\\\/03\\\/08\\\/mulheres-ocupam-lugar-de-destaque-no-empreendedorismo\\\/\"},\"wordCount\":400,\"commentCount\":0,\"publisher\":{\"@id\":\"https:\\\/\\\/marcelolopes.jor.br\\\/site\\\/#organization\"},\"image\":{\"@id\":\"https:\\\/\\\/marcelolopes.jor.br\\\/site\\\/2020\\\/03\\\/08\\\/mulheres-ocupam-lugar-de-destaque-no-empreendedorismo\\\/#primaryimage\"},\"thumbnailUrl\":\"https:\\\/\\\/marcelolopes.jor.br\\\/site\\\/wp-content\\\/uploads\\\/2020\\\/03\\\/235..jpg\",\"keywords\":[\"SEBRAE-MG\"],\"articleSection\":[\"Not\u00edcias\"],\"inLanguage\":\"pt-BR\",\"potentialAction\":[{\"@type\":\"CommentAction\",\"name\":\"Comment\",\"target\":[\"https:\\\/\\\/marcelolopes.jor.br\\\/site\\\/2020\\\/03\\\/08\\\/mulheres-ocupam-lugar-de-destaque-no-empreendedorismo\\\/#respond\"]}]},{\"@type\":\"WebPage\",\"@id\":\"https:\\\/\\\/marcelolopes.jor.br\\\/site\\\/2020\\\/03\\\/08\\\/mulheres-ocupam-lugar-de-destaque-no-empreendedorismo\\\/\",\"url\":\"https:\\\/\\\/marcelolopes.jor.br\\\/site\\\/2020\\\/03\\\/08\\\/mulheres-ocupam-lugar-de-destaque-no-empreendedorismo\\\/\",\"name\":\"Mulheres ocupam lugar de destaque no empreendedorismo\",\"isPartOf\":{\"@id\":\"https:\\\/\\\/marcelolopes.jor.br\\\/site\\\/#website\"},\"primaryImageOfPage\":{\"@id\":\"https:\\\/\\\/marcelolopes.jor.br\\\/site\\\/2020\\\/03\\\/08\\\/mulheres-ocupam-lugar-de-destaque-no-empreendedorismo\\\/#primaryimage\"},\"image\":{\"@id\":\"https:\\\/\\\/marcelolopes.jor.br\\\/site\\\/2020\\\/03\\\/08\\\/mulheres-ocupam-lugar-de-destaque-no-empreendedorismo\\\/#primaryimage\"},\"thumbnailUrl\":\"https:\\\/\\\/marcelolopes.jor.br\\\/site\\\/wp-content\\\/uploads\\\/2020\\\/03\\\/235..jpg\",\"datePublished\":\"2020-03-08T23:00:01+00:00\",\"dateModified\":\"2022-10-19T13:20:03+00:00\",\"description\":\"Mulheres ocupam lugar de destaque no empreendedorismo. No m\u00eas da Mulher, dados revelam que elas est\u00e3o cada vez mais \u00e0 frente dos neg\u00f3cios.\",\"breadcrumb\":{\"@id\":\"https:\\\/\\\/marcelolopes.jor.br\\\/site\\\/2020\\\/03\\\/08\\\/mulheres-ocupam-lugar-de-destaque-no-empreendedorismo\\\/#breadcrumb\"},\"inLanguage\":\"pt-BR\",\"potentialAction\":[{\"@type\":\"ReadAction\",\"target\":[\"https:\\\/\\\/marcelolopes.jor.br\\\/site\\\/2020\\\/03\\\/08\\\/mulheres-ocupam-lugar-de-destaque-no-empreendedorismo\\\/\"]}]},{\"@type\":\"ImageObject\",\"inLanguage\":\"pt-BR\",\"@id\":\"https:\\\/\\\/marcelolopes.jor.br\\\/site\\\/2020\\\/03\\\/08\\\/mulheres-ocupam-lugar-de-destaque-no-empreendedorismo\\\/#primaryimage\",\"url\":\"https:\\\/\\\/marcelolopes.jor.br\\\/site\\\/wp-content\\\/uploads\\\/2020\\\/03\\\/235..jpg\",\"contentUrl\":\"https:\\\/\\\/marcelolopes.jor.br\\\/site\\\/wp-content\\\/uploads\\\/2020\\\/03\\\/235..jpg\",\"width\":800,\"height\":485,\"caption\":\"Mulheres ocupam lugar de\"},{\"@type\":\"BreadcrumbList\",\"@id\":\"https:\\\/\\\/marcelolopes.jor.br\\\/site\\\/2020\\\/03\\\/08\\\/mulheres-ocupam-lugar-de-destaque-no-empreendedorismo\\\/#breadcrumb\",\"itemListElement\":[{\"@type\":\"ListItem\",\"position\":1,\"name\":\"Home\",\"item\":\"https:\\\/\\\/marcelolopes.jor.br\\\/site\\\/\"},{\"@type\":\"ListItem\",\"position\":2,\"name\":\"Mulheres ocupam lugar de destaque no empreendedorismo\"}]},{\"@type\":\"WebSite\",\"@id\":\"https:\\\/\\\/marcelolopes.jor.br\\\/site\\\/#website\",\"url\":\"https:\\\/\\\/marcelolopes.jor.br\\\/site\\\/\",\"name\":\"Marcelo Lopes\",\"description\":\"Not\u00edcias de Cataguases e Regi\u00e3o\",\"publisher\":{\"@id\":\"https:\\\/\\\/marcelolopes.jor.br\\\/site\\\/#organization\"},\"potentialAction\":[{\"@type\":\"SearchAction\",\"target\":{\"@type\":\"EntryPoint\",\"urlTemplate\":\"https:\\\/\\\/marcelolopes.jor.br\\\/site\\\/?s={search_term_string}\"},\"query-input\":{\"@type\":\"PropertyValueSpecification\",\"valueRequired\":true,\"valueName\":\"search_term_string\"}}],\"inLanguage\":\"pt-BR\"},{\"@type\":\"Organization\",\"@id\":\"https:\\\/\\\/marcelolopes.jor.br\\\/site\\\/#organization\",\"name\":\"Site do Marcelo Lopes\",\"url\":\"https:\\\/\\\/marcelolopes.jor.br\\\/site\\\/\",\"logo\":{\"@type\":\"ImageObject\",\"inLanguage\":\"pt-BR\",\"@id\":\"https:\\\/\\\/marcelolopes.jor.br\\\/site\\\/#\\\/schema\\\/logo\\\/image\\\/\",\"url\":\"https:\\\/\\\/marcelolopes.jor.br\\\/site\\\/wp-content\\\/uploads\\\/2024\\\/11\\\/logo-1.png\",\"contentUrl\":\"https:\\\/\\\/marcelolopes.jor.br\\\/site\\\/wp-content\\\/uploads\\\/2024\\\/11\\\/logo-1.png\",\"width\":475,\"height\":80,\"caption\":\"Site do Marcelo Lopes\"},\"image\":{\"@id\":\"https:\\\/\\\/marcelolopes.jor.br\\\/site\\\/#\\\/schema\\\/logo\\\/image\\\/\"},\"sameAs\":[\"https:\\\/\\\/www.facebook.com\\\/sitedomarcelolopes\",\"https:\\\/\\\/www.instagram.com\\\/sitedomarcelolopes\\\/\",\"https:\\\/\\\/www.linkedin.com\\\/company\\\/site-do-marcelo-lopes\\\/\",\"https:\\\/\\\/www.youtube.com\\\/user\\\/marcelolopes957\"]},{\"@type\":\"Person\",\"@id\":\"https:\\\/\\\/marcelolopes.jor.br\\\/site\\\/#\\\/schema\\\/person\\\/3e7216a35c34d8fdf952b31da3d1f89f\",\"name\":\"Marcelo Lopes\",\"sameAs\":[\"http:\\\/\\\/www.marcelolopes.jor.br\"],\"url\":\"https:\\\/\\\/marcelolopes.jor.br\\\/site\\\/author\\\/marcelo\\\/\"}]}<\/script>\n<!-- \/ Yoast SEO plugin. -->","yoast_head_json":{"title":"Mulheres ocupam lugar de destaque no empreendedorismo","description":"Mulheres ocupam lugar de destaque no empreendedorismo. No m\u00eas da Mulher, dados revelam que elas est\u00e3o cada vez mais \u00e0 frente dos neg\u00f3cios.","robots":{"index":"index","follow":"follow","max-snippet":"max-snippet:-1","max-image-preview":"max-image-preview:large","max-video-preview":"max-video-preview:-1"},"canonical":"https:\/\/marcelolopes.jor.br\/site\/2020\/03\/08\/mulheres-ocupam-lugar-de-destaque-no-empreendedorismo\/","og_locale":"pt_BR","og_type":"article","og_title":"Mulheres ocupam lugar de destaque no empreendedorismo","og_description":"Mulheres ocupam lugar de destaque no empreendedorismo. No m\u00eas da Mulher, dados revelam que elas est\u00e3o cada vez mais \u00e0 frente dos neg\u00f3cios.","og_url":"https:\/\/marcelolopes.jor.br\/site\/2020\/03\/08\/mulheres-ocupam-lugar-de-destaque-no-empreendedorismo\/","og_site_name":"Marcelo Lopes","article_publisher":"https:\/\/www.facebook.com\/sitedomarcelolopes","article_published_time":"2020-03-08T23:00:01+00:00","article_modified_time":"2022-10-19T13:20:03+00:00","og_image":[{"width":800,"height":485,"url":"https:\/\/marcelolopes.jor.br\/site\/wp-content\/uploads\/2020\/03\/235..jpg","type":"image\/jpeg"}],"author":"Marcelo Lopes","twitter_card":"summary_large_image","twitter_misc":{"Escrito por":"Marcelo Lopes","Est. tempo de leitura":"2 minutos"},"schema":{"@context":"https:\/\/schema.org","@graph":[{"@type":"NewsArticle","@id":"https:\/\/marcelolopes.jor.br\/site\/2020\/03\/08\/mulheres-ocupam-lugar-de-destaque-no-empreendedorismo\/#article","isPartOf":{"@id":"https:\/\/marcelolopes.jor.br\/site\/2020\/03\/08\/mulheres-ocupam-lugar-de-destaque-no-empreendedorismo\/"},"author":{"name":"Marcelo Lopes","@id":"https:\/\/marcelolopes.jor.br\/site\/#\/schema\/person\/3e7216a35c34d8fdf952b31da3d1f89f"},"headline":"Mulheres ocupam lugar de destaque no empreendedorismo","datePublished":"2020-03-08T23:00:01+00:00","dateModified":"2022-10-19T13:20:03+00:00","mainEntityOfPage":{"@id":"https:\/\/marcelolopes.jor.br\/site\/2020\/03\/08\/mulheres-ocupam-lugar-de-destaque-no-empreendedorismo\/"},"wordCount":400,"commentCount":0,"publisher":{"@id":"https:\/\/marcelolopes.jor.br\/site\/#organization"},"image":{"@id":"https:\/\/marcelolopes.jor.br\/site\/2020\/03\/08\/mulheres-ocupam-lugar-de-destaque-no-empreendedorismo\/#primaryimage"},"thumbnailUrl":"https:\/\/marcelolopes.jor.br\/site\/wp-content\/uploads\/2020\/03\/235..jpg","keywords":["SEBRAE-MG"],"articleSection":["Not\u00edcias"],"inLanguage":"pt-BR","potentialAction":[{"@type":"CommentAction","name":"Comment","target":["https:\/\/marcelolopes.jor.br\/site\/2020\/03\/08\/mulheres-ocupam-lugar-de-destaque-no-empreendedorismo\/#respond"]}]},{"@type":"WebPage","@id":"https:\/\/marcelolopes.jor.br\/site\/2020\/03\/08\/mulheres-ocupam-lugar-de-destaque-no-empreendedorismo\/","url":"https:\/\/marcelolopes.jor.br\/site\/2020\/03\/08\/mulheres-ocupam-lugar-de-destaque-no-empreendedorismo\/","name":"Mulheres ocupam lugar de destaque no empreendedorismo","isPartOf":{"@id":"https:\/\/marcelolopes.jor.br\/site\/#website"},"primaryImageOfPage":{"@id":"https:\/\/marcelolopes.jor.br\/site\/2020\/03\/08\/mulheres-ocupam-lugar-de-destaque-no-empreendedorismo\/#primaryimage"},"image":{"@id":"https:\/\/marcelolopes.jor.br\/site\/2020\/03\/08\/mulheres-ocupam-lugar-de-destaque-no-empreendedorismo\/#primaryimage"},"thumbnailUrl":"https:\/\/marcelolopes.jor.br\/site\/wp-content\/uploads\/2020\/03\/235..jpg","datePublished":"2020-03-08T23:00:01+00:00","dateModified":"2022-10-19T13:20:03+00:00","description":"Mulheres ocupam lugar de destaque no empreendedorismo. No m\u00eas da Mulher, dados revelam que elas est\u00e3o cada vez mais \u00e0 frente dos neg\u00f3cios.","breadcrumb":{"@id":"https:\/\/marcelolopes.jor.br\/site\/2020\/03\/08\/mulheres-ocupam-lugar-de-destaque-no-empreendedorismo\/#breadcrumb"},"inLanguage":"pt-BR","potentialAction":[{"@type":"ReadAction","target":["https:\/\/marcelolopes.jor.br\/site\/2020\/03\/08\/mulheres-ocupam-lugar-de-destaque-no-empreendedorismo\/"]}]},{"@type":"ImageObject","inLanguage":"pt-BR","@id":"https:\/\/marcelolopes.jor.br\/site\/2020\/03\/08\/mulheres-ocupam-lugar-de-destaque-no-empreendedorismo\/#primaryimage","url":"https:\/\/marcelolopes.jor.br\/site\/wp-content\/uploads\/2020\/03\/235..jpg","contentUrl":"https:\/\/marcelolopes.jor.br\/site\/wp-content\/uploads\/2020\/03\/235..jpg","width":800,"height":485,"caption":"Mulheres ocupam lugar de"},{"@type":"BreadcrumbList","@id":"https:\/\/marcelolopes.jor.br\/site\/2020\/03\/08\/mulheres-ocupam-lugar-de-destaque-no-empreendedorismo\/#breadcrumb","itemListElement":[{"@type":"ListItem","position":1,"name":"Home","item":"https:\/\/marcelolopes.jor.br\/site\/"},{"@type":"ListItem","position":2,"name":"Mulheres ocupam lugar de destaque no empreendedorismo"}]},{"@type":"WebSite","@id":"https:\/\/marcelolopes.jor.br\/site\/#website","url":"https:\/\/marcelolopes.jor.br\/site\/","name":"Marcelo Lopes","description":"Not\u00edcias de Cataguases e Regi\u00e3o","publisher":{"@id":"https:\/\/marcelolopes.jor.br\/site\/#organization"},"potentialAction":[{"@type":"SearchAction","target":{"@type":"EntryPoint","urlTemplate":"https:\/\/marcelolopes.jor.br\/site\/?s={search_term_string}"},"query-input":{"@type":"PropertyValueSpecification","valueRequired":true,"valueName":"search_term_string"}}],"inLanguage":"pt-BR"},{"@type":"Organization","@id":"https:\/\/marcelolopes.jor.br\/site\/#organization","name":"Site do Marcelo Lopes","url":"https:\/\/marcelolopes.jor.br\/site\/","logo":{"@type":"ImageObject","inLanguage":"pt-BR","@id":"https:\/\/marcelolopes.jor.br\/site\/#\/schema\/logo\/image\/","url":"https:\/\/marcelolopes.jor.br\/site\/wp-content\/uploads\/2024\/11\/logo-1.png","contentUrl":"https:\/\/marcelolopes.jor.br\/site\/wp-content\/uploads\/2024\/11\/logo-1.png","width":475,"height":80,"caption":"Site do Marcelo Lopes"},"image":{"@id":"https:\/\/marcelolopes.jor.br\/site\/#\/schema\/logo\/image\/"},"sameAs":["https:\/\/www.facebook.com\/sitedomarcelolopes","https:\/\/www.instagram.com\/sitedomarcelolopes\/","https:\/\/www.linkedin.com\/company\/site-do-marcelo-lopes\/","https:\/\/www.youtube.com\/user\/marcelolopes957"]},{"@type":"Person","@id":"https:\/\/marcelolopes.jor.br\/site\/#\/schema\/person\/3e7216a35c34d8fdf952b31da3d1f89f","name":"Marcelo Lopes","sameAs":["http:\/\/www.marcelolopes.jor.br"],"url":"https:\/\/marcelolopes.jor.br\/site\/author\/marcelo\/"}]}},"wps_subtitle":"No m\u00eas da Mulher, dados revelam que elas est\u00e3o cada vez mais \u00e0 frente dos neg\u00f3cios.","_links":{"self":[{"href":"https:\/\/marcelolopes.jor.br\/site\/wp-json\/wp\/v2\/posts\/12506","targetHints":{"allow":["GET"]}}],"collection":[{"href":"https:\/\/marcelolopes.jor.br\/site\/wp-json\/wp\/v2\/posts"}],"about":[{"href":"https:\/\/marcelolopes.jor.br\/site\/wp-json\/wp\/v2\/types\/post"}],"author":[{"embeddable":true,"href":"https:\/\/marcelolopes.jor.br\/site\/wp-json\/wp\/v2\/users\/2"}],"replies":[{"embeddable":true,"href":"https:\/\/marcelolopes.jor.br\/site\/wp-json\/wp\/v2\/comments?post=12506"}],"version-history":[{"count":0,"href":"https:\/\/marcelolopes.jor.br\/site\/wp-json\/wp\/v2\/posts\/12506\/revisions"}],"wp:featuredmedia":[{"embeddable":true,"href":"https:\/\/marcelolopes.jor.br\/site\/wp-json\/wp\/v2\/media\/12508"}],"wp:attachment":[{"href":"https:\/\/marcelolopes.jor.br\/site\/wp-json\/wp\/v2\/media?parent=12506"}],"wp:term":[{"taxonomy":"category","embeddable":true,"href":"https:\/\/marcelolopes.jor.br\/site\/wp-json\/wp\/v2\/categories?post=12506"},{"taxonomy":"post_tag","embeddable":true,"href":"https:\/\/marcelolopes.jor.br\/site\/wp-json\/wp\/v2\/tags?post=12506"}],"curies":[{"name":"wp","href":"https:\/\/api.w.org\/{rel}","templated":true}]}}