{"id":12458,"date":"2020-03-07T12:00:01","date_gmt":"2020-03-07T15:00:01","guid":{"rendered":"https:\/\/marcelolopes.jor.br\/?p=12458"},"modified":"2020-03-07T10:25:46","modified_gmt":"2020-03-07T13:25:46","slug":"sine-divulga-vagas-e-curso-profissionalizante-para-pcd","status":"publish","type":"post","link":"https:\/\/marcelolopes.jor.br\/site\/2020\/03\/07\/sine-divulga-vagas-e-curso-profissionalizante-para-pcd\/","title":{"rendered":"Sine divulga vagas e curso profissionalizante para PCD"},"content":{"rendered":"<p style=\"text-align: justify;\">O Sine divulga sexta-feira, 06 de mar\u00e7o, nova rela\u00e7\u00e3o de vagas que estar\u00e3o dispon\u00edveis aos interessados at\u00e9 serem preenchidas. Esta semana a novidade \u00e9 a oferta de dez vagas exclusivas para pessoas portadoras de defici\u00eancia (PCD) em curso de qualifica\u00e7\u00e3o profissional. Al\u00e9m disso h\u00e1 outras tr\u00eas vagas de trabalho dispon\u00edveis, sendo duas de a\u00e7ougueiro, outra para agente de cadastro e a terceira para Auxiliar de Produ\u00e7\u00e3o para pessoas portadoras de defici\u00eancia.<!--more--><\/p>\n<p style=\"text-align: justify;\">O Sine est\u00e1 localizado no Centro Administrativo da Prefeitura (antigo Pronto Cordis), na rua Gama Cerqueira, 70. Os interessados devem comparecer pessoalmente ao local, levando seus documentos de identifica\u00e7\u00e3o (RG, CPF e Carteira de Trabalho), al\u00e9m de curr\u00edculo. O atendimento \u00e9 de oito da manh\u00e3 \u00e0s quatro da tarde, de segunda a sexta-feira. O Sine n\u00e3o d\u00e1 informa\u00e7\u00f5es sobre vagas de emprego por telefone.<\/p>\n<p style=\"text-align: justify;\">Veja no quadro abaixo sobre as vagas disponibilizadas atrav\u00e9s do SINE.<\/p>\n<p><img loading=\"lazy\" decoding=\"async\" class=\"aligncenter wp-image-12460\" src=\"https:\/\/marcelolopes.jor.br\/site\/wp-content\/uploads\/2020\/03\/NOVO-QUADRO-DE-VAGAS-2019.jpg\" alt=\"\" width=\"600\" height=\"266\" srcset=\"https:\/\/marcelolopes.jor.br\/site\/wp-content\/uploads\/2020\/03\/NOVO-QUADRO-DE-VAGAS-2019.jpg 2380w, https:\/\/marcelolopes.jor.br\/site\/wp-content\/uploads\/2020\/03\/NOVO-QUADRO-DE-VAGAS-2019-300x133.jpg 300w, https:\/\/marcelolopes.jor.br\/site\/wp-content\/uploads\/2020\/03\/NOVO-QUADRO-DE-VAGAS-2019-768x341.jpg 768w, https:\/\/marcelolopes.jor.br\/site\/wp-content\/uploads\/2020\/03\/NOVO-QUADRO-DE-VAGAS-2019-1024x455.jpg 1024w, https:\/\/marcelolopes.jor.br\/site\/wp-content\/uploads\/2020\/03\/NOVO-QUADRO-DE-VAGAS-2019-1200x533.jpg 1200w\" sizes=\"auto, (max-width: 600px) 100vw, 600px\" \/><\/p>\n<div class=\"msrev69f75d9cea768\" ><br><\/div><style type=\"text\/css\">\r\n@media screen and (min-width: 1201px) {\r\n.msrev69f75d9cea768 {\r\ndisplay: block;\r\n}\r\n}\r\n@media screen and (min-width: 993px) and (max-width: 1200px) {\r\n.msrev69f75d9cea768 {\r\ndisplay: block;\r\n}\r\n}\r\n@media screen and (min-width: 769px) and (max-width: 992px) {\r\n.msrev69f75d9cea768 {\r\ndisplay: block;\r\n}\r\n}\r\n@media screen and (min-width: 768px) and (max-width: 768px) {\r\n.msrev69f75d9cea768 {\r\ndisplay: block;\r\n}\r\n}\r\n@media screen and (max-width: 767px) {\r\n.msrev69f75d9cea768 {\r\ndisplay: block;\r\n}\r\n}\r\n<\/style>\r\n<div class=\"nxbut69f75d9cf0d60\" ><div id=\"div_destino\"><\/div>\r\n<script src=\"https:\/\/cdn.snsrsv.com\/sdk.js\"><\/script>\r\n<script >\r\n      new sdk(\"464030C30061EA8BE065000000000001\") \r\n          .appendTo(\"div_destino\")\r\n          .disableStyle(true) \r\n          .setCacheBusterMacro(\"%%CACHEBUSTER%%\")\r\n          .setSize(\"800\",\"214\")\r\n          .setClickMacro(\"%%CLICK_URL_ESC%%\") \r\n          .setReferrerUrlMacro(\"%%REFERRER_URL_ESC%%\") \r\n          .start(); \r\n<\/script><\/div><style type=\"text\/css\">\r\n@media screen and (min-width: 1201px) {\r\n.nxbut69f75d9cf0d60 {\r\ndisplay: block;\r\n}\r\n}\r\n@media screen and (min-width: 993px) and (max-width: 1200px) {\r\n.nxbut69f75d9cf0d60 {\r\ndisplay: block;\r\n}\r\n}\r\n@media screen and (min-width: 769px) and (max-width: 992px) {\r\n.nxbut69f75d9cf0d60 {\r\ndisplay: block;\r\n}\r\n}\r\n@media screen and (min-width: 768px) and (max-width: 768px) {\r\n.nxbut69f75d9cf0d60 {\r\ndisplay: block;\r\n}\r\n}\r\n@media screen and (max-width: 767px) {\r\n.nxbut69f75d9cf0d60 {\r\ndisplay: block;\r\n}\r\n}\r\n<\/style>\r\n","protected":false},"excerpt":{"rendered":"<p>O Sine divulga sexta-feira, 06 de mar\u00e7o, nova rela\u00e7\u00e3o de vagas que estar\u00e3o dispon\u00edveis aos interessados at\u00e9 serem preenchidas. Esta semana a novidade \u00e9 a oferta de dez vagas exclusivas para pessoas portadoras de defici\u00eancia (PCD) em curso de qualifica\u00e7\u00e3o<\/p>\n<p class=\"link-more\"><a class=\"more-link\" href=\"https:\/\/marcelolopes.jor.br\/site\/2020\/03\/07\/sine-divulga-vagas-e-curso-profissionalizante-para-pcd\/\">Leia mais <span class=\"screen-reader-text\">Sine divulga vagas e curso profissionalizante para PCD<\/span><\/a><\/p>\n","protected":false},"author":2,"featured_media":12461,"comment_status":"open","ping_status":"open","sticky":false,"template":"","format":"standard","meta":{"footnotes":""},"categories":[1],"tags":[483,482,484,56],"class_list":["post-12458","post","type-post","status-publish","format-standard","has-post-thumbnail","hentry","category-noticias","tag-emprego","tag-sine","tag-trabalho","tag-vagas","thumb-below-title"],"yoast_head":"<!-- This site is optimized with the Yoast SEO plugin v27.4 - https:\/\/yoast.com\/product\/yoast-seo-wordpress\/ -->\n<title>Sine divulga vagas e curso profissionalizante para PCD | Marcelo Lopes<\/title>\n<meta name=\"robots\" content=\"index, follow, max-snippet:-1, max-image-preview:large, max-video-preview:-1\" \/>\n<link rel=\"canonical\" href=\"https:\/\/marcelolopes.jor.br\/site\/2020\/03\/07\/sine-divulga-vagas-e-curso-profissionalizante-para-pcd\/\" \/>\n<meta property=\"og:locale\" content=\"pt_BR\" \/>\n<meta property=\"og:type\" content=\"article\" \/>\n<meta property=\"og:title\" content=\"Sine divulga vagas e curso profissionalizante para PCD | Marcelo Lopes\" \/>\n<meta property=\"og:description\" content=\"O Sine divulga sexta-feira, 06 de mar\u00e7o, nova rela\u00e7\u00e3o de vagas que estar\u00e3o dispon\u00edveis aos interessados at\u00e9 serem preenchidas. Esta semana a novidade \u00e9 a oferta de dez vagas exclusivas para pessoas portadoras de defici\u00eancia (PCD) em curso de qualifica\u00e7\u00e3oLeia mais Sine divulga vagas e curso profissionalizante para PCD\" \/>\n<meta property=\"og:url\" content=\"https:\/\/marcelolopes.jor.br\/site\/2020\/03\/07\/sine-divulga-vagas-e-curso-profissionalizante-para-pcd\/\" \/>\n<meta property=\"og:site_name\" content=\"Marcelo Lopes\" \/>\n<meta property=\"article:publisher\" content=\"https:\/\/www.facebook.com\/sitedomarcelolopes\" \/>\n<meta property=\"article:published_time\" content=\"2020-03-07T15:00:01+00:00\" \/>\n<meta property=\"og:image\" content=\"https:\/\/marcelolopes.jor.br\/site\/wp-content\/uploads\/2020\/03\/fgts-1024x683.jpg\" \/>\n\t<meta property=\"og:image:width\" content=\"1024\" \/>\n\t<meta property=\"og:image:height\" content=\"683\" \/>\n\t<meta property=\"og:image:type\" content=\"image\/jpeg\" \/>\n<meta name=\"author\" content=\"Marcelo Lopes\" \/>\n<meta name=\"twitter:card\" content=\"summary_large_image\" \/>\n<meta name=\"twitter:label1\" content=\"Escrito por\" \/>\n\t<meta name=\"twitter:data1\" content=\"Marcelo Lopes\" \/>\n\t<meta name=\"twitter:label2\" content=\"Est. tempo de leitura\" \/>\n\t<meta name=\"twitter:data2\" content=\"1 minuto\" \/>\n<script type=\"application\/ld+json\" class=\"yoast-schema-graph\">{\"@context\":\"https:\\\/\\\/schema.org\",\"@graph\":[{\"@type\":\"NewsArticle\",\"@id\":\"https:\\\/\\\/marcelolopes.jor.br\\\/site\\\/2020\\\/03\\\/07\\\/sine-divulga-vagas-e-curso-profissionalizante-para-pcd\\\/#article\",\"isPartOf\":{\"@id\":\"https:\\\/\\\/marcelolopes.jor.br\\\/site\\\/2020\\\/03\\\/07\\\/sine-divulga-vagas-e-curso-profissionalizante-para-pcd\\\/\"},\"author\":{\"name\":\"Marcelo Lopes\",\"@id\":\"https:\\\/\\\/marcelolopes.jor.br\\\/site\\\/#\\\/schema\\\/person\\\/3e7216a35c34d8fdf952b31da3d1f89f\"},\"headline\":\"Sine divulga vagas e curso profissionalizante para PCD\",\"datePublished\":\"2020-03-07T15:00:01+00:00\",\"mainEntityOfPage\":{\"@id\":\"https:\\\/\\\/marcelolopes.jor.br\\\/site\\\/2020\\\/03\\\/07\\\/sine-divulga-vagas-e-curso-profissionalizante-para-pcd\\\/\"},\"wordCount\":168,\"commentCount\":0,\"publisher\":{\"@id\":\"https:\\\/\\\/marcelolopes.jor.br\\\/site\\\/#organization\"},\"image\":{\"@id\":\"https:\\\/\\\/marcelolopes.jor.br\\\/site\\\/2020\\\/03\\\/07\\\/sine-divulga-vagas-e-curso-profissionalizante-para-pcd\\\/#primaryimage\"},\"thumbnailUrl\":\"https:\\\/\\\/marcelolopes.jor.br\\\/site\\\/wp-content\\\/uploads\\\/2020\\\/03\\\/fgts-1024x683.jpg\",\"keywords\":[\"emprego\",\"Sine\",\"trabalho\",\"vagas\"],\"articleSection\":[\"Not\u00edcias\"],\"inLanguage\":\"pt-BR\",\"potentialAction\":[{\"@type\":\"CommentAction\",\"name\":\"Comment\",\"target\":[\"https:\\\/\\\/marcelolopes.jor.br\\\/site\\\/2020\\\/03\\\/07\\\/sine-divulga-vagas-e-curso-profissionalizante-para-pcd\\\/#respond\"]}]},{\"@type\":\"WebPage\",\"@id\":\"https:\\\/\\\/marcelolopes.jor.br\\\/site\\\/2020\\\/03\\\/07\\\/sine-divulga-vagas-e-curso-profissionalizante-para-pcd\\\/\",\"url\":\"https:\\\/\\\/marcelolopes.jor.br\\\/site\\\/2020\\\/03\\\/07\\\/sine-divulga-vagas-e-curso-profissionalizante-para-pcd\\\/\",\"name\":\"Sine divulga vagas e curso profissionalizante para PCD | Marcelo Lopes\",\"isPartOf\":{\"@id\":\"https:\\\/\\\/marcelolopes.jor.br\\\/site\\\/#website\"},\"primaryImageOfPage\":{\"@id\":\"https:\\\/\\\/marcelolopes.jor.br\\\/site\\\/2020\\\/03\\\/07\\\/sine-divulga-vagas-e-curso-profissionalizante-para-pcd\\\/#primaryimage\"},\"image\":{\"@id\":\"https:\\\/\\\/marcelolopes.jor.br\\\/site\\\/2020\\\/03\\\/07\\\/sine-divulga-vagas-e-curso-profissionalizante-para-pcd\\\/#primaryimage\"},\"thumbnailUrl\":\"https:\\\/\\\/marcelolopes.jor.br\\\/site\\\/wp-content\\\/uploads\\\/2020\\\/03\\\/fgts-1024x683.jpg\",\"datePublished\":\"2020-03-07T15:00:01+00:00\",\"breadcrumb\":{\"@id\":\"https:\\\/\\\/marcelolopes.jor.br\\\/site\\\/2020\\\/03\\\/07\\\/sine-divulga-vagas-e-curso-profissionalizante-para-pcd\\\/#breadcrumb\"},\"inLanguage\":\"pt-BR\",\"potentialAction\":[{\"@type\":\"ReadAction\",\"target\":[\"https:\\\/\\\/marcelolopes.jor.br\\\/site\\\/2020\\\/03\\\/07\\\/sine-divulga-vagas-e-curso-profissionalizante-para-pcd\\\/\"]}]},{\"@type\":\"ImageObject\",\"inLanguage\":\"pt-BR\",\"@id\":\"https:\\\/\\\/marcelolopes.jor.br\\\/site\\\/2020\\\/03\\\/07\\\/sine-divulga-vagas-e-curso-profissionalizante-para-pcd\\\/#primaryimage\",\"url\":\"https:\\\/\\\/marcelolopes.jor.br\\\/site\\\/wp-content\\\/uploads\\\/2020\\\/03\\\/fgts-1024x683.jpg\",\"contentUrl\":\"https:\\\/\\\/marcelolopes.jor.br\\\/site\\\/wp-content\\\/uploads\\\/2020\\\/03\\\/fgts-1024x683.jpg\",\"width\":1024,\"height\":683},{\"@type\":\"BreadcrumbList\",\"@id\":\"https:\\\/\\\/marcelolopes.jor.br\\\/site\\\/2020\\\/03\\\/07\\\/sine-divulga-vagas-e-curso-profissionalizante-para-pcd\\\/#breadcrumb\",\"itemListElement\":[{\"@type\":\"ListItem\",\"position\":1,\"name\":\"Home\",\"item\":\"https:\\\/\\\/marcelolopes.jor.br\\\/site\\\/\"},{\"@type\":\"ListItem\",\"position\":2,\"name\":\"Sine divulga vagas e curso profissionalizante para PCD\"}]},{\"@type\":\"WebSite\",\"@id\":\"https:\\\/\\\/marcelolopes.jor.br\\\/site\\\/#website\",\"url\":\"https:\\\/\\\/marcelolopes.jor.br\\\/site\\\/\",\"name\":\"Marcelo Lopes\",\"description\":\"Not\u00edcias de Cataguases e Regi\u00e3o\",\"publisher\":{\"@id\":\"https:\\\/\\\/marcelolopes.jor.br\\\/site\\\/#organization\"},\"potentialAction\":[{\"@type\":\"SearchAction\",\"target\":{\"@type\":\"EntryPoint\",\"urlTemplate\":\"https:\\\/\\\/marcelolopes.jor.br\\\/site\\\/?s={search_term_string}\"},\"query-input\":{\"@type\":\"PropertyValueSpecification\",\"valueRequired\":true,\"valueName\":\"search_term_string\"}}],\"inLanguage\":\"pt-BR\"},{\"@type\":\"Organization\",\"@id\":\"https:\\\/\\\/marcelolopes.jor.br\\\/site\\\/#organization\",\"name\":\"Site do Marcelo Lopes\",\"url\":\"https:\\\/\\\/marcelolopes.jor.br\\\/site\\\/\",\"logo\":{\"@type\":\"ImageObject\",\"inLanguage\":\"pt-BR\",\"@id\":\"https:\\\/\\\/marcelolopes.jor.br\\\/site\\\/#\\\/schema\\\/logo\\\/image\\\/\",\"url\":\"https:\\\/\\\/marcelolopes.jor.br\\\/site\\\/wp-content\\\/uploads\\\/2024\\\/11\\\/logo-1.png\",\"contentUrl\":\"https:\\\/\\\/marcelolopes.jor.br\\\/site\\\/wp-content\\\/uploads\\\/2024\\\/11\\\/logo-1.png\",\"width\":475,\"height\":80,\"caption\":\"Site do Marcelo Lopes\"},\"image\":{\"@id\":\"https:\\\/\\\/marcelolopes.jor.br\\\/site\\\/#\\\/schema\\\/logo\\\/image\\\/\"},\"sameAs\":[\"https:\\\/\\\/www.facebook.com\\\/sitedomarcelolopes\",\"https:\\\/\\\/www.instagram.com\\\/sitedomarcelolopes\\\/\",\"https:\\\/\\\/www.linkedin.com\\\/company\\\/site-do-marcelo-lopes\\\/\",\"https:\\\/\\\/www.youtube.com\\\/user\\\/marcelolopes957\"]},{\"@type\":\"Person\",\"@id\":\"https:\\\/\\\/marcelolopes.jor.br\\\/site\\\/#\\\/schema\\\/person\\\/3e7216a35c34d8fdf952b31da3d1f89f\",\"name\":\"Marcelo Lopes\",\"sameAs\":[\"http:\\\/\\\/www.marcelolopes.jor.br\"],\"url\":\"https:\\\/\\\/marcelolopes.jor.br\\\/site\\\/author\\\/marcelo\\\/\"}]}<\/script>\n<!-- \/ Yoast SEO plugin. -->","yoast_head_json":{"title":"Sine divulga vagas e curso profissionalizante para PCD | Marcelo Lopes","robots":{"index":"index","follow":"follow","max-snippet":"max-snippet:-1","max-image-preview":"max-image-preview:large","max-video-preview":"max-video-preview:-1"},"canonical":"https:\/\/marcelolopes.jor.br\/site\/2020\/03\/07\/sine-divulga-vagas-e-curso-profissionalizante-para-pcd\/","og_locale":"pt_BR","og_type":"article","og_title":"Sine divulga vagas e curso profissionalizante para PCD | Marcelo Lopes","og_description":"O Sine divulga sexta-feira, 06 de mar\u00e7o, nova rela\u00e7\u00e3o de vagas que estar\u00e3o dispon\u00edveis aos interessados at\u00e9 serem preenchidas. Esta semana a novidade \u00e9 a oferta de dez vagas exclusivas para pessoas portadoras de defici\u00eancia (PCD) em curso de qualifica\u00e7\u00e3oLeia mais Sine divulga vagas e curso profissionalizante para PCD","og_url":"https:\/\/marcelolopes.jor.br\/site\/2020\/03\/07\/sine-divulga-vagas-e-curso-profissionalizante-para-pcd\/","og_site_name":"Marcelo Lopes","article_publisher":"https:\/\/www.facebook.com\/sitedomarcelolopes","article_published_time":"2020-03-07T15:00:01+00:00","og_image":[{"width":1024,"height":683,"url":"https:\/\/marcelolopes.jor.br\/site\/wp-content\/uploads\/2020\/03\/fgts-1024x683.jpg","type":"image\/jpeg"}],"author":"Marcelo Lopes","twitter_card":"summary_large_image","twitter_misc":{"Escrito por":"Marcelo Lopes","Est. tempo de leitura":"1 minuto"},"schema":{"@context":"https:\/\/schema.org","@graph":[{"@type":"NewsArticle","@id":"https:\/\/marcelolopes.jor.br\/site\/2020\/03\/07\/sine-divulga-vagas-e-curso-profissionalizante-para-pcd\/#article","isPartOf":{"@id":"https:\/\/marcelolopes.jor.br\/site\/2020\/03\/07\/sine-divulga-vagas-e-curso-profissionalizante-para-pcd\/"},"author":{"name":"Marcelo Lopes","@id":"https:\/\/marcelolopes.jor.br\/site\/#\/schema\/person\/3e7216a35c34d8fdf952b31da3d1f89f"},"headline":"Sine divulga vagas e curso profissionalizante para PCD","datePublished":"2020-03-07T15:00:01+00:00","mainEntityOfPage":{"@id":"https:\/\/marcelolopes.jor.br\/site\/2020\/03\/07\/sine-divulga-vagas-e-curso-profissionalizante-para-pcd\/"},"wordCount":168,"commentCount":0,"publisher":{"@id":"https:\/\/marcelolopes.jor.br\/site\/#organization"},"image":{"@id":"https:\/\/marcelolopes.jor.br\/site\/2020\/03\/07\/sine-divulga-vagas-e-curso-profissionalizante-para-pcd\/#primaryimage"},"thumbnailUrl":"https:\/\/marcelolopes.jor.br\/site\/wp-content\/uploads\/2020\/03\/fgts-1024x683.jpg","keywords":["emprego","Sine","trabalho","vagas"],"articleSection":["Not\u00edcias"],"inLanguage":"pt-BR","potentialAction":[{"@type":"CommentAction","name":"Comment","target":["https:\/\/marcelolopes.jor.br\/site\/2020\/03\/07\/sine-divulga-vagas-e-curso-profissionalizante-para-pcd\/#respond"]}]},{"@type":"WebPage","@id":"https:\/\/marcelolopes.jor.br\/site\/2020\/03\/07\/sine-divulga-vagas-e-curso-profissionalizante-para-pcd\/","url":"https:\/\/marcelolopes.jor.br\/site\/2020\/03\/07\/sine-divulga-vagas-e-curso-profissionalizante-para-pcd\/","name":"Sine divulga vagas e curso profissionalizante para PCD | Marcelo Lopes","isPartOf":{"@id":"https:\/\/marcelolopes.jor.br\/site\/#website"},"primaryImageOfPage":{"@id":"https:\/\/marcelolopes.jor.br\/site\/2020\/03\/07\/sine-divulga-vagas-e-curso-profissionalizante-para-pcd\/#primaryimage"},"image":{"@id":"https:\/\/marcelolopes.jor.br\/site\/2020\/03\/07\/sine-divulga-vagas-e-curso-profissionalizante-para-pcd\/#primaryimage"},"thumbnailUrl":"https:\/\/marcelolopes.jor.br\/site\/wp-content\/uploads\/2020\/03\/fgts-1024x683.jpg","datePublished":"2020-03-07T15:00:01+00:00","breadcrumb":{"@id":"https:\/\/marcelolopes.jor.br\/site\/2020\/03\/07\/sine-divulga-vagas-e-curso-profissionalizante-para-pcd\/#breadcrumb"},"inLanguage":"pt-BR","potentialAction":[{"@type":"ReadAction","target":["https:\/\/marcelolopes.jor.br\/site\/2020\/03\/07\/sine-divulga-vagas-e-curso-profissionalizante-para-pcd\/"]}]},{"@type":"ImageObject","inLanguage":"pt-BR","@id":"https:\/\/marcelolopes.jor.br\/site\/2020\/03\/07\/sine-divulga-vagas-e-curso-profissionalizante-para-pcd\/#primaryimage","url":"https:\/\/marcelolopes.jor.br\/site\/wp-content\/uploads\/2020\/03\/fgts-1024x683.jpg","contentUrl":"https:\/\/marcelolopes.jor.br\/site\/wp-content\/uploads\/2020\/03\/fgts-1024x683.jpg","width":1024,"height":683},{"@type":"BreadcrumbList","@id":"https:\/\/marcelolopes.jor.br\/site\/2020\/03\/07\/sine-divulga-vagas-e-curso-profissionalizante-para-pcd\/#breadcrumb","itemListElement":[{"@type":"ListItem","position":1,"name":"Home","item":"https:\/\/marcelolopes.jor.br\/site\/"},{"@type":"ListItem","position":2,"name":"Sine divulga vagas e curso profissionalizante para PCD"}]},{"@type":"WebSite","@id":"https:\/\/marcelolopes.jor.br\/site\/#website","url":"https:\/\/marcelolopes.jor.br\/site\/","name":"Marcelo Lopes","description":"Not\u00edcias de Cataguases e Regi\u00e3o","publisher":{"@id":"https:\/\/marcelolopes.jor.br\/site\/#organization"},"potentialAction":[{"@type":"SearchAction","target":{"@type":"EntryPoint","urlTemplate":"https:\/\/marcelolopes.jor.br\/site\/?s={search_term_string}"},"query-input":{"@type":"PropertyValueSpecification","valueRequired":true,"valueName":"search_term_string"}}],"inLanguage":"pt-BR"},{"@type":"Organization","@id":"https:\/\/marcelolopes.jor.br\/site\/#organization","name":"Site do Marcelo Lopes","url":"https:\/\/marcelolopes.jor.br\/site\/","logo":{"@type":"ImageObject","inLanguage":"pt-BR","@id":"https:\/\/marcelolopes.jor.br\/site\/#\/schema\/logo\/image\/","url":"https:\/\/marcelolopes.jor.br\/site\/wp-content\/uploads\/2024\/11\/logo-1.png","contentUrl":"https:\/\/marcelolopes.jor.br\/site\/wp-content\/uploads\/2024\/11\/logo-1.png","width":475,"height":80,"caption":"Site do Marcelo Lopes"},"image":{"@id":"https:\/\/marcelolopes.jor.br\/site\/#\/schema\/logo\/image\/"},"sameAs":["https:\/\/www.facebook.com\/sitedomarcelolopes","https:\/\/www.instagram.com\/sitedomarcelolopes\/","https:\/\/www.linkedin.com\/company\/site-do-marcelo-lopes\/","https:\/\/www.youtube.com\/user\/marcelolopes957"]},{"@type":"Person","@id":"https:\/\/marcelolopes.jor.br\/site\/#\/schema\/person\/3e7216a35c34d8fdf952b31da3d1f89f","name":"Marcelo Lopes","sameAs":["http:\/\/www.marcelolopes.jor.br"],"url":"https:\/\/marcelolopes.jor.br\/site\/author\/marcelo\/"}]}},"wps_subtitle":"Vagas foram divulgadas nesta sexta-feira, 06 de mar\u00e7o.","_links":{"self":[{"href":"https:\/\/marcelolopes.jor.br\/site\/wp-json\/wp\/v2\/posts\/12458","targetHints":{"allow":["GET"]}}],"collection":[{"href":"https:\/\/marcelolopes.jor.br\/site\/wp-json\/wp\/v2\/posts"}],"about":[{"href":"https:\/\/marcelolopes.jor.br\/site\/wp-json\/wp\/v2\/types\/post"}],"author":[{"embeddable":true,"href":"https:\/\/marcelolopes.jor.br\/site\/wp-json\/wp\/v2\/users\/2"}],"replies":[{"embeddable":true,"href":"https:\/\/marcelolopes.jor.br\/site\/wp-json\/wp\/v2\/comments?post=12458"}],"version-history":[{"count":0,"href":"https:\/\/marcelolopes.jor.br\/site\/wp-json\/wp\/v2\/posts\/12458\/revisions"}],"wp:featuredmedia":[{"embeddable":true,"href":"https:\/\/marcelolopes.jor.br\/site\/wp-json\/wp\/v2\/media\/12461"}],"wp:attachment":[{"href":"https:\/\/marcelolopes.jor.br\/site\/wp-json\/wp\/v2\/media?parent=12458"}],"wp:term":[{"taxonomy":"category","embeddable":true,"href":"https:\/\/marcelolopes.jor.br\/site\/wp-json\/wp\/v2\/categories?post=12458"},{"taxonomy":"post_tag","embeddable":true,"href":"https:\/\/marcelolopes.jor.br\/site\/wp-json\/wp\/v2\/tags?post=12458"}],"curies":[{"name":"wp","href":"https:\/\/api.w.org\/{rel}","templated":true}]}}