{"id":11724,"date":"2020-02-19T11:51:23","date_gmt":"2020-02-19T14:51:23","guid":{"rendered":"https:\/\/marcelolopes.jor.br\/?p=11724"},"modified":"2020-02-19T12:10:04","modified_gmt":"2020-02-19T15:10:04","slug":"apos-intensa-perseguicao-pm-prende-suspeito-de-roubar-celular","status":"publish","type":"post","link":"https:\/\/marcelolopes.jor.br\/site\/2020\/02\/19\/apos-intensa-perseguicao-pm-prende-suspeito-de-roubar-celular\/","title":{"rendered":"Ap\u00f3s intensa persegui\u00e7\u00e3o, PM prende suspeito de roubar celular"},"content":{"rendered":"<p style=\"text-align: justify;\">Um furto de aparelho celular ocorrido na Pra\u00e7a Sim\u00e3o Jos\u00e9 Silva, mais conhecida como &#8220;Pra\u00e7a da Policl\u00ednica&#8221;, por volta das 21 horas desta ter\u00e7a-feira, 18 de fevereiro, em Cataguases, desencadeou uma grande opera\u00e7\u00e3o da Pol\u00edcia Militar que culminou na pris\u00e3o de um dos autores que estava com uma arma de fogo. A motocicleta por eles usada, com placas de Astolfo Dutra, foi roubada.<!--more--><\/p>\n<p style=\"text-align: justify;\">Durante a a\u00e7\u00e3o criminosa uma das v\u00edtimas foi agredida fisicamente e tamb\u00e9m ferida por um golpe de faca. Os bandidos foram identificados mas fugiram em uma motocicleta preta. A PM ent\u00e3o, sob o comando do tenente Vinicius Marinato e supervis\u00e3o do major Willian Machado, iniciou buscas pelos suspeitos no Bairro Leonardo, onde eles residem.<\/p>\n<p style=\"text-align: justify;\">Durante as dilig\u00eancias naquele Bairro a PM recebeu um chamado via 190, de que havia ocorrido uma tentativa de roubo, tamb\u00e9m por dois rapazes com as mesmas caracter\u00edsticas dos suspeitos que procurava, desta vez no Bairro Miguel. As equipes ent\u00e3o se deslocaram para aquela regi\u00e3o e os encontraram no Bairro Guanabara. Quando viram os policiais se aproximando fugiram em dire\u00e7\u00e3o ao Bairro Leonardo desobedecendo a ordem de parada.<\/p>\n<p style=\"text-align: justify;\">Os militares iniciaram a persegui\u00e7\u00e3o e quando chegaram \u00e0 Avenida Jos\u00e9 Leonardo, o condutor da moto perdeu o controle da dire\u00e7\u00e3o e caiu. Enquanto os militares tamb\u00e9m desembarcavam das viaturas, o condutor da motocicleta levantou-se com uma arma de fogo na m\u00e3o fazendo men\u00e7\u00e3o de apont\u00e1-la para os militares que reagiram rapidamente efetuando disparos em sua dire\u00e7\u00e3o. Apesar disso ele continuou sua fuga junto com o comparsa, mergulhando nas \u00e1guas do rio Pomba.<\/p>\n<p style=\"text-align: justify;\">Na sequ\u00eancia os policiais fizeram intenso rastreamento nas margens do rio, por\u00e9m, sem sucesso. Minutos mais tarde os militares foram informados de que os dois suspeitos haviam sa\u00eddo do rio, sendo que um sangrava e teria entrado no Beco Fruta P\u00e3o. L\u00e1, os policiais o encontraram ferido em sua resid\u00eancia. Ele foi levado ao Hospital de Cataguases para ser atendido e seu comparsa continua foragido.<\/p>\n<p style=\"text-align: justify;\">A motocicleta que utilizaram tinha registro de furto e foi emplacada em Astolfo Dutra e foi apreendida, bem como o rev\u00f3lver utilizado por um dos suspeitos e a faca. A v\u00edtima do roubo de celular atingida com um golpe de faca tamb\u00e9m foi medicada no Pronto-Socorro daquela unidade de sa\u00fade. A ocorr\u00eancia segue em aberto e o suspeito preso em flagrante foi levado para a Delegacia de Pol\u00edcia de Cataguases para prestar depoimento.<\/p>\n<div class=\"usiav69f75c20466c8\" ><br><\/div><style type=\"text\/css\">\r\n@media screen and (min-width: 1201px) {\r\n.usiav69f75c20466c8 {\r\ndisplay: block;\r\n}\r\n}\r\n@media screen and (min-width: 993px) and (max-width: 1200px) {\r\n.usiav69f75c20466c8 {\r\ndisplay: block;\r\n}\r\n}\r\n@media screen and (min-width: 769px) and (max-width: 992px) {\r\n.usiav69f75c20466c8 {\r\ndisplay: block;\r\n}\r\n}\r\n@media screen and (min-width: 768px) and (max-width: 768px) {\r\n.usiav69f75c20466c8 {\r\ndisplay: block;\r\n}\r\n}\r\n@media screen and (max-width: 767px) {\r\n.usiav69f75c20466c8 {\r\ndisplay: block;\r\n}\r\n}\r\n<\/style>\r\n<div class=\"jfbnu69f75c204c4db\" ><div id=\"div_destino\"><\/div>\r\n<script src=\"https:\/\/cdn.snsrsv.com\/sdk.js\"><\/script>\r\n<script >\r\n      new sdk(\"464030C30061EA8BE065000000000001\") \r\n          .appendTo(\"div_destino\")\r\n          .disableStyle(true) \r\n          .setCacheBusterMacro(\"%%CACHEBUSTER%%\")\r\n          .setSize(\"800\",\"214\")\r\n          .setClickMacro(\"%%CLICK_URL_ESC%%\") \r\n          .setReferrerUrlMacro(\"%%REFERRER_URL_ESC%%\") \r\n          .start(); \r\n<\/script><\/div><style type=\"text\/css\">\r\n@media screen and (min-width: 1201px) {\r\n.jfbnu69f75c204c4db {\r\ndisplay: block;\r\n}\r\n}\r\n@media screen and (min-width: 993px) and (max-width: 1200px) {\r\n.jfbnu69f75c204c4db {\r\ndisplay: block;\r\n}\r\n}\r\n@media screen and (min-width: 769px) and (max-width: 992px) {\r\n.jfbnu69f75c204c4db {\r\ndisplay: block;\r\n}\r\n}\r\n@media screen and (min-width: 768px) and (max-width: 768px) {\r\n.jfbnu69f75c204c4db {\r\ndisplay: block;\r\n}\r\n}\r\n@media screen and (max-width: 767px) {\r\n.jfbnu69f75c204c4db {\r\ndisplay: block;\r\n}\r\n}\r\n<\/style>\r\n","protected":false},"excerpt":{"rendered":"<p>Um furto de aparelho celular ocorrido na Pra\u00e7a Sim\u00e3o Jos\u00e9 Silva, mais conhecida como &#8220;Pra\u00e7a da Policl\u00ednica&#8221;, por volta das 21 horas desta ter\u00e7a-feira, 18 de fevereiro, em Cataguases, desencadeou uma grande opera\u00e7\u00e3o da Pol\u00edcia Militar que culminou na pris\u00e3o<\/p>\n<p class=\"link-more\"><a class=\"more-link\" href=\"https:\/\/marcelolopes.jor.br\/site\/2020\/02\/19\/apos-intensa-perseguicao-pm-prende-suspeito-de-roubar-celular\/\">Leia mais <span class=\"screen-reader-text\">Ap\u00f3s intensa persegui\u00e7\u00e3o, PM prende suspeito de roubar celular<\/span><\/a><\/p>\n","protected":false},"author":2,"featured_media":11728,"comment_status":"open","ping_status":"open","sticky":false,"template":"","format":"standard","meta":{"footnotes":""},"categories":[1],"tags":[946,789,824,269],"class_list":["post-11724","post","type-post","status-publish","format-standard","has-post-thumbnail","hentry","category-noticias","tag-arma-de-fogo","tag-celular","tag-furto-e-roubo","tag-tiros","thumb-below-title"],"yoast_head":"<!-- This site is optimized with the Yoast SEO plugin v27.4 - https:\/\/yoast.com\/product\/yoast-seo-wordpress\/ -->\n<title>Ap\u00f3s intensa persegui\u00e7\u00e3o, PM prende suspeito de roubar celular | Marcelo Lopes<\/title>\n<meta name=\"robots\" content=\"index, follow, max-snippet:-1, max-image-preview:large, max-video-preview:-1\" \/>\n<link rel=\"canonical\" href=\"https:\/\/marcelolopes.jor.br\/site\/2020\/02\/19\/apos-intensa-perseguicao-pm-prende-suspeito-de-roubar-celular\/\" \/>\n<meta property=\"og:locale\" content=\"pt_BR\" \/>\n<meta property=\"og:type\" content=\"article\" \/>\n<meta property=\"og:title\" content=\"Ap\u00f3s intensa persegui\u00e7\u00e3o, PM prende suspeito de roubar celular | Marcelo Lopes\" \/>\n<meta property=\"og:description\" content=\"Um furto de aparelho celular ocorrido na Pra\u00e7a Sim\u00e3o Jos\u00e9 Silva, mais conhecida como &#8220;Pra\u00e7a da Policl\u00ednica&#8221;, por volta das 21 horas desta ter\u00e7a-feira, 18 de fevereiro, em Cataguases, desencadeou uma grande opera\u00e7\u00e3o da Pol\u00edcia Militar que culminou na pris\u00e3oLeia mais Ap\u00f3s intensa persegui\u00e7\u00e3o, PM prende suspeito de roubar celular\" \/>\n<meta property=\"og:url\" content=\"https:\/\/marcelolopes.jor.br\/site\/2020\/02\/19\/apos-intensa-perseguicao-pm-prende-suspeito-de-roubar-celular\/\" \/>\n<meta property=\"og:site_name\" content=\"Marcelo Lopes\" \/>\n<meta property=\"article:publisher\" content=\"https:\/\/www.facebook.com\/sitedomarcelolopes\" \/>\n<meta property=\"article:published_time\" content=\"2020-02-19T14:51:23+00:00\" \/>\n<meta property=\"article:modified_time\" content=\"2020-02-19T15:10:04+00:00\" \/>\n<meta property=\"og:image\" content=\"https:\/\/marcelolopes.jor.br\/site\/wp-content\/uploads\/2020\/02\/Moto-e-armas.jpg\" \/>\n\t<meta property=\"og:image:width\" content=\"801\" \/>\n\t<meta property=\"og:image:height\" content=\"506\" \/>\n\t<meta property=\"og:image:type\" content=\"image\/jpeg\" \/>\n<meta name=\"author\" content=\"Marcelo Lopes\" \/>\n<meta name=\"twitter:card\" content=\"summary_large_image\" \/>\n<meta name=\"twitter:label1\" content=\"Escrito por\" \/>\n\t<meta name=\"twitter:data1\" content=\"Marcelo Lopes\" \/>\n\t<meta name=\"twitter:label2\" content=\"Est. tempo de leitura\" \/>\n\t<meta name=\"twitter:data2\" content=\"2 minutos\" \/>\n<script type=\"application\/ld+json\" class=\"yoast-schema-graph\">{\"@context\":\"https:\\\/\\\/schema.org\",\"@graph\":[{\"@type\":\"NewsArticle\",\"@id\":\"https:\\\/\\\/marcelolopes.jor.br\\\/site\\\/2020\\\/02\\\/19\\\/apos-intensa-perseguicao-pm-prende-suspeito-de-roubar-celular\\\/#article\",\"isPartOf\":{\"@id\":\"https:\\\/\\\/marcelolopes.jor.br\\\/site\\\/2020\\\/02\\\/19\\\/apos-intensa-perseguicao-pm-prende-suspeito-de-roubar-celular\\\/\"},\"author\":{\"name\":\"Marcelo Lopes\",\"@id\":\"https:\\\/\\\/marcelolopes.jor.br\\\/site\\\/#\\\/schema\\\/person\\\/3e7216a35c34d8fdf952b31da3d1f89f\"},\"headline\":\"Ap\u00f3s intensa persegui\u00e7\u00e3o, PM prende suspeito de roubar celular\",\"datePublished\":\"2020-02-19T14:51:23+00:00\",\"dateModified\":\"2020-02-19T15:10:04+00:00\",\"mainEntityOfPage\":{\"@id\":\"https:\\\/\\\/marcelolopes.jor.br\\\/site\\\/2020\\\/02\\\/19\\\/apos-intensa-perseguicao-pm-prende-suspeito-de-roubar-celular\\\/\"},\"wordCount\":440,\"commentCount\":0,\"publisher\":{\"@id\":\"https:\\\/\\\/marcelolopes.jor.br\\\/site\\\/#organization\"},\"image\":{\"@id\":\"https:\\\/\\\/marcelolopes.jor.br\\\/site\\\/2020\\\/02\\\/19\\\/apos-intensa-perseguicao-pm-prende-suspeito-de-roubar-celular\\\/#primaryimage\"},\"thumbnailUrl\":\"https:\\\/\\\/marcelolopes.jor.br\\\/site\\\/wp-content\\\/uploads\\\/2020\\\/02\\\/Moto-e-armas.jpg\",\"keywords\":[\"arma de fogo\",\"celular\",\"furto e roubo\",\"tiros\"],\"articleSection\":[\"Not\u00edcias\"],\"inLanguage\":\"pt-BR\",\"potentialAction\":[{\"@type\":\"CommentAction\",\"name\":\"Comment\",\"target\":[\"https:\\\/\\\/marcelolopes.jor.br\\\/site\\\/2020\\\/02\\\/19\\\/apos-intensa-perseguicao-pm-prende-suspeito-de-roubar-celular\\\/#respond\"]}]},{\"@type\":\"WebPage\",\"@id\":\"https:\\\/\\\/marcelolopes.jor.br\\\/site\\\/2020\\\/02\\\/19\\\/apos-intensa-perseguicao-pm-prende-suspeito-de-roubar-celular\\\/\",\"url\":\"https:\\\/\\\/marcelolopes.jor.br\\\/site\\\/2020\\\/02\\\/19\\\/apos-intensa-perseguicao-pm-prende-suspeito-de-roubar-celular\\\/\",\"name\":\"Ap\u00f3s intensa persegui\u00e7\u00e3o, PM prende suspeito de roubar celular | Marcelo Lopes\",\"isPartOf\":{\"@id\":\"https:\\\/\\\/marcelolopes.jor.br\\\/site\\\/#website\"},\"primaryImageOfPage\":{\"@id\":\"https:\\\/\\\/marcelolopes.jor.br\\\/site\\\/2020\\\/02\\\/19\\\/apos-intensa-perseguicao-pm-prende-suspeito-de-roubar-celular\\\/#primaryimage\"},\"image\":{\"@id\":\"https:\\\/\\\/marcelolopes.jor.br\\\/site\\\/2020\\\/02\\\/19\\\/apos-intensa-perseguicao-pm-prende-suspeito-de-roubar-celular\\\/#primaryimage\"},\"thumbnailUrl\":\"https:\\\/\\\/marcelolopes.jor.br\\\/site\\\/wp-content\\\/uploads\\\/2020\\\/02\\\/Moto-e-armas.jpg\",\"datePublished\":\"2020-02-19T14:51:23+00:00\",\"dateModified\":\"2020-02-19T15:10:04+00:00\",\"breadcrumb\":{\"@id\":\"https:\\\/\\\/marcelolopes.jor.br\\\/site\\\/2020\\\/02\\\/19\\\/apos-intensa-perseguicao-pm-prende-suspeito-de-roubar-celular\\\/#breadcrumb\"},\"inLanguage\":\"pt-BR\",\"potentialAction\":[{\"@type\":\"ReadAction\",\"target\":[\"https:\\\/\\\/marcelolopes.jor.br\\\/site\\\/2020\\\/02\\\/19\\\/apos-intensa-perseguicao-pm-prende-suspeito-de-roubar-celular\\\/\"]}]},{\"@type\":\"ImageObject\",\"inLanguage\":\"pt-BR\",\"@id\":\"https:\\\/\\\/marcelolopes.jor.br\\\/site\\\/2020\\\/02\\\/19\\\/apos-intensa-perseguicao-pm-prende-suspeito-de-roubar-celular\\\/#primaryimage\",\"url\":\"https:\\\/\\\/marcelolopes.jor.br\\\/site\\\/wp-content\\\/uploads\\\/2020\\\/02\\\/Moto-e-armas.jpg\",\"contentUrl\":\"https:\\\/\\\/marcelolopes.jor.br\\\/site\\\/wp-content\\\/uploads\\\/2020\\\/02\\\/Moto-e-armas.jpg\",\"width\":801,\"height\":506},{\"@type\":\"BreadcrumbList\",\"@id\":\"https:\\\/\\\/marcelolopes.jor.br\\\/site\\\/2020\\\/02\\\/19\\\/apos-intensa-perseguicao-pm-prende-suspeito-de-roubar-celular\\\/#breadcrumb\",\"itemListElement\":[{\"@type\":\"ListItem\",\"position\":1,\"name\":\"Home\",\"item\":\"https:\\\/\\\/marcelolopes.jor.br\\\/site\\\/\"},{\"@type\":\"ListItem\",\"position\":2,\"name\":\"Ap\u00f3s intensa persegui\u00e7\u00e3o, PM prende suspeito de roubar celular\"}]},{\"@type\":\"WebSite\",\"@id\":\"https:\\\/\\\/marcelolopes.jor.br\\\/site\\\/#website\",\"url\":\"https:\\\/\\\/marcelolopes.jor.br\\\/site\\\/\",\"name\":\"Marcelo Lopes\",\"description\":\"Not\u00edcias de Cataguases e Regi\u00e3o\",\"publisher\":{\"@id\":\"https:\\\/\\\/marcelolopes.jor.br\\\/site\\\/#organization\"},\"potentialAction\":[{\"@type\":\"SearchAction\",\"target\":{\"@type\":\"EntryPoint\",\"urlTemplate\":\"https:\\\/\\\/marcelolopes.jor.br\\\/site\\\/?s={search_term_string}\"},\"query-input\":{\"@type\":\"PropertyValueSpecification\",\"valueRequired\":true,\"valueName\":\"search_term_string\"}}],\"inLanguage\":\"pt-BR\"},{\"@type\":\"Organization\",\"@id\":\"https:\\\/\\\/marcelolopes.jor.br\\\/site\\\/#organization\",\"name\":\"Site do Marcelo Lopes\",\"url\":\"https:\\\/\\\/marcelolopes.jor.br\\\/site\\\/\",\"logo\":{\"@type\":\"ImageObject\",\"inLanguage\":\"pt-BR\",\"@id\":\"https:\\\/\\\/marcelolopes.jor.br\\\/site\\\/#\\\/schema\\\/logo\\\/image\\\/\",\"url\":\"https:\\\/\\\/marcelolopes.jor.br\\\/site\\\/wp-content\\\/uploads\\\/2024\\\/11\\\/logo-1.png\",\"contentUrl\":\"https:\\\/\\\/marcelolopes.jor.br\\\/site\\\/wp-content\\\/uploads\\\/2024\\\/11\\\/logo-1.png\",\"width\":475,\"height\":80,\"caption\":\"Site do Marcelo Lopes\"},\"image\":{\"@id\":\"https:\\\/\\\/marcelolopes.jor.br\\\/site\\\/#\\\/schema\\\/logo\\\/image\\\/\"},\"sameAs\":[\"https:\\\/\\\/www.facebook.com\\\/sitedomarcelolopes\",\"https:\\\/\\\/www.instagram.com\\\/sitedomarcelolopes\\\/\",\"https:\\\/\\\/www.linkedin.com\\\/company\\\/site-do-marcelo-lopes\\\/\",\"https:\\\/\\\/www.youtube.com\\\/user\\\/marcelolopes957\"]},{\"@type\":\"Person\",\"@id\":\"https:\\\/\\\/marcelolopes.jor.br\\\/site\\\/#\\\/schema\\\/person\\\/3e7216a35c34d8fdf952b31da3d1f89f\",\"name\":\"Marcelo Lopes\",\"sameAs\":[\"http:\\\/\\\/www.marcelolopes.jor.br\"],\"url\":\"https:\\\/\\\/marcelolopes.jor.br\\\/site\\\/author\\\/marcelo\\\/\"}]}<\/script>\n<!-- \/ Yoast SEO plugin. -->","yoast_head_json":{"title":"Ap\u00f3s intensa persegui\u00e7\u00e3o, PM prende suspeito de roubar celular | Marcelo Lopes","robots":{"index":"index","follow":"follow","max-snippet":"max-snippet:-1","max-image-preview":"max-image-preview:large","max-video-preview":"max-video-preview:-1"},"canonical":"https:\/\/marcelolopes.jor.br\/site\/2020\/02\/19\/apos-intensa-perseguicao-pm-prende-suspeito-de-roubar-celular\/","og_locale":"pt_BR","og_type":"article","og_title":"Ap\u00f3s intensa persegui\u00e7\u00e3o, PM prende suspeito de roubar celular | Marcelo Lopes","og_description":"Um furto de aparelho celular ocorrido na Pra\u00e7a Sim\u00e3o Jos\u00e9 Silva, mais conhecida como &#8220;Pra\u00e7a da Policl\u00ednica&#8221;, por volta das 21 horas desta ter\u00e7a-feira, 18 de fevereiro, em Cataguases, desencadeou uma grande opera\u00e7\u00e3o da Pol\u00edcia Militar que culminou na pris\u00e3oLeia mais Ap\u00f3s intensa persegui\u00e7\u00e3o, PM prende suspeito de roubar celular","og_url":"https:\/\/marcelolopes.jor.br\/site\/2020\/02\/19\/apos-intensa-perseguicao-pm-prende-suspeito-de-roubar-celular\/","og_site_name":"Marcelo Lopes","article_publisher":"https:\/\/www.facebook.com\/sitedomarcelolopes","article_published_time":"2020-02-19T14:51:23+00:00","article_modified_time":"2020-02-19T15:10:04+00:00","og_image":[{"width":801,"height":506,"url":"https:\/\/marcelolopes.jor.br\/site\/wp-content\/uploads\/2020\/02\/Moto-e-armas.jpg","type":"image\/jpeg"}],"author":"Marcelo Lopes","twitter_card":"summary_large_image","twitter_misc":{"Escrito por":"Marcelo Lopes","Est. tempo de leitura":"2 minutos"},"schema":{"@context":"https:\/\/schema.org","@graph":[{"@type":"NewsArticle","@id":"https:\/\/marcelolopes.jor.br\/site\/2020\/02\/19\/apos-intensa-perseguicao-pm-prende-suspeito-de-roubar-celular\/#article","isPartOf":{"@id":"https:\/\/marcelolopes.jor.br\/site\/2020\/02\/19\/apos-intensa-perseguicao-pm-prende-suspeito-de-roubar-celular\/"},"author":{"name":"Marcelo Lopes","@id":"https:\/\/marcelolopes.jor.br\/site\/#\/schema\/person\/3e7216a35c34d8fdf952b31da3d1f89f"},"headline":"Ap\u00f3s intensa persegui\u00e7\u00e3o, PM prende suspeito de roubar celular","datePublished":"2020-02-19T14:51:23+00:00","dateModified":"2020-02-19T15:10:04+00:00","mainEntityOfPage":{"@id":"https:\/\/marcelolopes.jor.br\/site\/2020\/02\/19\/apos-intensa-perseguicao-pm-prende-suspeito-de-roubar-celular\/"},"wordCount":440,"commentCount":0,"publisher":{"@id":"https:\/\/marcelolopes.jor.br\/site\/#organization"},"image":{"@id":"https:\/\/marcelolopes.jor.br\/site\/2020\/02\/19\/apos-intensa-perseguicao-pm-prende-suspeito-de-roubar-celular\/#primaryimage"},"thumbnailUrl":"https:\/\/marcelolopes.jor.br\/site\/wp-content\/uploads\/2020\/02\/Moto-e-armas.jpg","keywords":["arma de fogo","celular","furto e roubo","tiros"],"articleSection":["Not\u00edcias"],"inLanguage":"pt-BR","potentialAction":[{"@type":"CommentAction","name":"Comment","target":["https:\/\/marcelolopes.jor.br\/site\/2020\/02\/19\/apos-intensa-perseguicao-pm-prende-suspeito-de-roubar-celular\/#respond"]}]},{"@type":"WebPage","@id":"https:\/\/marcelolopes.jor.br\/site\/2020\/02\/19\/apos-intensa-perseguicao-pm-prende-suspeito-de-roubar-celular\/","url":"https:\/\/marcelolopes.jor.br\/site\/2020\/02\/19\/apos-intensa-perseguicao-pm-prende-suspeito-de-roubar-celular\/","name":"Ap\u00f3s intensa persegui\u00e7\u00e3o, PM prende suspeito de roubar celular | Marcelo Lopes","isPartOf":{"@id":"https:\/\/marcelolopes.jor.br\/site\/#website"},"primaryImageOfPage":{"@id":"https:\/\/marcelolopes.jor.br\/site\/2020\/02\/19\/apos-intensa-perseguicao-pm-prende-suspeito-de-roubar-celular\/#primaryimage"},"image":{"@id":"https:\/\/marcelolopes.jor.br\/site\/2020\/02\/19\/apos-intensa-perseguicao-pm-prende-suspeito-de-roubar-celular\/#primaryimage"},"thumbnailUrl":"https:\/\/marcelolopes.jor.br\/site\/wp-content\/uploads\/2020\/02\/Moto-e-armas.jpg","datePublished":"2020-02-19T14:51:23+00:00","dateModified":"2020-02-19T15:10:04+00:00","breadcrumb":{"@id":"https:\/\/marcelolopes.jor.br\/site\/2020\/02\/19\/apos-intensa-perseguicao-pm-prende-suspeito-de-roubar-celular\/#breadcrumb"},"inLanguage":"pt-BR","potentialAction":[{"@type":"ReadAction","target":["https:\/\/marcelolopes.jor.br\/site\/2020\/02\/19\/apos-intensa-perseguicao-pm-prende-suspeito-de-roubar-celular\/"]}]},{"@type":"ImageObject","inLanguage":"pt-BR","@id":"https:\/\/marcelolopes.jor.br\/site\/2020\/02\/19\/apos-intensa-perseguicao-pm-prende-suspeito-de-roubar-celular\/#primaryimage","url":"https:\/\/marcelolopes.jor.br\/site\/wp-content\/uploads\/2020\/02\/Moto-e-armas.jpg","contentUrl":"https:\/\/marcelolopes.jor.br\/site\/wp-content\/uploads\/2020\/02\/Moto-e-armas.jpg","width":801,"height":506},{"@type":"BreadcrumbList","@id":"https:\/\/marcelolopes.jor.br\/site\/2020\/02\/19\/apos-intensa-perseguicao-pm-prende-suspeito-de-roubar-celular\/#breadcrumb","itemListElement":[{"@type":"ListItem","position":1,"name":"Home","item":"https:\/\/marcelolopes.jor.br\/site\/"},{"@type":"ListItem","position":2,"name":"Ap\u00f3s intensa persegui\u00e7\u00e3o, PM prende suspeito de roubar celular"}]},{"@type":"WebSite","@id":"https:\/\/marcelolopes.jor.br\/site\/#website","url":"https:\/\/marcelolopes.jor.br\/site\/","name":"Marcelo Lopes","description":"Not\u00edcias de Cataguases e Regi\u00e3o","publisher":{"@id":"https:\/\/marcelolopes.jor.br\/site\/#organization"},"potentialAction":[{"@type":"SearchAction","target":{"@type":"EntryPoint","urlTemplate":"https:\/\/marcelolopes.jor.br\/site\/?s={search_term_string}"},"query-input":{"@type":"PropertyValueSpecification","valueRequired":true,"valueName":"search_term_string"}}],"inLanguage":"pt-BR"},{"@type":"Organization","@id":"https:\/\/marcelolopes.jor.br\/site\/#organization","name":"Site do Marcelo Lopes","url":"https:\/\/marcelolopes.jor.br\/site\/","logo":{"@type":"ImageObject","inLanguage":"pt-BR","@id":"https:\/\/marcelolopes.jor.br\/site\/#\/schema\/logo\/image\/","url":"https:\/\/marcelolopes.jor.br\/site\/wp-content\/uploads\/2024\/11\/logo-1.png","contentUrl":"https:\/\/marcelolopes.jor.br\/site\/wp-content\/uploads\/2024\/11\/logo-1.png","width":475,"height":80,"caption":"Site do Marcelo Lopes"},"image":{"@id":"https:\/\/marcelolopes.jor.br\/site\/#\/schema\/logo\/image\/"},"sameAs":["https:\/\/www.facebook.com\/sitedomarcelolopes","https:\/\/www.instagram.com\/sitedomarcelolopes\/","https:\/\/www.linkedin.com\/company\/site-do-marcelo-lopes\/","https:\/\/www.youtube.com\/user\/marcelolopes957"]},{"@type":"Person","@id":"https:\/\/marcelolopes.jor.br\/site\/#\/schema\/person\/3e7216a35c34d8fdf952b31da3d1f89f","name":"Marcelo Lopes","sameAs":["http:\/\/www.marcelolopes.jor.br"],"url":"https:\/\/marcelolopes.jor.br\/site\/author\/marcelo\/"}]}},"wps_subtitle":"Ele estava armado e seu comparsa feriu uma das v\u00edtimas com uma faca.","_links":{"self":[{"href":"https:\/\/marcelolopes.jor.br\/site\/wp-json\/wp\/v2\/posts\/11724","targetHints":{"allow":["GET"]}}],"collection":[{"href":"https:\/\/marcelolopes.jor.br\/site\/wp-json\/wp\/v2\/posts"}],"about":[{"href":"https:\/\/marcelolopes.jor.br\/site\/wp-json\/wp\/v2\/types\/post"}],"author":[{"embeddable":true,"href":"https:\/\/marcelolopes.jor.br\/site\/wp-json\/wp\/v2\/users\/2"}],"replies":[{"embeddable":true,"href":"https:\/\/marcelolopes.jor.br\/site\/wp-json\/wp\/v2\/comments?post=11724"}],"version-history":[{"count":0,"href":"https:\/\/marcelolopes.jor.br\/site\/wp-json\/wp\/v2\/posts\/11724\/revisions"}],"wp:featuredmedia":[{"embeddable":true,"href":"https:\/\/marcelolopes.jor.br\/site\/wp-json\/wp\/v2\/media\/11728"}],"wp:attachment":[{"href":"https:\/\/marcelolopes.jor.br\/site\/wp-json\/wp\/v2\/media?parent=11724"}],"wp:term":[{"taxonomy":"category","embeddable":true,"href":"https:\/\/marcelolopes.jor.br\/site\/wp-json\/wp\/v2\/categories?post=11724"},{"taxonomy":"post_tag","embeddable":true,"href":"https:\/\/marcelolopes.jor.br\/site\/wp-json\/wp\/v2\/tags?post=11724"}],"curies":[{"name":"wp","href":"https:\/\/api.w.org\/{rel}","templated":true}]}}