{"id":11240,"date":"2020-02-05T20:00:51","date_gmt":"2020-02-05T23:00:51","guid":{"rendered":"https:\/\/marcelolopes.jor.br\/?p=11240"},"modified":"2020-02-06T12:58:20","modified_gmt":"2020-02-06T15:58:20","slug":"governo-de-minas-anuncia-verba-de-auxilio-aos-municipio-em-estado-de-emergencia","status":"publish","type":"post","link":"https:\/\/marcelolopes.jor.br\/site\/2020\/02\/05\/governo-de-minas-anuncia-verba-de-auxilio-aos-municipio-em-estado-de-emergencia\/","title":{"rendered":"Governo de Minas anuncia verba de aux\u00edlio aos munic\u00edpios em estado de emerg\u00eancia"},"content":{"rendered":"<p style=\"text-align: justify;\">Foi realizada em Belo Horizonte na ter\u00e7a-feira, 4 de fevereiro, o evento de apresenta\u00e7\u00e3o dos projetos do Governo do Estado para os munic\u00edpios mineiros em 2020. A uni\u00e3o entre os poderes Executivo (estadual e municipal), Legislativo e Judici\u00e1rio, em busca do equil\u00edbrio das contas das prefeituras mineiras, deu o tom dos discursos do evento, que foi aberto pelo presidente da AMM (Associa\u00e7\u00e3o Mineira de Munic\u00edpios), 1\u00ba vice-presidente da CNM (Confedera\u00e7\u00e3o Nacional dos Munic\u00edpios) e prefeito de Moema, Julvan Lacerda. Cerca de 300 prefeitos mineiros estavam presentes no audit\u00f3rio JK, na Cidade Administrativa.<!--more--><\/p>\n<p style=\"text-align: justify;\">O principal destaque do evento foi o an\u00fancio do pagamento da primeira parcela do acordo firmado entre a AMM e o Estado, com media\u00e7\u00e3o do TJMG, para a quita\u00e7\u00e3o do confisco de R$ 7 bilh\u00f5es da cota-parte dos munic\u00edpios mineiros sobre os valores do ICMS e Fundeb. \u201cEsse acordo j\u00e1 come\u00e7ou a render frutos. Na verdade, come\u00e7ou naquela \u00e9poca (abril de 2019), quando o governo regularizou os repasses constitucionais e, agora, a gente come\u00e7a a receber as parcelas. E o Tribunal de Justi\u00e7a do Estado de Minas Gerais foi muito importante para isso\u201d, declarou o presidente da AMM, Julvan Lacerda.<\/p>\n<p style=\"text-align: justify;\">Segundo o Governador Romeu Zema, uma das prioridades do Governo era fazer este acordo. \u201cEstamos dando in\u00edcio \u00e0 solu\u00e7\u00e3o de um problema que ficou al\u00e9m de agarrado, por anos, prejudicando a vida de milh\u00f5es de mineiros. E, agora, come\u00e7a a ter um desfecho. \u00c9 cedo, ainda, para comemorar, porque fizemos o pagamento de uma das 33 parcelas. Mas, pelo menos, temos um futuro, um plano tra\u00e7ado. E, dentro do poss\u00edvel, podem ter certeza, quero honrar o que foi pactuado\u201d, afirmou.<\/p>\n<p style=\"text-align: justify;\">Outro ponto abordado foi a import\u00e2ncia do trabalho integrado para a reconstru\u00e7\u00e3o do Estado, ap\u00f3s as chuvas de janeiro, que deixaram mais de 200 munic\u00edpios em situa\u00e7\u00e3o cr\u00edtica. Em fun\u00e7\u00e3o das fortes chuvas que atingiram Minas Gerais nos \u00faltimos dias, o governador Romeu Zema assumiu um compromisso p\u00fablico de antecipar o pagamento dessas parcelas para os munic\u00edpios em situa\u00e7\u00e3o de emerg\u00eancia\/calamidade. Diante disso, a segunda parcela destinada a esses munic\u00edpios (196 atualmente) ser\u00e1 depositada em 12 de fevereiro e a terceira em 12 de mar\u00e7o.<\/p>\n<p>Fonte: Portal AMM<\/p>\n<div class=\"mhrea69f75663a9bbe\" ><br><\/div><style type=\"text\/css\">\r\n@media screen and (min-width: 1201px) {\r\n.mhrea69f75663a9bbe {\r\ndisplay: block;\r\n}\r\n}\r\n@media screen and (min-width: 993px) and (max-width: 1200px) {\r\n.mhrea69f75663a9bbe {\r\ndisplay: block;\r\n}\r\n}\r\n@media screen and (min-width: 769px) and (max-width: 992px) {\r\n.mhrea69f75663a9bbe {\r\ndisplay: block;\r\n}\r\n}\r\n@media screen and (min-width: 768px) and (max-width: 768px) {\r\n.mhrea69f75663a9bbe {\r\ndisplay: block;\r\n}\r\n}\r\n@media screen and (max-width: 767px) {\r\n.mhrea69f75663a9bbe {\r\ndisplay: block;\r\n}\r\n}\r\n<\/style>\r\n<div class=\"rimoy69f75663afa92\" ><div id=\"div_destino\"><\/div>\r\n<script src=\"https:\/\/cdn.snsrsv.com\/sdk.js\"><\/script>\r\n<script >\r\n      new sdk(\"464030C30061EA8BE065000000000001\") \r\n          .appendTo(\"div_destino\")\r\n          .disableStyle(true) \r\n          .setCacheBusterMacro(\"%%CACHEBUSTER%%\")\r\n          .setSize(\"800\",\"214\")\r\n          .setClickMacro(\"%%CLICK_URL_ESC%%\") \r\n          .setReferrerUrlMacro(\"%%REFERRER_URL_ESC%%\") \r\n          .start(); \r\n<\/script><\/div><style type=\"text\/css\">\r\n@media screen and (min-width: 1201px) {\r\n.rimoy69f75663afa92 {\r\ndisplay: block;\r\n}\r\n}\r\n@media screen and (min-width: 993px) and (max-width: 1200px) {\r\n.rimoy69f75663afa92 {\r\ndisplay: block;\r\n}\r\n}\r\n@media screen and (min-width: 769px) and (max-width: 992px) {\r\n.rimoy69f75663afa92 {\r\ndisplay: block;\r\n}\r\n}\r\n@media screen and (min-width: 768px) and (max-width: 768px) {\r\n.rimoy69f75663afa92 {\r\ndisplay: block;\r\n}\r\n}\r\n@media screen and (max-width: 767px) {\r\n.rimoy69f75663afa92 {\r\ndisplay: block;\r\n}\r\n}\r\n<\/style>\r\n","protected":false},"excerpt":{"rendered":"<p>Foi realizada em Belo Horizonte na ter\u00e7a-feira, 4 de fevereiro, o evento de apresenta\u00e7\u00e3o dos projetos do Governo do Estado para os munic\u00edpios mineiros em 2020. A uni\u00e3o entre os poderes Executivo (estadual e municipal), Legislativo e Judici\u00e1rio, em busca<\/p>\n<p class=\"link-more\"><a class=\"more-link\" href=\"https:\/\/marcelolopes.jor.br\/site\/2020\/02\/05\/governo-de-minas-anuncia-verba-de-auxilio-aos-municipio-em-estado-de-emergencia\/\">Leia mais <span class=\"screen-reader-text\">Governo de Minas anuncia verba de aux\u00edlio aos munic\u00edpios em estado de emerg\u00eancia<\/span><\/a><\/p>\n","protected":false},"author":2,"featured_media":11242,"comment_status":"open","ping_status":"open","sticky":false,"template":"","format":"standard","meta":{"footnotes":""},"categories":[1],"tags":[1763,933,1581,1465],"class_list":["post-11240","post","type-post","status-publish","format-standard","has-post-thumbnail","hentry","category-noticias","tag-enchente","tag-governo-de-minas","tag-prefeitos","tag-verba","thumb-below-title"],"yoast_head":"<!-- This site is optimized with the Yoast SEO plugin v27.4 - https:\/\/yoast.com\/product\/yoast-seo-wordpress\/ -->\n<title>Governo de Minas anuncia verba de aux\u00edlio aos munic\u00edpios em estado de emerg\u00eancia | Marcelo Lopes<\/title>\n<meta name=\"robots\" content=\"index, follow, max-snippet:-1, max-image-preview:large, max-video-preview:-1\" \/>\n<link rel=\"canonical\" href=\"https:\/\/marcelolopes.jor.br\/site\/2020\/02\/05\/governo-de-minas-anuncia-verba-de-auxilio-aos-municipio-em-estado-de-emergencia\/\" \/>\n<meta property=\"og:locale\" content=\"pt_BR\" \/>\n<meta property=\"og:type\" content=\"article\" \/>\n<meta property=\"og:title\" content=\"Governo de Minas anuncia verba de aux\u00edlio aos munic\u00edpios em estado de emerg\u00eancia | Marcelo Lopes\" \/>\n<meta property=\"og:description\" content=\"Foi realizada em Belo Horizonte na ter\u00e7a-feira, 4 de fevereiro, o evento de apresenta\u00e7\u00e3o dos projetos do Governo do Estado para os munic\u00edpios mineiros em 2020. A uni\u00e3o entre os poderes Executivo (estadual e municipal), Legislativo e Judici\u00e1rio, em buscaLeia mais Governo de Minas anuncia verba de aux\u00edlio aos munic\u00edpios em estado de emerg\u00eancia\" \/>\n<meta property=\"og:url\" content=\"https:\/\/marcelolopes.jor.br\/site\/2020\/02\/05\/governo-de-minas-anuncia-verba-de-auxilio-aos-municipio-em-estado-de-emergencia\/\" \/>\n<meta property=\"og:site_name\" content=\"Marcelo Lopes\" \/>\n<meta property=\"article:publisher\" content=\"https:\/\/www.facebook.com\/sitedomarcelolopes\" \/>\n<meta property=\"article:published_time\" content=\"2020-02-05T23:00:51+00:00\" \/>\n<meta property=\"article:modified_time\" content=\"2020-02-06T15:58:20+00:00\" \/>\n<meta property=\"og:image\" content=\"https:\/\/marcelolopes.jor.br\/site\/wp-content\/uploads\/2020\/02\/AMM.jpeg\" \/>\n\t<meta property=\"og:image:width\" content=\"800\" \/>\n\t<meta property=\"og:image:height\" content=\"422\" \/>\n\t<meta property=\"og:image:type\" content=\"image\/jpeg\" \/>\n<meta name=\"author\" content=\"Marcelo Lopes\" \/>\n<meta name=\"twitter:card\" content=\"summary_large_image\" \/>\n<meta name=\"twitter:label1\" content=\"Escrito por\" \/>\n\t<meta name=\"twitter:data1\" content=\"Marcelo Lopes\" \/>\n\t<meta name=\"twitter:label2\" content=\"Est. tempo de leitura\" \/>\n\t<meta name=\"twitter:data2\" content=\"2 minutos\" \/>\n<script type=\"application\/ld+json\" class=\"yoast-schema-graph\">{\"@context\":\"https:\\\/\\\/schema.org\",\"@graph\":[{\"@type\":\"NewsArticle\",\"@id\":\"https:\\\/\\\/marcelolopes.jor.br\\\/site\\\/2020\\\/02\\\/05\\\/governo-de-minas-anuncia-verba-de-auxilio-aos-municipio-em-estado-de-emergencia\\\/#article\",\"isPartOf\":{\"@id\":\"https:\\\/\\\/marcelolopes.jor.br\\\/site\\\/2020\\\/02\\\/05\\\/governo-de-minas-anuncia-verba-de-auxilio-aos-municipio-em-estado-de-emergencia\\\/\"},\"author\":{\"name\":\"Marcelo Lopes\",\"@id\":\"https:\\\/\\\/marcelolopes.jor.br\\\/site\\\/#\\\/schema\\\/person\\\/3e7216a35c34d8fdf952b31da3d1f89f\"},\"headline\":\"Governo de Minas anuncia verba de aux\u00edlio aos munic\u00edpios em estado de emerg\u00eancia\",\"datePublished\":\"2020-02-05T23:00:51+00:00\",\"dateModified\":\"2020-02-06T15:58:20+00:00\",\"mainEntityOfPage\":{\"@id\":\"https:\\\/\\\/marcelolopes.jor.br\\\/site\\\/2020\\\/02\\\/05\\\/governo-de-minas-anuncia-verba-de-auxilio-aos-municipio-em-estado-de-emergencia\\\/\"},\"wordCount\":404,\"commentCount\":0,\"publisher\":{\"@id\":\"https:\\\/\\\/marcelolopes.jor.br\\\/site\\\/#organization\"},\"image\":{\"@id\":\"https:\\\/\\\/marcelolopes.jor.br\\\/site\\\/2020\\\/02\\\/05\\\/governo-de-minas-anuncia-verba-de-auxilio-aos-municipio-em-estado-de-emergencia\\\/#primaryimage\"},\"thumbnailUrl\":\"https:\\\/\\\/marcelolopes.jor.br\\\/site\\\/wp-content\\\/uploads\\\/2020\\\/02\\\/AMM.jpeg\",\"keywords\":[\"enchente\",\"governo de Minas\",\"prefeitos\",\"verba\"],\"articleSection\":[\"Not\u00edcias\"],\"inLanguage\":\"pt-BR\",\"potentialAction\":[{\"@type\":\"CommentAction\",\"name\":\"Comment\",\"target\":[\"https:\\\/\\\/marcelolopes.jor.br\\\/site\\\/2020\\\/02\\\/05\\\/governo-de-minas-anuncia-verba-de-auxilio-aos-municipio-em-estado-de-emergencia\\\/#respond\"]}]},{\"@type\":\"WebPage\",\"@id\":\"https:\\\/\\\/marcelolopes.jor.br\\\/site\\\/2020\\\/02\\\/05\\\/governo-de-minas-anuncia-verba-de-auxilio-aos-municipio-em-estado-de-emergencia\\\/\",\"url\":\"https:\\\/\\\/marcelolopes.jor.br\\\/site\\\/2020\\\/02\\\/05\\\/governo-de-minas-anuncia-verba-de-auxilio-aos-municipio-em-estado-de-emergencia\\\/\",\"name\":\"Governo de Minas anuncia verba de aux\u00edlio aos munic\u00edpios em estado de emerg\u00eancia | Marcelo Lopes\",\"isPartOf\":{\"@id\":\"https:\\\/\\\/marcelolopes.jor.br\\\/site\\\/#website\"},\"primaryImageOfPage\":{\"@id\":\"https:\\\/\\\/marcelolopes.jor.br\\\/site\\\/2020\\\/02\\\/05\\\/governo-de-minas-anuncia-verba-de-auxilio-aos-municipio-em-estado-de-emergencia\\\/#primaryimage\"},\"image\":{\"@id\":\"https:\\\/\\\/marcelolopes.jor.br\\\/site\\\/2020\\\/02\\\/05\\\/governo-de-minas-anuncia-verba-de-auxilio-aos-municipio-em-estado-de-emergencia\\\/#primaryimage\"},\"thumbnailUrl\":\"https:\\\/\\\/marcelolopes.jor.br\\\/site\\\/wp-content\\\/uploads\\\/2020\\\/02\\\/AMM.jpeg\",\"datePublished\":\"2020-02-05T23:00:51+00:00\",\"dateModified\":\"2020-02-06T15:58:20+00:00\",\"breadcrumb\":{\"@id\":\"https:\\\/\\\/marcelolopes.jor.br\\\/site\\\/2020\\\/02\\\/05\\\/governo-de-minas-anuncia-verba-de-auxilio-aos-municipio-em-estado-de-emergencia\\\/#breadcrumb\"},\"inLanguage\":\"pt-BR\",\"potentialAction\":[{\"@type\":\"ReadAction\",\"target\":[\"https:\\\/\\\/marcelolopes.jor.br\\\/site\\\/2020\\\/02\\\/05\\\/governo-de-minas-anuncia-verba-de-auxilio-aos-municipio-em-estado-de-emergencia\\\/\"]}]},{\"@type\":\"ImageObject\",\"inLanguage\":\"pt-BR\",\"@id\":\"https:\\\/\\\/marcelolopes.jor.br\\\/site\\\/2020\\\/02\\\/05\\\/governo-de-minas-anuncia-verba-de-auxilio-aos-municipio-em-estado-de-emergencia\\\/#primaryimage\",\"url\":\"https:\\\/\\\/marcelolopes.jor.br\\\/site\\\/wp-content\\\/uploads\\\/2020\\\/02\\\/AMM.jpeg\",\"contentUrl\":\"https:\\\/\\\/marcelolopes.jor.br\\\/site\\\/wp-content\\\/uploads\\\/2020\\\/02\\\/AMM.jpeg\",\"width\":800,\"height\":422},{\"@type\":\"BreadcrumbList\",\"@id\":\"https:\\\/\\\/marcelolopes.jor.br\\\/site\\\/2020\\\/02\\\/05\\\/governo-de-minas-anuncia-verba-de-auxilio-aos-municipio-em-estado-de-emergencia\\\/#breadcrumb\",\"itemListElement\":[{\"@type\":\"ListItem\",\"position\":1,\"name\":\"Home\",\"item\":\"https:\\\/\\\/marcelolopes.jor.br\\\/site\\\/\"},{\"@type\":\"ListItem\",\"position\":2,\"name\":\"Governo de Minas anuncia verba de aux\u00edlio aos munic\u00edpios em estado de emerg\u00eancia\"}]},{\"@type\":\"WebSite\",\"@id\":\"https:\\\/\\\/marcelolopes.jor.br\\\/site\\\/#website\",\"url\":\"https:\\\/\\\/marcelolopes.jor.br\\\/site\\\/\",\"name\":\"Marcelo Lopes\",\"description\":\"Not\u00edcias de Cataguases e Regi\u00e3o\",\"publisher\":{\"@id\":\"https:\\\/\\\/marcelolopes.jor.br\\\/site\\\/#organization\"},\"potentialAction\":[{\"@type\":\"SearchAction\",\"target\":{\"@type\":\"EntryPoint\",\"urlTemplate\":\"https:\\\/\\\/marcelolopes.jor.br\\\/site\\\/?s={search_term_string}\"},\"query-input\":{\"@type\":\"PropertyValueSpecification\",\"valueRequired\":true,\"valueName\":\"search_term_string\"}}],\"inLanguage\":\"pt-BR\"},{\"@type\":\"Organization\",\"@id\":\"https:\\\/\\\/marcelolopes.jor.br\\\/site\\\/#organization\",\"name\":\"Site do Marcelo Lopes\",\"url\":\"https:\\\/\\\/marcelolopes.jor.br\\\/site\\\/\",\"logo\":{\"@type\":\"ImageObject\",\"inLanguage\":\"pt-BR\",\"@id\":\"https:\\\/\\\/marcelolopes.jor.br\\\/site\\\/#\\\/schema\\\/logo\\\/image\\\/\",\"url\":\"https:\\\/\\\/marcelolopes.jor.br\\\/site\\\/wp-content\\\/uploads\\\/2024\\\/11\\\/logo-1.png\",\"contentUrl\":\"https:\\\/\\\/marcelolopes.jor.br\\\/site\\\/wp-content\\\/uploads\\\/2024\\\/11\\\/logo-1.png\",\"width\":475,\"height\":80,\"caption\":\"Site do Marcelo Lopes\"},\"image\":{\"@id\":\"https:\\\/\\\/marcelolopes.jor.br\\\/site\\\/#\\\/schema\\\/logo\\\/image\\\/\"},\"sameAs\":[\"https:\\\/\\\/www.facebook.com\\\/sitedomarcelolopes\",\"https:\\\/\\\/www.instagram.com\\\/sitedomarcelolopes\\\/\",\"https:\\\/\\\/www.linkedin.com\\\/company\\\/site-do-marcelo-lopes\\\/\",\"https:\\\/\\\/www.youtube.com\\\/user\\\/marcelolopes957\"]},{\"@type\":\"Person\",\"@id\":\"https:\\\/\\\/marcelolopes.jor.br\\\/site\\\/#\\\/schema\\\/person\\\/3e7216a35c34d8fdf952b31da3d1f89f\",\"name\":\"Marcelo Lopes\",\"sameAs\":[\"http:\\\/\\\/www.marcelolopes.jor.br\"],\"url\":\"https:\\\/\\\/marcelolopes.jor.br\\\/site\\\/author\\\/marcelo\\\/\"}]}<\/script>\n<!-- \/ Yoast SEO plugin. -->","yoast_head_json":{"title":"Governo de Minas anuncia verba de aux\u00edlio aos munic\u00edpios em estado de emerg\u00eancia | Marcelo Lopes","robots":{"index":"index","follow":"follow","max-snippet":"max-snippet:-1","max-image-preview":"max-image-preview:large","max-video-preview":"max-video-preview:-1"},"canonical":"https:\/\/marcelolopes.jor.br\/site\/2020\/02\/05\/governo-de-minas-anuncia-verba-de-auxilio-aos-municipio-em-estado-de-emergencia\/","og_locale":"pt_BR","og_type":"article","og_title":"Governo de Minas anuncia verba de aux\u00edlio aos munic\u00edpios em estado de emerg\u00eancia | Marcelo Lopes","og_description":"Foi realizada em Belo Horizonte na ter\u00e7a-feira, 4 de fevereiro, o evento de apresenta\u00e7\u00e3o dos projetos do Governo do Estado para os munic\u00edpios mineiros em 2020. A uni\u00e3o entre os poderes Executivo (estadual e municipal), Legislativo e Judici\u00e1rio, em buscaLeia mais Governo de Minas anuncia verba de aux\u00edlio aos munic\u00edpios em estado de emerg\u00eancia","og_url":"https:\/\/marcelolopes.jor.br\/site\/2020\/02\/05\/governo-de-minas-anuncia-verba-de-auxilio-aos-municipio-em-estado-de-emergencia\/","og_site_name":"Marcelo Lopes","article_publisher":"https:\/\/www.facebook.com\/sitedomarcelolopes","article_published_time":"2020-02-05T23:00:51+00:00","article_modified_time":"2020-02-06T15:58:20+00:00","og_image":[{"width":800,"height":422,"url":"https:\/\/marcelolopes.jor.br\/site\/wp-content\/uploads\/2020\/02\/AMM.jpeg","type":"image\/jpeg"}],"author":"Marcelo Lopes","twitter_card":"summary_large_image","twitter_misc":{"Escrito por":"Marcelo Lopes","Est. tempo de leitura":"2 minutos"},"schema":{"@context":"https:\/\/schema.org","@graph":[{"@type":"NewsArticle","@id":"https:\/\/marcelolopes.jor.br\/site\/2020\/02\/05\/governo-de-minas-anuncia-verba-de-auxilio-aos-municipio-em-estado-de-emergencia\/#article","isPartOf":{"@id":"https:\/\/marcelolopes.jor.br\/site\/2020\/02\/05\/governo-de-minas-anuncia-verba-de-auxilio-aos-municipio-em-estado-de-emergencia\/"},"author":{"name":"Marcelo Lopes","@id":"https:\/\/marcelolopes.jor.br\/site\/#\/schema\/person\/3e7216a35c34d8fdf952b31da3d1f89f"},"headline":"Governo de Minas anuncia verba de aux\u00edlio aos munic\u00edpios em estado de emerg\u00eancia","datePublished":"2020-02-05T23:00:51+00:00","dateModified":"2020-02-06T15:58:20+00:00","mainEntityOfPage":{"@id":"https:\/\/marcelolopes.jor.br\/site\/2020\/02\/05\/governo-de-minas-anuncia-verba-de-auxilio-aos-municipio-em-estado-de-emergencia\/"},"wordCount":404,"commentCount":0,"publisher":{"@id":"https:\/\/marcelolopes.jor.br\/site\/#organization"},"image":{"@id":"https:\/\/marcelolopes.jor.br\/site\/2020\/02\/05\/governo-de-minas-anuncia-verba-de-auxilio-aos-municipio-em-estado-de-emergencia\/#primaryimage"},"thumbnailUrl":"https:\/\/marcelolopes.jor.br\/site\/wp-content\/uploads\/2020\/02\/AMM.jpeg","keywords":["enchente","governo de Minas","prefeitos","verba"],"articleSection":["Not\u00edcias"],"inLanguage":"pt-BR","potentialAction":[{"@type":"CommentAction","name":"Comment","target":["https:\/\/marcelolopes.jor.br\/site\/2020\/02\/05\/governo-de-minas-anuncia-verba-de-auxilio-aos-municipio-em-estado-de-emergencia\/#respond"]}]},{"@type":"WebPage","@id":"https:\/\/marcelolopes.jor.br\/site\/2020\/02\/05\/governo-de-minas-anuncia-verba-de-auxilio-aos-municipio-em-estado-de-emergencia\/","url":"https:\/\/marcelolopes.jor.br\/site\/2020\/02\/05\/governo-de-minas-anuncia-verba-de-auxilio-aos-municipio-em-estado-de-emergencia\/","name":"Governo de Minas anuncia verba de aux\u00edlio aos munic\u00edpios em estado de emerg\u00eancia | Marcelo Lopes","isPartOf":{"@id":"https:\/\/marcelolopes.jor.br\/site\/#website"},"primaryImageOfPage":{"@id":"https:\/\/marcelolopes.jor.br\/site\/2020\/02\/05\/governo-de-minas-anuncia-verba-de-auxilio-aos-municipio-em-estado-de-emergencia\/#primaryimage"},"image":{"@id":"https:\/\/marcelolopes.jor.br\/site\/2020\/02\/05\/governo-de-minas-anuncia-verba-de-auxilio-aos-municipio-em-estado-de-emergencia\/#primaryimage"},"thumbnailUrl":"https:\/\/marcelolopes.jor.br\/site\/wp-content\/uploads\/2020\/02\/AMM.jpeg","datePublished":"2020-02-05T23:00:51+00:00","dateModified":"2020-02-06T15:58:20+00:00","breadcrumb":{"@id":"https:\/\/marcelolopes.jor.br\/site\/2020\/02\/05\/governo-de-minas-anuncia-verba-de-auxilio-aos-municipio-em-estado-de-emergencia\/#breadcrumb"},"inLanguage":"pt-BR","potentialAction":[{"@type":"ReadAction","target":["https:\/\/marcelolopes.jor.br\/site\/2020\/02\/05\/governo-de-minas-anuncia-verba-de-auxilio-aos-municipio-em-estado-de-emergencia\/"]}]},{"@type":"ImageObject","inLanguage":"pt-BR","@id":"https:\/\/marcelolopes.jor.br\/site\/2020\/02\/05\/governo-de-minas-anuncia-verba-de-auxilio-aos-municipio-em-estado-de-emergencia\/#primaryimage","url":"https:\/\/marcelolopes.jor.br\/site\/wp-content\/uploads\/2020\/02\/AMM.jpeg","contentUrl":"https:\/\/marcelolopes.jor.br\/site\/wp-content\/uploads\/2020\/02\/AMM.jpeg","width":800,"height":422},{"@type":"BreadcrumbList","@id":"https:\/\/marcelolopes.jor.br\/site\/2020\/02\/05\/governo-de-minas-anuncia-verba-de-auxilio-aos-municipio-em-estado-de-emergencia\/#breadcrumb","itemListElement":[{"@type":"ListItem","position":1,"name":"Home","item":"https:\/\/marcelolopes.jor.br\/site\/"},{"@type":"ListItem","position":2,"name":"Governo de Minas anuncia verba de aux\u00edlio aos munic\u00edpios em estado de emerg\u00eancia"}]},{"@type":"WebSite","@id":"https:\/\/marcelolopes.jor.br\/site\/#website","url":"https:\/\/marcelolopes.jor.br\/site\/","name":"Marcelo Lopes","description":"Not\u00edcias de Cataguases e Regi\u00e3o","publisher":{"@id":"https:\/\/marcelolopes.jor.br\/site\/#organization"},"potentialAction":[{"@type":"SearchAction","target":{"@type":"EntryPoint","urlTemplate":"https:\/\/marcelolopes.jor.br\/site\/?s={search_term_string}"},"query-input":{"@type":"PropertyValueSpecification","valueRequired":true,"valueName":"search_term_string"}}],"inLanguage":"pt-BR"},{"@type":"Organization","@id":"https:\/\/marcelolopes.jor.br\/site\/#organization","name":"Site do Marcelo Lopes","url":"https:\/\/marcelolopes.jor.br\/site\/","logo":{"@type":"ImageObject","inLanguage":"pt-BR","@id":"https:\/\/marcelolopes.jor.br\/site\/#\/schema\/logo\/image\/","url":"https:\/\/marcelolopes.jor.br\/site\/wp-content\/uploads\/2024\/11\/logo-1.png","contentUrl":"https:\/\/marcelolopes.jor.br\/site\/wp-content\/uploads\/2024\/11\/logo-1.png","width":475,"height":80,"caption":"Site do Marcelo Lopes"},"image":{"@id":"https:\/\/marcelolopes.jor.br\/site\/#\/schema\/logo\/image\/"},"sameAs":["https:\/\/www.facebook.com\/sitedomarcelolopes","https:\/\/www.instagram.com\/sitedomarcelolopes\/","https:\/\/www.linkedin.com\/company\/site-do-marcelo-lopes\/","https:\/\/www.youtube.com\/user\/marcelolopes957"]},{"@type":"Person","@id":"https:\/\/marcelolopes.jor.br\/site\/#\/schema\/person\/3e7216a35c34d8fdf952b31da3d1f89f","name":"Marcelo Lopes","sameAs":["http:\/\/www.marcelolopes.jor.br"],"url":"https:\/\/marcelolopes.jor.br\/site\/author\/marcelo\/"}]}},"wps_subtitle":"Cerca de 300 prefeitos estiveram em Belo Horizonte participando do encontro.","_links":{"self":[{"href":"https:\/\/marcelolopes.jor.br\/site\/wp-json\/wp\/v2\/posts\/11240","targetHints":{"allow":["GET"]}}],"collection":[{"href":"https:\/\/marcelolopes.jor.br\/site\/wp-json\/wp\/v2\/posts"}],"about":[{"href":"https:\/\/marcelolopes.jor.br\/site\/wp-json\/wp\/v2\/types\/post"}],"author":[{"embeddable":true,"href":"https:\/\/marcelolopes.jor.br\/site\/wp-json\/wp\/v2\/users\/2"}],"replies":[{"embeddable":true,"href":"https:\/\/marcelolopes.jor.br\/site\/wp-json\/wp\/v2\/comments?post=11240"}],"version-history":[{"count":0,"href":"https:\/\/marcelolopes.jor.br\/site\/wp-json\/wp\/v2\/posts\/11240\/revisions"}],"wp:featuredmedia":[{"embeddable":true,"href":"https:\/\/marcelolopes.jor.br\/site\/wp-json\/wp\/v2\/media\/11242"}],"wp:attachment":[{"href":"https:\/\/marcelolopes.jor.br\/site\/wp-json\/wp\/v2\/media?parent=11240"}],"wp:term":[{"taxonomy":"category","embeddable":true,"href":"https:\/\/marcelolopes.jor.br\/site\/wp-json\/wp\/v2\/categories?post=11240"},{"taxonomy":"post_tag","embeddable":true,"href":"https:\/\/marcelolopes.jor.br\/site\/wp-json\/wp\/v2\/tags?post=11240"}],"curies":[{"name":"wp","href":"https:\/\/api.w.org\/{rel}","templated":true}]}}