{"id":1119,"date":"2019-05-09T07:00:15","date_gmt":"2019-05-09T10:00:15","guid":{"rendered":"https:\/\/marcelolopes.jor.br\/?p=1119"},"modified":"2019-05-09T09:48:48","modified_gmt":"2019-05-09T12:48:48","slug":"regras-para-comercio-de-carnes-em-acougues-ficam-mais-rigidas","status":"publish","type":"post","link":"https:\/\/marcelolopes.jor.br\/site\/2019\/05\/09\/regras-para-comercio-de-carnes-em-acougues-ficam-mais-rigidas\/","title":{"rendered":"Regras para com\u00e9rcio de carnes em a\u00e7ougues ficam mais r\u00edgidas"},"content":{"rendered":"<p style=\"text-align: justify;\">A equipe da Vigil\u00e2ncia Sanit\u00e1ria e do Servi\u00e7o de Inspe\u00e7\u00e3o Municipal de Cataguases realizou um encontro com comerciantes de carne da regi\u00e3o. Tamb\u00e9m participaram representantes de outros munic\u00edpios, ligados \u00e0 sa\u00fade p\u00fablica. O evento aconteceu na noite desta ter\u00e7a-feira, 07 de maio, no audit\u00f3rio da Faculdade Sudam\u00e9rica, em Cataguases. O objetivo foi explicar a nova legisla\u00e7\u00e3o que regulamenta o funcionamento de a\u00e7ougues em Minas Gerais no que diz respeito \u00e0 produ\u00e7\u00e3o de carnes e embutidos, como ling\u00fci\u00e7a.<!--more--><\/p>\n<p style=\"text-align: justify;\"><img loading=\"lazy\" decoding=\"async\" class=\"alignright wp-image-1123\" src=\"https:\/\/marcelolopes.jor.br\/site\/wp-content\/uploads\/2019\/05\/Apresenta\u00e7\u00e3o-221x300.jpg\" alt=\"\" width=\"184\" height=\"250\" srcset=\"https:\/\/marcelolopes.jor.br\/site\/wp-content\/uploads\/2019\/05\/Apresenta\u00e7\u00e3o-221x300.jpg 221w, https:\/\/marcelolopes.jor.br\/site\/wp-content\/uploads\/2019\/05\/Apresenta\u00e7\u00e3o.jpg 294w\" sizes=\"auto, (max-width: 184px) 100vw, 184px\" \/>Cataguases busca regularizar a situa\u00e7\u00e3o dos a\u00e7ougues h\u00e1 pelo menos tr\u00eas anos. Uma den\u00fancia feita ao Minist\u00e9rio P\u00fablico naquela \u00e9poca questionava o procedimento na fabrica\u00e7\u00e3o de ling\u00fci\u00e7a por aqueles estabelecimentos por causa das normas de higiene. A partir da\u00ed a C\u00e2mara Municipal fez uma audi\u00eancia p\u00fablica, foi sugerida a elabora\u00e7\u00e3o de uma legisla\u00e7\u00e3o regulamentando o tema e agora, quando ela passou por todos as adequa\u00e7\u00f5es necess\u00e1rias e estava pronta para entrar em vigor, o governo de Minas Gerais, atrav\u00e9s da Secretaria de Estado da Sa\u00fade, publicou no dia 29 de mar\u00e7o, uma nova regulamenta\u00e7\u00e3o para o setor e que j\u00e1 est\u00e1 em vigor. Ao lado, na foto, Amanda Silva de Souza Penha, Coordenadora de Vigil\u00e2ncia em Sa\u00fade.<\/p>\n<p style=\"text-align: justify;\">&#8211; Para explicar a nova legisla\u00e7\u00e3o promovemos esta reuni\u00e3o, conta Elis\u00e2ngela Stephan, fiscal da Vigil\u00e2ncia Sanit\u00e1ria em Cataguases, lembrando que o texto estadual contempla a realidade do munic\u00edpio. &#8220;Vamos sanar d\u00favidas e explicar como tudo deve funcionar a partir de agora, no que se refere a produ\u00e7\u00e3o de ling\u00fci\u00e7a e outros derivados de carne pelos a\u00e7ougues tomando como base esta legisla\u00e7\u00e3o estadual&#8221;, revelou. De acordo com ela, mais de noventa pessoas participaram do encontro e tiveram oportunidade para tirar d\u00favidas e conhecer melhor a nova legisla\u00e7\u00e3o.<\/p>\n<p style=\"text-align: justify;\">A Resolu\u00e7\u00e3o SES\/MG n\u00ba6693, de 29 de mar\u00e7o de 2019 consiste no Regulamento T\u00e9cnico de Boas Pr\u00e1ticas para estabelecimentos que realizam com\u00e9rcio varejista de carnes em Minas Gerais. Todos ter\u00e3o prazo de 180 dias para se adequarem \u00e0s novas regras e depois disso, as irregularidades ser\u00e3o consideradas infra\u00e7\u00f5es sanit\u00e1rias e o infrator estar\u00e1 sujeito \u00e0s penalidades previstas em lei. Dentre outras obriga\u00e7\u00f5es definidas no novo Regulamento \u00e9 que a partir de agora os estabelecimentos comercializam carnes no varejo dever\u00e3o ter um respons\u00e1vel t\u00e9cnico ou seu substituto devidamente capacitados especificamente na \u00e1rea de manipula\u00e7\u00e3o de alimentos ou curso espec\u00edfico na \u00e1rea de manipula\u00e7\u00e3o de carnes, devendo ser ministrado por profissional de n\u00edvel superior na \u00e1rea de sa\u00fade.<\/p>\n<p style=\"text-align: justify;\"><strong>Clique aqui<\/strong>\u00a0para fazer o download da Resolu\u00e7\u00e3o e do novo Regulamento T\u00e9cnico de Boas Pr\u00e1ticas.<\/p>\n<p><a href=\"https:\/\/marcelolopes.jor.br\/site\/wp-content\/uploads\/2019\/05\/RESOLU\u00c7\u00c3O-SES-6693_COMERCIO-VAREJISTA-DE-CARNES.pdf\">RESOLU\u00c7\u00c3O SES 6693_COMERCIO VAREJISTA DE CARNES<\/a><\/p>\n<p><img loading=\"lazy\" decoding=\"async\" class=\"aligncenter wp-image-1122 size-full\" src=\"https:\/\/marcelolopes.jor.br\/site\/wp-content\/uploads\/2019\/05\/Palestra.jpg\" alt=\"\" width=\"632\" height=\"468\" srcset=\"https:\/\/marcelolopes.jor.br\/site\/wp-content\/uploads\/2019\/05\/Palestra.jpg 632w, https:\/\/marcelolopes.jor.br\/site\/wp-content\/uploads\/2019\/05\/Palestra-300x222.jpg 300w\" sizes=\"auto, (max-width: 632px) 100vw, 632px\" \/><\/p>\n<div class=\"hasvt69f718b90c2cb\" ><br><\/div><style type=\"text\/css\">\r\n@media screen and (min-width: 1201px) {\r\n.hasvt69f718b90c2cb {\r\ndisplay: block;\r\n}\r\n}\r\n@media screen and (min-width: 993px) and (max-width: 1200px) {\r\n.hasvt69f718b90c2cb {\r\ndisplay: block;\r\n}\r\n}\r\n@media screen and (min-width: 769px) and (max-width: 992px) {\r\n.hasvt69f718b90c2cb {\r\ndisplay: block;\r\n}\r\n}\r\n@media screen and (min-width: 768px) and (max-width: 768px) {\r\n.hasvt69f718b90c2cb {\r\ndisplay: block;\r\n}\r\n}\r\n@media screen and (max-width: 767px) {\r\n.hasvt69f718b90c2cb {\r\ndisplay: block;\r\n}\r\n}\r\n<\/style>\r\n<div class=\"qeyvp69f718b911aa0\" ><div id=\"div_destino\"><\/div>\r\n<script src=\"https:\/\/cdn.snsrsv.com\/sdk.js\"><\/script>\r\n<script >\r\n      new sdk(\"464030C30061EA8BE065000000000001\") \r\n          .appendTo(\"div_destino\")\r\n          .disableStyle(true) \r\n          .setCacheBusterMacro(\"%%CACHEBUSTER%%\")\r\n          .setSize(\"800\",\"214\")\r\n          .setClickMacro(\"%%CLICK_URL_ESC%%\") \r\n          .setReferrerUrlMacro(\"%%REFERRER_URL_ESC%%\") \r\n          .start(); \r\n<\/script><\/div><style type=\"text\/css\">\r\n@media screen and (min-width: 1201px) {\r\n.qeyvp69f718b911aa0 {\r\ndisplay: block;\r\n}\r\n}\r\n@media screen and (min-width: 993px) and (max-width: 1200px) {\r\n.qeyvp69f718b911aa0 {\r\ndisplay: block;\r\n}\r\n}\r\n@media screen and (min-width: 769px) and (max-width: 992px) {\r\n.qeyvp69f718b911aa0 {\r\ndisplay: block;\r\n}\r\n}\r\n@media screen and (min-width: 768px) and (max-width: 768px) {\r\n.qeyvp69f718b911aa0 {\r\ndisplay: block;\r\n}\r\n}\r\n@media screen and (max-width: 767px) {\r\n.qeyvp69f718b911aa0 {\r\ndisplay: block;\r\n}\r\n}\r\n<\/style>\r\n","protected":false},"excerpt":{"rendered":"<p>A equipe da Vigil\u00e2ncia Sanit\u00e1ria e do Servi\u00e7o de Inspe\u00e7\u00e3o Municipal de Cataguases realizou um encontro com comerciantes de carne da regi\u00e3o. Tamb\u00e9m participaram representantes de outros munic\u00edpios, ligados \u00e0 sa\u00fade p\u00fablica. O evento aconteceu na noite desta ter\u00e7a-feira, 07<\/p>\n<p class=\"link-more\"><a class=\"more-link\" href=\"https:\/\/marcelolopes.jor.br\/site\/2019\/05\/09\/regras-para-comercio-de-carnes-em-acougues-ficam-mais-rigidas\/\">Leia mais <span class=\"screen-reader-text\">Regras para com\u00e9rcio de carnes em a\u00e7ougues ficam mais r\u00edgidas<\/span><\/a><\/p>\n","protected":false},"author":2,"featured_media":1121,"comment_status":"open","ping_status":"open","sticky":false,"template":"","format":"standard","meta":{"footnotes":""},"categories":[1],"tags":[165,166,167,168],"class_list":["post-1119","post","type-post","status-publish","format-standard","has-post-thumbnail","hentry","category-noticias","tag-acougue","tag-carne","tag-comercio","tag-higiene","thumb-below-title"],"yoast_head":"<!-- This site is optimized with the Yoast SEO plugin v27.4 - https:\/\/yoast.com\/product\/yoast-seo-wordpress\/ -->\n<title>Regras para com\u00e9rcio de carnes em a\u00e7ougues ficam mais r\u00edgidas | Marcelo Lopes<\/title>\n<meta name=\"robots\" content=\"index, follow, max-snippet:-1, max-image-preview:large, max-video-preview:-1\" \/>\n<link rel=\"canonical\" href=\"https:\/\/marcelolopes.jor.br\/site\/2019\/05\/09\/regras-para-comercio-de-carnes-em-acougues-ficam-mais-rigidas\/\" \/>\n<meta property=\"og:locale\" content=\"pt_BR\" \/>\n<meta property=\"og:type\" content=\"article\" \/>\n<meta property=\"og:title\" content=\"Regras para com\u00e9rcio de carnes em a\u00e7ougues ficam mais r\u00edgidas | Marcelo Lopes\" \/>\n<meta property=\"og:description\" content=\"A equipe da Vigil\u00e2ncia Sanit\u00e1ria e do Servi\u00e7o de Inspe\u00e7\u00e3o Municipal de Cataguases realizou um encontro com comerciantes de carne da regi\u00e3o. Tamb\u00e9m participaram representantes de outros munic\u00edpios, ligados \u00e0 sa\u00fade p\u00fablica. O evento aconteceu na noite desta ter\u00e7a-feira, 07Leia mais Regras para com\u00e9rcio de carnes em a\u00e7ougues ficam mais r\u00edgidas\" \/>\n<meta property=\"og:url\" content=\"https:\/\/marcelolopes.jor.br\/site\/2019\/05\/09\/regras-para-comercio-de-carnes-em-acougues-ficam-mais-rigidas\/\" \/>\n<meta property=\"og:site_name\" content=\"Marcelo Lopes\" \/>\n<meta property=\"article:publisher\" content=\"https:\/\/www.facebook.com\/sitedomarcelolopes\" \/>\n<meta property=\"article:published_time\" content=\"2019-05-09T10:00:15+00:00\" \/>\n<meta property=\"article:modified_time\" content=\"2019-05-09T12:48:48+00:00\" \/>\n<meta property=\"og:image\" content=\"https:\/\/marcelolopes.jor.br\/site\/wp-content\/uploads\/2019\/05\/Elisangela.jpg\" \/>\n\t<meta property=\"og:image:width\" content=\"640\" \/>\n\t<meta property=\"og:image:height\" content=\"480\" \/>\n\t<meta property=\"og:image:type\" content=\"image\/jpeg\" \/>\n<meta name=\"author\" content=\"Marcelo Lopes\" \/>\n<meta name=\"twitter:card\" content=\"summary_large_image\" \/>\n<meta name=\"twitter:label1\" content=\"Escrito por\" \/>\n\t<meta name=\"twitter:data1\" content=\"Marcelo Lopes\" \/>\n\t<meta name=\"twitter:label2\" content=\"Est. tempo de leitura\" \/>\n\t<meta name=\"twitter:data2\" content=\"2 minutos\" \/>\n<script type=\"application\/ld+json\" class=\"yoast-schema-graph\">{\"@context\":\"https:\\\/\\\/schema.org\",\"@graph\":[{\"@type\":\"NewsArticle\",\"@id\":\"https:\\\/\\\/marcelolopes.jor.br\\\/site\\\/2019\\\/05\\\/09\\\/regras-para-comercio-de-carnes-em-acougues-ficam-mais-rigidas\\\/#article\",\"isPartOf\":{\"@id\":\"https:\\\/\\\/marcelolopes.jor.br\\\/site\\\/2019\\\/05\\\/09\\\/regras-para-comercio-de-carnes-em-acougues-ficam-mais-rigidas\\\/\"},\"author\":{\"name\":\"Marcelo Lopes\",\"@id\":\"https:\\\/\\\/marcelolopes.jor.br\\\/site\\\/#\\\/schema\\\/person\\\/3e7216a35c34d8fdf952b31da3d1f89f\"},\"headline\":\"Regras para com\u00e9rcio de carnes em a\u00e7ougues ficam mais r\u00edgidas\",\"datePublished\":\"2019-05-09T10:00:15+00:00\",\"dateModified\":\"2019-05-09T12:48:48+00:00\",\"mainEntityOfPage\":{\"@id\":\"https:\\\/\\\/marcelolopes.jor.br\\\/site\\\/2019\\\/05\\\/09\\\/regras-para-comercio-de-carnes-em-acougues-ficam-mais-rigidas\\\/\"},\"wordCount\":499,\"commentCount\":0,\"publisher\":{\"@id\":\"https:\\\/\\\/marcelolopes.jor.br\\\/site\\\/#organization\"},\"image\":{\"@id\":\"https:\\\/\\\/marcelolopes.jor.br\\\/site\\\/2019\\\/05\\\/09\\\/regras-para-comercio-de-carnes-em-acougues-ficam-mais-rigidas\\\/#primaryimage\"},\"thumbnailUrl\":\"https:\\\/\\\/marcelolopes.jor.br\\\/site\\\/wp-content\\\/uploads\\\/2019\\\/05\\\/Elisangela.jpg\",\"keywords\":[\"a\u00e7ougue\",\"carne\",\"com\u00e9rcio\",\"higiene\"],\"articleSection\":[\"Not\u00edcias\"],\"inLanguage\":\"pt-BR\",\"potentialAction\":[{\"@type\":\"CommentAction\",\"name\":\"Comment\",\"target\":[\"https:\\\/\\\/marcelolopes.jor.br\\\/site\\\/2019\\\/05\\\/09\\\/regras-para-comercio-de-carnes-em-acougues-ficam-mais-rigidas\\\/#respond\"]}]},{\"@type\":\"WebPage\",\"@id\":\"https:\\\/\\\/marcelolopes.jor.br\\\/site\\\/2019\\\/05\\\/09\\\/regras-para-comercio-de-carnes-em-acougues-ficam-mais-rigidas\\\/\",\"url\":\"https:\\\/\\\/marcelolopes.jor.br\\\/site\\\/2019\\\/05\\\/09\\\/regras-para-comercio-de-carnes-em-acougues-ficam-mais-rigidas\\\/\",\"name\":\"Regras para com\u00e9rcio de carnes em a\u00e7ougues ficam mais r\u00edgidas | Marcelo Lopes\",\"isPartOf\":{\"@id\":\"https:\\\/\\\/marcelolopes.jor.br\\\/site\\\/#website\"},\"primaryImageOfPage\":{\"@id\":\"https:\\\/\\\/marcelolopes.jor.br\\\/site\\\/2019\\\/05\\\/09\\\/regras-para-comercio-de-carnes-em-acougues-ficam-mais-rigidas\\\/#primaryimage\"},\"image\":{\"@id\":\"https:\\\/\\\/marcelolopes.jor.br\\\/site\\\/2019\\\/05\\\/09\\\/regras-para-comercio-de-carnes-em-acougues-ficam-mais-rigidas\\\/#primaryimage\"},\"thumbnailUrl\":\"https:\\\/\\\/marcelolopes.jor.br\\\/site\\\/wp-content\\\/uploads\\\/2019\\\/05\\\/Elisangela.jpg\",\"datePublished\":\"2019-05-09T10:00:15+00:00\",\"dateModified\":\"2019-05-09T12:48:48+00:00\",\"breadcrumb\":{\"@id\":\"https:\\\/\\\/marcelolopes.jor.br\\\/site\\\/2019\\\/05\\\/09\\\/regras-para-comercio-de-carnes-em-acougues-ficam-mais-rigidas\\\/#breadcrumb\"},\"inLanguage\":\"pt-BR\",\"potentialAction\":[{\"@type\":\"ReadAction\",\"target\":[\"https:\\\/\\\/marcelolopes.jor.br\\\/site\\\/2019\\\/05\\\/09\\\/regras-para-comercio-de-carnes-em-acougues-ficam-mais-rigidas\\\/\"]}]},{\"@type\":\"ImageObject\",\"inLanguage\":\"pt-BR\",\"@id\":\"https:\\\/\\\/marcelolopes.jor.br\\\/site\\\/2019\\\/05\\\/09\\\/regras-para-comercio-de-carnes-em-acougues-ficam-mais-rigidas\\\/#primaryimage\",\"url\":\"https:\\\/\\\/marcelolopes.jor.br\\\/site\\\/wp-content\\\/uploads\\\/2019\\\/05\\\/Elisangela.jpg\",\"contentUrl\":\"https:\\\/\\\/marcelolopes.jor.br\\\/site\\\/wp-content\\\/uploads\\\/2019\\\/05\\\/Elisangela.jpg\",\"width\":640,\"height\":480,\"caption\":\"Elisangela e seus colegas da Vigil\u00e2ncia Sanit\u00e1ria sanaram d\u00favidas dos presentes sobre a nova regulamenta\u00e7\u00e3o\"},{\"@type\":\"BreadcrumbList\",\"@id\":\"https:\\\/\\\/marcelolopes.jor.br\\\/site\\\/2019\\\/05\\\/09\\\/regras-para-comercio-de-carnes-em-acougues-ficam-mais-rigidas\\\/#breadcrumb\",\"itemListElement\":[{\"@type\":\"ListItem\",\"position\":1,\"name\":\"Home\",\"item\":\"https:\\\/\\\/marcelolopes.jor.br\\\/site\\\/\"},{\"@type\":\"ListItem\",\"position\":2,\"name\":\"Regras para com\u00e9rcio de carnes em a\u00e7ougues ficam mais r\u00edgidas\"}]},{\"@type\":\"WebSite\",\"@id\":\"https:\\\/\\\/marcelolopes.jor.br\\\/site\\\/#website\",\"url\":\"https:\\\/\\\/marcelolopes.jor.br\\\/site\\\/\",\"name\":\"Marcelo Lopes\",\"description\":\"Not\u00edcias de Cataguases e Regi\u00e3o\",\"publisher\":{\"@id\":\"https:\\\/\\\/marcelolopes.jor.br\\\/site\\\/#organization\"},\"potentialAction\":[{\"@type\":\"SearchAction\",\"target\":{\"@type\":\"EntryPoint\",\"urlTemplate\":\"https:\\\/\\\/marcelolopes.jor.br\\\/site\\\/?s={search_term_string}\"},\"query-input\":{\"@type\":\"PropertyValueSpecification\",\"valueRequired\":true,\"valueName\":\"search_term_string\"}}],\"inLanguage\":\"pt-BR\"},{\"@type\":\"Organization\",\"@id\":\"https:\\\/\\\/marcelolopes.jor.br\\\/site\\\/#organization\",\"name\":\"Site do Marcelo Lopes\",\"url\":\"https:\\\/\\\/marcelolopes.jor.br\\\/site\\\/\",\"logo\":{\"@type\":\"ImageObject\",\"inLanguage\":\"pt-BR\",\"@id\":\"https:\\\/\\\/marcelolopes.jor.br\\\/site\\\/#\\\/schema\\\/logo\\\/image\\\/\",\"url\":\"https:\\\/\\\/marcelolopes.jor.br\\\/site\\\/wp-content\\\/uploads\\\/2024\\\/11\\\/logo-1.png\",\"contentUrl\":\"https:\\\/\\\/marcelolopes.jor.br\\\/site\\\/wp-content\\\/uploads\\\/2024\\\/11\\\/logo-1.png\",\"width\":475,\"height\":80,\"caption\":\"Site do Marcelo Lopes\"},\"image\":{\"@id\":\"https:\\\/\\\/marcelolopes.jor.br\\\/site\\\/#\\\/schema\\\/logo\\\/image\\\/\"},\"sameAs\":[\"https:\\\/\\\/www.facebook.com\\\/sitedomarcelolopes\",\"https:\\\/\\\/www.instagram.com\\\/sitedomarcelolopes\\\/\",\"https:\\\/\\\/www.linkedin.com\\\/company\\\/site-do-marcelo-lopes\\\/\",\"https:\\\/\\\/www.youtube.com\\\/user\\\/marcelolopes957\"]},{\"@type\":\"Person\",\"@id\":\"https:\\\/\\\/marcelolopes.jor.br\\\/site\\\/#\\\/schema\\\/person\\\/3e7216a35c34d8fdf952b31da3d1f89f\",\"name\":\"Marcelo Lopes\",\"sameAs\":[\"http:\\\/\\\/www.marcelolopes.jor.br\"],\"url\":\"https:\\\/\\\/marcelolopes.jor.br\\\/site\\\/author\\\/marcelo\\\/\"}]}<\/script>\n<!-- \/ Yoast SEO plugin. -->","yoast_head_json":{"title":"Regras para com\u00e9rcio de carnes em a\u00e7ougues ficam mais r\u00edgidas | Marcelo Lopes","robots":{"index":"index","follow":"follow","max-snippet":"max-snippet:-1","max-image-preview":"max-image-preview:large","max-video-preview":"max-video-preview:-1"},"canonical":"https:\/\/marcelolopes.jor.br\/site\/2019\/05\/09\/regras-para-comercio-de-carnes-em-acougues-ficam-mais-rigidas\/","og_locale":"pt_BR","og_type":"article","og_title":"Regras para com\u00e9rcio de carnes em a\u00e7ougues ficam mais r\u00edgidas | Marcelo Lopes","og_description":"A equipe da Vigil\u00e2ncia Sanit\u00e1ria e do Servi\u00e7o de Inspe\u00e7\u00e3o Municipal de Cataguases realizou um encontro com comerciantes de carne da regi\u00e3o. Tamb\u00e9m participaram representantes de outros munic\u00edpios, ligados \u00e0 sa\u00fade p\u00fablica. O evento aconteceu na noite desta ter\u00e7a-feira, 07Leia mais Regras para com\u00e9rcio de carnes em a\u00e7ougues ficam mais r\u00edgidas","og_url":"https:\/\/marcelolopes.jor.br\/site\/2019\/05\/09\/regras-para-comercio-de-carnes-em-acougues-ficam-mais-rigidas\/","og_site_name":"Marcelo Lopes","article_publisher":"https:\/\/www.facebook.com\/sitedomarcelolopes","article_published_time":"2019-05-09T10:00:15+00:00","article_modified_time":"2019-05-09T12:48:48+00:00","og_image":[{"width":640,"height":480,"url":"https:\/\/marcelolopes.jor.br\/site\/wp-content\/uploads\/2019\/05\/Elisangela.jpg","type":"image\/jpeg"}],"author":"Marcelo Lopes","twitter_card":"summary_large_image","twitter_misc":{"Escrito por":"Marcelo Lopes","Est. tempo de leitura":"2 minutos"},"schema":{"@context":"https:\/\/schema.org","@graph":[{"@type":"NewsArticle","@id":"https:\/\/marcelolopes.jor.br\/site\/2019\/05\/09\/regras-para-comercio-de-carnes-em-acougues-ficam-mais-rigidas\/#article","isPartOf":{"@id":"https:\/\/marcelolopes.jor.br\/site\/2019\/05\/09\/regras-para-comercio-de-carnes-em-acougues-ficam-mais-rigidas\/"},"author":{"name":"Marcelo Lopes","@id":"https:\/\/marcelolopes.jor.br\/site\/#\/schema\/person\/3e7216a35c34d8fdf952b31da3d1f89f"},"headline":"Regras para com\u00e9rcio de carnes em a\u00e7ougues ficam mais r\u00edgidas","datePublished":"2019-05-09T10:00:15+00:00","dateModified":"2019-05-09T12:48:48+00:00","mainEntityOfPage":{"@id":"https:\/\/marcelolopes.jor.br\/site\/2019\/05\/09\/regras-para-comercio-de-carnes-em-acougues-ficam-mais-rigidas\/"},"wordCount":499,"commentCount":0,"publisher":{"@id":"https:\/\/marcelolopes.jor.br\/site\/#organization"},"image":{"@id":"https:\/\/marcelolopes.jor.br\/site\/2019\/05\/09\/regras-para-comercio-de-carnes-em-acougues-ficam-mais-rigidas\/#primaryimage"},"thumbnailUrl":"https:\/\/marcelolopes.jor.br\/site\/wp-content\/uploads\/2019\/05\/Elisangela.jpg","keywords":["a\u00e7ougue","carne","com\u00e9rcio","higiene"],"articleSection":["Not\u00edcias"],"inLanguage":"pt-BR","potentialAction":[{"@type":"CommentAction","name":"Comment","target":["https:\/\/marcelolopes.jor.br\/site\/2019\/05\/09\/regras-para-comercio-de-carnes-em-acougues-ficam-mais-rigidas\/#respond"]}]},{"@type":"WebPage","@id":"https:\/\/marcelolopes.jor.br\/site\/2019\/05\/09\/regras-para-comercio-de-carnes-em-acougues-ficam-mais-rigidas\/","url":"https:\/\/marcelolopes.jor.br\/site\/2019\/05\/09\/regras-para-comercio-de-carnes-em-acougues-ficam-mais-rigidas\/","name":"Regras para com\u00e9rcio de carnes em a\u00e7ougues ficam mais r\u00edgidas | Marcelo Lopes","isPartOf":{"@id":"https:\/\/marcelolopes.jor.br\/site\/#website"},"primaryImageOfPage":{"@id":"https:\/\/marcelolopes.jor.br\/site\/2019\/05\/09\/regras-para-comercio-de-carnes-em-acougues-ficam-mais-rigidas\/#primaryimage"},"image":{"@id":"https:\/\/marcelolopes.jor.br\/site\/2019\/05\/09\/regras-para-comercio-de-carnes-em-acougues-ficam-mais-rigidas\/#primaryimage"},"thumbnailUrl":"https:\/\/marcelolopes.jor.br\/site\/wp-content\/uploads\/2019\/05\/Elisangela.jpg","datePublished":"2019-05-09T10:00:15+00:00","dateModified":"2019-05-09T12:48:48+00:00","breadcrumb":{"@id":"https:\/\/marcelolopes.jor.br\/site\/2019\/05\/09\/regras-para-comercio-de-carnes-em-acougues-ficam-mais-rigidas\/#breadcrumb"},"inLanguage":"pt-BR","potentialAction":[{"@type":"ReadAction","target":["https:\/\/marcelolopes.jor.br\/site\/2019\/05\/09\/regras-para-comercio-de-carnes-em-acougues-ficam-mais-rigidas\/"]}]},{"@type":"ImageObject","inLanguage":"pt-BR","@id":"https:\/\/marcelolopes.jor.br\/site\/2019\/05\/09\/regras-para-comercio-de-carnes-em-acougues-ficam-mais-rigidas\/#primaryimage","url":"https:\/\/marcelolopes.jor.br\/site\/wp-content\/uploads\/2019\/05\/Elisangela.jpg","contentUrl":"https:\/\/marcelolopes.jor.br\/site\/wp-content\/uploads\/2019\/05\/Elisangela.jpg","width":640,"height":480,"caption":"Elisangela e seus colegas da Vigil\u00e2ncia Sanit\u00e1ria sanaram d\u00favidas dos presentes sobre a nova regulamenta\u00e7\u00e3o"},{"@type":"BreadcrumbList","@id":"https:\/\/marcelolopes.jor.br\/site\/2019\/05\/09\/regras-para-comercio-de-carnes-em-acougues-ficam-mais-rigidas\/#breadcrumb","itemListElement":[{"@type":"ListItem","position":1,"name":"Home","item":"https:\/\/marcelolopes.jor.br\/site\/"},{"@type":"ListItem","position":2,"name":"Regras para com\u00e9rcio de carnes em a\u00e7ougues ficam mais r\u00edgidas"}]},{"@type":"WebSite","@id":"https:\/\/marcelolopes.jor.br\/site\/#website","url":"https:\/\/marcelolopes.jor.br\/site\/","name":"Marcelo Lopes","description":"Not\u00edcias de Cataguases e Regi\u00e3o","publisher":{"@id":"https:\/\/marcelolopes.jor.br\/site\/#organization"},"potentialAction":[{"@type":"SearchAction","target":{"@type":"EntryPoint","urlTemplate":"https:\/\/marcelolopes.jor.br\/site\/?s={search_term_string}"},"query-input":{"@type":"PropertyValueSpecification","valueRequired":true,"valueName":"search_term_string"}}],"inLanguage":"pt-BR"},{"@type":"Organization","@id":"https:\/\/marcelolopes.jor.br\/site\/#organization","name":"Site do Marcelo Lopes","url":"https:\/\/marcelolopes.jor.br\/site\/","logo":{"@type":"ImageObject","inLanguage":"pt-BR","@id":"https:\/\/marcelolopes.jor.br\/site\/#\/schema\/logo\/image\/","url":"https:\/\/marcelolopes.jor.br\/site\/wp-content\/uploads\/2024\/11\/logo-1.png","contentUrl":"https:\/\/marcelolopes.jor.br\/site\/wp-content\/uploads\/2024\/11\/logo-1.png","width":475,"height":80,"caption":"Site do Marcelo Lopes"},"image":{"@id":"https:\/\/marcelolopes.jor.br\/site\/#\/schema\/logo\/image\/"},"sameAs":["https:\/\/www.facebook.com\/sitedomarcelolopes","https:\/\/www.instagram.com\/sitedomarcelolopes\/","https:\/\/www.linkedin.com\/company\/site-do-marcelo-lopes\/","https:\/\/www.youtube.com\/user\/marcelolopes957"]},{"@type":"Person","@id":"https:\/\/marcelolopes.jor.br\/site\/#\/schema\/person\/3e7216a35c34d8fdf952b31da3d1f89f","name":"Marcelo Lopes","sameAs":["http:\/\/www.marcelolopes.jor.br"],"url":"https:\/\/marcelolopes.jor.br\/site\/author\/marcelo\/"}]}},"wps_subtitle":"A\u00e7ougues ter\u00e3o 180 dias para se adaptarem \u00e0 nova legisla\u00e7\u00e3o sobre o com\u00e9rcio de carnes. ","_links":{"self":[{"href":"https:\/\/marcelolopes.jor.br\/site\/wp-json\/wp\/v2\/posts\/1119","targetHints":{"allow":["GET"]}}],"collection":[{"href":"https:\/\/marcelolopes.jor.br\/site\/wp-json\/wp\/v2\/posts"}],"about":[{"href":"https:\/\/marcelolopes.jor.br\/site\/wp-json\/wp\/v2\/types\/post"}],"author":[{"embeddable":true,"href":"https:\/\/marcelolopes.jor.br\/site\/wp-json\/wp\/v2\/users\/2"}],"replies":[{"embeddable":true,"href":"https:\/\/marcelolopes.jor.br\/site\/wp-json\/wp\/v2\/comments?post=1119"}],"version-history":[{"count":0,"href":"https:\/\/marcelolopes.jor.br\/site\/wp-json\/wp\/v2\/posts\/1119\/revisions"}],"wp:featuredmedia":[{"embeddable":true,"href":"https:\/\/marcelolopes.jor.br\/site\/wp-json\/wp\/v2\/media\/1121"}],"wp:attachment":[{"href":"https:\/\/marcelolopes.jor.br\/site\/wp-json\/wp\/v2\/media?parent=1119"}],"wp:term":[{"taxonomy":"category","embeddable":true,"href":"https:\/\/marcelolopes.jor.br\/site\/wp-json\/wp\/v2\/categories?post=1119"},{"taxonomy":"post_tag","embeddable":true,"href":"https:\/\/marcelolopes.jor.br\/site\/wp-json\/wp\/v2\/tags?post=1119"}],"curies":[{"name":"wp","href":"https:\/\/api.w.org\/{rel}","templated":true}]}}