{"id":11009,"date":"2020-01-30T19:00:31","date_gmt":"2020-01-30T22:00:31","guid":{"rendered":"https:\/\/marcelolopes.jor.br\/?p=11009"},"modified":"2020-01-30T18:00:53","modified_gmt":"2020-01-30T21:00:53","slug":"domingo-tem-esquenta-bloco-da-farinha-em-santana-de-cataguases","status":"publish","type":"post","link":"https:\/\/marcelolopes.jor.br\/site\/2020\/01\/30\/domingo-tem-esquenta-bloco-da-farinha-em-santana-de-cataguases\/","title":{"rendered":"Domingo tem &#8220;Esquenta Bloco da Farinha&#8221; em Santana de Cataguases"},"content":{"rendered":"<p style=\"text-align: justify;\">Santana de Cataguases, o munic\u00edpio vizinho mais pr\u00f3ximo de Cataguases, d\u00e1 a largada no Carnaval 2020 neste domingo, 02 de fevereiro a partir das 14 horas, no campo do Bairro S\u00e3o Francisco. E quem vai come\u00e7ar a folia \u00e9 o Bloco da Farinha, o mais famoso daquela cidade e que arrasta milhares de pessoas todos os anos em sua descontra\u00edda e animada participa\u00e7\u00e3o nos festejos de Momo. Este ano seus organizadores preparam uma festa especial que antecede ao Carnaval e que tamb\u00e9m promete ser um grande sucesso.<!--more--><\/p>\n<p style=\"text-align: justify;\">Trata-se do &#8220;Esquenta Bloco da Farinha&#8221; que vai contar com a participa\u00e7\u00e3o mais do que especial do cantor Beto Kau\u00ea, um dos maiores nomes do carnaval mineiro e capixaba e que dispensa apresenta\u00e7\u00f5es. Com ele, a festa \u00e9 sucesso garantido e muita divers\u00e3o para o p\u00fablico. O Esquenta traz tamb\u00e9m as apresenta\u00e7\u00f5es de Fabio Feeling, que abre os trabalhos pouco depois das 14 horas e o DJ Morango, que vai come\u00e7ar a se apresentar \u00e0s 17h10min preparando a galera para o t\u00e3o esperado show de Beto Kau\u00ea, previsto para come\u00e7ar \u00e0s 18h40min.<\/p>\n<p style=\"text-align: justify;\">O evento est\u00e1 sendo cuidadosamente preparado pela J\u00fanior Produ\u00e7\u00f5es e Comiss\u00e3o Organizadora, formada pelos dirigentes do Bloco. O espa\u00e7o ter\u00e1 dois ambientes, sendo a pista Front Stage e cinco horas de Open Bar Front Stage e Pra\u00e7a de Alimenta\u00e7\u00e3o, al\u00e9m de um caminh\u00e3o Pipa para refrescar a galera, conta Jos\u00e9 Cl\u00e1udio Mathias, um dos fundadores do Bloco e um dos organizadores do Esquenta. Sobre esta festa ele disse que trata-se de &#8220;mais uma atra\u00e7\u00e3o pr\u00e9-carnavalesca para a regi\u00e3o e tem como objetivo refor\u00e7ar o caixa do Bloco da Farinha, que todos os anos cobre de farinha seus participantes, hoje, carinhosamente conhecidos como &#8216;farinheiros'&#8221;, revelou.<\/p>\n<p style=\"text-align: justify;\">Nesta tarde de quinta-feira, 30 de janeiro, teve in\u00edcio a montagem da estrutura da festa (veja foto ao final) que estar\u00e1 totalmente pronta no s\u00e1bado \u00e0 noite. Ano passado o Bloco da Farinha levou p\u00fablico recorde \u00e0s ruas da cidade e marcou o Carnaval de Santana de Cataguases. &#8220;Este ano estamos preparados para receber ainda mais gente e contamos com os farinheiros de Cataguases&#8221;, completou Jos\u00e9 Cl\u00e1udio. Veja abaixo algumas fotos do Bloco da Farinha no carnaval de 2019 naquela cidade.<\/p>\n<p><strong>Veja onde comprar seu ingresso:<\/strong><br \/>\n&#8211; CATAGUASES: Brasil Cacau \/ La Bela Flor<br \/>\n&#8211; LEOPOLDINA: Shop125<br \/>\n&#8211; LARANJAL: Celular &amp; Cia<br \/>\n&#8211; RECREIO: Arth Moda<br \/>\n&#8211; DONA EUZ\u00c9BIA: P\u00e3es &amp; Cia<br \/>\n&#8211; ASTOLFO DUTRA: Shop125<br \/>\n&#8211; SANTANA DE CATAGUASES: Mercado do Mazinho \/ Laranja Mania<br \/>\n&#8211; MURIA\u00c9: Chilli Beans<\/p>\n<p><img loading=\"lazy\" decoding=\"async\" class=\"aligncenter wp-image-11012\" src=\"https:\/\/marcelolopes.jor.br\/site\/wp-content\/uploads\/2020\/01\/84555185_1787768181357859_3085063992125685760_o.jpg\" alt=\"\" width=\"600\" height=\"425\" srcset=\"https:\/\/marcelolopes.jor.br\/site\/wp-content\/uploads\/2020\/01\/84555185_1787768181357859_3085063992125685760_o.jpg 742w, https:\/\/marcelolopes.jor.br\/site\/wp-content\/uploads\/2020\/01\/84555185_1787768181357859_3085063992125685760_o-300x213.jpg 300w\" sizes=\"auto, (max-width: 600px) 100vw, 600px\" \/><\/p>\n<p><img loading=\"lazy\" decoding=\"async\" class=\"aligncenter wp-image-11013\" src=\"https:\/\/marcelolopes.jor.br\/site\/wp-content\/uploads\/2020\/01\/53615605_1479579432176737_1812568467694419968_o.jpg\" alt=\"\" width=\"600\" height=\"387\" srcset=\"https:\/\/marcelolopes.jor.br\/site\/wp-content\/uploads\/2020\/01\/53615605_1479579432176737_1812568467694419968_o.jpg 950w, https:\/\/marcelolopes.jor.br\/site\/wp-content\/uploads\/2020\/01\/53615605_1479579432176737_1812568467694419968_o-300x194.jpg 300w, https:\/\/marcelolopes.jor.br\/site\/wp-content\/uploads\/2020\/01\/53615605_1479579432176737_1812568467694419968_o-768x496.jpg 768w\" sizes=\"auto, (max-width: 600px) 100vw, 600px\" \/> <img loading=\"lazy\" decoding=\"async\" class=\"aligncenter wp-image-11014\" src=\"https:\/\/marcelolopes.jor.br\/site\/wp-content\/uploads\/2020\/01\/27993359_1612219095513008_6721021035954956670_o.jpg\" alt=\"\" width=\"600\" height=\"437\" srcset=\"https:\/\/marcelolopes.jor.br\/site\/wp-content\/uploads\/2020\/01\/27993359_1612219095513008_6721021035954956670_o.jpg 800w, https:\/\/marcelolopes.jor.br\/site\/wp-content\/uploads\/2020\/01\/27993359_1612219095513008_6721021035954956670_o-300x218.jpg 300w, https:\/\/marcelolopes.jor.br\/site\/wp-content\/uploads\/2020\/01\/27993359_1612219095513008_6721021035954956670_o-768x559.jpg 768w\" sizes=\"auto, (max-width: 600px) 100vw, 600px\" \/> <img loading=\"lazy\" decoding=\"async\" class=\"aligncenter wp-image-11015\" src=\"https:\/\/marcelolopes.jor.br\/site\/wp-content\/uploads\/2020\/01\/28060968_1612201308848120_6410155015110283644_o.jpg\" alt=\"\" width=\"600\" height=\"367\" srcset=\"https:\/\/marcelolopes.jor.br\/site\/wp-content\/uploads\/2020\/01\/28060968_1612201308848120_6410155015110283644_o.jpg 1648w, https:\/\/marcelolopes.jor.br\/site\/wp-content\/uploads\/2020\/01\/28060968_1612201308848120_6410155015110283644_o-300x183.jpg 300w, https:\/\/marcelolopes.jor.br\/site\/wp-content\/uploads\/2020\/01\/28060968_1612201308848120_6410155015110283644_o-768x470.jpg 768w, https:\/\/marcelolopes.jor.br\/site\/wp-content\/uploads\/2020\/01\/28060968_1612201308848120_6410155015110283644_o-1024x626.jpg 1024w, https:\/\/marcelolopes.jor.br\/site\/wp-content\/uploads\/2020\/01\/28060968_1612201308848120_6410155015110283644_o-1200x734.jpg 1200w, https:\/\/marcelolopes.jor.br\/site\/wp-content\/uploads\/2020\/01\/28060968_1612201308848120_6410155015110283644_o-880x540.jpg 880w, https:\/\/marcelolopes.jor.br\/site\/wp-content\/uploads\/2020\/01\/28060968_1612201308848120_6410155015110283644_o-640x392.jpg 640w\" sizes=\"auto, (max-width: 600px) 100vw, 600px\" \/><\/p>\n<div class=\"mffib69f715c17e45f\" ><br><\/div><style type=\"text\/css\">\r\n@media screen and (min-width: 1201px) {\r\n.mffib69f715c17e45f {\r\ndisplay: block;\r\n}\r\n}\r\n@media screen and (min-width: 993px) and (max-width: 1200px) {\r\n.mffib69f715c17e45f {\r\ndisplay: block;\r\n}\r\n}\r\n@media screen and (min-width: 769px) and (max-width: 992px) {\r\n.mffib69f715c17e45f {\r\ndisplay: block;\r\n}\r\n}\r\n@media screen and (min-width: 768px) and (max-width: 768px) {\r\n.mffib69f715c17e45f {\r\ndisplay: block;\r\n}\r\n}\r\n@media screen and (max-width: 767px) {\r\n.mffib69f715c17e45f {\r\ndisplay: block;\r\n}\r\n}\r\n<\/style>\r\n<div class=\"cehds69f715c1838bc\" ><div id=\"div_destino\"><\/div>\r\n<script src=\"https:\/\/cdn.snsrsv.com\/sdk.js\"><\/script>\r\n<script >\r\n      new sdk(\"464030C30061EA8BE065000000000001\") \r\n          .appendTo(\"div_destino\")\r\n          .disableStyle(true) \r\n          .setCacheBusterMacro(\"%%CACHEBUSTER%%\")\r\n          .setSize(\"800\",\"214\")\r\n          .setClickMacro(\"%%CLICK_URL_ESC%%\") \r\n          .setReferrerUrlMacro(\"%%REFERRER_URL_ESC%%\") \r\n          .start(); \r\n<\/script><\/div><style type=\"text\/css\">\r\n@media screen and (min-width: 1201px) {\r\n.cehds69f715c1838bc {\r\ndisplay: block;\r\n}\r\n}\r\n@media screen and (min-width: 993px) and (max-width: 1200px) {\r\n.cehds69f715c1838bc {\r\ndisplay: block;\r\n}\r\n}\r\n@media screen and (min-width: 769px) and (max-width: 992px) {\r\n.cehds69f715c1838bc {\r\ndisplay: block;\r\n}\r\n}\r\n@media screen and (min-width: 768px) and (max-width: 768px) {\r\n.cehds69f715c1838bc {\r\ndisplay: block;\r\n}\r\n}\r\n@media screen and (max-width: 767px) {\r\n.cehds69f715c1838bc {\r\ndisplay: block;\r\n}\r\n}\r\n<\/style>\r\n","protected":false},"excerpt":{"rendered":"<p>Santana de Cataguases, o munic\u00edpio vizinho mais pr\u00f3ximo de Cataguases, d\u00e1 a largada no Carnaval 2020 neste domingo, 02 de fevereiro a partir das 14 horas, no campo do Bairro S\u00e3o Francisco. E quem vai come\u00e7ar a folia \u00e9 o<\/p>\n<p class=\"link-more\"><a class=\"more-link\" href=\"https:\/\/marcelolopes.jor.br\/site\/2020\/01\/30\/domingo-tem-esquenta-bloco-da-farinha-em-santana-de-cataguases\/\">Leia mais <span class=\"screen-reader-text\">Domingo tem &#8220;Esquenta Bloco da Farinha&#8221; em Santana de Cataguases<\/span><\/a><\/p>\n","protected":false},"author":2,"featured_media":11011,"comment_status":"open","ping_status":"open","sticky":false,"template":"","format":"standard","meta":{"footnotes":""},"categories":[1],"tags":[2050,2048,1966,2049],"class_list":["post-11009","post","type-post","status-publish","format-standard","has-post-thumbnail","hentry","category-noticias","tag-beto-kaue","tag-bloco-da-farinha","tag-carnaval-2020","tag-esquenta","thumb-below-title"],"yoast_head":"<!-- This site is optimized with the Yoast SEO plugin v27.4 - https:\/\/yoast.com\/product\/yoast-seo-wordpress\/ -->\n<title>Domingo tem &quot;Esquenta Bloco da Farinha&quot; em Santana de Cataguases | Marcelo Lopes<\/title>\n<meta name=\"robots\" content=\"index, follow, max-snippet:-1, max-image-preview:large, max-video-preview:-1\" \/>\n<link rel=\"canonical\" href=\"https:\/\/marcelolopes.jor.br\/site\/2020\/01\/30\/domingo-tem-esquenta-bloco-da-farinha-em-santana-de-cataguases\/\" \/>\n<meta property=\"og:locale\" content=\"pt_BR\" \/>\n<meta property=\"og:type\" content=\"article\" \/>\n<meta property=\"og:title\" content=\"Domingo tem &quot;Esquenta Bloco da Farinha&quot; em Santana de Cataguases | Marcelo Lopes\" \/>\n<meta property=\"og:description\" content=\"Santana de Cataguases, o munic\u00edpio vizinho mais pr\u00f3ximo de Cataguases, d\u00e1 a largada no Carnaval 2020 neste domingo, 02 de fevereiro a partir das 14 horas, no campo do Bairro S\u00e3o Francisco. E quem vai come\u00e7ar a folia \u00e9 oLeia mais Domingo tem &#8220;Esquenta Bloco da Farinha&#8221; em Santana de Cataguases\" \/>\n<meta property=\"og:url\" content=\"https:\/\/marcelolopes.jor.br\/site\/2020\/01\/30\/domingo-tem-esquenta-bloco-da-farinha-em-santana-de-cataguases\/\" \/>\n<meta property=\"og:site_name\" content=\"Marcelo Lopes\" \/>\n<meta property=\"article:publisher\" content=\"https:\/\/www.facebook.com\/sitedomarcelolopes\" \/>\n<meta property=\"article:published_time\" content=\"2020-01-30T22:00:31+00:00\" \/>\n<meta property=\"og:image\" content=\"https:\/\/marcelolopes.jor.br\/site\/wp-content\/uploads\/2020\/01\/15107263_897334493734570_6392895393597316439_n.jpg\" \/>\n\t<meta property=\"og:image:width\" content=\"720\" \/>\n\t<meta property=\"og:image:height\" content=\"494\" \/>\n\t<meta property=\"og:image:type\" content=\"image\/jpeg\" \/>\n<meta name=\"author\" content=\"Marcelo Lopes\" \/>\n<meta name=\"twitter:card\" content=\"summary_large_image\" \/>\n<meta name=\"twitter:label1\" content=\"Escrito por\" \/>\n\t<meta name=\"twitter:data1\" content=\"Marcelo Lopes\" \/>\n\t<meta name=\"twitter:label2\" content=\"Est. tempo de leitura\" \/>\n\t<meta name=\"twitter:data2\" content=\"2 minutos\" \/>\n<script type=\"application\/ld+json\" class=\"yoast-schema-graph\">{\"@context\":\"https:\\\/\\\/schema.org\",\"@graph\":[{\"@type\":\"NewsArticle\",\"@id\":\"https:\\\/\\\/marcelolopes.jor.br\\\/site\\\/2020\\\/01\\\/30\\\/domingo-tem-esquenta-bloco-da-farinha-em-santana-de-cataguases\\\/#article\",\"isPartOf\":{\"@id\":\"https:\\\/\\\/marcelolopes.jor.br\\\/site\\\/2020\\\/01\\\/30\\\/domingo-tem-esquenta-bloco-da-farinha-em-santana-de-cataguases\\\/\"},\"author\":{\"name\":\"Marcelo Lopes\",\"@id\":\"https:\\\/\\\/marcelolopes.jor.br\\\/site\\\/#\\\/schema\\\/person\\\/3e7216a35c34d8fdf952b31da3d1f89f\"},\"headline\":\"Domingo tem &#8220;Esquenta Bloco da Farinha&#8221; em Santana de Cataguases\",\"datePublished\":\"2020-01-30T22:00:31+00:00\",\"mainEntityOfPage\":{\"@id\":\"https:\\\/\\\/marcelolopes.jor.br\\\/site\\\/2020\\\/01\\\/30\\\/domingo-tem-esquenta-bloco-da-farinha-em-santana-de-cataguases\\\/\"},\"wordCount\":449,\"commentCount\":0,\"publisher\":{\"@id\":\"https:\\\/\\\/marcelolopes.jor.br\\\/site\\\/#organization\"},\"image\":{\"@id\":\"https:\\\/\\\/marcelolopes.jor.br\\\/site\\\/2020\\\/01\\\/30\\\/domingo-tem-esquenta-bloco-da-farinha-em-santana-de-cataguases\\\/#primaryimage\"},\"thumbnailUrl\":\"https:\\\/\\\/marcelolopes.jor.br\\\/site\\\/wp-content\\\/uploads\\\/2020\\\/01\\\/15107263_897334493734570_6392895393597316439_n.jpg\",\"keywords\":[\"Beto Kau\u00ea\",\"Bloco da Farinha\",\"carnaval 2020\",\"Esquenta\"],\"articleSection\":[\"Not\u00edcias\"],\"inLanguage\":\"pt-BR\",\"potentialAction\":[{\"@type\":\"CommentAction\",\"name\":\"Comment\",\"target\":[\"https:\\\/\\\/marcelolopes.jor.br\\\/site\\\/2020\\\/01\\\/30\\\/domingo-tem-esquenta-bloco-da-farinha-em-santana-de-cataguases\\\/#respond\"]}]},{\"@type\":\"WebPage\",\"@id\":\"https:\\\/\\\/marcelolopes.jor.br\\\/site\\\/2020\\\/01\\\/30\\\/domingo-tem-esquenta-bloco-da-farinha-em-santana-de-cataguases\\\/\",\"url\":\"https:\\\/\\\/marcelolopes.jor.br\\\/site\\\/2020\\\/01\\\/30\\\/domingo-tem-esquenta-bloco-da-farinha-em-santana-de-cataguases\\\/\",\"name\":\"Domingo tem \\\"Esquenta Bloco da Farinha\\\" em Santana de Cataguases | Marcelo Lopes\",\"isPartOf\":{\"@id\":\"https:\\\/\\\/marcelolopes.jor.br\\\/site\\\/#website\"},\"primaryImageOfPage\":{\"@id\":\"https:\\\/\\\/marcelolopes.jor.br\\\/site\\\/2020\\\/01\\\/30\\\/domingo-tem-esquenta-bloco-da-farinha-em-santana-de-cataguases\\\/#primaryimage\"},\"image\":{\"@id\":\"https:\\\/\\\/marcelolopes.jor.br\\\/site\\\/2020\\\/01\\\/30\\\/domingo-tem-esquenta-bloco-da-farinha-em-santana-de-cataguases\\\/#primaryimage\"},\"thumbnailUrl\":\"https:\\\/\\\/marcelolopes.jor.br\\\/site\\\/wp-content\\\/uploads\\\/2020\\\/01\\\/15107263_897334493734570_6392895393597316439_n.jpg\",\"datePublished\":\"2020-01-30T22:00:31+00:00\",\"breadcrumb\":{\"@id\":\"https:\\\/\\\/marcelolopes.jor.br\\\/site\\\/2020\\\/01\\\/30\\\/domingo-tem-esquenta-bloco-da-farinha-em-santana-de-cataguases\\\/#breadcrumb\"},\"inLanguage\":\"pt-BR\",\"potentialAction\":[{\"@type\":\"ReadAction\",\"target\":[\"https:\\\/\\\/marcelolopes.jor.br\\\/site\\\/2020\\\/01\\\/30\\\/domingo-tem-esquenta-bloco-da-farinha-em-santana-de-cataguases\\\/\"]}]},{\"@type\":\"ImageObject\",\"inLanguage\":\"pt-BR\",\"@id\":\"https:\\\/\\\/marcelolopes.jor.br\\\/site\\\/2020\\\/01\\\/30\\\/domingo-tem-esquenta-bloco-da-farinha-em-santana-de-cataguases\\\/#primaryimage\",\"url\":\"https:\\\/\\\/marcelolopes.jor.br\\\/site\\\/wp-content\\\/uploads\\\/2020\\\/01\\\/15107263_897334493734570_6392895393597316439_n.jpg\",\"contentUrl\":\"https:\\\/\\\/marcelolopes.jor.br\\\/site\\\/wp-content\\\/uploads\\\/2020\\\/01\\\/15107263_897334493734570_6392895393597316439_n.jpg\",\"width\":720,\"height\":494},{\"@type\":\"BreadcrumbList\",\"@id\":\"https:\\\/\\\/marcelolopes.jor.br\\\/site\\\/2020\\\/01\\\/30\\\/domingo-tem-esquenta-bloco-da-farinha-em-santana-de-cataguases\\\/#breadcrumb\",\"itemListElement\":[{\"@type\":\"ListItem\",\"position\":1,\"name\":\"Home\",\"item\":\"https:\\\/\\\/marcelolopes.jor.br\\\/site\\\/\"},{\"@type\":\"ListItem\",\"position\":2,\"name\":\"Domingo tem &#8220;Esquenta Bloco da Farinha&#8221; em Santana de Cataguases\"}]},{\"@type\":\"WebSite\",\"@id\":\"https:\\\/\\\/marcelolopes.jor.br\\\/site\\\/#website\",\"url\":\"https:\\\/\\\/marcelolopes.jor.br\\\/site\\\/\",\"name\":\"Marcelo Lopes\",\"description\":\"Not\u00edcias de Cataguases e Regi\u00e3o\",\"publisher\":{\"@id\":\"https:\\\/\\\/marcelolopes.jor.br\\\/site\\\/#organization\"},\"potentialAction\":[{\"@type\":\"SearchAction\",\"target\":{\"@type\":\"EntryPoint\",\"urlTemplate\":\"https:\\\/\\\/marcelolopes.jor.br\\\/site\\\/?s={search_term_string}\"},\"query-input\":{\"@type\":\"PropertyValueSpecification\",\"valueRequired\":true,\"valueName\":\"search_term_string\"}}],\"inLanguage\":\"pt-BR\"},{\"@type\":\"Organization\",\"@id\":\"https:\\\/\\\/marcelolopes.jor.br\\\/site\\\/#organization\",\"name\":\"Site do Marcelo Lopes\",\"url\":\"https:\\\/\\\/marcelolopes.jor.br\\\/site\\\/\",\"logo\":{\"@type\":\"ImageObject\",\"inLanguage\":\"pt-BR\",\"@id\":\"https:\\\/\\\/marcelolopes.jor.br\\\/site\\\/#\\\/schema\\\/logo\\\/image\\\/\",\"url\":\"https:\\\/\\\/marcelolopes.jor.br\\\/site\\\/wp-content\\\/uploads\\\/2024\\\/11\\\/logo-1.png\",\"contentUrl\":\"https:\\\/\\\/marcelolopes.jor.br\\\/site\\\/wp-content\\\/uploads\\\/2024\\\/11\\\/logo-1.png\",\"width\":475,\"height\":80,\"caption\":\"Site do Marcelo Lopes\"},\"image\":{\"@id\":\"https:\\\/\\\/marcelolopes.jor.br\\\/site\\\/#\\\/schema\\\/logo\\\/image\\\/\"},\"sameAs\":[\"https:\\\/\\\/www.facebook.com\\\/sitedomarcelolopes\",\"https:\\\/\\\/www.instagram.com\\\/sitedomarcelolopes\\\/\",\"https:\\\/\\\/www.linkedin.com\\\/company\\\/site-do-marcelo-lopes\\\/\",\"https:\\\/\\\/www.youtube.com\\\/user\\\/marcelolopes957\"]},{\"@type\":\"Person\",\"@id\":\"https:\\\/\\\/marcelolopes.jor.br\\\/site\\\/#\\\/schema\\\/person\\\/3e7216a35c34d8fdf952b31da3d1f89f\",\"name\":\"Marcelo Lopes\",\"sameAs\":[\"http:\\\/\\\/www.marcelolopes.jor.br\"],\"url\":\"https:\\\/\\\/marcelolopes.jor.br\\\/site\\\/author\\\/marcelo\\\/\"}]}<\/script>\n<!-- \/ Yoast SEO plugin. -->","yoast_head_json":{"title":"Domingo tem \"Esquenta Bloco da Farinha\" em Santana de Cataguases | Marcelo Lopes","robots":{"index":"index","follow":"follow","max-snippet":"max-snippet:-1","max-image-preview":"max-image-preview:large","max-video-preview":"max-video-preview:-1"},"canonical":"https:\/\/marcelolopes.jor.br\/site\/2020\/01\/30\/domingo-tem-esquenta-bloco-da-farinha-em-santana-de-cataguases\/","og_locale":"pt_BR","og_type":"article","og_title":"Domingo tem \"Esquenta Bloco da Farinha\" em Santana de Cataguases | Marcelo Lopes","og_description":"Santana de Cataguases, o munic\u00edpio vizinho mais pr\u00f3ximo de Cataguases, d\u00e1 a largada no Carnaval 2020 neste domingo, 02 de fevereiro a partir das 14 horas, no campo do Bairro S\u00e3o Francisco. E quem vai come\u00e7ar a folia \u00e9 oLeia mais Domingo tem &#8220;Esquenta Bloco da Farinha&#8221; em Santana de Cataguases","og_url":"https:\/\/marcelolopes.jor.br\/site\/2020\/01\/30\/domingo-tem-esquenta-bloco-da-farinha-em-santana-de-cataguases\/","og_site_name":"Marcelo Lopes","article_publisher":"https:\/\/www.facebook.com\/sitedomarcelolopes","article_published_time":"2020-01-30T22:00:31+00:00","og_image":[{"width":720,"height":494,"url":"https:\/\/marcelolopes.jor.br\/site\/wp-content\/uploads\/2020\/01\/15107263_897334493734570_6392895393597316439_n.jpg","type":"image\/jpeg"}],"author":"Marcelo Lopes","twitter_card":"summary_large_image","twitter_misc":{"Escrito por":"Marcelo Lopes","Est. tempo de leitura":"2 minutos"},"schema":{"@context":"https:\/\/schema.org","@graph":[{"@type":"NewsArticle","@id":"https:\/\/marcelolopes.jor.br\/site\/2020\/01\/30\/domingo-tem-esquenta-bloco-da-farinha-em-santana-de-cataguases\/#article","isPartOf":{"@id":"https:\/\/marcelolopes.jor.br\/site\/2020\/01\/30\/domingo-tem-esquenta-bloco-da-farinha-em-santana-de-cataguases\/"},"author":{"name":"Marcelo Lopes","@id":"https:\/\/marcelolopes.jor.br\/site\/#\/schema\/person\/3e7216a35c34d8fdf952b31da3d1f89f"},"headline":"Domingo tem &#8220;Esquenta Bloco da Farinha&#8221; em Santana de Cataguases","datePublished":"2020-01-30T22:00:31+00:00","mainEntityOfPage":{"@id":"https:\/\/marcelolopes.jor.br\/site\/2020\/01\/30\/domingo-tem-esquenta-bloco-da-farinha-em-santana-de-cataguases\/"},"wordCount":449,"commentCount":0,"publisher":{"@id":"https:\/\/marcelolopes.jor.br\/site\/#organization"},"image":{"@id":"https:\/\/marcelolopes.jor.br\/site\/2020\/01\/30\/domingo-tem-esquenta-bloco-da-farinha-em-santana-de-cataguases\/#primaryimage"},"thumbnailUrl":"https:\/\/marcelolopes.jor.br\/site\/wp-content\/uploads\/2020\/01\/15107263_897334493734570_6392895393597316439_n.jpg","keywords":["Beto Kau\u00ea","Bloco da Farinha","carnaval 2020","Esquenta"],"articleSection":["Not\u00edcias"],"inLanguage":"pt-BR","potentialAction":[{"@type":"CommentAction","name":"Comment","target":["https:\/\/marcelolopes.jor.br\/site\/2020\/01\/30\/domingo-tem-esquenta-bloco-da-farinha-em-santana-de-cataguases\/#respond"]}]},{"@type":"WebPage","@id":"https:\/\/marcelolopes.jor.br\/site\/2020\/01\/30\/domingo-tem-esquenta-bloco-da-farinha-em-santana-de-cataguases\/","url":"https:\/\/marcelolopes.jor.br\/site\/2020\/01\/30\/domingo-tem-esquenta-bloco-da-farinha-em-santana-de-cataguases\/","name":"Domingo tem \"Esquenta Bloco da Farinha\" em Santana de Cataguases | Marcelo Lopes","isPartOf":{"@id":"https:\/\/marcelolopes.jor.br\/site\/#website"},"primaryImageOfPage":{"@id":"https:\/\/marcelolopes.jor.br\/site\/2020\/01\/30\/domingo-tem-esquenta-bloco-da-farinha-em-santana-de-cataguases\/#primaryimage"},"image":{"@id":"https:\/\/marcelolopes.jor.br\/site\/2020\/01\/30\/domingo-tem-esquenta-bloco-da-farinha-em-santana-de-cataguases\/#primaryimage"},"thumbnailUrl":"https:\/\/marcelolopes.jor.br\/site\/wp-content\/uploads\/2020\/01\/15107263_897334493734570_6392895393597316439_n.jpg","datePublished":"2020-01-30T22:00:31+00:00","breadcrumb":{"@id":"https:\/\/marcelolopes.jor.br\/site\/2020\/01\/30\/domingo-tem-esquenta-bloco-da-farinha-em-santana-de-cataguases\/#breadcrumb"},"inLanguage":"pt-BR","potentialAction":[{"@type":"ReadAction","target":["https:\/\/marcelolopes.jor.br\/site\/2020\/01\/30\/domingo-tem-esquenta-bloco-da-farinha-em-santana-de-cataguases\/"]}]},{"@type":"ImageObject","inLanguage":"pt-BR","@id":"https:\/\/marcelolopes.jor.br\/site\/2020\/01\/30\/domingo-tem-esquenta-bloco-da-farinha-em-santana-de-cataguases\/#primaryimage","url":"https:\/\/marcelolopes.jor.br\/site\/wp-content\/uploads\/2020\/01\/15107263_897334493734570_6392895393597316439_n.jpg","contentUrl":"https:\/\/marcelolopes.jor.br\/site\/wp-content\/uploads\/2020\/01\/15107263_897334493734570_6392895393597316439_n.jpg","width":720,"height":494},{"@type":"BreadcrumbList","@id":"https:\/\/marcelolopes.jor.br\/site\/2020\/01\/30\/domingo-tem-esquenta-bloco-da-farinha-em-santana-de-cataguases\/#breadcrumb","itemListElement":[{"@type":"ListItem","position":1,"name":"Home","item":"https:\/\/marcelolopes.jor.br\/site\/"},{"@type":"ListItem","position":2,"name":"Domingo tem &#8220;Esquenta Bloco da Farinha&#8221; em Santana de Cataguases"}]},{"@type":"WebSite","@id":"https:\/\/marcelolopes.jor.br\/site\/#website","url":"https:\/\/marcelolopes.jor.br\/site\/","name":"Marcelo Lopes","description":"Not\u00edcias de Cataguases e Regi\u00e3o","publisher":{"@id":"https:\/\/marcelolopes.jor.br\/site\/#organization"},"potentialAction":[{"@type":"SearchAction","target":{"@type":"EntryPoint","urlTemplate":"https:\/\/marcelolopes.jor.br\/site\/?s={search_term_string}"},"query-input":{"@type":"PropertyValueSpecification","valueRequired":true,"valueName":"search_term_string"}}],"inLanguage":"pt-BR"},{"@type":"Organization","@id":"https:\/\/marcelolopes.jor.br\/site\/#organization","name":"Site do Marcelo Lopes","url":"https:\/\/marcelolopes.jor.br\/site\/","logo":{"@type":"ImageObject","inLanguage":"pt-BR","@id":"https:\/\/marcelolopes.jor.br\/site\/#\/schema\/logo\/image\/","url":"https:\/\/marcelolopes.jor.br\/site\/wp-content\/uploads\/2024\/11\/logo-1.png","contentUrl":"https:\/\/marcelolopes.jor.br\/site\/wp-content\/uploads\/2024\/11\/logo-1.png","width":475,"height":80,"caption":"Site do Marcelo Lopes"},"image":{"@id":"https:\/\/marcelolopes.jor.br\/site\/#\/schema\/logo\/image\/"},"sameAs":["https:\/\/www.facebook.com\/sitedomarcelolopes","https:\/\/www.instagram.com\/sitedomarcelolopes\/","https:\/\/www.linkedin.com\/company\/site-do-marcelo-lopes\/","https:\/\/www.youtube.com\/user\/marcelolopes957"]},{"@type":"Person","@id":"https:\/\/marcelolopes.jor.br\/site\/#\/schema\/person\/3e7216a35c34d8fdf952b31da3d1f89f","name":"Marcelo Lopes","sameAs":["http:\/\/www.marcelolopes.jor.br"],"url":"https:\/\/marcelolopes.jor.br\/site\/author\/marcelo\/"}]}},"wps_subtitle":"Beto Kau\u00ea \u00e9 a atra\u00e7\u00e3o principal e os DJs F\u00e1bio Feeling e Morango v\u00e3o se apresentar.","_links":{"self":[{"href":"https:\/\/marcelolopes.jor.br\/site\/wp-json\/wp\/v2\/posts\/11009","targetHints":{"allow":["GET"]}}],"collection":[{"href":"https:\/\/marcelolopes.jor.br\/site\/wp-json\/wp\/v2\/posts"}],"about":[{"href":"https:\/\/marcelolopes.jor.br\/site\/wp-json\/wp\/v2\/types\/post"}],"author":[{"embeddable":true,"href":"https:\/\/marcelolopes.jor.br\/site\/wp-json\/wp\/v2\/users\/2"}],"replies":[{"embeddable":true,"href":"https:\/\/marcelolopes.jor.br\/site\/wp-json\/wp\/v2\/comments?post=11009"}],"version-history":[{"count":0,"href":"https:\/\/marcelolopes.jor.br\/site\/wp-json\/wp\/v2\/posts\/11009\/revisions"}],"wp:featuredmedia":[{"embeddable":true,"href":"https:\/\/marcelolopes.jor.br\/site\/wp-json\/wp\/v2\/media\/11011"}],"wp:attachment":[{"href":"https:\/\/marcelolopes.jor.br\/site\/wp-json\/wp\/v2\/media?parent=11009"}],"wp:term":[{"taxonomy":"category","embeddable":true,"href":"https:\/\/marcelolopes.jor.br\/site\/wp-json\/wp\/v2\/categories?post=11009"},{"taxonomy":"post_tag","embeddable":true,"href":"https:\/\/marcelolopes.jor.br\/site\/wp-json\/wp\/v2\/tags?post=11009"}],"curies":[{"name":"wp","href":"https:\/\/api.w.org\/{rel}","templated":true}]}}