{"id":10992,"date":"2020-01-30T12:24:01","date_gmt":"2020-01-30T15:24:01","guid":{"rendered":"https:\/\/marcelolopes.jor.br\/?p=10992"},"modified":"2020-01-30T12:24:33","modified_gmt":"2020-01-30T15:24:33","slug":"vereadores-aprovam-leis-para-beneficiar-populacao-atingida-pela-enchente","status":"publish","type":"post","link":"https:\/\/marcelolopes.jor.br\/site\/2020\/01\/30\/vereadores-aprovam-leis-para-beneficiar-populacao-atingida-pela-enchente\/","title":{"rendered":"Vereadores aprovam leis para beneficiar popula\u00e7\u00e3o atingida pela enchente"},"content":{"rendered":"<p style=\"text-align: justify;\">Com a presen\u00e7a maci\u00e7a dos ambulantes de Cataguases, o presidente da C\u00e2mara Municipal, vereador Ricardo Dias, promulgou a lei de autoria do vereador Marcos da Costa Garcia, o Marquinhos do A\u00e7ougue, prorrogando por mais sessenta meses, o prazo para a realiza\u00e7\u00e3o de licita\u00e7\u00e3o para regulariza\u00e7\u00e3o dos vendedores de rua no munic\u00edpio. O ato aconteceu durante a sess\u00e3o extraordin\u00e1ria realizada por aquela Casa na manh\u00e3 desta quinta-feira, 30 de janeiro. Ricardo, antes de assinar a promulga\u00e7\u00e3o da lei aprovada no final do ano passado por unanimidade, reiterou sua disposi\u00e7\u00e3o de lutar na justi\u00e7a, caso seja preciso, para garantir a legalidade do texto que, conforme afirmou, &#8220;beneficia a popula\u00e7\u00e3o.&#8221;<!--more--><\/p>\n<p style=\"text-align: justify;\"><img loading=\"lazy\" decoding=\"async\" class=\"aligncenter wp-image-10995\" src=\"https:\/\/marcelolopes.jor.br\/site\/wp-content\/uploads\/2020\/01\/IMG_1261.jpeg\" alt=\"\" width=\"600\" height=\"450\" srcset=\"https:\/\/marcelolopes.jor.br\/site\/wp-content\/uploads\/2020\/01\/IMG_1261.jpeg 800w, https:\/\/marcelolopes.jor.br\/site\/wp-content\/uploads\/2020\/01\/IMG_1261-300x225.jpeg 300w, https:\/\/marcelolopes.jor.br\/site\/wp-content\/uploads\/2020\/01\/IMG_1261-768x576.jpeg 768w\" sizes=\"auto, (max-width: 600px) 100vw, 600px\" \/>A sess\u00e3o foi convocada tamb\u00e9m para votar dois outros projetos de lei de autoria do vereador Ricardo Dias, criados em decorr\u00eancia da enchente que castigou Cataguases no \u00faltimo final de semana. As duas iniciativas t\u00eam por objetivo conceder benef\u00edcios aos atingidos pela chuva. O primeiro projeto de lei, n\u00ba 06\/2020, \u201cconcede isen\u00e7\u00e3o total da tarifa de \u00e1gua e esgoto \u00e0s fam\u00edlias vitimas de enchentes do Munic\u00edpio de Cataguases durante per\u00edodo determinado\u201d. Ap\u00f3s ampla discuss\u00e3o entre os vereadores, o texto foi aprovado por treze votos favor\u00e1veis. Um vereador n\u00e3o compareceu \u00e0 sess\u00e3o e o presidente n\u00e3o vota.<\/p>\n<p style=\"text-align: justify;\">O segundo projeto de lei, de n\u00ba 07\/2020 \u2013 \u201cDisp\u00f5e sobre a isen\u00e7\u00e3o ou remiss\u00e3o do IPTU aos im\u00f3veis que foram atingidos pelas enchentes\u201d. Aqui parte dos vereadores que apoiam o prefeito, apesar de manifestarem-se favor\u00e1veis ao texto, preferiram n\u00e3o criar problemas para o chefe do Executivo e votaram contra a sua aprova\u00e7\u00e3o. Mesmo assim o projeto de lei foi aprovado recebendo apenas 3 votos contra. Como um vereador n\u00e3o compareceu \u00e0 sess\u00e3o e o presidente n\u00e3o vota, o texto recebeu dez votos favor\u00e1veis. Ambos os projetos seguem, agora, para a san\u00e7\u00e3o do prefeito Willian Lobo de Almeida. Caso ele n\u00e3o o fa\u00e7a, o presidente Ricardo Dias disse que ir\u00e1 promulg\u00e1-los por entender seu &#8220;grande alcance social junto \u00e0 popula\u00e7\u00e3o&#8221;.<\/p>\n<p style=\"text-align: justify;\">O Legislativo recebeu c\u00f3pia do decreto n\u00ba 5.186\/2020 do prefeito Willian Lobo suspendendo investimentos p\u00fablicos em eventos do carnaval 2020. Para justificar a medida ele argumentou a &#8220;situa\u00e7\u00e3o financeira cr\u00edtica em que se encontra o munic\u00edpio&#8221; e o &#8220;desastre natural meteorol\u00f3gico causado por tempestades local, chuvas intensas e inunda\u00e7\u00f5es em todo o territ\u00f3rio do munic\u00edpio, dificultando o acesso dos transportes, isolamento de bairros e locomo\u00e7\u00e3o da popula\u00e7\u00e3o, ficando em estado de alagamento diversos locais do munic\u00edpio.&#8221; O texto decreta que &#8220;n\u00e3o haver\u00e1 Carnaval oficial no munic\u00edpio em 2020&#8221;, e pro\u00edbe o Poder Executivo de fazer repasses de dinheiro p\u00fablico relativos ao Carnaval de 2020 &#8220;bem como custear, financiar, contratar, pagar quaisquer despesas da festa momesca.&#8221;<\/p>\n<p><img loading=\"lazy\" decoding=\"async\" class=\"aligncenter wp-image-10996\" src=\"https:\/\/marcelolopes.jor.br\/site\/wp-content\/uploads\/2020\/01\/IMG_1275.jpeg\" alt=\"\" width=\"600\" height=\"338\" srcset=\"https:\/\/marcelolopes.jor.br\/site\/wp-content\/uploads\/2020\/01\/IMG_1275.jpeg 800w, https:\/\/marcelolopes.jor.br\/site\/wp-content\/uploads\/2020\/01\/IMG_1275-300x169.jpeg 300w, https:\/\/marcelolopes.jor.br\/site\/wp-content\/uploads\/2020\/01\/IMG_1275-768x432.jpeg 768w\" sizes=\"auto, (max-width: 600px) 100vw, 600px\" \/><\/p>\n<div class=\"lwrtl69f715bced21f\" ><br><\/div><style type=\"text\/css\">\r\n@media screen and (min-width: 1201px) {\r\n.lwrtl69f715bced21f {\r\ndisplay: block;\r\n}\r\n}\r\n@media screen and (min-width: 993px) and (max-width: 1200px) {\r\n.lwrtl69f715bced21f {\r\ndisplay: block;\r\n}\r\n}\r\n@media screen and (min-width: 769px) and (max-width: 992px) {\r\n.lwrtl69f715bced21f {\r\ndisplay: block;\r\n}\r\n}\r\n@media screen and (min-width: 768px) and (max-width: 768px) {\r\n.lwrtl69f715bced21f {\r\ndisplay: block;\r\n}\r\n}\r\n@media screen and (max-width: 767px) {\r\n.lwrtl69f715bced21f {\r\ndisplay: block;\r\n}\r\n}\r\n<\/style>\r\n<div class=\"usady69f715bcf1e00\" ><div id=\"div_destino\"><\/div>\r\n<script src=\"https:\/\/cdn.snsrsv.com\/sdk.js\"><\/script>\r\n<script >\r\n      new sdk(\"464030C30061EA8BE065000000000001\") \r\n          .appendTo(\"div_destino\")\r\n          .disableStyle(true) \r\n          .setCacheBusterMacro(\"%%CACHEBUSTER%%\")\r\n          .setSize(\"800\",\"214\")\r\n          .setClickMacro(\"%%CLICK_URL_ESC%%\") \r\n          .setReferrerUrlMacro(\"%%REFERRER_URL_ESC%%\") \r\n          .start(); \r\n<\/script><\/div><style type=\"text\/css\">\r\n@media screen and (min-width: 1201px) {\r\n.usady69f715bcf1e00 {\r\ndisplay: block;\r\n}\r\n}\r\n@media screen and (min-width: 993px) and (max-width: 1200px) {\r\n.usady69f715bcf1e00 {\r\ndisplay: block;\r\n}\r\n}\r\n@media screen and (min-width: 769px) and (max-width: 992px) {\r\n.usady69f715bcf1e00 {\r\ndisplay: block;\r\n}\r\n}\r\n@media screen and (min-width: 768px) and (max-width: 768px) {\r\n.usady69f715bcf1e00 {\r\ndisplay: block;\r\n}\r\n}\r\n@media screen and (max-width: 767px) {\r\n.usady69f715bcf1e00 {\r\ndisplay: block;\r\n}\r\n}\r\n<\/style>\r\n","protected":false},"excerpt":{"rendered":"<p>Com a presen\u00e7a maci\u00e7a dos ambulantes de Cataguases, o presidente da C\u00e2mara Municipal, vereador Ricardo Dias, promulgou a lei de autoria do vereador Marcos da Costa Garcia, o Marquinhos do A\u00e7ougue, prorrogando por mais sessenta meses, o prazo para a<\/p>\n<p class=\"link-more\"><a class=\"more-link\" href=\"https:\/\/marcelolopes.jor.br\/site\/2020\/01\/30\/vereadores-aprovam-leis-para-beneficiar-populacao-atingida-pela-enchente\/\">Leia mais <span class=\"screen-reader-text\">Vereadores aprovam leis para beneficiar popula\u00e7\u00e3o atingida pela enchente<\/span><\/a><\/p>\n","protected":false},"author":2,"featured_media":10994,"comment_status":"open","ping_status":"open","sticky":false,"template":"","format":"standard","meta":{"footnotes":""},"categories":[1],"tags":[2046,345,1763,2047],"class_list":["post-10992","post","type-post","status-publish","format-standard","has-post-thumbnail","hentry","category-noticias","tag-ambulantes","tag-camara-municipal","tag-enchente","tag-isencao-de-impostos","thumb-below-title"],"yoast_head":"<!-- This site is optimized with the Yoast SEO plugin v27.4 - https:\/\/yoast.com\/product\/yoast-seo-wordpress\/ -->\n<title>Vereadores aprovam leis para beneficiar popula\u00e7\u00e3o atingida pela enchente | Marcelo Lopes<\/title>\n<meta name=\"robots\" content=\"index, follow, max-snippet:-1, max-image-preview:large, max-video-preview:-1\" \/>\n<link rel=\"canonical\" href=\"https:\/\/marcelolopes.jor.br\/site\/2020\/01\/30\/vereadores-aprovam-leis-para-beneficiar-populacao-atingida-pela-enchente\/\" \/>\n<meta property=\"og:locale\" content=\"pt_BR\" \/>\n<meta property=\"og:type\" content=\"article\" \/>\n<meta property=\"og:title\" content=\"Vereadores aprovam leis para beneficiar popula\u00e7\u00e3o atingida pela enchente | Marcelo Lopes\" \/>\n<meta property=\"og:description\" content=\"Com a presen\u00e7a maci\u00e7a dos ambulantes de Cataguases, o presidente da C\u00e2mara Municipal, vereador Ricardo Dias, promulgou a lei de autoria do vereador Marcos da Costa Garcia, o Marquinhos do A\u00e7ougue, prorrogando por mais sessenta meses, o prazo para aLeia mais Vereadores aprovam leis para beneficiar popula\u00e7\u00e3o atingida pela enchente\" \/>\n<meta property=\"og:url\" content=\"https:\/\/marcelolopes.jor.br\/site\/2020\/01\/30\/vereadores-aprovam-leis-para-beneficiar-populacao-atingida-pela-enchente\/\" \/>\n<meta property=\"og:site_name\" content=\"Marcelo Lopes\" \/>\n<meta property=\"article:publisher\" content=\"https:\/\/www.facebook.com\/sitedomarcelolopes\" \/>\n<meta property=\"article:published_time\" content=\"2020-01-30T15:24:01+00:00\" \/>\n<meta property=\"article:modified_time\" content=\"2020-01-30T15:24:33+00:00\" \/>\n<meta property=\"og:image\" content=\"https:\/\/marcelolopes.jor.br\/site\/wp-content\/uploads\/2020\/01\/IMG_1272.jpeg\" \/>\n\t<meta property=\"og:image:width\" content=\"800\" \/>\n\t<meta property=\"og:image:height\" content=\"600\" \/>\n\t<meta property=\"og:image:type\" content=\"image\/jpeg\" \/>\n<meta name=\"author\" content=\"Marcelo Lopes\" \/>\n<meta name=\"twitter:card\" content=\"summary_large_image\" \/>\n<meta name=\"twitter:label1\" content=\"Escrito por\" \/>\n\t<meta name=\"twitter:data1\" content=\"Marcelo Lopes\" \/>\n\t<meta name=\"twitter:label2\" content=\"Est. tempo de leitura\" \/>\n\t<meta name=\"twitter:data2\" content=\"2 minutos\" \/>\n<script type=\"application\/ld+json\" class=\"yoast-schema-graph\">{\"@context\":\"https:\\\/\\\/schema.org\",\"@graph\":[{\"@type\":\"NewsArticle\",\"@id\":\"https:\\\/\\\/marcelolopes.jor.br\\\/site\\\/2020\\\/01\\\/30\\\/vereadores-aprovam-leis-para-beneficiar-populacao-atingida-pela-enchente\\\/#article\",\"isPartOf\":{\"@id\":\"https:\\\/\\\/marcelolopes.jor.br\\\/site\\\/2020\\\/01\\\/30\\\/vereadores-aprovam-leis-para-beneficiar-populacao-atingida-pela-enchente\\\/\"},\"author\":{\"name\":\"Marcelo Lopes\",\"@id\":\"https:\\\/\\\/marcelolopes.jor.br\\\/site\\\/#\\\/schema\\\/person\\\/3e7216a35c34d8fdf952b31da3d1f89f\"},\"headline\":\"Vereadores aprovam leis para beneficiar popula\u00e7\u00e3o atingida pela enchente\",\"datePublished\":\"2020-01-30T15:24:01+00:00\",\"dateModified\":\"2020-01-30T15:24:33+00:00\",\"mainEntityOfPage\":{\"@id\":\"https:\\\/\\\/marcelolopes.jor.br\\\/site\\\/2020\\\/01\\\/30\\\/vereadores-aprovam-leis-para-beneficiar-populacao-atingida-pela-enchente\\\/\"},\"wordCount\":497,\"commentCount\":0,\"publisher\":{\"@id\":\"https:\\\/\\\/marcelolopes.jor.br\\\/site\\\/#organization\"},\"image\":{\"@id\":\"https:\\\/\\\/marcelolopes.jor.br\\\/site\\\/2020\\\/01\\\/30\\\/vereadores-aprovam-leis-para-beneficiar-populacao-atingida-pela-enchente\\\/#primaryimage\"},\"thumbnailUrl\":\"https:\\\/\\\/marcelolopes.jor.br\\\/site\\\/wp-content\\\/uploads\\\/2020\\\/01\\\/IMG_1272.jpeg\",\"keywords\":[\"ambulantes\",\"C\u00e2mara Municipal\",\"enchente\",\"isen\u00e7\u00e3o de impostos\"],\"articleSection\":[\"Not\u00edcias\"],\"inLanguage\":\"pt-BR\",\"potentialAction\":[{\"@type\":\"CommentAction\",\"name\":\"Comment\",\"target\":[\"https:\\\/\\\/marcelolopes.jor.br\\\/site\\\/2020\\\/01\\\/30\\\/vereadores-aprovam-leis-para-beneficiar-populacao-atingida-pela-enchente\\\/#respond\"]}]},{\"@type\":\"WebPage\",\"@id\":\"https:\\\/\\\/marcelolopes.jor.br\\\/site\\\/2020\\\/01\\\/30\\\/vereadores-aprovam-leis-para-beneficiar-populacao-atingida-pela-enchente\\\/\",\"url\":\"https:\\\/\\\/marcelolopes.jor.br\\\/site\\\/2020\\\/01\\\/30\\\/vereadores-aprovam-leis-para-beneficiar-populacao-atingida-pela-enchente\\\/\",\"name\":\"Vereadores aprovam leis para beneficiar popula\u00e7\u00e3o atingida pela enchente | Marcelo Lopes\",\"isPartOf\":{\"@id\":\"https:\\\/\\\/marcelolopes.jor.br\\\/site\\\/#website\"},\"primaryImageOfPage\":{\"@id\":\"https:\\\/\\\/marcelolopes.jor.br\\\/site\\\/2020\\\/01\\\/30\\\/vereadores-aprovam-leis-para-beneficiar-populacao-atingida-pela-enchente\\\/#primaryimage\"},\"image\":{\"@id\":\"https:\\\/\\\/marcelolopes.jor.br\\\/site\\\/2020\\\/01\\\/30\\\/vereadores-aprovam-leis-para-beneficiar-populacao-atingida-pela-enchente\\\/#primaryimage\"},\"thumbnailUrl\":\"https:\\\/\\\/marcelolopes.jor.br\\\/site\\\/wp-content\\\/uploads\\\/2020\\\/01\\\/IMG_1272.jpeg\",\"datePublished\":\"2020-01-30T15:24:01+00:00\",\"dateModified\":\"2020-01-30T15:24:33+00:00\",\"breadcrumb\":{\"@id\":\"https:\\\/\\\/marcelolopes.jor.br\\\/site\\\/2020\\\/01\\\/30\\\/vereadores-aprovam-leis-para-beneficiar-populacao-atingida-pela-enchente\\\/#breadcrumb\"},\"inLanguage\":\"pt-BR\",\"potentialAction\":[{\"@type\":\"ReadAction\",\"target\":[\"https:\\\/\\\/marcelolopes.jor.br\\\/site\\\/2020\\\/01\\\/30\\\/vereadores-aprovam-leis-para-beneficiar-populacao-atingida-pela-enchente\\\/\"]}]},{\"@type\":\"ImageObject\",\"inLanguage\":\"pt-BR\",\"@id\":\"https:\\\/\\\/marcelolopes.jor.br\\\/site\\\/2020\\\/01\\\/30\\\/vereadores-aprovam-leis-para-beneficiar-populacao-atingida-pela-enchente\\\/#primaryimage\",\"url\":\"https:\\\/\\\/marcelolopes.jor.br\\\/site\\\/wp-content\\\/uploads\\\/2020\\\/01\\\/IMG_1272.jpeg\",\"contentUrl\":\"https:\\\/\\\/marcelolopes.jor.br\\\/site\\\/wp-content\\\/uploads\\\/2020\\\/01\\\/IMG_1272.jpeg\",\"width\":800,\"height\":600},{\"@type\":\"BreadcrumbList\",\"@id\":\"https:\\\/\\\/marcelolopes.jor.br\\\/site\\\/2020\\\/01\\\/30\\\/vereadores-aprovam-leis-para-beneficiar-populacao-atingida-pela-enchente\\\/#breadcrumb\",\"itemListElement\":[{\"@type\":\"ListItem\",\"position\":1,\"name\":\"Home\",\"item\":\"https:\\\/\\\/marcelolopes.jor.br\\\/site\\\/\"},{\"@type\":\"ListItem\",\"position\":2,\"name\":\"Vereadores aprovam leis para beneficiar popula\u00e7\u00e3o atingida pela enchente\"}]},{\"@type\":\"WebSite\",\"@id\":\"https:\\\/\\\/marcelolopes.jor.br\\\/site\\\/#website\",\"url\":\"https:\\\/\\\/marcelolopes.jor.br\\\/site\\\/\",\"name\":\"Marcelo Lopes\",\"description\":\"Not\u00edcias de Cataguases e Regi\u00e3o\",\"publisher\":{\"@id\":\"https:\\\/\\\/marcelolopes.jor.br\\\/site\\\/#organization\"},\"potentialAction\":[{\"@type\":\"SearchAction\",\"target\":{\"@type\":\"EntryPoint\",\"urlTemplate\":\"https:\\\/\\\/marcelolopes.jor.br\\\/site\\\/?s={search_term_string}\"},\"query-input\":{\"@type\":\"PropertyValueSpecification\",\"valueRequired\":true,\"valueName\":\"search_term_string\"}}],\"inLanguage\":\"pt-BR\"},{\"@type\":\"Organization\",\"@id\":\"https:\\\/\\\/marcelolopes.jor.br\\\/site\\\/#organization\",\"name\":\"Site do Marcelo Lopes\",\"url\":\"https:\\\/\\\/marcelolopes.jor.br\\\/site\\\/\",\"logo\":{\"@type\":\"ImageObject\",\"inLanguage\":\"pt-BR\",\"@id\":\"https:\\\/\\\/marcelolopes.jor.br\\\/site\\\/#\\\/schema\\\/logo\\\/image\\\/\",\"url\":\"https:\\\/\\\/marcelolopes.jor.br\\\/site\\\/wp-content\\\/uploads\\\/2024\\\/11\\\/logo-1.png\",\"contentUrl\":\"https:\\\/\\\/marcelolopes.jor.br\\\/site\\\/wp-content\\\/uploads\\\/2024\\\/11\\\/logo-1.png\",\"width\":475,\"height\":80,\"caption\":\"Site do Marcelo Lopes\"},\"image\":{\"@id\":\"https:\\\/\\\/marcelolopes.jor.br\\\/site\\\/#\\\/schema\\\/logo\\\/image\\\/\"},\"sameAs\":[\"https:\\\/\\\/www.facebook.com\\\/sitedomarcelolopes\",\"https:\\\/\\\/www.instagram.com\\\/sitedomarcelolopes\\\/\",\"https:\\\/\\\/www.linkedin.com\\\/company\\\/site-do-marcelo-lopes\\\/\",\"https:\\\/\\\/www.youtube.com\\\/user\\\/marcelolopes957\"]},{\"@type\":\"Person\",\"@id\":\"https:\\\/\\\/marcelolopes.jor.br\\\/site\\\/#\\\/schema\\\/person\\\/3e7216a35c34d8fdf952b31da3d1f89f\",\"name\":\"Marcelo Lopes\",\"sameAs\":[\"http:\\\/\\\/www.marcelolopes.jor.br\"],\"url\":\"https:\\\/\\\/marcelolopes.jor.br\\\/site\\\/author\\\/marcelo\\\/\"}]}<\/script>\n<!-- \/ Yoast SEO plugin. -->","yoast_head_json":{"title":"Vereadores aprovam leis para beneficiar popula\u00e7\u00e3o atingida pela enchente | Marcelo Lopes","robots":{"index":"index","follow":"follow","max-snippet":"max-snippet:-1","max-image-preview":"max-image-preview:large","max-video-preview":"max-video-preview:-1"},"canonical":"https:\/\/marcelolopes.jor.br\/site\/2020\/01\/30\/vereadores-aprovam-leis-para-beneficiar-populacao-atingida-pela-enchente\/","og_locale":"pt_BR","og_type":"article","og_title":"Vereadores aprovam leis para beneficiar popula\u00e7\u00e3o atingida pela enchente | Marcelo Lopes","og_description":"Com a presen\u00e7a maci\u00e7a dos ambulantes de Cataguases, o presidente da C\u00e2mara Municipal, vereador Ricardo Dias, promulgou a lei de autoria do vereador Marcos da Costa Garcia, o Marquinhos do A\u00e7ougue, prorrogando por mais sessenta meses, o prazo para aLeia mais Vereadores aprovam leis para beneficiar popula\u00e7\u00e3o atingida pela enchente","og_url":"https:\/\/marcelolopes.jor.br\/site\/2020\/01\/30\/vereadores-aprovam-leis-para-beneficiar-populacao-atingida-pela-enchente\/","og_site_name":"Marcelo Lopes","article_publisher":"https:\/\/www.facebook.com\/sitedomarcelolopes","article_published_time":"2020-01-30T15:24:01+00:00","article_modified_time":"2020-01-30T15:24:33+00:00","og_image":[{"width":800,"height":600,"url":"https:\/\/marcelolopes.jor.br\/site\/wp-content\/uploads\/2020\/01\/IMG_1272.jpeg","type":"image\/jpeg"}],"author":"Marcelo Lopes","twitter_card":"summary_large_image","twitter_misc":{"Escrito por":"Marcelo Lopes","Est. tempo de leitura":"2 minutos"},"schema":{"@context":"https:\/\/schema.org","@graph":[{"@type":"NewsArticle","@id":"https:\/\/marcelolopes.jor.br\/site\/2020\/01\/30\/vereadores-aprovam-leis-para-beneficiar-populacao-atingida-pela-enchente\/#article","isPartOf":{"@id":"https:\/\/marcelolopes.jor.br\/site\/2020\/01\/30\/vereadores-aprovam-leis-para-beneficiar-populacao-atingida-pela-enchente\/"},"author":{"name":"Marcelo Lopes","@id":"https:\/\/marcelolopes.jor.br\/site\/#\/schema\/person\/3e7216a35c34d8fdf952b31da3d1f89f"},"headline":"Vereadores aprovam leis para beneficiar popula\u00e7\u00e3o atingida pela enchente","datePublished":"2020-01-30T15:24:01+00:00","dateModified":"2020-01-30T15:24:33+00:00","mainEntityOfPage":{"@id":"https:\/\/marcelolopes.jor.br\/site\/2020\/01\/30\/vereadores-aprovam-leis-para-beneficiar-populacao-atingida-pela-enchente\/"},"wordCount":497,"commentCount":0,"publisher":{"@id":"https:\/\/marcelolopes.jor.br\/site\/#organization"},"image":{"@id":"https:\/\/marcelolopes.jor.br\/site\/2020\/01\/30\/vereadores-aprovam-leis-para-beneficiar-populacao-atingida-pela-enchente\/#primaryimage"},"thumbnailUrl":"https:\/\/marcelolopes.jor.br\/site\/wp-content\/uploads\/2020\/01\/IMG_1272.jpeg","keywords":["ambulantes","C\u00e2mara Municipal","enchente","isen\u00e7\u00e3o de impostos"],"articleSection":["Not\u00edcias"],"inLanguage":"pt-BR","potentialAction":[{"@type":"CommentAction","name":"Comment","target":["https:\/\/marcelolopes.jor.br\/site\/2020\/01\/30\/vereadores-aprovam-leis-para-beneficiar-populacao-atingida-pela-enchente\/#respond"]}]},{"@type":"WebPage","@id":"https:\/\/marcelolopes.jor.br\/site\/2020\/01\/30\/vereadores-aprovam-leis-para-beneficiar-populacao-atingida-pela-enchente\/","url":"https:\/\/marcelolopes.jor.br\/site\/2020\/01\/30\/vereadores-aprovam-leis-para-beneficiar-populacao-atingida-pela-enchente\/","name":"Vereadores aprovam leis para beneficiar popula\u00e7\u00e3o atingida pela enchente | Marcelo Lopes","isPartOf":{"@id":"https:\/\/marcelolopes.jor.br\/site\/#website"},"primaryImageOfPage":{"@id":"https:\/\/marcelolopes.jor.br\/site\/2020\/01\/30\/vereadores-aprovam-leis-para-beneficiar-populacao-atingida-pela-enchente\/#primaryimage"},"image":{"@id":"https:\/\/marcelolopes.jor.br\/site\/2020\/01\/30\/vereadores-aprovam-leis-para-beneficiar-populacao-atingida-pela-enchente\/#primaryimage"},"thumbnailUrl":"https:\/\/marcelolopes.jor.br\/site\/wp-content\/uploads\/2020\/01\/IMG_1272.jpeg","datePublished":"2020-01-30T15:24:01+00:00","dateModified":"2020-01-30T15:24:33+00:00","breadcrumb":{"@id":"https:\/\/marcelolopes.jor.br\/site\/2020\/01\/30\/vereadores-aprovam-leis-para-beneficiar-populacao-atingida-pela-enchente\/#breadcrumb"},"inLanguage":"pt-BR","potentialAction":[{"@type":"ReadAction","target":["https:\/\/marcelolopes.jor.br\/site\/2020\/01\/30\/vereadores-aprovam-leis-para-beneficiar-populacao-atingida-pela-enchente\/"]}]},{"@type":"ImageObject","inLanguage":"pt-BR","@id":"https:\/\/marcelolopes.jor.br\/site\/2020\/01\/30\/vereadores-aprovam-leis-para-beneficiar-populacao-atingida-pela-enchente\/#primaryimage","url":"https:\/\/marcelolopes.jor.br\/site\/wp-content\/uploads\/2020\/01\/IMG_1272.jpeg","contentUrl":"https:\/\/marcelolopes.jor.br\/site\/wp-content\/uploads\/2020\/01\/IMG_1272.jpeg","width":800,"height":600},{"@type":"BreadcrumbList","@id":"https:\/\/marcelolopes.jor.br\/site\/2020\/01\/30\/vereadores-aprovam-leis-para-beneficiar-populacao-atingida-pela-enchente\/#breadcrumb","itemListElement":[{"@type":"ListItem","position":1,"name":"Home","item":"https:\/\/marcelolopes.jor.br\/site\/"},{"@type":"ListItem","position":2,"name":"Vereadores aprovam leis para beneficiar popula\u00e7\u00e3o atingida pela enchente"}]},{"@type":"WebSite","@id":"https:\/\/marcelolopes.jor.br\/site\/#website","url":"https:\/\/marcelolopes.jor.br\/site\/","name":"Marcelo Lopes","description":"Not\u00edcias de Cataguases e Regi\u00e3o","publisher":{"@id":"https:\/\/marcelolopes.jor.br\/site\/#organization"},"potentialAction":[{"@type":"SearchAction","target":{"@type":"EntryPoint","urlTemplate":"https:\/\/marcelolopes.jor.br\/site\/?s={search_term_string}"},"query-input":{"@type":"PropertyValueSpecification","valueRequired":true,"valueName":"search_term_string"}}],"inLanguage":"pt-BR"},{"@type":"Organization","@id":"https:\/\/marcelolopes.jor.br\/site\/#organization","name":"Site do Marcelo Lopes","url":"https:\/\/marcelolopes.jor.br\/site\/","logo":{"@type":"ImageObject","inLanguage":"pt-BR","@id":"https:\/\/marcelolopes.jor.br\/site\/#\/schema\/logo\/image\/","url":"https:\/\/marcelolopes.jor.br\/site\/wp-content\/uploads\/2024\/11\/logo-1.png","contentUrl":"https:\/\/marcelolopes.jor.br\/site\/wp-content\/uploads\/2024\/11\/logo-1.png","width":475,"height":80,"caption":"Site do Marcelo Lopes"},"image":{"@id":"https:\/\/marcelolopes.jor.br\/site\/#\/schema\/logo\/image\/"},"sameAs":["https:\/\/www.facebook.com\/sitedomarcelolopes","https:\/\/www.instagram.com\/sitedomarcelolopes\/","https:\/\/www.linkedin.com\/company\/site-do-marcelo-lopes\/","https:\/\/www.youtube.com\/user\/marcelolopes957"]},{"@type":"Person","@id":"https:\/\/marcelolopes.jor.br\/site\/#\/schema\/person\/3e7216a35c34d8fdf952b31da3d1f89f","name":"Marcelo Lopes","sameAs":["http:\/\/www.marcelolopes.jor.br"],"url":"https:\/\/marcelolopes.jor.br\/site\/author\/marcelo\/"}]}},"wps_subtitle":"Vereador Ricardo Dias promulgou lei prorrogando prazo para regularizar ambulantes","_links":{"self":[{"href":"https:\/\/marcelolopes.jor.br\/site\/wp-json\/wp\/v2\/posts\/10992","targetHints":{"allow":["GET"]}}],"collection":[{"href":"https:\/\/marcelolopes.jor.br\/site\/wp-json\/wp\/v2\/posts"}],"about":[{"href":"https:\/\/marcelolopes.jor.br\/site\/wp-json\/wp\/v2\/types\/post"}],"author":[{"embeddable":true,"href":"https:\/\/marcelolopes.jor.br\/site\/wp-json\/wp\/v2\/users\/2"}],"replies":[{"embeddable":true,"href":"https:\/\/marcelolopes.jor.br\/site\/wp-json\/wp\/v2\/comments?post=10992"}],"version-history":[{"count":0,"href":"https:\/\/marcelolopes.jor.br\/site\/wp-json\/wp\/v2\/posts\/10992\/revisions"}],"wp:featuredmedia":[{"embeddable":true,"href":"https:\/\/marcelolopes.jor.br\/site\/wp-json\/wp\/v2\/media\/10994"}],"wp:attachment":[{"href":"https:\/\/marcelolopes.jor.br\/site\/wp-json\/wp\/v2\/media?parent=10992"}],"wp:term":[{"taxonomy":"category","embeddable":true,"href":"https:\/\/marcelolopes.jor.br\/site\/wp-json\/wp\/v2\/categories?post=10992"},{"taxonomy":"post_tag","embeddable":true,"href":"https:\/\/marcelolopes.jor.br\/site\/wp-json\/wp\/v2\/tags?post=10992"}],"curies":[{"name":"wp","href":"https:\/\/api.w.org\/{rel}","templated":true}]}}