{"id":10931,"date":"2020-01-28T20:00:34","date_gmt":"2020-01-28T23:00:34","guid":{"rendered":"https:\/\/marcelolopes.jor.br\/?p=10931"},"modified":"2020-01-28T21:49:45","modified_gmt":"2020-01-29T00:49:45","slug":"sicoob-coopemata-inaugura-dois-novos-pontos-de-atendimento","status":"publish","type":"post","link":"https:\/\/marcelolopes.jor.br\/site\/2020\/01\/28\/sicoob-coopemata-inaugura-dois-novos-pontos-de-atendimento\/","title":{"rendered":"Sicoob Coopemata inaugura dois novos Pontos de Atendimento"},"content":{"rendered":"<p style=\"text-align: justify;\">Nos dias 20 e 23 de janeiro o Sicoob Coopemata abriu dois novos Pontos de Atendimento (PA), chegando quatorze unidades em Minas Gerais. A iniciativa confirma sua vocac\u00e3o para o crescimento, e desta vez a cidade de Betim, na grande BH, recebe o Sicoob Coopemata. E o tradicional Bairro Benfica (foto principal acima), em Juiz de Fora foi escolhido para receber a segunda unidade da cooperativa que nasceu em Cataguases. Em ambos lugares, os espa\u00e7os est\u00e3o totalmente integrados com o layout das demais ag\u00eancias; moderno, com equipamentos avan\u00e7ados e muito conforto para atender cada vez melhor seus cooperados.<!--more--><\/p>\n<p style=\"text-align: justify;\"><img loading=\"lazy\" decoding=\"async\" class=\"aligncenter wp-image-10934\" src=\"https:\/\/marcelolopes.jor.br\/site\/wp-content\/uploads\/2020\/01\/IMG_5927.jpg\" alt=\"\" width=\"600\" height=\"400\" srcset=\"https:\/\/marcelolopes.jor.br\/site\/wp-content\/uploads\/2020\/01\/IMG_5927.jpg 800w, https:\/\/marcelolopes.jor.br\/site\/wp-content\/uploads\/2020\/01\/IMG_5927-300x200.jpg 300w, https:\/\/marcelolopes.jor.br\/site\/wp-content\/uploads\/2020\/01\/IMG_5927-768x512.jpg 768w\" sizes=\"auto, (max-width: 600px) 100vw, 600px\" \/>Juiz de Fora recebeu o segundo PA da Coopemata no dia 20 de janeiro, em cerim\u00f4nia que contou com a ben\u00e7\u00e3o do padre Luiz Eduardo. O novo espa\u00e7o conta com tr\u00eas colaboradores, sendo o gerente Marco Aur\u00e9lio Juli\u00e3o de Carvalho e os atendentes Fabiana Aparecida Silva Lino e Victor Jos\u00e9 Guedes de Almeida. O Posto de Atendimento fica na Rua Paulo Garcia, 155 lojas 153 e 155 \u2013 Benfica \u2013 Juiz de Fora\/MG.<\/p>\n<p style=\"text-align: justify;\"><img loading=\"lazy\" decoding=\"async\" class=\"aligncenter wp-image-10935\" src=\"https:\/\/marcelolopes.jor.br\/site\/wp-content\/uploads\/2020\/01\/IMG_5913.jpg\" alt=\"\" width=\"600\" height=\"400\" srcset=\"https:\/\/marcelolopes.jor.br\/site\/wp-content\/uploads\/2020\/01\/IMG_5913.jpg 800w, https:\/\/marcelolopes.jor.br\/site\/wp-content\/uploads\/2020\/01\/IMG_5913-300x200.jpg 300w, https:\/\/marcelolopes.jor.br\/site\/wp-content\/uploads\/2020\/01\/IMG_5913-768x512.jpg 768w\" sizes=\"auto, (max-width: 600px) 100vw, 600px\" \/>O desenlace da fita inaugural foi feito pelo Presidente do Conselho de Administra\u00e7\u00e3o, C\u00e9sar Augusto Mattos, e o Diretor Financeiro, Humberto de Abreu Santos, bem como o descerramento da placa. A solenidade contou, ainda, com a presen\u00e7a da gerente regional M\u00e1rcia Coutinho, dos gerentes Middle Market de Juiz de Fora, Thiago Dias Penha e Expedito Carlos de Oliveira, da gerente Patr\u00edcia Teixeira Martins, a supervisora de tesouraria N\u00e1gia Terezinha Garcia Ferreira e a agente de desenvolvimento cooperativista, Lorena Oliveira Miranda.<\/p>\n<p style=\"text-align: justify;\"><strong>BETIM &#8211;<\/strong> Na manh\u00e3 de 23 de janeiro foi inagurado o PA de Betim com as depend\u00eancias recebendo a ben\u00e7\u00e3o do padre Adilson. Na sequ\u00eancia, aconteceu o corte da fita e o descerramento da placa de inaugura\u00e7\u00e3o, feitos por C\u00e9sar Mattos, e o Diretor Comercial e Financeiro, Humberto Santos. Estiveram presentes, ainda, a Conselheira Fiscal Maria Denise de Azeredo Faria, a Agente de Desenvolvimento Cooperativista Lorena Oliveira Miranda, colaboradores e cooperados.<\/p>\n<p style=\"text-align: justify;\"><img loading=\"lazy\" decoding=\"async\" class=\"aligncenter wp-image-10936\" src=\"https:\/\/marcelolopes.jor.br\/site\/wp-content\/uploads\/2020\/01\/IMG_6046.jpg\" alt=\"\" width=\"600\" height=\"400\" srcset=\"https:\/\/marcelolopes.jor.br\/site\/wp-content\/uploads\/2020\/01\/IMG_6046.jpg 800w, https:\/\/marcelolopes.jor.br\/site\/wp-content\/uploads\/2020\/01\/IMG_6046-300x200.jpg 300w, https:\/\/marcelolopes.jor.br\/site\/wp-content\/uploads\/2020\/01\/IMG_6046-768x512.jpg 768w\" sizes=\"auto, (max-width: 600px) 100vw, 600px\" \/>O gerente do Posto de Atendimento de Betim, Ot\u00e1vio Saddi, apresentou sua equipe e disse que a chegada da Coopemata naquela cidade vai concretizar a oportunidade de &#8220;promover a justi\u00e7a financeira para os betinenses.&#8221; O Gerente Regional, Marco Ant\u00f4nio Cavaca, assegurou apoio da regional \u00e0 equipe em Betim e C\u00e9sar Mattos finalizou falando sobre a nova estrutura de colaboradores, com apenas tr\u00eas funcion\u00e1rios, &#8220;resultado dos novos h\u00e1bitos dos nossos cooperados, que est\u00e3o cada vez mais adeptos de nossos canais digitais&#8221;, justificou.<\/p>\n<p style=\"text-align: justify;\">O Posto de Atendimento de Betim fica na Avenida Amazonas, 1458 \u2013 Loja 01 \u2013 Brasileia \u2013 Betim \u2013 MG, e o telefone para contato \u00e9 (31) 3532-2230.<\/p>\n<p><img loading=\"lazy\" decoding=\"async\" class=\"aligncenter wp-image-10937\" src=\"https:\/\/marcelolopes.jor.br\/site\/wp-content\/uploads\/2020\/01\/IMG_5981.jpg\" alt=\"\" width=\"600\" height=\"400\" srcset=\"https:\/\/marcelolopes.jor.br\/site\/wp-content\/uploads\/2020\/01\/IMG_5981.jpg 800w, https:\/\/marcelolopes.jor.br\/site\/wp-content\/uploads\/2020\/01\/IMG_5981-300x200.jpg 300w, https:\/\/marcelolopes.jor.br\/site\/wp-content\/uploads\/2020\/01\/IMG_5981-768x512.jpg 768w\" sizes=\"auto, (max-width: 600px) 100vw, 600px\" \/><\/p>\n<p><em>Com informa\u00e7\u00f5es e fotos de Nath\u00e1lia Melo.<\/em><\/p>\n<div class=\"soktk69f73e3ee707b\" ><br><\/div><style type=\"text\/css\">\r\n@media screen and (min-width: 1201px) {\r\n.soktk69f73e3ee707b {\r\ndisplay: block;\r\n}\r\n}\r\n@media screen and (min-width: 993px) and (max-width: 1200px) {\r\n.soktk69f73e3ee707b {\r\ndisplay: block;\r\n}\r\n}\r\n@media screen and (min-width: 769px) and (max-width: 992px) {\r\n.soktk69f73e3ee707b {\r\ndisplay: block;\r\n}\r\n}\r\n@media screen and (min-width: 768px) and (max-width: 768px) {\r\n.soktk69f73e3ee707b {\r\ndisplay: block;\r\n}\r\n}\r\n@media screen and (max-width: 767px) {\r\n.soktk69f73e3ee707b {\r\ndisplay: block;\r\n}\r\n}\r\n<\/style>\r\n<div class=\"txoek69f73e3eebf2b\" ><div id=\"div_destino\"><\/div>\r\n<script src=\"https:\/\/cdn.snsrsv.com\/sdk.js\"><\/script>\r\n<script >\r\n      new sdk(\"464030C30061EA8BE065000000000001\") \r\n          .appendTo(\"div_destino\")\r\n          .disableStyle(true) \r\n          .setCacheBusterMacro(\"%%CACHEBUSTER%%\")\r\n          .setSize(\"800\",\"214\")\r\n          .setClickMacro(\"%%CLICK_URL_ESC%%\") \r\n          .setReferrerUrlMacro(\"%%REFERRER_URL_ESC%%\") \r\n          .start(); \r\n<\/script><\/div><style type=\"text\/css\">\r\n@media screen and (min-width: 1201px) {\r\n.txoek69f73e3eebf2b {\r\ndisplay: block;\r\n}\r\n}\r\n@media screen and (min-width: 993px) and (max-width: 1200px) {\r\n.txoek69f73e3eebf2b {\r\ndisplay: block;\r\n}\r\n}\r\n@media screen and (min-width: 769px) and (max-width: 992px) {\r\n.txoek69f73e3eebf2b {\r\ndisplay: block;\r\n}\r\n}\r\n@media screen and (min-width: 768px) and (max-width: 768px) {\r\n.txoek69f73e3eebf2b {\r\ndisplay: block;\r\n}\r\n}\r\n@media screen and (max-width: 767px) {\r\n.txoek69f73e3eebf2b {\r\ndisplay: block;\r\n}\r\n}\r\n<\/style>\r\n","protected":false},"excerpt":{"rendered":"<p>Nos dias 20 e 23 de janeiro o Sicoob Coopemata abriu dois novos Pontos de Atendimento (PA), chegando quatorze unidades em Minas Gerais. A iniciativa confirma sua vocac\u00e3o para o crescimento, e desta vez a cidade de Betim, na grande<\/p>\n<p class=\"link-more\"><a class=\"more-link\" href=\"https:\/\/marcelolopes.jor.br\/site\/2020\/01\/28\/sicoob-coopemata-inaugura-dois-novos-pontos-de-atendimento\/\">Leia mais <span class=\"screen-reader-text\">Sicoob Coopemata inaugura dois novos Pontos de Atendimento<\/span><\/a><\/p>\n","protected":false},"author":2,"featured_media":10933,"comment_status":"open","ping_status":"open","sticky":false,"template":"","format":"standard","meta":{"footnotes":""},"categories":[1],"tags":[2039,2038,950,370],"class_list":["post-10931","post","type-post","status-publish","format-standard","has-post-thumbnail","hentry","category-noticias","tag-benfica","tag-betim","tag-cooperativa","tag-sicoob-coopemata","thumb-below-title"],"yoast_head":"<!-- This site is optimized with the Yoast SEO plugin v27.4 - https:\/\/yoast.com\/product\/yoast-seo-wordpress\/ -->\n<title>Sicoob Coopemata inaugura dois novos Pontos de Atendimento | Marcelo Lopes<\/title>\n<meta name=\"robots\" content=\"index, follow, max-snippet:-1, max-image-preview:large, max-video-preview:-1\" \/>\n<link rel=\"canonical\" href=\"https:\/\/marcelolopes.jor.br\/site\/2020\/01\/28\/sicoob-coopemata-inaugura-dois-novos-pontos-de-atendimento\/\" \/>\n<meta property=\"og:locale\" content=\"pt_BR\" \/>\n<meta property=\"og:type\" content=\"article\" \/>\n<meta property=\"og:title\" content=\"Sicoob Coopemata inaugura dois novos Pontos de Atendimento | Marcelo Lopes\" \/>\n<meta property=\"og:description\" content=\"Nos dias 20 e 23 de janeiro o Sicoob Coopemata abriu dois novos Pontos de Atendimento (PA), chegando quatorze unidades em Minas Gerais. A iniciativa confirma sua vocac\u00e3o para o crescimento, e desta vez a cidade de Betim, na grandeLeia mais Sicoob Coopemata inaugura dois novos Pontos de Atendimento\" \/>\n<meta property=\"og:url\" content=\"https:\/\/marcelolopes.jor.br\/site\/2020\/01\/28\/sicoob-coopemata-inaugura-dois-novos-pontos-de-atendimento\/\" \/>\n<meta property=\"og:site_name\" content=\"Marcelo Lopes\" \/>\n<meta property=\"article:publisher\" content=\"https:\/\/www.facebook.com\/sitedomarcelolopes\" \/>\n<meta property=\"article:published_time\" content=\"2020-01-28T23:00:34+00:00\" \/>\n<meta property=\"article:modified_time\" content=\"2020-01-29T00:49:45+00:00\" \/>\n<meta property=\"og:image\" content=\"https:\/\/marcelolopes.jor.br\/site\/wp-content\/uploads\/2020\/01\/20200120_103325.jpg\" \/>\n\t<meta property=\"og:image:width\" content=\"800\" \/>\n\t<meta property=\"og:image:height\" content=\"497\" \/>\n\t<meta property=\"og:image:type\" content=\"image\/jpeg\" \/>\n<meta name=\"author\" content=\"Marcelo Lopes\" \/>\n<meta name=\"twitter:card\" content=\"summary_large_image\" \/>\n<meta name=\"twitter:label1\" content=\"Escrito por\" \/>\n\t<meta name=\"twitter:data1\" content=\"Marcelo Lopes\" \/>\n\t<meta name=\"twitter:label2\" content=\"Est. tempo de leitura\" \/>\n\t<meta name=\"twitter:data2\" content=\"2 minutos\" \/>\n<script type=\"application\/ld+json\" class=\"yoast-schema-graph\">{\"@context\":\"https:\\\/\\\/schema.org\",\"@graph\":[{\"@type\":\"NewsArticle\",\"@id\":\"https:\\\/\\\/marcelolopes.jor.br\\\/site\\\/2020\\\/01\\\/28\\\/sicoob-coopemata-inaugura-dois-novos-pontos-de-atendimento\\\/#article\",\"isPartOf\":{\"@id\":\"https:\\\/\\\/marcelolopes.jor.br\\\/site\\\/2020\\\/01\\\/28\\\/sicoob-coopemata-inaugura-dois-novos-pontos-de-atendimento\\\/\"},\"author\":{\"name\":\"Marcelo Lopes\",\"@id\":\"https:\\\/\\\/marcelolopes.jor.br\\\/site\\\/#\\\/schema\\\/person\\\/3e7216a35c34d8fdf952b31da3d1f89f\"},\"headline\":\"Sicoob Coopemata inaugura dois novos Pontos de Atendimento\",\"datePublished\":\"2020-01-28T23:00:34+00:00\",\"dateModified\":\"2020-01-29T00:49:45+00:00\",\"mainEntityOfPage\":{\"@id\":\"https:\\\/\\\/marcelolopes.jor.br\\\/site\\\/2020\\\/01\\\/28\\\/sicoob-coopemata-inaugura-dois-novos-pontos-de-atendimento\\\/\"},\"wordCount\":461,\"commentCount\":0,\"publisher\":{\"@id\":\"https:\\\/\\\/marcelolopes.jor.br\\\/site\\\/#organization\"},\"image\":{\"@id\":\"https:\\\/\\\/marcelolopes.jor.br\\\/site\\\/2020\\\/01\\\/28\\\/sicoob-coopemata-inaugura-dois-novos-pontos-de-atendimento\\\/#primaryimage\"},\"thumbnailUrl\":\"https:\\\/\\\/marcelolopes.jor.br\\\/site\\\/wp-content\\\/uploads\\\/2020\\\/01\\\/20200120_103325.jpg\",\"keywords\":[\"Benfica\",\"Betim\",\"cooperativa\",\"Sicoob Coopemata\"],\"articleSection\":[\"Not\u00edcias\"],\"inLanguage\":\"pt-BR\",\"potentialAction\":[{\"@type\":\"CommentAction\",\"name\":\"Comment\",\"target\":[\"https:\\\/\\\/marcelolopes.jor.br\\\/site\\\/2020\\\/01\\\/28\\\/sicoob-coopemata-inaugura-dois-novos-pontos-de-atendimento\\\/#respond\"]}]},{\"@type\":\"WebPage\",\"@id\":\"https:\\\/\\\/marcelolopes.jor.br\\\/site\\\/2020\\\/01\\\/28\\\/sicoob-coopemata-inaugura-dois-novos-pontos-de-atendimento\\\/\",\"url\":\"https:\\\/\\\/marcelolopes.jor.br\\\/site\\\/2020\\\/01\\\/28\\\/sicoob-coopemata-inaugura-dois-novos-pontos-de-atendimento\\\/\",\"name\":\"Sicoob Coopemata inaugura dois novos Pontos de Atendimento | Marcelo Lopes\",\"isPartOf\":{\"@id\":\"https:\\\/\\\/marcelolopes.jor.br\\\/site\\\/#website\"},\"primaryImageOfPage\":{\"@id\":\"https:\\\/\\\/marcelolopes.jor.br\\\/site\\\/2020\\\/01\\\/28\\\/sicoob-coopemata-inaugura-dois-novos-pontos-de-atendimento\\\/#primaryimage\"},\"image\":{\"@id\":\"https:\\\/\\\/marcelolopes.jor.br\\\/site\\\/2020\\\/01\\\/28\\\/sicoob-coopemata-inaugura-dois-novos-pontos-de-atendimento\\\/#primaryimage\"},\"thumbnailUrl\":\"https:\\\/\\\/marcelolopes.jor.br\\\/site\\\/wp-content\\\/uploads\\\/2020\\\/01\\\/20200120_103325.jpg\",\"datePublished\":\"2020-01-28T23:00:34+00:00\",\"dateModified\":\"2020-01-29T00:49:45+00:00\",\"breadcrumb\":{\"@id\":\"https:\\\/\\\/marcelolopes.jor.br\\\/site\\\/2020\\\/01\\\/28\\\/sicoob-coopemata-inaugura-dois-novos-pontos-de-atendimento\\\/#breadcrumb\"},\"inLanguage\":\"pt-BR\",\"potentialAction\":[{\"@type\":\"ReadAction\",\"target\":[\"https:\\\/\\\/marcelolopes.jor.br\\\/site\\\/2020\\\/01\\\/28\\\/sicoob-coopemata-inaugura-dois-novos-pontos-de-atendimento\\\/\"]}]},{\"@type\":\"ImageObject\",\"inLanguage\":\"pt-BR\",\"@id\":\"https:\\\/\\\/marcelolopes.jor.br\\\/site\\\/2020\\\/01\\\/28\\\/sicoob-coopemata-inaugura-dois-novos-pontos-de-atendimento\\\/#primaryimage\",\"url\":\"https:\\\/\\\/marcelolopes.jor.br\\\/site\\\/wp-content\\\/uploads\\\/2020\\\/01\\\/20200120_103325.jpg\",\"contentUrl\":\"https:\\\/\\\/marcelolopes.jor.br\\\/site\\\/wp-content\\\/uploads\\\/2020\\\/01\\\/20200120_103325.jpg\",\"width\":800,\"height\":497},{\"@type\":\"BreadcrumbList\",\"@id\":\"https:\\\/\\\/marcelolopes.jor.br\\\/site\\\/2020\\\/01\\\/28\\\/sicoob-coopemata-inaugura-dois-novos-pontos-de-atendimento\\\/#breadcrumb\",\"itemListElement\":[{\"@type\":\"ListItem\",\"position\":1,\"name\":\"Home\",\"item\":\"https:\\\/\\\/marcelolopes.jor.br\\\/site\\\/\"},{\"@type\":\"ListItem\",\"position\":2,\"name\":\"Sicoob Coopemata inaugura dois novos Pontos de Atendimento\"}]},{\"@type\":\"WebSite\",\"@id\":\"https:\\\/\\\/marcelolopes.jor.br\\\/site\\\/#website\",\"url\":\"https:\\\/\\\/marcelolopes.jor.br\\\/site\\\/\",\"name\":\"Marcelo Lopes\",\"description\":\"Not\u00edcias de Cataguases e Regi\u00e3o\",\"publisher\":{\"@id\":\"https:\\\/\\\/marcelolopes.jor.br\\\/site\\\/#organization\"},\"potentialAction\":[{\"@type\":\"SearchAction\",\"target\":{\"@type\":\"EntryPoint\",\"urlTemplate\":\"https:\\\/\\\/marcelolopes.jor.br\\\/site\\\/?s={search_term_string}\"},\"query-input\":{\"@type\":\"PropertyValueSpecification\",\"valueRequired\":true,\"valueName\":\"search_term_string\"}}],\"inLanguage\":\"pt-BR\"},{\"@type\":\"Organization\",\"@id\":\"https:\\\/\\\/marcelolopes.jor.br\\\/site\\\/#organization\",\"name\":\"Site do Marcelo Lopes\",\"url\":\"https:\\\/\\\/marcelolopes.jor.br\\\/site\\\/\",\"logo\":{\"@type\":\"ImageObject\",\"inLanguage\":\"pt-BR\",\"@id\":\"https:\\\/\\\/marcelolopes.jor.br\\\/site\\\/#\\\/schema\\\/logo\\\/image\\\/\",\"url\":\"https:\\\/\\\/marcelolopes.jor.br\\\/site\\\/wp-content\\\/uploads\\\/2024\\\/11\\\/logo-1.png\",\"contentUrl\":\"https:\\\/\\\/marcelolopes.jor.br\\\/site\\\/wp-content\\\/uploads\\\/2024\\\/11\\\/logo-1.png\",\"width\":475,\"height\":80,\"caption\":\"Site do Marcelo Lopes\"},\"image\":{\"@id\":\"https:\\\/\\\/marcelolopes.jor.br\\\/site\\\/#\\\/schema\\\/logo\\\/image\\\/\"},\"sameAs\":[\"https:\\\/\\\/www.facebook.com\\\/sitedomarcelolopes\",\"https:\\\/\\\/www.instagram.com\\\/sitedomarcelolopes\\\/\",\"https:\\\/\\\/www.linkedin.com\\\/company\\\/site-do-marcelo-lopes\\\/\",\"https:\\\/\\\/www.youtube.com\\\/user\\\/marcelolopes957\"]},{\"@type\":\"Person\",\"@id\":\"https:\\\/\\\/marcelolopes.jor.br\\\/site\\\/#\\\/schema\\\/person\\\/3e7216a35c34d8fdf952b31da3d1f89f\",\"name\":\"Marcelo Lopes\",\"sameAs\":[\"http:\\\/\\\/www.marcelolopes.jor.br\"],\"url\":\"https:\\\/\\\/marcelolopes.jor.br\\\/site\\\/author\\\/marcelo\\\/\"}]}<\/script>\n<!-- \/ Yoast SEO plugin. -->","yoast_head_json":{"title":"Sicoob Coopemata inaugura dois novos Pontos de Atendimento | Marcelo Lopes","robots":{"index":"index","follow":"follow","max-snippet":"max-snippet:-1","max-image-preview":"max-image-preview:large","max-video-preview":"max-video-preview:-1"},"canonical":"https:\/\/marcelolopes.jor.br\/site\/2020\/01\/28\/sicoob-coopemata-inaugura-dois-novos-pontos-de-atendimento\/","og_locale":"pt_BR","og_type":"article","og_title":"Sicoob Coopemata inaugura dois novos Pontos de Atendimento | Marcelo Lopes","og_description":"Nos dias 20 e 23 de janeiro o Sicoob Coopemata abriu dois novos Pontos de Atendimento (PA), chegando quatorze unidades em Minas Gerais. A iniciativa confirma sua vocac\u00e3o para o crescimento, e desta vez a cidade de Betim, na grandeLeia mais Sicoob Coopemata inaugura dois novos Pontos de Atendimento","og_url":"https:\/\/marcelolopes.jor.br\/site\/2020\/01\/28\/sicoob-coopemata-inaugura-dois-novos-pontos-de-atendimento\/","og_site_name":"Marcelo Lopes","article_publisher":"https:\/\/www.facebook.com\/sitedomarcelolopes","article_published_time":"2020-01-28T23:00:34+00:00","article_modified_time":"2020-01-29T00:49:45+00:00","og_image":[{"width":800,"height":497,"url":"https:\/\/marcelolopes.jor.br\/site\/wp-content\/uploads\/2020\/01\/20200120_103325.jpg","type":"image\/jpeg"}],"author":"Marcelo Lopes","twitter_card":"summary_large_image","twitter_misc":{"Escrito por":"Marcelo Lopes","Est. tempo de leitura":"2 minutos"},"schema":{"@context":"https:\/\/schema.org","@graph":[{"@type":"NewsArticle","@id":"https:\/\/marcelolopes.jor.br\/site\/2020\/01\/28\/sicoob-coopemata-inaugura-dois-novos-pontos-de-atendimento\/#article","isPartOf":{"@id":"https:\/\/marcelolopes.jor.br\/site\/2020\/01\/28\/sicoob-coopemata-inaugura-dois-novos-pontos-de-atendimento\/"},"author":{"name":"Marcelo Lopes","@id":"https:\/\/marcelolopes.jor.br\/site\/#\/schema\/person\/3e7216a35c34d8fdf952b31da3d1f89f"},"headline":"Sicoob Coopemata inaugura dois novos Pontos de Atendimento","datePublished":"2020-01-28T23:00:34+00:00","dateModified":"2020-01-29T00:49:45+00:00","mainEntityOfPage":{"@id":"https:\/\/marcelolopes.jor.br\/site\/2020\/01\/28\/sicoob-coopemata-inaugura-dois-novos-pontos-de-atendimento\/"},"wordCount":461,"commentCount":0,"publisher":{"@id":"https:\/\/marcelolopes.jor.br\/site\/#organization"},"image":{"@id":"https:\/\/marcelolopes.jor.br\/site\/2020\/01\/28\/sicoob-coopemata-inaugura-dois-novos-pontos-de-atendimento\/#primaryimage"},"thumbnailUrl":"https:\/\/marcelolopes.jor.br\/site\/wp-content\/uploads\/2020\/01\/20200120_103325.jpg","keywords":["Benfica","Betim","cooperativa","Sicoob Coopemata"],"articleSection":["Not\u00edcias"],"inLanguage":"pt-BR","potentialAction":[{"@type":"CommentAction","name":"Comment","target":["https:\/\/marcelolopes.jor.br\/site\/2020\/01\/28\/sicoob-coopemata-inaugura-dois-novos-pontos-de-atendimento\/#respond"]}]},{"@type":"WebPage","@id":"https:\/\/marcelolopes.jor.br\/site\/2020\/01\/28\/sicoob-coopemata-inaugura-dois-novos-pontos-de-atendimento\/","url":"https:\/\/marcelolopes.jor.br\/site\/2020\/01\/28\/sicoob-coopemata-inaugura-dois-novos-pontos-de-atendimento\/","name":"Sicoob Coopemata inaugura dois novos Pontos de Atendimento | Marcelo Lopes","isPartOf":{"@id":"https:\/\/marcelolopes.jor.br\/site\/#website"},"primaryImageOfPage":{"@id":"https:\/\/marcelolopes.jor.br\/site\/2020\/01\/28\/sicoob-coopemata-inaugura-dois-novos-pontos-de-atendimento\/#primaryimage"},"image":{"@id":"https:\/\/marcelolopes.jor.br\/site\/2020\/01\/28\/sicoob-coopemata-inaugura-dois-novos-pontos-de-atendimento\/#primaryimage"},"thumbnailUrl":"https:\/\/marcelolopes.jor.br\/site\/wp-content\/uploads\/2020\/01\/20200120_103325.jpg","datePublished":"2020-01-28T23:00:34+00:00","dateModified":"2020-01-29T00:49:45+00:00","breadcrumb":{"@id":"https:\/\/marcelolopes.jor.br\/site\/2020\/01\/28\/sicoob-coopemata-inaugura-dois-novos-pontos-de-atendimento\/#breadcrumb"},"inLanguage":"pt-BR","potentialAction":[{"@type":"ReadAction","target":["https:\/\/marcelolopes.jor.br\/site\/2020\/01\/28\/sicoob-coopemata-inaugura-dois-novos-pontos-de-atendimento\/"]}]},{"@type":"ImageObject","inLanguage":"pt-BR","@id":"https:\/\/marcelolopes.jor.br\/site\/2020\/01\/28\/sicoob-coopemata-inaugura-dois-novos-pontos-de-atendimento\/#primaryimage","url":"https:\/\/marcelolopes.jor.br\/site\/wp-content\/uploads\/2020\/01\/20200120_103325.jpg","contentUrl":"https:\/\/marcelolopes.jor.br\/site\/wp-content\/uploads\/2020\/01\/20200120_103325.jpg","width":800,"height":497},{"@type":"BreadcrumbList","@id":"https:\/\/marcelolopes.jor.br\/site\/2020\/01\/28\/sicoob-coopemata-inaugura-dois-novos-pontos-de-atendimento\/#breadcrumb","itemListElement":[{"@type":"ListItem","position":1,"name":"Home","item":"https:\/\/marcelolopes.jor.br\/site\/"},{"@type":"ListItem","position":2,"name":"Sicoob Coopemata inaugura dois novos Pontos de Atendimento"}]},{"@type":"WebSite","@id":"https:\/\/marcelolopes.jor.br\/site\/#website","url":"https:\/\/marcelolopes.jor.br\/site\/","name":"Marcelo Lopes","description":"Not\u00edcias de Cataguases e Regi\u00e3o","publisher":{"@id":"https:\/\/marcelolopes.jor.br\/site\/#organization"},"potentialAction":[{"@type":"SearchAction","target":{"@type":"EntryPoint","urlTemplate":"https:\/\/marcelolopes.jor.br\/site\/?s={search_term_string}"},"query-input":{"@type":"PropertyValueSpecification","valueRequired":true,"valueName":"search_term_string"}}],"inLanguage":"pt-BR"},{"@type":"Organization","@id":"https:\/\/marcelolopes.jor.br\/site\/#organization","name":"Site do Marcelo Lopes","url":"https:\/\/marcelolopes.jor.br\/site\/","logo":{"@type":"ImageObject","inLanguage":"pt-BR","@id":"https:\/\/marcelolopes.jor.br\/site\/#\/schema\/logo\/image\/","url":"https:\/\/marcelolopes.jor.br\/site\/wp-content\/uploads\/2024\/11\/logo-1.png","contentUrl":"https:\/\/marcelolopes.jor.br\/site\/wp-content\/uploads\/2024\/11\/logo-1.png","width":475,"height":80,"caption":"Site do Marcelo Lopes"},"image":{"@id":"https:\/\/marcelolopes.jor.br\/site\/#\/schema\/logo\/image\/"},"sameAs":["https:\/\/www.facebook.com\/sitedomarcelolopes","https:\/\/www.instagram.com\/sitedomarcelolopes\/","https:\/\/www.linkedin.com\/company\/site-do-marcelo-lopes\/","https:\/\/www.youtube.com\/user\/marcelolopes957"]},{"@type":"Person","@id":"https:\/\/marcelolopes.jor.br\/site\/#\/schema\/person\/3e7216a35c34d8fdf952b31da3d1f89f","name":"Marcelo Lopes","sameAs":["http:\/\/www.marcelolopes.jor.br"],"url":"https:\/\/marcelolopes.jor.br\/site\/author\/marcelo\/"}]}},"wps_subtitle":"Um em Betim e outro em Juiz de Fora, onde a Coopemata j\u00e1 est\u00e1 presente.","_links":{"self":[{"href":"https:\/\/marcelolopes.jor.br\/site\/wp-json\/wp\/v2\/posts\/10931","targetHints":{"allow":["GET"]}}],"collection":[{"href":"https:\/\/marcelolopes.jor.br\/site\/wp-json\/wp\/v2\/posts"}],"about":[{"href":"https:\/\/marcelolopes.jor.br\/site\/wp-json\/wp\/v2\/types\/post"}],"author":[{"embeddable":true,"href":"https:\/\/marcelolopes.jor.br\/site\/wp-json\/wp\/v2\/users\/2"}],"replies":[{"embeddable":true,"href":"https:\/\/marcelolopes.jor.br\/site\/wp-json\/wp\/v2\/comments?post=10931"}],"version-history":[{"count":0,"href":"https:\/\/marcelolopes.jor.br\/site\/wp-json\/wp\/v2\/posts\/10931\/revisions"}],"wp:featuredmedia":[{"embeddable":true,"href":"https:\/\/marcelolopes.jor.br\/site\/wp-json\/wp\/v2\/media\/10933"}],"wp:attachment":[{"href":"https:\/\/marcelolopes.jor.br\/site\/wp-json\/wp\/v2\/media?parent=10931"}],"wp:term":[{"taxonomy":"category","embeddable":true,"href":"https:\/\/marcelolopes.jor.br\/site\/wp-json\/wp\/v2\/categories?post=10931"},{"taxonomy":"post_tag","embeddable":true,"href":"https:\/\/marcelolopes.jor.br\/site\/wp-json\/wp\/v2\/tags?post=10931"}],"curies":[{"name":"wp","href":"https:\/\/api.w.org\/{rel}","templated":true}]}}