{"id":1059,"date":"2019-05-08T12:25:13","date_gmt":"2019-05-08T15:25:13","guid":{"rendered":"https:\/\/marcelolopes.jor.br\/?p=1059"},"modified":"2019-05-09T09:50:07","modified_gmt":"2019-05-09T12:50:07","slug":"descobertos-pela-moda-eles-sao-a-sensacao-das-passarelas","status":"publish","type":"post","link":"https:\/\/marcelolopes.jor.br\/site\/2019\/05\/08\/descobertos-pela-moda-eles-sao-a-sensacao-das-passarelas\/","title":{"rendered":"Descobertos pela Moda eles s\u00e3o a sensa\u00e7\u00e3o das passarelas"},"content":{"rendered":"<p style=\"text-align: justify;\">Tr\u00eas revela\u00e7\u00f5es do mundo da Moda que fizeram sucesso nesta edi\u00e7\u00e3o da S\u00e3o Paulo Fashion Week, realizada na \u00faltima semana de abril, s\u00e3o de Cataguases. Ana Loppes, Alysson Rodrigues e Katie, est\u00e3o apenas iniciando suas carreiras como modelo, mas nem parece, tantos s\u00e3o os compromissos assumidos. Eles conversaram por telefone, na tarde desta ter\u00e7a-feira, 07 de maio, com o jornalista Marcelo Lopes, editor deste site. O respons\u00e1vel pela descoberta do trio de talentos \u00e9 Alexandre Vieira, outro cataguasense reconhecido no mundo da moda que trabalha como scouter na regi\u00e3o e indica modelos para a Map Model, ag\u00eancia muito bem conceituada em S\u00e3o Paulo e no mercado da moda.<!--more--><br \/>\n<img loading=\"lazy\" decoding=\"async\" class=\"alignright wp-image-1062\" src=\"https:\/\/marcelolopes.jor.br\/site\/wp-content\/uploads\/2019\/05\/Alexandre.jpg\" alt=\"\" width=\"159\" height=\"200\" \/>H\u00e1 tr\u00eas meses a vida destes jovens mudou completamente. Ana, 18 anos, por exemplo, era volunt\u00e1ria no Educand\u00e1rio Dom Silv\u00e9rio, onde estudou quando crian\u00e7a e fazia parte de um grupo de Dan\u00e7a no S\u00e3o Marcos, bairro em que mora sua m\u00e3e juntamente com alguns de seus irm\u00e3os. Alysson, tamb\u00e9m de 18, era mec\u00e2nico desde os 12 anos, trabalhava na Sol Car e morava com a m\u00e3e e dois irm\u00e3os no Bairro Riguete. Katie, de 21 anos, estudava engenharia civil, trabalhava durante o dia na F\u00e1brica de Salgados, no Bairro Bom Pastor e morava no Bandeirantes com a irm\u00e3, sua m\u00e3e, t\u00e9cnica de Enfermagem no Hospital de Cataguases, e o pai, metal\u00fargico.<\/p>\n<p style=\"text-align: justify;\">A hist\u00f3ria dos tr\u00eas \u00e9 muito parecida, como a origem humilde, a perseveran\u00e7a e o fato de nenhum deles jamais ter pensado em seguir a carreira de modelo. Ana Loppes, nome que adotou na nova profiss\u00e3o, \u00e9 um exemplo de persist\u00eancia. Alexandre a descobriu aos 14 anos de idade e desde ent\u00e3o a apresentou para Jocler Turmina, da Map Model, por tr\u00eas anos consecutivos, e ele a recusou todas as vezes. O pr\u00f3prio Jocler chegou a dizer em uma dessas ocasi\u00f5es que n\u00e3o queria trabalhar com Ana, contou ao Site. Em dezembro de 2018, durante sua visita a Cataguases, Alexandre voltou apresent\u00e1-la \u00e0 ele que, finalmente, rendeu-se a agora modelo. &#8220;Quando a vi, ela estava pronta, saud\u00e1vel, com a pele linda, um metro e oitenta de altura e preparada para a profiss\u00e3o&#8221;, lembra o executivo da Map Model.<\/p>\n<p style=\"text-align: justify;\"><img loading=\"lazy\" decoding=\"async\" class=\"alignleft wp-image-1063\" src=\"https:\/\/marcelolopes.jor.br\/site\/wp-content\/uploads\/2019\/05\/Ana-215x300.jpg\" alt=\"\" width=\"179\" height=\"250\" srcset=\"https:\/\/marcelolopes.jor.br\/site\/wp-content\/uploads\/2019\/05\/Ana-215x300.jpg 215w, https:\/\/marcelolopes.jor.br\/site\/wp-content\/uploads\/2019\/05\/Ana.jpg 430w\" sizes=\"auto, (max-width: 179px) 100vw, 179px\" \/>Ana conta que aos 14 anos era jogadora de Handebol e para abra\u00e7ar a carreira de modelo foi deixando de lado o esporte que amava. &#8220;No in\u00edcio nada deu certo, mas continuei tentando a cada ano, com o apoio do Alexandre, que sempre acreditou em mim e incentivou o tempo todo, at\u00e9 que no final do ano passado o Jocler esteve aqui e o Alexandre me levou at\u00e9 ele novamente, e, consegui ser aprovada&#8221;, lembra. Em tr\u00eas meses apenas em S\u00e3o Paulo, Ana come\u00e7ou fevereiro fazendo testes para participar da S\u00e3o Paulo Fashion Week, e foi escolhida por cinco grifes: Modem, Lenny Niemeyer, Borana, Ronaldo Fraga e Apartamento 03. &#8220;Fiquei muito feliz por ter desfilado como new face para estas cinco marcas. Agora, acabei de gravar uma campanha publicit\u00e1ria para a Natura que ser\u00e1 exibida na TV&#8221;, acrescenta. Outros projetos est\u00e3o em evolu\u00e7\u00e3o e ela prev\u00ea iniciar carreira no exterior at\u00e9 o ano que vem.<\/p>\n<p style=\"text-align: justify;\"><img loading=\"lazy\" decoding=\"async\" class=\"alignright wp-image-1064\" src=\"https:\/\/marcelolopes.jor.br\/site\/wp-content\/uploads\/2019\/05\/alysson-225x300.jpg\" alt=\"\" width=\"188\" height=\"250\" srcset=\"https:\/\/marcelolopes.jor.br\/site\/wp-content\/uploads\/2019\/05\/alysson-225x300.jpg 225w, https:\/\/marcelolopes.jor.br\/site\/wp-content\/uploads\/2019\/05\/alysson-768x1024.jpg 768w, https:\/\/marcelolopes.jor.br\/site\/wp-content\/uploads\/2019\/05\/alysson.jpg 960w\" sizes=\"auto, (max-width: 188px) 100vw, 188px\" \/>Outro cataguasense, Alysson Rodrigues, jamais pensou em ser modelo e recusou algumas vezes o convite de Alexandre Vieira para fotografar. Ele foi visto pelo &#8220;olheiro&#8221; trabalhando na oficina de ve\u00edculos em Cataguases e um dia aceitou fazer uma experi\u00eancia. Resultado: n\u00e3o s\u00f3 foi aceito por Jocler Turmina na Map Model, como est\u00e1 fazendo uma carreira mete\u00f3rica na profiss\u00e3o. Prova disso \u00e9 que at\u00e9 o final deste m\u00eas de maio, muda-se para Paris onde vai trabalhar para uma das principais ag\u00eancias de modelo do mundo, a New Madison Paris. &#8220;S\u00f3 estou esperando o passaporte ficar pronto&#8221;, disse. Ele tamb\u00e9m j\u00e1 foi not\u00edcia em alguns dos principais ve\u00edculos de comunica\u00e7\u00e3o do pa\u00eds como o UOL e no jornal da S\u00e3o Paulo Fashion Week, onde desfilou para as marcas Lucas Le\u00e3o e Victor Hugo Mattos.<\/p>\n<p style=\"text-align: justify;\"><img loading=\"lazy\" decoding=\"async\" class=\"alignleft wp-image-1065\" src=\"https:\/\/marcelolopes.jor.br\/site\/wp-content\/uploads\/2019\/05\/IMG_5610-225x300.jpg\" alt=\"\" width=\"188\" height=\"250\" srcset=\"https:\/\/marcelolopes.jor.br\/site\/wp-content\/uploads\/2019\/05\/IMG_5610-225x300.jpg 225w, https:\/\/marcelolopes.jor.br\/site\/wp-content\/uploads\/2019\/05\/IMG_5610.jpg 600w\" sizes=\"auto, (max-width: 188px) 100vw, 188px\" \/>Ser abordada na rua, tarde da noite, por dois homens de carro, pr\u00f3ximo a rodovi\u00e1ria de Cataguases, foi o melhor susto que Katie levou na vida. &#8220;Pensei que fosse um assalto e tive vontade de correr, mas reconheci o Alexandre que havia me convidado a entrar na carreira de modelo e deixou comigo um cart\u00e3o da empresa dele, a ARV Produ\u00e7\u00f5es, mas como o meu sonho era ser engenheira civil, n\u00e3o o procurei&#8221;, conta a ent\u00e3o estudante de engenharia. E continua: &#8220;Ali mesmo ele me apresentou ao Jocler e marcamos um caf\u00e9 no dia seguinte. Eu pesquisei sobre o Jocler e vi que \u00e9 um profissional reconhecido no mundo da moda. A partir dessa reuni\u00e3o fizemos algumas fotos e assim tudo come\u00e7ou. Foi muito r\u00e1pido, eu n\u00e3o esperava&#8221;, confessa.<\/p>\n<p style=\"text-align: justify;\">Contratada pela Map Model, Katie mudou-se para S\u00e3o Paulo e desfilou na S\u00e3o Paulo Fashion Week para quatro marcas: Jo\u00e3o Pimenta, o seu primeiro desfile em passarela; Neriage, Led e Apartamento 03. Hoje ela est\u00e1 em negocia\u00e7\u00e3o com uma ag\u00eancia de outro pa\u00eds, conta, sem entrar muito em detalhes, acrescentando existir a possibilidade de mudar-se para o exterior agora em junho. Enquanto isso, vai se acostumando \u00e0 nova vida e dedicando-se totalmente \u00e0 nova profiss\u00e3o, conta. Sobre a saudade da fam\u00edlia afirma estar convivendo bem com ela e completa: &#8220;\u00c9 um esfor\u00e7o necess\u00e1rio para alcan\u00e7ar um objetivo maior&#8221;.<\/p>\n<p style=\"text-align: justify;\"><a href=\"https:\/\/universa.uol.com.br\/noticias\/redacao\/2019\/04\/24\/mecanico-desde-os-12-anos-jovem-vai-estrear-na-spfw-nao-imaginava-isso.htm\"><strong>Veja neste link<\/strong> <\/a>a mat\u00e9ria publicada pelo Universa, do UOL, sobre Alysson Rodrigues.<\/p>\n<div id='gallery-1' class='gallery galleryid-1059 gallery-columns-4 gallery-size-thumbnail'><figure class='gallery-item'>\n\t\t\t<div class='gallery-icon portrait'>\n\t\t\t\t<a href='https:\/\/marcelolopes.jor.br\/site\/2019\/05\/08\/descobertos-pela-moda-eles-sao-a-sensacao-das-passarelas\/_lrs0340-ana-map\/'><img loading=\"lazy\" decoding=\"async\" width=\"150\" height=\"150\" src=\"https:\/\/marcelolopes.jor.br\/site\/wp-content\/uploads\/2019\/05\/LRS0340-Ana-MAP-150x150.jpg\" class=\"attachment-thumbnail size-thumbnail\" alt=\"\" \/><\/a>\n\t\t\t<\/div><\/figure><figure class='gallery-item'>\n\t\t\t<div class='gallery-icon portrait'>\n\t\t\t\t<a href='https:\/\/marcelolopes.jor.br\/site\/2019\/05\/08\/descobertos-pela-moda-eles-sao-a-sensacao-das-passarelas\/5-2\/'><img loading=\"lazy\" decoding=\"async\" width=\"150\" height=\"150\" src=\"https:\/\/marcelolopes.jor.br\/site\/wp-content\/uploads\/2019\/05\/5-150x150.jpg\" class=\"attachment-thumbnail size-thumbnail\" alt=\"\" \/><\/a>\n\t\t\t<\/div><\/figure><figure class='gallery-item'>\n\t\t\t<div class='gallery-icon portrait'>\n\t\t\t\t<a href='https:\/\/marcelolopes.jor.br\/site\/2019\/05\/08\/descobertos-pela-moda-eles-sao-a-sensacao-das-passarelas\/1-2\/'><img loading=\"lazy\" decoding=\"async\" width=\"150\" height=\"150\" src=\"https:\/\/marcelolopes.jor.br\/site\/wp-content\/uploads\/2019\/05\/1-150x150.jpg\" class=\"attachment-thumbnail size-thumbnail\" alt=\"\" \/><\/a>\n\t\t\t<\/div><\/figure><figure class='gallery-item'>\n\t\t\t<div class='gallery-icon portrait'>\n\t\t\t\t<a href='https:\/\/marcelolopes.jor.br\/site\/2019\/05\/08\/descobertos-pela-moda-eles-sao-a-sensacao-das-passarelas\/img_6072\/'><img loading=\"lazy\" decoding=\"async\" width=\"150\" height=\"150\" src=\"https:\/\/marcelolopes.jor.br\/site\/wp-content\/uploads\/2019\/05\/IMG_6072-150x150.jpg\" class=\"attachment-thumbnail size-thumbnail\" alt=\"\" \/><\/a>\n\t\t\t<\/div><\/figure><figure class='gallery-item'>\n\t\t\t<div class='gallery-icon portrait'>\n\t\t\t\t<a href='https:\/\/marcelolopes.jor.br\/site\/2019\/05\/08\/descobertos-pela-moda-eles-sao-a-sensacao-das-passarelas\/alysson-4\/'><img loading=\"lazy\" decoding=\"async\" width=\"150\" height=\"150\" src=\"https:\/\/marcelolopes.jor.br\/site\/wp-content\/uploads\/2019\/05\/alysson-4-150x150.jpg\" class=\"attachment-thumbnail size-thumbnail\" alt=\"\" \/><\/a>\n\t\t\t<\/div><\/figure><figure class='gallery-item'>\n\t\t\t<div class='gallery-icon portrait'>\n\t\t\t\t<a href='https:\/\/marcelolopes.jor.br\/site\/2019\/05\/08\/descobertos-pela-moda-eles-sao-a-sensacao-das-passarelas\/alysson-rodrigues-em-altas-6\/'><img loading=\"lazy\" decoding=\"async\" width=\"150\" height=\"150\" src=\"https:\/\/marcelolopes.jor.br\/site\/wp-content\/uploads\/2019\/05\/Alysson-Rodrigues-Em-Altas-6-150x150.jpg\" class=\"attachment-thumbnail size-thumbnail\" alt=\"\" \/><\/a>\n\t\t\t<\/div><\/figure><figure class='gallery-item'>\n\t\t\t<div class='gallery-icon portrait'>\n\t\t\t\t<a href='https:\/\/marcelolopes.jor.br\/site\/2019\/05\/08\/descobertos-pela-moda-eles-sao-a-sensacao-das-passarelas\/alysson-rodrigues-em-altas-1\/'><img loading=\"lazy\" decoding=\"async\" width=\"150\" height=\"150\" src=\"https:\/\/marcelolopes.jor.br\/site\/wp-content\/uploads\/2019\/05\/Alysson-Rodrigues-Em-Altas-1-150x150.jpg\" class=\"attachment-thumbnail size-thumbnail\" alt=\"\" \/><\/a>\n\t\t\t<\/div><\/figure><figure class='gallery-item'>\n\t\t\t<div class='gallery-icon landscape'>\n\t\t\t\t<a href='https:\/\/marcelolopes.jor.br\/site\/2019\/05\/08\/descobertos-pela-moda-eles-sao-a-sensacao-das-passarelas\/alysson-rodrigues-for-lucas-leao\/'><img loading=\"lazy\" decoding=\"async\" width=\"150\" height=\"150\" src=\"https:\/\/marcelolopes.jor.br\/site\/wp-content\/uploads\/2019\/05\/Alysson-Rodrigues-for-lucas-le\u00e3o-150x150.jpg\" class=\"attachment-thumbnail size-thumbnail\" alt=\"\" \/><\/a>\n\t\t\t<\/div><\/figure><figure class='gallery-item'>\n\t\t\t<div class='gallery-icon landscape'>\n\t\t\t\t<a href='https:\/\/marcelolopes.jor.br\/site\/2019\/05\/08\/descobertos-pela-moda-eles-sao-a-sensacao-das-passarelas\/alysson-rodrigues-for-victor-hugo-mattos\/'><img loading=\"lazy\" decoding=\"async\" width=\"150\" height=\"150\" src=\"https:\/\/marcelolopes.jor.br\/site\/wp-content\/uploads\/2019\/05\/alysson-rodrigues-for-Victor-Hugo-Mattos-150x150.jpg\" class=\"attachment-thumbnail size-thumbnail\" alt=\"\" \/><\/a>\n\t\t\t<\/div><\/figure><figure class='gallery-item'>\n\t\t\t<div class='gallery-icon landscape'>\n\t\t\t\t<a href='https:\/\/marcelolopes.jor.br\/site\/2019\/05\/08\/descobertos-pela-moda-eles-sao-a-sensacao-das-passarelas\/ana-lopes-for-apartamento-03\/'><img loading=\"lazy\" decoding=\"async\" width=\"150\" height=\"150\" src=\"https:\/\/marcelolopes.jor.br\/site\/wp-content\/uploads\/2019\/05\/ana-lopes-for-Apartamento-03-150x150.jpg\" class=\"attachment-thumbnail size-thumbnail\" alt=\"\" \/><\/a>\n\t\t\t<\/div><\/figure><figure class='gallery-item'>\n\t\t\t<div class='gallery-icon landscape'>\n\t\t\t\t<a href='https:\/\/marcelolopes.jor.br\/site\/2019\/05\/08\/descobertos-pela-moda-eles-sao-a-sensacao-das-passarelas\/ana-lopes-for-borana\/'><img loading=\"lazy\" decoding=\"async\" width=\"150\" height=\"150\" src=\"https:\/\/marcelolopes.jor.br\/site\/wp-content\/uploads\/2019\/05\/ana-lopes-for-Borana-150x150.jpg\" class=\"attachment-thumbnail size-thumbnail\" alt=\"\" \/><\/a>\n\t\t\t<\/div><\/figure><figure class='gallery-item'>\n\t\t\t<div class='gallery-icon landscape'>\n\t\t\t\t<a href='https:\/\/marcelolopes.jor.br\/site\/2019\/05\/08\/descobertos-pela-moda-eles-sao-a-sensacao-das-passarelas\/ana-lopes-for-lenny\/'><img loading=\"lazy\" decoding=\"async\" width=\"150\" height=\"150\" src=\"https:\/\/marcelolopes.jor.br\/site\/wp-content\/uploads\/2019\/05\/Ana-Lopes-for-Lenny-150x150.jpg\" class=\"attachment-thumbnail size-thumbnail\" alt=\"\" \/><\/a>\n\t\t\t<\/div><\/figure><figure class='gallery-item'>\n\t\t\t<div class='gallery-icon landscape'>\n\t\t\t\t<a href='https:\/\/marcelolopes.jor.br\/site\/2019\/05\/08\/descobertos-pela-moda-eles-sao-a-sensacao-das-passarelas\/ana-lopes-for-modem\/'><img loading=\"lazy\" decoding=\"async\" width=\"150\" height=\"150\" src=\"https:\/\/marcelolopes.jor.br\/site\/wp-content\/uploads\/2019\/05\/ana-lopes-for-Modem-150x150.jpg\" class=\"attachment-thumbnail size-thumbnail\" alt=\"\" \/><\/a>\n\t\t\t<\/div><\/figure><figure class='gallery-item'>\n\t\t\t<div class='gallery-icon landscape'>\n\t\t\t\t<a href='https:\/\/marcelolopes.jor.br\/site\/2019\/05\/08\/descobertos-pela-moda-eles-sao-a-sensacao-das-passarelas\/ana-lopes-fot-ronaldo-fraga\/'><img loading=\"lazy\" decoding=\"async\" width=\"150\" height=\"150\" src=\"https:\/\/marcelolopes.jor.br\/site\/wp-content\/uploads\/2019\/05\/Ana-Lopes-fot-Ronaldo-Fraga-150x150.jpg\" class=\"attachment-thumbnail size-thumbnail\" alt=\"\" \/><\/a>\n\t\t\t<\/div><\/figure><figure class='gallery-item'>\n\t\t\t<div class='gallery-icon landscape'>\n\t\t\t\t<a href='https:\/\/marcelolopes.jor.br\/site\/2019\/05\/08\/descobertos-pela-moda-eles-sao-a-sensacao-das-passarelas\/katie-for-apartamento-03\/'><img loading=\"lazy\" decoding=\"async\" width=\"150\" height=\"150\" src=\"https:\/\/marcelolopes.jor.br\/site\/wp-content\/uploads\/2019\/05\/Katie-for-Apartamento-03-150x150.jpg\" class=\"attachment-thumbnail size-thumbnail\" alt=\"\" \/><\/a>\n\t\t\t<\/div><\/figure><figure class='gallery-item'>\n\t\t\t<div class='gallery-icon landscape'>\n\t\t\t\t<a href='https:\/\/marcelolopes.jor.br\/site\/2019\/05\/08\/descobertos-pela-moda-eles-sao-a-sensacao-das-passarelas\/katie-for-joao-pimenta\/'><img loading=\"lazy\" decoding=\"async\" width=\"150\" height=\"150\" src=\"https:\/\/marcelolopes.jor.br\/site\/wp-content\/uploads\/2019\/05\/katie-for-jo\u00e3o-pimenta-150x150.jpg\" class=\"attachment-thumbnail size-thumbnail\" alt=\"\" \/><\/a>\n\t\t\t<\/div><\/figure><figure class='gallery-item'>\n\t\t\t<div class='gallery-icon landscape'>\n\t\t\t\t<a href='https:\/\/marcelolopes.jor.br\/site\/2019\/05\/08\/descobertos-pela-moda-eles-sao-a-sensacao-das-passarelas\/katie-for-led\/'><img loading=\"lazy\" decoding=\"async\" width=\"150\" height=\"150\" src=\"https:\/\/marcelolopes.jor.br\/site\/wp-content\/uploads\/2019\/05\/Katie-for-led-150x150.jpg\" class=\"attachment-thumbnail size-thumbnail\" alt=\"\" \/><\/a>\n\t\t\t<\/div><\/figure><figure class='gallery-item'>\n\t\t\t<div class='gallery-icon landscape'>\n\t\t\t\t<a href='https:\/\/marcelolopes.jor.br\/site\/2019\/05\/08\/descobertos-pela-moda-eles-sao-a-sensacao-das-passarelas\/katie-for-neriage\/'><img loading=\"lazy\" decoding=\"async\" width=\"150\" height=\"150\" src=\"https:\/\/marcelolopes.jor.br\/site\/wp-content\/uploads\/2019\/05\/Katie-for-Neriage-150x150.jpg\" class=\"attachment-thumbnail size-thumbnail\" alt=\"\" \/><\/a>\n\t\t\t<\/div><\/figure><figure class='gallery-item'>\n\t\t\t<div class='gallery-icon portrait'>\n\t\t\t\t<a href='https:\/\/marcelolopes.jor.br\/site\/2019\/05\/08\/descobertos-pela-moda-eles-sao-a-sensacao-das-passarelas\/img_5611\/'><img loading=\"lazy\" decoding=\"async\" width=\"150\" height=\"150\" src=\"https:\/\/marcelolopes.jor.br\/site\/wp-content\/uploads\/2019\/05\/IMG_5611-150x150.jpg\" class=\"attachment-thumbnail size-thumbnail\" alt=\"\" \/><\/a>\n\t\t\t<\/div><\/figure><figure class='gallery-item'>\n\t\t\t<div class='gallery-icon portrait'>\n\t\t\t\t<a href='https:\/\/marcelolopes.jor.br\/site\/2019\/05\/08\/descobertos-pela-moda-eles-sao-a-sensacao-das-passarelas\/renatodsc_3911\/'><img loading=\"lazy\" decoding=\"async\" width=\"150\" height=\"150\" src=\"https:\/\/marcelolopes.jor.br\/site\/wp-content\/uploads\/2019\/05\/renatoDSC_3911-150x150.jpg\" class=\"attachment-thumbnail size-thumbnail\" alt=\"\" \/><\/a>\n\t\t\t<\/div><\/figure><figure class='gallery-item'>\n\t\t\t<div class='gallery-icon portrait'>\n\t\t\t\t<a href='https:\/\/marcelolopes.jor.br\/site\/2019\/05\/08\/descobertos-pela-moda-eles-sao-a-sensacao-das-passarelas\/marianal1190750\/'><img loading=\"lazy\" decoding=\"async\" width=\"150\" height=\"150\" src=\"https:\/\/marcelolopes.jor.br\/site\/wp-content\/uploads\/2019\/05\/marianaL1190750-150x150.jpg\" class=\"attachment-thumbnail size-thumbnail\" alt=\"\" \/><\/a>\n\t\t\t<\/div><\/figure><figure class='gallery-item'>\n\t\t\t<div class='gallery-icon portrait'>\n\t\t\t\t<a href='https:\/\/marcelolopes.jor.br\/site\/2019\/05\/08\/descobertos-pela-moda-eles-sao-a-sensacao-das-passarelas\/4-2\/'><img loading=\"lazy\" decoding=\"async\" width=\"150\" height=\"150\" src=\"https:\/\/marcelolopes.jor.br\/site\/wp-content\/uploads\/2019\/05\/4-150x150.jpg\" class=\"attachment-thumbnail size-thumbnail\" alt=\"\" \/><\/a>\n\t\t\t<\/div><\/figure>\n\t\t<\/div>\n\n<div class=\"bcjde69f75f5b0d8f0\" ><br><\/div><style type=\"text\/css\">\r\n@media screen and (min-width: 1201px) {\r\n.bcjde69f75f5b0d8f0 {\r\ndisplay: block;\r\n}\r\n}\r\n@media screen and (min-width: 993px) and (max-width: 1200px) {\r\n.bcjde69f75f5b0d8f0 {\r\ndisplay: block;\r\n}\r\n}\r\n@media screen and (min-width: 769px) and (max-width: 992px) {\r\n.bcjde69f75f5b0d8f0 {\r\ndisplay: block;\r\n}\r\n}\r\n@media screen and (min-width: 768px) and (max-width: 768px) {\r\n.bcjde69f75f5b0d8f0 {\r\ndisplay: block;\r\n}\r\n}\r\n@media screen and (max-width: 767px) {\r\n.bcjde69f75f5b0d8f0 {\r\ndisplay: block;\r\n}\r\n}\r\n<\/style>\r\n<div class=\"frscf69f75f5b13160\" ><div id=\"div_destino\"><\/div>\r\n<script src=\"https:\/\/cdn.snsrsv.com\/sdk.js\"><\/script>\r\n<script >\r\n      new sdk(\"464030C30061EA8BE065000000000001\") \r\n          .appendTo(\"div_destino\")\r\n          .disableStyle(true) \r\n          .setCacheBusterMacro(\"%%CACHEBUSTER%%\")\r\n          .setSize(\"800\",\"214\")\r\n          .setClickMacro(\"%%CLICK_URL_ESC%%\") \r\n          .setReferrerUrlMacro(\"%%REFERRER_URL_ESC%%\") \r\n          .start(); \r\n<\/script><\/div><style type=\"text\/css\">\r\n@media screen and (min-width: 1201px) {\r\n.frscf69f75f5b13160 {\r\ndisplay: block;\r\n}\r\n}\r\n@media screen and (min-width: 993px) and (max-width: 1200px) {\r\n.frscf69f75f5b13160 {\r\ndisplay: block;\r\n}\r\n}\r\n@media screen and (min-width: 769px) and (max-width: 992px) {\r\n.frscf69f75f5b13160 {\r\ndisplay: block;\r\n}\r\n}\r\n@media screen and (min-width: 768px) and (max-width: 768px) {\r\n.frscf69f75f5b13160 {\r\ndisplay: block;\r\n}\r\n}\r\n@media screen and (max-width: 767px) {\r\n.frscf69f75f5b13160 {\r\ndisplay: block;\r\n}\r\n}\r\n<\/style>\r\n","protected":false},"excerpt":{"rendered":"<p>Tr\u00eas revela\u00e7\u00f5es do mundo da Moda que fizeram sucesso nesta edi\u00e7\u00e3o da S\u00e3o Paulo Fashion Week, realizada na \u00faltima semana de abril, s\u00e3o de Cataguases. Ana Loppes, Alysson Rodrigues e Katie, est\u00e3o apenas iniciando suas carreiras como modelo, mas nem<\/p>\n<p class=\"link-more\"><a class=\"more-link\" href=\"https:\/\/marcelolopes.jor.br\/site\/2019\/05\/08\/descobertos-pela-moda-eles-sao-a-sensacao-das-passarelas\/\">Leia mais <span class=\"screen-reader-text\">Descobertos pela Moda eles s\u00e3o a sensa\u00e7\u00e3o das passarelas<\/span><\/a><\/p>\n","protected":false},"author":2,"featured_media":1060,"comment_status":"open","ping_status":"open","sticky":false,"template":"","format":"standard","meta":{"footnotes":""},"categories":[1],"tags":[157,155,112,156],"class_list":["post-1059","post","type-post","status-publish","format-standard","has-post-thumbnail","hentry","category-noticias","tag-cataguases","tag-map-model","tag-modelo","tag-passarela","thumb-below-title"],"yoast_head":"<!-- This site is optimized with the Yoast SEO plugin v27.4 - https:\/\/yoast.com\/product\/yoast-seo-wordpress\/ -->\n<title>Descobertos pela Moda eles s\u00e3o a sensa\u00e7\u00e3o das passarelas | Marcelo Lopes<\/title>\n<meta name=\"robots\" content=\"index, follow, max-snippet:-1, max-image-preview:large, max-video-preview:-1\" \/>\n<link rel=\"canonical\" href=\"https:\/\/marcelolopes.jor.br\/site\/2019\/05\/08\/descobertos-pela-moda-eles-sao-a-sensacao-das-passarelas\/\" \/>\n<meta property=\"og:locale\" content=\"pt_BR\" \/>\n<meta property=\"og:type\" content=\"article\" \/>\n<meta property=\"og:title\" content=\"Descobertos pela Moda eles s\u00e3o a sensa\u00e7\u00e3o das passarelas | Marcelo Lopes\" \/>\n<meta property=\"og:description\" content=\"Tr\u00eas revela\u00e7\u00f5es do mundo da Moda que fizeram sucesso nesta edi\u00e7\u00e3o da S\u00e3o Paulo Fashion Week, realizada na \u00faltima semana de abril, s\u00e3o de Cataguases. Ana Loppes, Alysson Rodrigues e Katie, est\u00e3o apenas iniciando suas carreiras como modelo, mas nemLeia mais Descobertos pela Moda eles s\u00e3o a sensa\u00e7\u00e3o das passarelas\" \/>\n<meta property=\"og:url\" content=\"https:\/\/marcelolopes.jor.br\/site\/2019\/05\/08\/descobertos-pela-moda-eles-sao-a-sensacao-das-passarelas\/\" \/>\n<meta property=\"og:site_name\" content=\"Marcelo Lopes\" \/>\n<meta property=\"article:publisher\" content=\"https:\/\/www.facebook.com\/sitedomarcelolopes\" \/>\n<meta property=\"article:published_time\" content=\"2019-05-08T15:25:13+00:00\" \/>\n<meta property=\"article:modified_time\" content=\"2019-05-09T12:50:07+00:00\" \/>\n<meta property=\"og:image\" content=\"https:\/\/marcelolopes.jor.br\/site\/wp-content\/uploads\/2019\/05\/Entrevista.jpg\" \/>\n\t<meta property=\"og:image:width\" content=\"800\" \/>\n\t<meta property=\"og:image:height\" content=\"628\" \/>\n\t<meta property=\"og:image:type\" content=\"image\/jpeg\" \/>\n<meta name=\"author\" content=\"Marcelo Lopes\" \/>\n<meta name=\"twitter:card\" content=\"summary_large_image\" \/>\n<meta name=\"twitter:label1\" content=\"Escrito por\" \/>\n\t<meta name=\"twitter:data1\" content=\"Marcelo Lopes\" \/>\n\t<meta name=\"twitter:label2\" content=\"Est. tempo de leitura\" \/>\n\t<meta name=\"twitter:data2\" content=\"5 minutos\" \/>\n<script type=\"application\/ld+json\" class=\"yoast-schema-graph\">{\"@context\":\"https:\\\/\\\/schema.org\",\"@graph\":[{\"@type\":\"NewsArticle\",\"@id\":\"https:\\\/\\\/marcelolopes.jor.br\\\/site\\\/2019\\\/05\\\/08\\\/descobertos-pela-moda-eles-sao-a-sensacao-das-passarelas\\\/#article\",\"isPartOf\":{\"@id\":\"https:\\\/\\\/marcelolopes.jor.br\\\/site\\\/2019\\\/05\\\/08\\\/descobertos-pela-moda-eles-sao-a-sensacao-das-passarelas\\\/\"},\"author\":{\"name\":\"Marcelo Lopes\",\"@id\":\"https:\\\/\\\/marcelolopes.jor.br\\\/site\\\/#\\\/schema\\\/person\\\/3e7216a35c34d8fdf952b31da3d1f89f\"},\"headline\":\"Descobertos pela Moda eles s\u00e3o a sensa\u00e7\u00e3o das passarelas\",\"datePublished\":\"2019-05-08T15:25:13+00:00\",\"dateModified\":\"2019-05-09T12:50:07+00:00\",\"mainEntityOfPage\":{\"@id\":\"https:\\\/\\\/marcelolopes.jor.br\\\/site\\\/2019\\\/05\\\/08\\\/descobertos-pela-moda-eles-sao-a-sensacao-das-passarelas\\\/\"},\"wordCount\":966,\"commentCount\":0,\"publisher\":{\"@id\":\"https:\\\/\\\/marcelolopes.jor.br\\\/site\\\/#organization\"},\"image\":{\"@id\":\"https:\\\/\\\/marcelolopes.jor.br\\\/site\\\/2019\\\/05\\\/08\\\/descobertos-pela-moda-eles-sao-a-sensacao-das-passarelas\\\/#primaryimage\"},\"thumbnailUrl\":\"https:\\\/\\\/marcelolopes.jor.br\\\/site\\\/wp-content\\\/uploads\\\/2019\\\/05\\\/Entrevista.jpg\",\"keywords\":[\"Cataguases\",\"Map Model\",\"modelo\",\"passarela\"],\"articleSection\":[\"Not\u00edcias\"],\"inLanguage\":\"pt-BR\",\"potentialAction\":[{\"@type\":\"CommentAction\",\"name\":\"Comment\",\"target\":[\"https:\\\/\\\/marcelolopes.jor.br\\\/site\\\/2019\\\/05\\\/08\\\/descobertos-pela-moda-eles-sao-a-sensacao-das-passarelas\\\/#respond\"]}]},{\"@type\":\"WebPage\",\"@id\":\"https:\\\/\\\/marcelolopes.jor.br\\\/site\\\/2019\\\/05\\\/08\\\/descobertos-pela-moda-eles-sao-a-sensacao-das-passarelas\\\/\",\"url\":\"https:\\\/\\\/marcelolopes.jor.br\\\/site\\\/2019\\\/05\\\/08\\\/descobertos-pela-moda-eles-sao-a-sensacao-das-passarelas\\\/\",\"name\":\"Descobertos pela Moda eles s\u00e3o a sensa\u00e7\u00e3o das passarelas | Marcelo Lopes\",\"isPartOf\":{\"@id\":\"https:\\\/\\\/marcelolopes.jor.br\\\/site\\\/#website\"},\"primaryImageOfPage\":{\"@id\":\"https:\\\/\\\/marcelolopes.jor.br\\\/site\\\/2019\\\/05\\\/08\\\/descobertos-pela-moda-eles-sao-a-sensacao-das-passarelas\\\/#primaryimage\"},\"image\":{\"@id\":\"https:\\\/\\\/marcelolopes.jor.br\\\/site\\\/2019\\\/05\\\/08\\\/descobertos-pela-moda-eles-sao-a-sensacao-das-passarelas\\\/#primaryimage\"},\"thumbnailUrl\":\"https:\\\/\\\/marcelolopes.jor.br\\\/site\\\/wp-content\\\/uploads\\\/2019\\\/05\\\/Entrevista.jpg\",\"datePublished\":\"2019-05-08T15:25:13+00:00\",\"dateModified\":\"2019-05-09T12:50:07+00:00\",\"breadcrumb\":{\"@id\":\"https:\\\/\\\/marcelolopes.jor.br\\\/site\\\/2019\\\/05\\\/08\\\/descobertos-pela-moda-eles-sao-a-sensacao-das-passarelas\\\/#breadcrumb\"},\"inLanguage\":\"pt-BR\",\"potentialAction\":[{\"@type\":\"ReadAction\",\"target\":[\"https:\\\/\\\/marcelolopes.jor.br\\\/site\\\/2019\\\/05\\\/08\\\/descobertos-pela-moda-eles-sao-a-sensacao-das-passarelas\\\/\"]}]},{\"@type\":\"ImageObject\",\"inLanguage\":\"pt-BR\",\"@id\":\"https:\\\/\\\/marcelolopes.jor.br\\\/site\\\/2019\\\/05\\\/08\\\/descobertos-pela-moda-eles-sao-a-sensacao-das-passarelas\\\/#primaryimage\",\"url\":\"https:\\\/\\\/marcelolopes.jor.br\\\/site\\\/wp-content\\\/uploads\\\/2019\\\/05\\\/Entrevista.jpg\",\"contentUrl\":\"https:\\\/\\\/marcelolopes.jor.br\\\/site\\\/wp-content\\\/uploads\\\/2019\\\/05\\\/Entrevista.jpg\",\"width\":800,\"height\":628,\"caption\":\"Da esquerda para a direita: Katie, Alysson e Ana, durante a entrevista (Foto: Will Pissinini)\"},{\"@type\":\"BreadcrumbList\",\"@id\":\"https:\\\/\\\/marcelolopes.jor.br\\\/site\\\/2019\\\/05\\\/08\\\/descobertos-pela-moda-eles-sao-a-sensacao-das-passarelas\\\/#breadcrumb\",\"itemListElement\":[{\"@type\":\"ListItem\",\"position\":1,\"name\":\"Home\",\"item\":\"https:\\\/\\\/marcelolopes.jor.br\\\/site\\\/\"},{\"@type\":\"ListItem\",\"position\":2,\"name\":\"Descobertos pela Moda eles s\u00e3o a sensa\u00e7\u00e3o das passarelas\"}]},{\"@type\":\"WebSite\",\"@id\":\"https:\\\/\\\/marcelolopes.jor.br\\\/site\\\/#website\",\"url\":\"https:\\\/\\\/marcelolopes.jor.br\\\/site\\\/\",\"name\":\"Marcelo Lopes\",\"description\":\"Not\u00edcias de Cataguases e Regi\u00e3o\",\"publisher\":{\"@id\":\"https:\\\/\\\/marcelolopes.jor.br\\\/site\\\/#organization\"},\"potentialAction\":[{\"@type\":\"SearchAction\",\"target\":{\"@type\":\"EntryPoint\",\"urlTemplate\":\"https:\\\/\\\/marcelolopes.jor.br\\\/site\\\/?s={search_term_string}\"},\"query-input\":{\"@type\":\"PropertyValueSpecification\",\"valueRequired\":true,\"valueName\":\"search_term_string\"}}],\"inLanguage\":\"pt-BR\"},{\"@type\":\"Organization\",\"@id\":\"https:\\\/\\\/marcelolopes.jor.br\\\/site\\\/#organization\",\"name\":\"Site do Marcelo Lopes\",\"url\":\"https:\\\/\\\/marcelolopes.jor.br\\\/site\\\/\",\"logo\":{\"@type\":\"ImageObject\",\"inLanguage\":\"pt-BR\",\"@id\":\"https:\\\/\\\/marcelolopes.jor.br\\\/site\\\/#\\\/schema\\\/logo\\\/image\\\/\",\"url\":\"https:\\\/\\\/marcelolopes.jor.br\\\/site\\\/wp-content\\\/uploads\\\/2024\\\/11\\\/logo-1.png\",\"contentUrl\":\"https:\\\/\\\/marcelolopes.jor.br\\\/site\\\/wp-content\\\/uploads\\\/2024\\\/11\\\/logo-1.png\",\"width\":475,\"height\":80,\"caption\":\"Site do Marcelo Lopes\"},\"image\":{\"@id\":\"https:\\\/\\\/marcelolopes.jor.br\\\/site\\\/#\\\/schema\\\/logo\\\/image\\\/\"},\"sameAs\":[\"https:\\\/\\\/www.facebook.com\\\/sitedomarcelolopes\",\"https:\\\/\\\/www.instagram.com\\\/sitedomarcelolopes\\\/\",\"https:\\\/\\\/www.linkedin.com\\\/company\\\/site-do-marcelo-lopes\\\/\",\"https:\\\/\\\/www.youtube.com\\\/user\\\/marcelolopes957\"]},{\"@type\":\"Person\",\"@id\":\"https:\\\/\\\/marcelolopes.jor.br\\\/site\\\/#\\\/schema\\\/person\\\/3e7216a35c34d8fdf952b31da3d1f89f\",\"name\":\"Marcelo Lopes\",\"sameAs\":[\"http:\\\/\\\/www.marcelolopes.jor.br\"],\"url\":\"https:\\\/\\\/marcelolopes.jor.br\\\/site\\\/author\\\/marcelo\\\/\"}]}<\/script>\n<!-- \/ Yoast SEO plugin. -->","yoast_head_json":{"title":"Descobertos pela Moda eles s\u00e3o a sensa\u00e7\u00e3o das passarelas | Marcelo Lopes","robots":{"index":"index","follow":"follow","max-snippet":"max-snippet:-1","max-image-preview":"max-image-preview:large","max-video-preview":"max-video-preview:-1"},"canonical":"https:\/\/marcelolopes.jor.br\/site\/2019\/05\/08\/descobertos-pela-moda-eles-sao-a-sensacao-das-passarelas\/","og_locale":"pt_BR","og_type":"article","og_title":"Descobertos pela Moda eles s\u00e3o a sensa\u00e7\u00e3o das passarelas | Marcelo Lopes","og_description":"Tr\u00eas revela\u00e7\u00f5es do mundo da Moda que fizeram sucesso nesta edi\u00e7\u00e3o da S\u00e3o Paulo Fashion Week, realizada na \u00faltima semana de abril, s\u00e3o de Cataguases. Ana Loppes, Alysson Rodrigues e Katie, est\u00e3o apenas iniciando suas carreiras como modelo, mas nemLeia mais Descobertos pela Moda eles s\u00e3o a sensa\u00e7\u00e3o das passarelas","og_url":"https:\/\/marcelolopes.jor.br\/site\/2019\/05\/08\/descobertos-pela-moda-eles-sao-a-sensacao-das-passarelas\/","og_site_name":"Marcelo Lopes","article_publisher":"https:\/\/www.facebook.com\/sitedomarcelolopes","article_published_time":"2019-05-08T15:25:13+00:00","article_modified_time":"2019-05-09T12:50:07+00:00","og_image":[{"width":800,"height":628,"url":"https:\/\/marcelolopes.jor.br\/site\/wp-content\/uploads\/2019\/05\/Entrevista.jpg","type":"image\/jpeg"}],"author":"Marcelo Lopes","twitter_card":"summary_large_image","twitter_misc":{"Escrito por":"Marcelo Lopes","Est. tempo de leitura":"5 minutos"},"schema":{"@context":"https:\/\/schema.org","@graph":[{"@type":"NewsArticle","@id":"https:\/\/marcelolopes.jor.br\/site\/2019\/05\/08\/descobertos-pela-moda-eles-sao-a-sensacao-das-passarelas\/#article","isPartOf":{"@id":"https:\/\/marcelolopes.jor.br\/site\/2019\/05\/08\/descobertos-pela-moda-eles-sao-a-sensacao-das-passarelas\/"},"author":{"name":"Marcelo Lopes","@id":"https:\/\/marcelolopes.jor.br\/site\/#\/schema\/person\/3e7216a35c34d8fdf952b31da3d1f89f"},"headline":"Descobertos pela Moda eles s\u00e3o a sensa\u00e7\u00e3o das passarelas","datePublished":"2019-05-08T15:25:13+00:00","dateModified":"2019-05-09T12:50:07+00:00","mainEntityOfPage":{"@id":"https:\/\/marcelolopes.jor.br\/site\/2019\/05\/08\/descobertos-pela-moda-eles-sao-a-sensacao-das-passarelas\/"},"wordCount":966,"commentCount":0,"publisher":{"@id":"https:\/\/marcelolopes.jor.br\/site\/#organization"},"image":{"@id":"https:\/\/marcelolopes.jor.br\/site\/2019\/05\/08\/descobertos-pela-moda-eles-sao-a-sensacao-das-passarelas\/#primaryimage"},"thumbnailUrl":"https:\/\/marcelolopes.jor.br\/site\/wp-content\/uploads\/2019\/05\/Entrevista.jpg","keywords":["Cataguases","Map Model","modelo","passarela"],"articleSection":["Not\u00edcias"],"inLanguage":"pt-BR","potentialAction":[{"@type":"CommentAction","name":"Comment","target":["https:\/\/marcelolopes.jor.br\/site\/2019\/05\/08\/descobertos-pela-moda-eles-sao-a-sensacao-das-passarelas\/#respond"]}]},{"@type":"WebPage","@id":"https:\/\/marcelolopes.jor.br\/site\/2019\/05\/08\/descobertos-pela-moda-eles-sao-a-sensacao-das-passarelas\/","url":"https:\/\/marcelolopes.jor.br\/site\/2019\/05\/08\/descobertos-pela-moda-eles-sao-a-sensacao-das-passarelas\/","name":"Descobertos pela Moda eles s\u00e3o a sensa\u00e7\u00e3o das passarelas | Marcelo Lopes","isPartOf":{"@id":"https:\/\/marcelolopes.jor.br\/site\/#website"},"primaryImageOfPage":{"@id":"https:\/\/marcelolopes.jor.br\/site\/2019\/05\/08\/descobertos-pela-moda-eles-sao-a-sensacao-das-passarelas\/#primaryimage"},"image":{"@id":"https:\/\/marcelolopes.jor.br\/site\/2019\/05\/08\/descobertos-pela-moda-eles-sao-a-sensacao-das-passarelas\/#primaryimage"},"thumbnailUrl":"https:\/\/marcelolopes.jor.br\/site\/wp-content\/uploads\/2019\/05\/Entrevista.jpg","datePublished":"2019-05-08T15:25:13+00:00","dateModified":"2019-05-09T12:50:07+00:00","breadcrumb":{"@id":"https:\/\/marcelolopes.jor.br\/site\/2019\/05\/08\/descobertos-pela-moda-eles-sao-a-sensacao-das-passarelas\/#breadcrumb"},"inLanguage":"pt-BR","potentialAction":[{"@type":"ReadAction","target":["https:\/\/marcelolopes.jor.br\/site\/2019\/05\/08\/descobertos-pela-moda-eles-sao-a-sensacao-das-passarelas\/"]}]},{"@type":"ImageObject","inLanguage":"pt-BR","@id":"https:\/\/marcelolopes.jor.br\/site\/2019\/05\/08\/descobertos-pela-moda-eles-sao-a-sensacao-das-passarelas\/#primaryimage","url":"https:\/\/marcelolopes.jor.br\/site\/wp-content\/uploads\/2019\/05\/Entrevista.jpg","contentUrl":"https:\/\/marcelolopes.jor.br\/site\/wp-content\/uploads\/2019\/05\/Entrevista.jpg","width":800,"height":628,"caption":"Da esquerda para a direita: Katie, Alysson e Ana, durante a entrevista (Foto: Will Pissinini)"},{"@type":"BreadcrumbList","@id":"https:\/\/marcelolopes.jor.br\/site\/2019\/05\/08\/descobertos-pela-moda-eles-sao-a-sensacao-das-passarelas\/#breadcrumb","itemListElement":[{"@type":"ListItem","position":1,"name":"Home","item":"https:\/\/marcelolopes.jor.br\/site\/"},{"@type":"ListItem","position":2,"name":"Descobertos pela Moda eles s\u00e3o a sensa\u00e7\u00e3o das passarelas"}]},{"@type":"WebSite","@id":"https:\/\/marcelolopes.jor.br\/site\/#website","url":"https:\/\/marcelolopes.jor.br\/site\/","name":"Marcelo Lopes","description":"Not\u00edcias de Cataguases e Regi\u00e3o","publisher":{"@id":"https:\/\/marcelolopes.jor.br\/site\/#organization"},"potentialAction":[{"@type":"SearchAction","target":{"@type":"EntryPoint","urlTemplate":"https:\/\/marcelolopes.jor.br\/site\/?s={search_term_string}"},"query-input":{"@type":"PropertyValueSpecification","valueRequired":true,"valueName":"search_term_string"}}],"inLanguage":"pt-BR"},{"@type":"Organization","@id":"https:\/\/marcelolopes.jor.br\/site\/#organization","name":"Site do Marcelo Lopes","url":"https:\/\/marcelolopes.jor.br\/site\/","logo":{"@type":"ImageObject","inLanguage":"pt-BR","@id":"https:\/\/marcelolopes.jor.br\/site\/#\/schema\/logo\/image\/","url":"https:\/\/marcelolopes.jor.br\/site\/wp-content\/uploads\/2024\/11\/logo-1.png","contentUrl":"https:\/\/marcelolopes.jor.br\/site\/wp-content\/uploads\/2024\/11\/logo-1.png","width":475,"height":80,"caption":"Site do Marcelo Lopes"},"image":{"@id":"https:\/\/marcelolopes.jor.br\/site\/#\/schema\/logo\/image\/"},"sameAs":["https:\/\/www.facebook.com\/sitedomarcelolopes","https:\/\/www.instagram.com\/sitedomarcelolopes\/","https:\/\/www.linkedin.com\/company\/site-do-marcelo-lopes\/","https:\/\/www.youtube.com\/user\/marcelolopes957"]},{"@type":"Person","@id":"https:\/\/marcelolopes.jor.br\/site\/#\/schema\/person\/3e7216a35c34d8fdf952b31da3d1f89f","name":"Marcelo Lopes","sameAs":["http:\/\/www.marcelolopes.jor.br"],"url":"https:\/\/marcelolopes.jor.br\/site\/author\/marcelo\/"}]}},"wps_subtitle":"O trio jamais pensou em investir na carreira de modelo, mas o olhar atento de Alexandre Vieira, mudou a vida deles.","_links":{"self":[{"href":"https:\/\/marcelolopes.jor.br\/site\/wp-json\/wp\/v2\/posts\/1059","targetHints":{"allow":["GET"]}}],"collection":[{"href":"https:\/\/marcelolopes.jor.br\/site\/wp-json\/wp\/v2\/posts"}],"about":[{"href":"https:\/\/marcelolopes.jor.br\/site\/wp-json\/wp\/v2\/types\/post"}],"author":[{"embeddable":true,"href":"https:\/\/marcelolopes.jor.br\/site\/wp-json\/wp\/v2\/users\/2"}],"replies":[{"embeddable":true,"href":"https:\/\/marcelolopes.jor.br\/site\/wp-json\/wp\/v2\/comments?post=1059"}],"version-history":[{"count":0,"href":"https:\/\/marcelolopes.jor.br\/site\/wp-json\/wp\/v2\/posts\/1059\/revisions"}],"wp:featuredmedia":[{"embeddable":true,"href":"https:\/\/marcelolopes.jor.br\/site\/wp-json\/wp\/v2\/media\/1060"}],"wp:attachment":[{"href":"https:\/\/marcelolopes.jor.br\/site\/wp-json\/wp\/v2\/media?parent=1059"}],"wp:term":[{"taxonomy":"category","embeddable":true,"href":"https:\/\/marcelolopes.jor.br\/site\/wp-json\/wp\/v2\/categories?post=1059"},{"taxonomy":"post_tag","embeddable":true,"href":"https:\/\/marcelolopes.jor.br\/site\/wp-json\/wp\/v2\/tags?post=1059"}],"curies":[{"name":"wp","href":"https:\/\/api.w.org\/{rel}","templated":true}]}}