{"id":10543,"date":"2020-01-17T07:00:55","date_gmt":"2020-01-17T10:00:55","guid":{"rendered":"https:\/\/marcelolopes.jor.br\/?p=10543"},"modified":"2020-01-16T18:17:08","modified_gmt":"2020-01-16T21:17:08","slug":"recreio-adere-programa-federal-crianca-feliz","status":"publish","type":"post","link":"https:\/\/marcelolopes.jor.br\/site\/2020\/01\/17\/recreio-adere-programa-federal-crianca-feliz\/","title":{"rendered":"Recreio adere programa federal \u201cCrian\u00e7a Feliz\u201d"},"content":{"rendered":"<p style=\"text-align: justify;\">O munic\u00edpio de Recreio aderiu ao programa federal \u201cCrian\u00e7a Feliz\u201d que tem como objetivo ajudar no desenvolvimento de crian\u00e7as at\u00e9 6 anos de idade. Os atendimentos s\u00e3o feitos atrav\u00e9s do Centro de Refer\u00eancia de Assist\u00eancia Social \u201cCRAS\u201d, acontecem, inicialmente com as gestantes.<!--more--><\/p>\n<p style=\"text-align: justify;\">De acordo com o site do Minist\u00e9rio da Cidadania, o \u201cCrian\u00e7a Feliz\u201d \u00e9 o maior programa de visita\u00e7\u00e3o domiciliar para o desenvolvimento da primeira inf\u00e2ncia do mundo, e est\u00e1 presente em mais da metade dos munic\u00edpios brasileiros.<\/p>\n<p style=\"text-align: justify;\">O programa \u00e9 uma importante ferramenta para que fam\u00edlias com crian\u00e7as entre 0 e 6 anos ofere\u00e7am \u00e0 eles meios para promover seu desenvolvimento integral. A administra\u00e7\u00e3o municipal n\u00e3o informou o n\u00famero de crian\u00e7as de Recreio que ser\u00e3o beneficiadas pelo Programa.<\/p>\n<p style=\"text-align: justify;\">A ades\u00e3o de Recreio aconteceu ao final de dezembro, conforme informou a prefeitura. A pr\u00f3xima etapa ser\u00e1 formar a equipe de trabalho que far\u00e1 uma capacita\u00e7\u00e3o em Belo Horizonte em data a ser divulgada oportunamente. Todos os custos do programa s\u00e3o bancados pelo Governo Federal.<\/p>\n<p style=\"text-align: justify;\"><strong>P\u00fablico priorit\u00e1rio<\/strong><br \/>\n&#8211; Gestantes, crian\u00e7as de at\u00e9 3 (tr\u00eas) anos e suas fam\u00edlias benefici\u00e1rias do Bolsa Fam\u00edlia;<br \/>\n&#8211; Crian\u00e7as de at\u00e9 6 (seis) anos e suas fam\u00edlias benefici\u00e1rias do BPC2;<br \/>\n&#8211; Crian\u00e7as de at\u00e9 6 (seis) anos afastadas do conv\u00edvio familiar em raz\u00e3o da aplica\u00e7\u00e3o de medida protetiva prevista no Estatuto da Crian\u00e7a e do Adolescente.<\/p>\n<p><em>Fonte: Site P\u00f3lis e foto: Clarice Castro \u2013 MDS<\/em><\/p>\n<div class=\"ouypi69f6fe7eb34ec\" ><br><\/div><style type=\"text\/css\">\r\n@media screen and (min-width: 1201px) {\r\n.ouypi69f6fe7eb34ec {\r\ndisplay: block;\r\n}\r\n}\r\n@media screen and (min-width: 993px) and (max-width: 1200px) {\r\n.ouypi69f6fe7eb34ec {\r\ndisplay: block;\r\n}\r\n}\r\n@media screen and (min-width: 769px) and (max-width: 992px) {\r\n.ouypi69f6fe7eb34ec {\r\ndisplay: block;\r\n}\r\n}\r\n@media screen and (min-width: 768px) and (max-width: 768px) {\r\n.ouypi69f6fe7eb34ec {\r\ndisplay: block;\r\n}\r\n}\r\n@media screen and (max-width: 767px) {\r\n.ouypi69f6fe7eb34ec {\r\ndisplay: block;\r\n}\r\n}\r\n<\/style>\r\n<div class=\"caqnf69f6fe7eb79a9\" ><div id=\"div_destino\"><\/div>\r\n<script src=\"https:\/\/cdn.snsrsv.com\/sdk.js\"><\/script>\r\n<script >\r\n      new sdk(\"464030C30061EA8BE065000000000001\") \r\n          .appendTo(\"div_destino\")\r\n          .disableStyle(true) \r\n          .setCacheBusterMacro(\"%%CACHEBUSTER%%\")\r\n          .setSize(\"800\",\"214\")\r\n          .setClickMacro(\"%%CLICK_URL_ESC%%\") \r\n          .setReferrerUrlMacro(\"%%REFERRER_URL_ESC%%\") \r\n          .start(); \r\n<\/script><\/div><style type=\"text\/css\">\r\n@media screen and (min-width: 1201px) {\r\n.caqnf69f6fe7eb79a9 {\r\ndisplay: block;\r\n}\r\n}\r\n@media screen and (min-width: 993px) and (max-width: 1200px) {\r\n.caqnf69f6fe7eb79a9 {\r\ndisplay: block;\r\n}\r\n}\r\n@media screen and (min-width: 769px) and (max-width: 992px) {\r\n.caqnf69f6fe7eb79a9 {\r\ndisplay: block;\r\n}\r\n}\r\n@media screen and (min-width: 768px) and (max-width: 768px) {\r\n.caqnf69f6fe7eb79a9 {\r\ndisplay: block;\r\n}\r\n}\r\n@media screen and (max-width: 767px) {\r\n.caqnf69f6fe7eb79a9 {\r\ndisplay: block;\r\n}\r\n}\r\n<\/style>\r\n","protected":false},"excerpt":{"rendered":"<p>O munic\u00edpio de Recreio aderiu ao programa federal \u201cCrian\u00e7a Feliz\u201d que tem como objetivo ajudar no desenvolvimento de crian\u00e7as at\u00e9 6 anos de idade. Os atendimentos s\u00e3o feitos atrav\u00e9s do Centro de Refer\u00eancia de Assist\u00eancia Social \u201cCRAS\u201d, acontecem, inicialmente com<\/p>\n<p class=\"link-more\"><a class=\"more-link\" href=\"https:\/\/marcelolopes.jor.br\/site\/2020\/01\/17\/recreio-adere-programa-federal-crianca-feliz\/\">Leia mais <span class=\"screen-reader-text\">Recreio adere programa federal \u201cCrian\u00e7a Feliz\u201d<\/span><\/a><\/p>\n","protected":false},"author":2,"featured_media":10545,"comment_status":"open","ping_status":"open","sticky":false,"template":"","format":"standard","meta":{"footnotes":""},"categories":[1],"tags":[426,1974,1973,297],"class_list":["post-10543","post","type-post","status-publish","format-standard","has-post-thumbnail","hentry","category-noticias","tag-crianca-feliz","tag-gestantes","tag-programa-social","tag-recreio","thumb-below-title"],"yoast_head":"<!-- This site is optimized with the Yoast SEO plugin v27.4 - https:\/\/yoast.com\/product\/yoast-seo-wordpress\/ -->\n<title>Recreio adere programa federal \u201cCrian\u00e7a Feliz\u201d | Marcelo Lopes<\/title>\n<meta name=\"robots\" content=\"index, follow, max-snippet:-1, max-image-preview:large, max-video-preview:-1\" \/>\n<link rel=\"canonical\" href=\"https:\/\/marcelolopes.jor.br\/site\/2020\/01\/17\/recreio-adere-programa-federal-crianca-feliz\/\" \/>\n<meta property=\"og:locale\" content=\"pt_BR\" \/>\n<meta property=\"og:type\" content=\"article\" \/>\n<meta property=\"og:title\" content=\"Recreio adere programa federal \u201cCrian\u00e7a Feliz\u201d | Marcelo Lopes\" \/>\n<meta property=\"og:description\" content=\"O munic\u00edpio de Recreio aderiu ao programa federal \u201cCrian\u00e7a Feliz\u201d que tem como objetivo ajudar no desenvolvimento de crian\u00e7as at\u00e9 6 anos de idade. Os atendimentos s\u00e3o feitos atrav\u00e9s do Centro de Refer\u00eancia de Assist\u00eancia Social \u201cCRAS\u201d, acontecem, inicialmente comLeia mais Recreio adere programa federal \u201cCrian\u00e7a Feliz\u201d\" \/>\n<meta property=\"og:url\" content=\"https:\/\/marcelolopes.jor.br\/site\/2020\/01\/17\/recreio-adere-programa-federal-crianca-feliz\/\" \/>\n<meta property=\"og:site_name\" content=\"Marcelo Lopes\" \/>\n<meta property=\"article:publisher\" content=\"https:\/\/www.facebook.com\/sitedomarcelolopes\" \/>\n<meta property=\"article:published_time\" content=\"2020-01-17T10:00:55+00:00\" \/>\n<meta property=\"og:image\" content=\"https:\/\/marcelolopes.jor.br\/site\/wp-content\/uploads\/2020\/01\/b041e3de-5e67-4f7d-b3ef-5b45f736a6b8.jpg\" \/>\n\t<meta property=\"og:image:width\" content=\"750\" \/>\n\t<meta property=\"og:image:height\" content=\"500\" \/>\n\t<meta property=\"og:image:type\" content=\"image\/jpeg\" \/>\n<meta name=\"author\" content=\"Marcelo Lopes\" \/>\n<meta name=\"twitter:card\" content=\"summary_large_image\" \/>\n<meta name=\"twitter:label1\" content=\"Escrito por\" \/>\n\t<meta name=\"twitter:data1\" content=\"Marcelo Lopes\" \/>\n\t<meta name=\"twitter:label2\" content=\"Est. tempo de leitura\" \/>\n\t<meta name=\"twitter:data2\" content=\"1 minuto\" \/>\n<script type=\"application\/ld+json\" class=\"yoast-schema-graph\">{\"@context\":\"https:\\\/\\\/schema.org\",\"@graph\":[{\"@type\":\"NewsArticle\",\"@id\":\"https:\\\/\\\/marcelolopes.jor.br\\\/site\\\/2020\\\/01\\\/17\\\/recreio-adere-programa-federal-crianca-feliz\\\/#article\",\"isPartOf\":{\"@id\":\"https:\\\/\\\/marcelolopes.jor.br\\\/site\\\/2020\\\/01\\\/17\\\/recreio-adere-programa-federal-crianca-feliz\\\/\"},\"author\":{\"name\":\"Marcelo Lopes\",\"@id\":\"https:\\\/\\\/marcelolopes.jor.br\\\/site\\\/#\\\/schema\\\/person\\\/3e7216a35c34d8fdf952b31da3d1f89f\"},\"headline\":\"Recreio adere programa federal \u201cCrian\u00e7a Feliz\u201d\",\"datePublished\":\"2020-01-17T10:00:55+00:00\",\"mainEntityOfPage\":{\"@id\":\"https:\\\/\\\/marcelolopes.jor.br\\\/site\\\/2020\\\/01\\\/17\\\/recreio-adere-programa-federal-crianca-feliz\\\/\"},\"wordCount\":267,\"commentCount\":0,\"publisher\":{\"@id\":\"https:\\\/\\\/marcelolopes.jor.br\\\/site\\\/#organization\"},\"image\":{\"@id\":\"https:\\\/\\\/marcelolopes.jor.br\\\/site\\\/2020\\\/01\\\/17\\\/recreio-adere-programa-federal-crianca-feliz\\\/#primaryimage\"},\"thumbnailUrl\":\"https:\\\/\\\/marcelolopes.jor.br\\\/site\\\/wp-content\\\/uploads\\\/2020\\\/01\\\/b041e3de-5e67-4f7d-b3ef-5b45f736a6b8.jpg\",\"keywords\":[\"Crian\u00e7a Feliz\",\"gestantes\",\"programa social\",\"Recreio\"],\"articleSection\":[\"Not\u00edcias\"],\"inLanguage\":\"pt-BR\",\"potentialAction\":[{\"@type\":\"CommentAction\",\"name\":\"Comment\",\"target\":[\"https:\\\/\\\/marcelolopes.jor.br\\\/site\\\/2020\\\/01\\\/17\\\/recreio-adere-programa-federal-crianca-feliz\\\/#respond\"]}]},{\"@type\":\"WebPage\",\"@id\":\"https:\\\/\\\/marcelolopes.jor.br\\\/site\\\/2020\\\/01\\\/17\\\/recreio-adere-programa-federal-crianca-feliz\\\/\",\"url\":\"https:\\\/\\\/marcelolopes.jor.br\\\/site\\\/2020\\\/01\\\/17\\\/recreio-adere-programa-federal-crianca-feliz\\\/\",\"name\":\"Recreio adere programa federal \u201cCrian\u00e7a Feliz\u201d | Marcelo Lopes\",\"isPartOf\":{\"@id\":\"https:\\\/\\\/marcelolopes.jor.br\\\/site\\\/#website\"},\"primaryImageOfPage\":{\"@id\":\"https:\\\/\\\/marcelolopes.jor.br\\\/site\\\/2020\\\/01\\\/17\\\/recreio-adere-programa-federal-crianca-feliz\\\/#primaryimage\"},\"image\":{\"@id\":\"https:\\\/\\\/marcelolopes.jor.br\\\/site\\\/2020\\\/01\\\/17\\\/recreio-adere-programa-federal-crianca-feliz\\\/#primaryimage\"},\"thumbnailUrl\":\"https:\\\/\\\/marcelolopes.jor.br\\\/site\\\/wp-content\\\/uploads\\\/2020\\\/01\\\/b041e3de-5e67-4f7d-b3ef-5b45f736a6b8.jpg\",\"datePublished\":\"2020-01-17T10:00:55+00:00\",\"breadcrumb\":{\"@id\":\"https:\\\/\\\/marcelolopes.jor.br\\\/site\\\/2020\\\/01\\\/17\\\/recreio-adere-programa-federal-crianca-feliz\\\/#breadcrumb\"},\"inLanguage\":\"pt-BR\",\"potentialAction\":[{\"@type\":\"ReadAction\",\"target\":[\"https:\\\/\\\/marcelolopes.jor.br\\\/site\\\/2020\\\/01\\\/17\\\/recreio-adere-programa-federal-crianca-feliz\\\/\"]}]},{\"@type\":\"ImageObject\",\"inLanguage\":\"pt-BR\",\"@id\":\"https:\\\/\\\/marcelolopes.jor.br\\\/site\\\/2020\\\/01\\\/17\\\/recreio-adere-programa-federal-crianca-feliz\\\/#primaryimage\",\"url\":\"https:\\\/\\\/marcelolopes.jor.br\\\/site\\\/wp-content\\\/uploads\\\/2020\\\/01\\\/b041e3de-5e67-4f7d-b3ef-5b45f736a6b8.jpg\",\"contentUrl\":\"https:\\\/\\\/marcelolopes.jor.br\\\/site\\\/wp-content\\\/uploads\\\/2020\\\/01\\\/b041e3de-5e67-4f7d-b3ef-5b45f736a6b8.jpg\",\"width\":750,\"height\":500},{\"@type\":\"BreadcrumbList\",\"@id\":\"https:\\\/\\\/marcelolopes.jor.br\\\/site\\\/2020\\\/01\\\/17\\\/recreio-adere-programa-federal-crianca-feliz\\\/#breadcrumb\",\"itemListElement\":[{\"@type\":\"ListItem\",\"position\":1,\"name\":\"Home\",\"item\":\"https:\\\/\\\/marcelolopes.jor.br\\\/site\\\/\"},{\"@type\":\"ListItem\",\"position\":2,\"name\":\"Recreio adere programa federal \u201cCrian\u00e7a Feliz\u201d\"}]},{\"@type\":\"WebSite\",\"@id\":\"https:\\\/\\\/marcelolopes.jor.br\\\/site\\\/#website\",\"url\":\"https:\\\/\\\/marcelolopes.jor.br\\\/site\\\/\",\"name\":\"Marcelo Lopes\",\"description\":\"Not\u00edcias de Cataguases e Regi\u00e3o\",\"publisher\":{\"@id\":\"https:\\\/\\\/marcelolopes.jor.br\\\/site\\\/#organization\"},\"potentialAction\":[{\"@type\":\"SearchAction\",\"target\":{\"@type\":\"EntryPoint\",\"urlTemplate\":\"https:\\\/\\\/marcelolopes.jor.br\\\/site\\\/?s={search_term_string}\"},\"query-input\":{\"@type\":\"PropertyValueSpecification\",\"valueRequired\":true,\"valueName\":\"search_term_string\"}}],\"inLanguage\":\"pt-BR\"},{\"@type\":\"Organization\",\"@id\":\"https:\\\/\\\/marcelolopes.jor.br\\\/site\\\/#organization\",\"name\":\"Site do Marcelo Lopes\",\"url\":\"https:\\\/\\\/marcelolopes.jor.br\\\/site\\\/\",\"logo\":{\"@type\":\"ImageObject\",\"inLanguage\":\"pt-BR\",\"@id\":\"https:\\\/\\\/marcelolopes.jor.br\\\/site\\\/#\\\/schema\\\/logo\\\/image\\\/\",\"url\":\"https:\\\/\\\/marcelolopes.jor.br\\\/site\\\/wp-content\\\/uploads\\\/2024\\\/11\\\/logo-1.png\",\"contentUrl\":\"https:\\\/\\\/marcelolopes.jor.br\\\/site\\\/wp-content\\\/uploads\\\/2024\\\/11\\\/logo-1.png\",\"width\":475,\"height\":80,\"caption\":\"Site do Marcelo Lopes\"},\"image\":{\"@id\":\"https:\\\/\\\/marcelolopes.jor.br\\\/site\\\/#\\\/schema\\\/logo\\\/image\\\/\"},\"sameAs\":[\"https:\\\/\\\/www.facebook.com\\\/sitedomarcelolopes\",\"https:\\\/\\\/www.instagram.com\\\/sitedomarcelolopes\\\/\",\"https:\\\/\\\/www.linkedin.com\\\/company\\\/site-do-marcelo-lopes\\\/\",\"https:\\\/\\\/www.youtube.com\\\/user\\\/marcelolopes957\"]},{\"@type\":\"Person\",\"@id\":\"https:\\\/\\\/marcelolopes.jor.br\\\/site\\\/#\\\/schema\\\/person\\\/3e7216a35c34d8fdf952b31da3d1f89f\",\"name\":\"Marcelo Lopes\",\"sameAs\":[\"http:\\\/\\\/www.marcelolopes.jor.br\"],\"url\":\"https:\\\/\\\/marcelolopes.jor.br\\\/site\\\/author\\\/marcelo\\\/\"}]}<\/script>\n<!-- \/ Yoast SEO plugin. -->","yoast_head_json":{"title":"Recreio adere programa federal \u201cCrian\u00e7a Feliz\u201d | Marcelo Lopes","robots":{"index":"index","follow":"follow","max-snippet":"max-snippet:-1","max-image-preview":"max-image-preview:large","max-video-preview":"max-video-preview:-1"},"canonical":"https:\/\/marcelolopes.jor.br\/site\/2020\/01\/17\/recreio-adere-programa-federal-crianca-feliz\/","og_locale":"pt_BR","og_type":"article","og_title":"Recreio adere programa federal \u201cCrian\u00e7a Feliz\u201d | Marcelo Lopes","og_description":"O munic\u00edpio de Recreio aderiu ao programa federal \u201cCrian\u00e7a Feliz\u201d que tem como objetivo ajudar no desenvolvimento de crian\u00e7as at\u00e9 6 anos de idade. Os atendimentos s\u00e3o feitos atrav\u00e9s do Centro de Refer\u00eancia de Assist\u00eancia Social \u201cCRAS\u201d, acontecem, inicialmente comLeia mais Recreio adere programa federal \u201cCrian\u00e7a Feliz\u201d","og_url":"https:\/\/marcelolopes.jor.br\/site\/2020\/01\/17\/recreio-adere-programa-federal-crianca-feliz\/","og_site_name":"Marcelo Lopes","article_publisher":"https:\/\/www.facebook.com\/sitedomarcelolopes","article_published_time":"2020-01-17T10:00:55+00:00","og_image":[{"width":750,"height":500,"url":"https:\/\/marcelolopes.jor.br\/site\/wp-content\/uploads\/2020\/01\/b041e3de-5e67-4f7d-b3ef-5b45f736a6b8.jpg","type":"image\/jpeg"}],"author":"Marcelo Lopes","twitter_card":"summary_large_image","twitter_misc":{"Escrito por":"Marcelo Lopes","Est. tempo de leitura":"1 minuto"},"schema":{"@context":"https:\/\/schema.org","@graph":[{"@type":"NewsArticle","@id":"https:\/\/marcelolopes.jor.br\/site\/2020\/01\/17\/recreio-adere-programa-federal-crianca-feliz\/#article","isPartOf":{"@id":"https:\/\/marcelolopes.jor.br\/site\/2020\/01\/17\/recreio-adere-programa-federal-crianca-feliz\/"},"author":{"name":"Marcelo Lopes","@id":"https:\/\/marcelolopes.jor.br\/site\/#\/schema\/person\/3e7216a35c34d8fdf952b31da3d1f89f"},"headline":"Recreio adere programa federal \u201cCrian\u00e7a Feliz\u201d","datePublished":"2020-01-17T10:00:55+00:00","mainEntityOfPage":{"@id":"https:\/\/marcelolopes.jor.br\/site\/2020\/01\/17\/recreio-adere-programa-federal-crianca-feliz\/"},"wordCount":267,"commentCount":0,"publisher":{"@id":"https:\/\/marcelolopes.jor.br\/site\/#organization"},"image":{"@id":"https:\/\/marcelolopes.jor.br\/site\/2020\/01\/17\/recreio-adere-programa-federal-crianca-feliz\/#primaryimage"},"thumbnailUrl":"https:\/\/marcelolopes.jor.br\/site\/wp-content\/uploads\/2020\/01\/b041e3de-5e67-4f7d-b3ef-5b45f736a6b8.jpg","keywords":["Crian\u00e7a Feliz","gestantes","programa social","Recreio"],"articleSection":["Not\u00edcias"],"inLanguage":"pt-BR","potentialAction":[{"@type":"CommentAction","name":"Comment","target":["https:\/\/marcelolopes.jor.br\/site\/2020\/01\/17\/recreio-adere-programa-federal-crianca-feliz\/#respond"]}]},{"@type":"WebPage","@id":"https:\/\/marcelolopes.jor.br\/site\/2020\/01\/17\/recreio-adere-programa-federal-crianca-feliz\/","url":"https:\/\/marcelolopes.jor.br\/site\/2020\/01\/17\/recreio-adere-programa-federal-crianca-feliz\/","name":"Recreio adere programa federal \u201cCrian\u00e7a Feliz\u201d | Marcelo Lopes","isPartOf":{"@id":"https:\/\/marcelolopes.jor.br\/site\/#website"},"primaryImageOfPage":{"@id":"https:\/\/marcelolopes.jor.br\/site\/2020\/01\/17\/recreio-adere-programa-federal-crianca-feliz\/#primaryimage"},"image":{"@id":"https:\/\/marcelolopes.jor.br\/site\/2020\/01\/17\/recreio-adere-programa-federal-crianca-feliz\/#primaryimage"},"thumbnailUrl":"https:\/\/marcelolopes.jor.br\/site\/wp-content\/uploads\/2020\/01\/b041e3de-5e67-4f7d-b3ef-5b45f736a6b8.jpg","datePublished":"2020-01-17T10:00:55+00:00","breadcrumb":{"@id":"https:\/\/marcelolopes.jor.br\/site\/2020\/01\/17\/recreio-adere-programa-federal-crianca-feliz\/#breadcrumb"},"inLanguage":"pt-BR","potentialAction":[{"@type":"ReadAction","target":["https:\/\/marcelolopes.jor.br\/site\/2020\/01\/17\/recreio-adere-programa-federal-crianca-feliz\/"]}]},{"@type":"ImageObject","inLanguage":"pt-BR","@id":"https:\/\/marcelolopes.jor.br\/site\/2020\/01\/17\/recreio-adere-programa-federal-crianca-feliz\/#primaryimage","url":"https:\/\/marcelolopes.jor.br\/site\/wp-content\/uploads\/2020\/01\/b041e3de-5e67-4f7d-b3ef-5b45f736a6b8.jpg","contentUrl":"https:\/\/marcelolopes.jor.br\/site\/wp-content\/uploads\/2020\/01\/b041e3de-5e67-4f7d-b3ef-5b45f736a6b8.jpg","width":750,"height":500},{"@type":"BreadcrumbList","@id":"https:\/\/marcelolopes.jor.br\/site\/2020\/01\/17\/recreio-adere-programa-federal-crianca-feliz\/#breadcrumb","itemListElement":[{"@type":"ListItem","position":1,"name":"Home","item":"https:\/\/marcelolopes.jor.br\/site\/"},{"@type":"ListItem","position":2,"name":"Recreio adere programa federal \u201cCrian\u00e7a Feliz\u201d"}]},{"@type":"WebSite","@id":"https:\/\/marcelolopes.jor.br\/site\/#website","url":"https:\/\/marcelolopes.jor.br\/site\/","name":"Marcelo Lopes","description":"Not\u00edcias de Cataguases e Regi\u00e3o","publisher":{"@id":"https:\/\/marcelolopes.jor.br\/site\/#organization"},"potentialAction":[{"@type":"SearchAction","target":{"@type":"EntryPoint","urlTemplate":"https:\/\/marcelolopes.jor.br\/site\/?s={search_term_string}"},"query-input":{"@type":"PropertyValueSpecification","valueRequired":true,"valueName":"search_term_string"}}],"inLanguage":"pt-BR"},{"@type":"Organization","@id":"https:\/\/marcelolopes.jor.br\/site\/#organization","name":"Site do Marcelo Lopes","url":"https:\/\/marcelolopes.jor.br\/site\/","logo":{"@type":"ImageObject","inLanguage":"pt-BR","@id":"https:\/\/marcelolopes.jor.br\/site\/#\/schema\/logo\/image\/","url":"https:\/\/marcelolopes.jor.br\/site\/wp-content\/uploads\/2024\/11\/logo-1.png","contentUrl":"https:\/\/marcelolopes.jor.br\/site\/wp-content\/uploads\/2024\/11\/logo-1.png","width":475,"height":80,"caption":"Site do Marcelo Lopes"},"image":{"@id":"https:\/\/marcelolopes.jor.br\/site\/#\/schema\/logo\/image\/"},"sameAs":["https:\/\/www.facebook.com\/sitedomarcelolopes","https:\/\/www.instagram.com\/sitedomarcelolopes\/","https:\/\/www.linkedin.com\/company\/site-do-marcelo-lopes\/","https:\/\/www.youtube.com\/user\/marcelolopes957"]},{"@type":"Person","@id":"https:\/\/marcelolopes.jor.br\/site\/#\/schema\/person\/3e7216a35c34d8fdf952b31da3d1f89f","name":"Marcelo Lopes","sameAs":["http:\/\/www.marcelolopes.jor.br"],"url":"https:\/\/marcelolopes.jor.br\/site\/author\/marcelo\/"}]}},"wps_subtitle":"Munic\u00edpio agora, vai capacitar a equipe de trabalho em Belo Horizonte.","_links":{"self":[{"href":"https:\/\/marcelolopes.jor.br\/site\/wp-json\/wp\/v2\/posts\/10543","targetHints":{"allow":["GET"]}}],"collection":[{"href":"https:\/\/marcelolopes.jor.br\/site\/wp-json\/wp\/v2\/posts"}],"about":[{"href":"https:\/\/marcelolopes.jor.br\/site\/wp-json\/wp\/v2\/types\/post"}],"author":[{"embeddable":true,"href":"https:\/\/marcelolopes.jor.br\/site\/wp-json\/wp\/v2\/users\/2"}],"replies":[{"embeddable":true,"href":"https:\/\/marcelolopes.jor.br\/site\/wp-json\/wp\/v2\/comments?post=10543"}],"version-history":[{"count":0,"href":"https:\/\/marcelolopes.jor.br\/site\/wp-json\/wp\/v2\/posts\/10543\/revisions"}],"wp:featuredmedia":[{"embeddable":true,"href":"https:\/\/marcelolopes.jor.br\/site\/wp-json\/wp\/v2\/media\/10545"}],"wp:attachment":[{"href":"https:\/\/marcelolopes.jor.br\/site\/wp-json\/wp\/v2\/media?parent=10543"}],"wp:term":[{"taxonomy":"category","embeddable":true,"href":"https:\/\/marcelolopes.jor.br\/site\/wp-json\/wp\/v2\/categories?post=10543"},{"taxonomy":"post_tag","embeddable":true,"href":"https:\/\/marcelolopes.jor.br\/site\/wp-json\/wp\/v2\/tags?post=10543"}],"curies":[{"name":"wp","href":"https:\/\/api.w.org\/{rel}","templated":true}]}}