{"id":10505,"date":"2020-01-15T21:00:01","date_gmt":"2020-01-16T00:00:01","guid":{"rendered":"https:\/\/marcelolopes.jor.br\/?p=10505"},"modified":"2020-01-15T18:19:53","modified_gmt":"2020-01-15T21:19:53","slug":"governo-de-minas-tera-que-informar-sobre-destinacao-de-multas-do-detran","status":"publish","type":"post","link":"https:\/\/marcelolopes.jor.br\/site\/2020\/01\/15\/governo-de-minas-tera-que-informar-sobre-destinacao-de-multas-do-detran\/","title":{"rendered":"Governo de Minas ter\u00e1 que informar sobre destina\u00e7\u00e3o de multas do Detran"},"content":{"rendered":"<p style=\"text-align: justify;\">O contribuinte mineiro ganhou mais uma ferramenta para dar mais transpar\u00eancia ao dinheiro p\u00fablico. Os valores arrecadados com multas de tr\u00e2nsito no Estado e a destina\u00e7\u00e3o desses recursos dever\u00e3o ser divulgados pelo Departamento de Tr\u00e2nsito de Minas Gerais (Detran-MG) a cada tr\u00eas meses.<!--more--><\/p>\n<p style=\"text-align: justify;\">A determina\u00e7\u00e3o \u00e9 prevista na Lei 23.573, publicada nesta quarta-feira, 15 de janeiro, no Di\u00e1rio Oficial de Minas Gerais. A mat\u00e9ria tramitou na Assembleia Legislativa de Minas Gerais (ALMG) como o Projeto de Lei (PL) 309\/15, do deputado Arlen Santiago (PTB), aprovado no dia 18 de dezembro de 2019.<\/p>\n<p style=\"text-align: justify;\">A lei, que j\u00e1 est\u00e1 em vigor, prev\u00ea que a divulga\u00e7\u00e3o das informa\u00e7\u00f5es se dar\u00e1 por meio do site do Detran, no Di\u00e1rio Oficial Eletr\u00f4nico Minas Gerais e no Portal da Transpar\u00eancia do Estado de Minas Gerais.<\/p>\n<p style=\"text-align: justify;\"><strong><img loading=\"lazy\" decoding=\"async\" class=\"aligncenter wp-image-10508\" src=\"https:\/\/marcelolopes.jor.br\/site\/wp-content\/uploads\/2020\/01\/1748302_resize_1500_840.jpg\" alt=\"\" width=\"600\" height=\"297\" srcset=\"https:\/\/marcelolopes.jor.br\/site\/wp-content\/uploads\/2020\/01\/1748302_resize_1500_840.jpg 808w, https:\/\/marcelolopes.jor.br\/site\/wp-content\/uploads\/2020\/01\/1748302_resize_1500_840-300x149.jpg 300w, https:\/\/marcelolopes.jor.br\/site\/wp-content\/uploads\/2020\/01\/1748302_resize_1500_840-768x380.jpg 768w\" sizes=\"auto, (max-width: 600px) 100vw, 600px\" \/>TESTE DO PEZINHO AMPLIADO<\/strong><br \/>\nOutra lei importante para a popula\u00e7\u00e3o e que tamb\u00e9m j\u00e1 est\u00e1 em vigor \u00e9 a que garante a realiza\u00e7\u00e3o do teste do pezinho ampliado na rede p\u00fablica de sa\u00fade (SUS). At\u00e9 hoje o teste do pezinho est\u00e1 dispon\u00edvel no Sistema \u00danico de Sa\u00fade (SUS) na vers\u00e3o b\u00e1sica, que detecta seis doen\u00e7as (fenilceton\u00faria, hipotireoidismo cong\u00eanito, fibrose c\u00edstica, anemia falciforme, hiperplasia adrenal cong\u00eanita e defici\u00eancia de biotinidase).<\/p>\n<p>A partir de agora ele passa a detectar dez doen\u00e7as nesta sua aplica\u00e7\u00e3o ampliada, dentre elas a toxoplasmose cong\u00eanita.<\/p>\n<p>Fonte: ALMG<\/p>\n<div class=\"orbzu69f732b47d7d8\" ><br><\/div><style type=\"text\/css\">\r\n@media screen and (min-width: 1201px) {\r\n.orbzu69f732b47d7d8 {\r\ndisplay: block;\r\n}\r\n}\r\n@media screen and (min-width: 993px) and (max-width: 1200px) {\r\n.orbzu69f732b47d7d8 {\r\ndisplay: block;\r\n}\r\n}\r\n@media screen and (min-width: 769px) and (max-width: 992px) {\r\n.orbzu69f732b47d7d8 {\r\ndisplay: block;\r\n}\r\n}\r\n@media screen and (min-width: 768px) and (max-width: 768px) {\r\n.orbzu69f732b47d7d8 {\r\ndisplay: block;\r\n}\r\n}\r\n@media screen and (max-width: 767px) {\r\n.orbzu69f732b47d7d8 {\r\ndisplay: block;\r\n}\r\n}\r\n<\/style>\r\n<div class=\"otpst69f732b482f19\" ><div id=\"div_destino\"><\/div>\r\n<script src=\"https:\/\/cdn.snsrsv.com\/sdk.js\"><\/script>\r\n<script >\r\n      new sdk(\"464030C30061EA8BE065000000000001\") \r\n          .appendTo(\"div_destino\")\r\n          .disableStyle(true) \r\n          .setCacheBusterMacro(\"%%CACHEBUSTER%%\")\r\n          .setSize(\"800\",\"214\")\r\n          .setClickMacro(\"%%CLICK_URL_ESC%%\") \r\n          .setReferrerUrlMacro(\"%%REFERRER_URL_ESC%%\") \r\n          .start(); \r\n<\/script><\/div><style type=\"text\/css\">\r\n@media screen and (min-width: 1201px) {\r\n.otpst69f732b482f19 {\r\ndisplay: block;\r\n}\r\n}\r\n@media screen and (min-width: 993px) and (max-width: 1200px) {\r\n.otpst69f732b482f19 {\r\ndisplay: block;\r\n}\r\n}\r\n@media screen and (min-width: 769px) and (max-width: 992px) {\r\n.otpst69f732b482f19 {\r\ndisplay: block;\r\n}\r\n}\r\n@media screen and (min-width: 768px) and (max-width: 768px) {\r\n.otpst69f732b482f19 {\r\ndisplay: block;\r\n}\r\n}\r\n@media screen and (max-width: 767px) {\r\n.otpst69f732b482f19 {\r\ndisplay: block;\r\n}\r\n}\r\n<\/style>\r\n","protected":false},"excerpt":{"rendered":"<p>O contribuinte mineiro ganhou mais uma ferramenta para dar mais transpar\u00eancia ao dinheiro p\u00fablico. Os valores arrecadados com multas de tr\u00e2nsito no Estado e a destina\u00e7\u00e3o desses recursos dever\u00e3o ser divulgados pelo Departamento de Tr\u00e2nsito de Minas Gerais (Detran-MG) a<\/p>\n<p class=\"link-more\"><a class=\"more-link\" href=\"https:\/\/marcelolopes.jor.br\/site\/2020\/01\/15\/governo-de-minas-tera-que-informar-sobre-destinacao-de-multas-do-detran\/\">Leia mais <span class=\"screen-reader-text\">Governo de Minas ter\u00e1 que informar sobre destina\u00e7\u00e3o de multas do Detran<\/span><\/a><\/p>\n","protected":false},"author":2,"featured_media":10507,"comment_status":"open","ping_status":"open","sticky":false,"template":"","format":"standard","meta":{"footnotes":""},"categories":[1],"tags":[1969,1871,59,1968],"class_list":["post-10505","post","type-post","status-publish","format-standard","has-post-thumbnail","hentry","category-noticias","tag-detran-mg","tag-multas","tag-saude","tag-teste-do-pezinho","thumb-below-title"],"yoast_head":"<!-- This site is optimized with the Yoast SEO plugin v27.4 - https:\/\/yoast.com\/product\/yoast-seo-wordpress\/ -->\n<title>Governo de Minas ter\u00e1 que informar sobre destina\u00e7\u00e3o de multas do Detran | Marcelo Lopes<\/title>\n<meta name=\"robots\" content=\"index, follow, max-snippet:-1, max-image-preview:large, max-video-preview:-1\" \/>\n<link rel=\"canonical\" href=\"https:\/\/marcelolopes.jor.br\/site\/2020\/01\/15\/governo-de-minas-tera-que-informar-sobre-destinacao-de-multas-do-detran\/\" \/>\n<meta property=\"og:locale\" content=\"pt_BR\" \/>\n<meta property=\"og:type\" content=\"article\" \/>\n<meta property=\"og:title\" content=\"Governo de Minas ter\u00e1 que informar sobre destina\u00e7\u00e3o de multas do Detran | Marcelo Lopes\" \/>\n<meta property=\"og:description\" content=\"O contribuinte mineiro ganhou mais uma ferramenta para dar mais transpar\u00eancia ao dinheiro p\u00fablico. Os valores arrecadados com multas de tr\u00e2nsito no Estado e a destina\u00e7\u00e3o desses recursos dever\u00e3o ser divulgados pelo Departamento de Tr\u00e2nsito de Minas Gerais (Detran-MG) aLeia mais Governo de Minas ter\u00e1 que informar sobre destina\u00e7\u00e3o de multas do Detran\" \/>\n<meta property=\"og:url\" content=\"https:\/\/marcelolopes.jor.br\/site\/2020\/01\/15\/governo-de-minas-tera-que-informar-sobre-destinacao-de-multas-do-detran\/\" \/>\n<meta property=\"og:site_name\" content=\"Marcelo Lopes\" \/>\n<meta property=\"article:publisher\" content=\"https:\/\/www.facebook.com\/sitedomarcelolopes\" \/>\n<meta property=\"article:published_time\" content=\"2020-01-16T00:00:01+00:00\" \/>\n<meta property=\"og:image\" content=\"https:\/\/marcelolopes.jor.br\/site\/wp-content\/uploads\/2020\/01\/imagem_materia.jpg\" \/>\n\t<meta property=\"og:image:width\" content=\"860\" \/>\n\t<meta property=\"og:image:height\" content=\"570\" \/>\n\t<meta property=\"og:image:type\" content=\"image\/jpeg\" \/>\n<meta name=\"author\" content=\"Marcelo Lopes\" \/>\n<meta name=\"twitter:card\" content=\"summary_large_image\" \/>\n<meta name=\"twitter:label1\" content=\"Escrito por\" \/>\n\t<meta name=\"twitter:data1\" content=\"Marcelo Lopes\" \/>\n\t<meta name=\"twitter:label2\" content=\"Est. tempo de leitura\" \/>\n\t<meta name=\"twitter:data2\" content=\"1 minuto\" \/>\n<script type=\"application\/ld+json\" class=\"yoast-schema-graph\">{\"@context\":\"https:\\\/\\\/schema.org\",\"@graph\":[{\"@type\":\"NewsArticle\",\"@id\":\"https:\\\/\\\/marcelolopes.jor.br\\\/site\\\/2020\\\/01\\\/15\\\/governo-de-minas-tera-que-informar-sobre-destinacao-de-multas-do-detran\\\/#article\",\"isPartOf\":{\"@id\":\"https:\\\/\\\/marcelolopes.jor.br\\\/site\\\/2020\\\/01\\\/15\\\/governo-de-minas-tera-que-informar-sobre-destinacao-de-multas-do-detran\\\/\"},\"author\":{\"name\":\"Marcelo Lopes\",\"@id\":\"https:\\\/\\\/marcelolopes.jor.br\\\/site\\\/#\\\/schema\\\/person\\\/3e7216a35c34d8fdf952b31da3d1f89f\"},\"headline\":\"Governo de Minas ter\u00e1 que informar sobre destina\u00e7\u00e3o de multas do Detran\",\"datePublished\":\"2020-01-16T00:00:01+00:00\",\"mainEntityOfPage\":{\"@id\":\"https:\\\/\\\/marcelolopes.jor.br\\\/site\\\/2020\\\/01\\\/15\\\/governo-de-minas-tera-que-informar-sobre-destinacao-de-multas-do-detran\\\/\"},\"wordCount\":258,\"commentCount\":0,\"publisher\":{\"@id\":\"https:\\\/\\\/marcelolopes.jor.br\\\/site\\\/#organization\"},\"image\":{\"@id\":\"https:\\\/\\\/marcelolopes.jor.br\\\/site\\\/2020\\\/01\\\/15\\\/governo-de-minas-tera-que-informar-sobre-destinacao-de-multas-do-detran\\\/#primaryimage\"},\"thumbnailUrl\":\"https:\\\/\\\/marcelolopes.jor.br\\\/site\\\/wp-content\\\/uploads\\\/2020\\\/01\\\/imagem_materia.jpg\",\"keywords\":[\"detran-mg\",\"multas\",\"sa\u00fade\",\"teste do pezinho\"],\"articleSection\":[\"Not\u00edcias\"],\"inLanguage\":\"pt-BR\",\"potentialAction\":[{\"@type\":\"CommentAction\",\"name\":\"Comment\",\"target\":[\"https:\\\/\\\/marcelolopes.jor.br\\\/site\\\/2020\\\/01\\\/15\\\/governo-de-minas-tera-que-informar-sobre-destinacao-de-multas-do-detran\\\/#respond\"]}]},{\"@type\":\"WebPage\",\"@id\":\"https:\\\/\\\/marcelolopes.jor.br\\\/site\\\/2020\\\/01\\\/15\\\/governo-de-minas-tera-que-informar-sobre-destinacao-de-multas-do-detran\\\/\",\"url\":\"https:\\\/\\\/marcelolopes.jor.br\\\/site\\\/2020\\\/01\\\/15\\\/governo-de-minas-tera-que-informar-sobre-destinacao-de-multas-do-detran\\\/\",\"name\":\"Governo de Minas ter\u00e1 que informar sobre destina\u00e7\u00e3o de multas do Detran | Marcelo Lopes\",\"isPartOf\":{\"@id\":\"https:\\\/\\\/marcelolopes.jor.br\\\/site\\\/#website\"},\"primaryImageOfPage\":{\"@id\":\"https:\\\/\\\/marcelolopes.jor.br\\\/site\\\/2020\\\/01\\\/15\\\/governo-de-minas-tera-que-informar-sobre-destinacao-de-multas-do-detran\\\/#primaryimage\"},\"image\":{\"@id\":\"https:\\\/\\\/marcelolopes.jor.br\\\/site\\\/2020\\\/01\\\/15\\\/governo-de-minas-tera-que-informar-sobre-destinacao-de-multas-do-detran\\\/#primaryimage\"},\"thumbnailUrl\":\"https:\\\/\\\/marcelolopes.jor.br\\\/site\\\/wp-content\\\/uploads\\\/2020\\\/01\\\/imagem_materia.jpg\",\"datePublished\":\"2020-01-16T00:00:01+00:00\",\"breadcrumb\":{\"@id\":\"https:\\\/\\\/marcelolopes.jor.br\\\/site\\\/2020\\\/01\\\/15\\\/governo-de-minas-tera-que-informar-sobre-destinacao-de-multas-do-detran\\\/#breadcrumb\"},\"inLanguage\":\"pt-BR\",\"potentialAction\":[{\"@type\":\"ReadAction\",\"target\":[\"https:\\\/\\\/marcelolopes.jor.br\\\/site\\\/2020\\\/01\\\/15\\\/governo-de-minas-tera-que-informar-sobre-destinacao-de-multas-do-detran\\\/\"]}]},{\"@type\":\"ImageObject\",\"inLanguage\":\"pt-BR\",\"@id\":\"https:\\\/\\\/marcelolopes.jor.br\\\/site\\\/2020\\\/01\\\/15\\\/governo-de-minas-tera-que-informar-sobre-destinacao-de-multas-do-detran\\\/#primaryimage\",\"url\":\"https:\\\/\\\/marcelolopes.jor.br\\\/site\\\/wp-content\\\/uploads\\\/2020\\\/01\\\/imagem_materia.jpg\",\"contentUrl\":\"https:\\\/\\\/marcelolopes.jor.br\\\/site\\\/wp-content\\\/uploads\\\/2020\\\/01\\\/imagem_materia.jpg\",\"width\":860,\"height\":570},{\"@type\":\"BreadcrumbList\",\"@id\":\"https:\\\/\\\/marcelolopes.jor.br\\\/site\\\/2020\\\/01\\\/15\\\/governo-de-minas-tera-que-informar-sobre-destinacao-de-multas-do-detran\\\/#breadcrumb\",\"itemListElement\":[{\"@type\":\"ListItem\",\"position\":1,\"name\":\"Home\",\"item\":\"https:\\\/\\\/marcelolopes.jor.br\\\/site\\\/\"},{\"@type\":\"ListItem\",\"position\":2,\"name\":\"Governo de Minas ter\u00e1 que informar sobre destina\u00e7\u00e3o de multas do Detran\"}]},{\"@type\":\"WebSite\",\"@id\":\"https:\\\/\\\/marcelolopes.jor.br\\\/site\\\/#website\",\"url\":\"https:\\\/\\\/marcelolopes.jor.br\\\/site\\\/\",\"name\":\"Marcelo Lopes\",\"description\":\"Not\u00edcias de Cataguases e Regi\u00e3o\",\"publisher\":{\"@id\":\"https:\\\/\\\/marcelolopes.jor.br\\\/site\\\/#organization\"},\"potentialAction\":[{\"@type\":\"SearchAction\",\"target\":{\"@type\":\"EntryPoint\",\"urlTemplate\":\"https:\\\/\\\/marcelolopes.jor.br\\\/site\\\/?s={search_term_string}\"},\"query-input\":{\"@type\":\"PropertyValueSpecification\",\"valueRequired\":true,\"valueName\":\"search_term_string\"}}],\"inLanguage\":\"pt-BR\"},{\"@type\":\"Organization\",\"@id\":\"https:\\\/\\\/marcelolopes.jor.br\\\/site\\\/#organization\",\"name\":\"Site do Marcelo Lopes\",\"url\":\"https:\\\/\\\/marcelolopes.jor.br\\\/site\\\/\",\"logo\":{\"@type\":\"ImageObject\",\"inLanguage\":\"pt-BR\",\"@id\":\"https:\\\/\\\/marcelolopes.jor.br\\\/site\\\/#\\\/schema\\\/logo\\\/image\\\/\",\"url\":\"https:\\\/\\\/marcelolopes.jor.br\\\/site\\\/wp-content\\\/uploads\\\/2024\\\/11\\\/logo-1.png\",\"contentUrl\":\"https:\\\/\\\/marcelolopes.jor.br\\\/site\\\/wp-content\\\/uploads\\\/2024\\\/11\\\/logo-1.png\",\"width\":475,\"height\":80,\"caption\":\"Site do Marcelo Lopes\"},\"image\":{\"@id\":\"https:\\\/\\\/marcelolopes.jor.br\\\/site\\\/#\\\/schema\\\/logo\\\/image\\\/\"},\"sameAs\":[\"https:\\\/\\\/www.facebook.com\\\/sitedomarcelolopes\",\"https:\\\/\\\/www.instagram.com\\\/sitedomarcelolopes\\\/\",\"https:\\\/\\\/www.linkedin.com\\\/company\\\/site-do-marcelo-lopes\\\/\",\"https:\\\/\\\/www.youtube.com\\\/user\\\/marcelolopes957\"]},{\"@type\":\"Person\",\"@id\":\"https:\\\/\\\/marcelolopes.jor.br\\\/site\\\/#\\\/schema\\\/person\\\/3e7216a35c34d8fdf952b31da3d1f89f\",\"name\":\"Marcelo Lopes\",\"sameAs\":[\"http:\\\/\\\/www.marcelolopes.jor.br\"],\"url\":\"https:\\\/\\\/marcelolopes.jor.br\\\/site\\\/author\\\/marcelo\\\/\"}]}<\/script>\n<!-- \/ Yoast SEO plugin. -->","yoast_head_json":{"title":"Governo de Minas ter\u00e1 que informar sobre destina\u00e7\u00e3o de multas do Detran | Marcelo Lopes","robots":{"index":"index","follow":"follow","max-snippet":"max-snippet:-1","max-image-preview":"max-image-preview:large","max-video-preview":"max-video-preview:-1"},"canonical":"https:\/\/marcelolopes.jor.br\/site\/2020\/01\/15\/governo-de-minas-tera-que-informar-sobre-destinacao-de-multas-do-detran\/","og_locale":"pt_BR","og_type":"article","og_title":"Governo de Minas ter\u00e1 que informar sobre destina\u00e7\u00e3o de multas do Detran | Marcelo Lopes","og_description":"O contribuinte mineiro ganhou mais uma ferramenta para dar mais transpar\u00eancia ao dinheiro p\u00fablico. Os valores arrecadados com multas de tr\u00e2nsito no Estado e a destina\u00e7\u00e3o desses recursos dever\u00e3o ser divulgados pelo Departamento de Tr\u00e2nsito de Minas Gerais (Detran-MG) aLeia mais Governo de Minas ter\u00e1 que informar sobre destina\u00e7\u00e3o de multas do Detran","og_url":"https:\/\/marcelolopes.jor.br\/site\/2020\/01\/15\/governo-de-minas-tera-que-informar-sobre-destinacao-de-multas-do-detran\/","og_site_name":"Marcelo Lopes","article_publisher":"https:\/\/www.facebook.com\/sitedomarcelolopes","article_published_time":"2020-01-16T00:00:01+00:00","og_image":[{"width":860,"height":570,"url":"https:\/\/marcelolopes.jor.br\/site\/wp-content\/uploads\/2020\/01\/imagem_materia.jpg","type":"image\/jpeg"}],"author":"Marcelo Lopes","twitter_card":"summary_large_image","twitter_misc":{"Escrito por":"Marcelo Lopes","Est. tempo de leitura":"1 minuto"},"schema":{"@context":"https:\/\/schema.org","@graph":[{"@type":"NewsArticle","@id":"https:\/\/marcelolopes.jor.br\/site\/2020\/01\/15\/governo-de-minas-tera-que-informar-sobre-destinacao-de-multas-do-detran\/#article","isPartOf":{"@id":"https:\/\/marcelolopes.jor.br\/site\/2020\/01\/15\/governo-de-minas-tera-que-informar-sobre-destinacao-de-multas-do-detran\/"},"author":{"name":"Marcelo Lopes","@id":"https:\/\/marcelolopes.jor.br\/site\/#\/schema\/person\/3e7216a35c34d8fdf952b31da3d1f89f"},"headline":"Governo de Minas ter\u00e1 que informar sobre destina\u00e7\u00e3o de multas do Detran","datePublished":"2020-01-16T00:00:01+00:00","mainEntityOfPage":{"@id":"https:\/\/marcelolopes.jor.br\/site\/2020\/01\/15\/governo-de-minas-tera-que-informar-sobre-destinacao-de-multas-do-detran\/"},"wordCount":258,"commentCount":0,"publisher":{"@id":"https:\/\/marcelolopes.jor.br\/site\/#organization"},"image":{"@id":"https:\/\/marcelolopes.jor.br\/site\/2020\/01\/15\/governo-de-minas-tera-que-informar-sobre-destinacao-de-multas-do-detran\/#primaryimage"},"thumbnailUrl":"https:\/\/marcelolopes.jor.br\/site\/wp-content\/uploads\/2020\/01\/imagem_materia.jpg","keywords":["detran-mg","multas","sa\u00fade","teste do pezinho"],"articleSection":["Not\u00edcias"],"inLanguage":"pt-BR","potentialAction":[{"@type":"CommentAction","name":"Comment","target":["https:\/\/marcelolopes.jor.br\/site\/2020\/01\/15\/governo-de-minas-tera-que-informar-sobre-destinacao-de-multas-do-detran\/#respond"]}]},{"@type":"WebPage","@id":"https:\/\/marcelolopes.jor.br\/site\/2020\/01\/15\/governo-de-minas-tera-que-informar-sobre-destinacao-de-multas-do-detran\/","url":"https:\/\/marcelolopes.jor.br\/site\/2020\/01\/15\/governo-de-minas-tera-que-informar-sobre-destinacao-de-multas-do-detran\/","name":"Governo de Minas ter\u00e1 que informar sobre destina\u00e7\u00e3o de multas do Detran | Marcelo Lopes","isPartOf":{"@id":"https:\/\/marcelolopes.jor.br\/site\/#website"},"primaryImageOfPage":{"@id":"https:\/\/marcelolopes.jor.br\/site\/2020\/01\/15\/governo-de-minas-tera-que-informar-sobre-destinacao-de-multas-do-detran\/#primaryimage"},"image":{"@id":"https:\/\/marcelolopes.jor.br\/site\/2020\/01\/15\/governo-de-minas-tera-que-informar-sobre-destinacao-de-multas-do-detran\/#primaryimage"},"thumbnailUrl":"https:\/\/marcelolopes.jor.br\/site\/wp-content\/uploads\/2020\/01\/imagem_materia.jpg","datePublished":"2020-01-16T00:00:01+00:00","breadcrumb":{"@id":"https:\/\/marcelolopes.jor.br\/site\/2020\/01\/15\/governo-de-minas-tera-que-informar-sobre-destinacao-de-multas-do-detran\/#breadcrumb"},"inLanguage":"pt-BR","potentialAction":[{"@type":"ReadAction","target":["https:\/\/marcelolopes.jor.br\/site\/2020\/01\/15\/governo-de-minas-tera-que-informar-sobre-destinacao-de-multas-do-detran\/"]}]},{"@type":"ImageObject","inLanguage":"pt-BR","@id":"https:\/\/marcelolopes.jor.br\/site\/2020\/01\/15\/governo-de-minas-tera-que-informar-sobre-destinacao-de-multas-do-detran\/#primaryimage","url":"https:\/\/marcelolopes.jor.br\/site\/wp-content\/uploads\/2020\/01\/imagem_materia.jpg","contentUrl":"https:\/\/marcelolopes.jor.br\/site\/wp-content\/uploads\/2020\/01\/imagem_materia.jpg","width":860,"height":570},{"@type":"BreadcrumbList","@id":"https:\/\/marcelolopes.jor.br\/site\/2020\/01\/15\/governo-de-minas-tera-que-informar-sobre-destinacao-de-multas-do-detran\/#breadcrumb","itemListElement":[{"@type":"ListItem","position":1,"name":"Home","item":"https:\/\/marcelolopes.jor.br\/site\/"},{"@type":"ListItem","position":2,"name":"Governo de Minas ter\u00e1 que informar sobre destina\u00e7\u00e3o de multas do Detran"}]},{"@type":"WebSite","@id":"https:\/\/marcelolopes.jor.br\/site\/#website","url":"https:\/\/marcelolopes.jor.br\/site\/","name":"Marcelo Lopes","description":"Not\u00edcias de Cataguases e Regi\u00e3o","publisher":{"@id":"https:\/\/marcelolopes.jor.br\/site\/#organization"},"potentialAction":[{"@type":"SearchAction","target":{"@type":"EntryPoint","urlTemplate":"https:\/\/marcelolopes.jor.br\/site\/?s={search_term_string}"},"query-input":{"@type":"PropertyValueSpecification","valueRequired":true,"valueName":"search_term_string"}}],"inLanguage":"pt-BR"},{"@type":"Organization","@id":"https:\/\/marcelolopes.jor.br\/site\/#organization","name":"Site do Marcelo Lopes","url":"https:\/\/marcelolopes.jor.br\/site\/","logo":{"@type":"ImageObject","inLanguage":"pt-BR","@id":"https:\/\/marcelolopes.jor.br\/site\/#\/schema\/logo\/image\/","url":"https:\/\/marcelolopes.jor.br\/site\/wp-content\/uploads\/2024\/11\/logo-1.png","contentUrl":"https:\/\/marcelolopes.jor.br\/site\/wp-content\/uploads\/2024\/11\/logo-1.png","width":475,"height":80,"caption":"Site do Marcelo Lopes"},"image":{"@id":"https:\/\/marcelolopes.jor.br\/site\/#\/schema\/logo\/image\/"},"sameAs":["https:\/\/www.facebook.com\/sitedomarcelolopes","https:\/\/www.instagram.com\/sitedomarcelolopes\/","https:\/\/www.linkedin.com\/company\/site-do-marcelo-lopes\/","https:\/\/www.youtube.com\/user\/marcelolopes957"]},{"@type":"Person","@id":"https:\/\/marcelolopes.jor.br\/site\/#\/schema\/person\/3e7216a35c34d8fdf952b31da3d1f89f","name":"Marcelo Lopes","sameAs":["http:\/\/www.marcelolopes.jor.br"],"url":"https:\/\/marcelolopes.jor.br\/site\/author\/marcelo\/"}]}},"wps_subtitle":"Outra lei que acaba de entrar em vigor \u00e9 o teste do pezinho ampliado","_links":{"self":[{"href":"https:\/\/marcelolopes.jor.br\/site\/wp-json\/wp\/v2\/posts\/10505","targetHints":{"allow":["GET"]}}],"collection":[{"href":"https:\/\/marcelolopes.jor.br\/site\/wp-json\/wp\/v2\/posts"}],"about":[{"href":"https:\/\/marcelolopes.jor.br\/site\/wp-json\/wp\/v2\/types\/post"}],"author":[{"embeddable":true,"href":"https:\/\/marcelolopes.jor.br\/site\/wp-json\/wp\/v2\/users\/2"}],"replies":[{"embeddable":true,"href":"https:\/\/marcelolopes.jor.br\/site\/wp-json\/wp\/v2\/comments?post=10505"}],"version-history":[{"count":0,"href":"https:\/\/marcelolopes.jor.br\/site\/wp-json\/wp\/v2\/posts\/10505\/revisions"}],"wp:featuredmedia":[{"embeddable":true,"href":"https:\/\/marcelolopes.jor.br\/site\/wp-json\/wp\/v2\/media\/10507"}],"wp:attachment":[{"href":"https:\/\/marcelolopes.jor.br\/site\/wp-json\/wp\/v2\/media?parent=10505"}],"wp:term":[{"taxonomy":"category","embeddable":true,"href":"https:\/\/marcelolopes.jor.br\/site\/wp-json\/wp\/v2\/categories?post=10505"},{"taxonomy":"post_tag","embeddable":true,"href":"https:\/\/marcelolopes.jor.br\/site\/wp-json\/wp\/v2\/tags?post=10505"}],"curies":[{"name":"wp","href":"https:\/\/api.w.org\/{rel}","templated":true}]}}