{"id":10494,"date":"2020-01-16T07:00:52","date_gmt":"2020-01-16T10:00:52","guid":{"rendered":"https:\/\/marcelolopes.jor.br\/?p=10494"},"modified":"2020-01-16T08:30:11","modified_gmt":"2020-01-16T11:30:11","slug":"bloco-do-romano-vai-animar-a-segunda-feira-de-carnaval-em-santana-de-cataguases","status":"publish","type":"post","link":"https:\/\/marcelolopes.jor.br\/site\/2020\/01\/16\/bloco-do-romano-vai-animar-a-segunda-feira-de-carnaval-em-santana-de-cataguases\/","title":{"rendered":"Bloco do Romano vai animar a segunda-feira de carnaval em Santana de Cataguases"},"content":{"rendered":"<p style=\"text-align: justify;\">Uma cidade da microrregi\u00e3o que est\u00e1 atraindo um p\u00fablico cada vez maior durante o Carnaval \u00e9 a vizinha Santana de Cataguases. L\u00e1, a cada ano surgem novas e interessantes atra\u00e7\u00f5es durante o reinado do Momo, como \u00e9 o caso do Bloco do Romano, que surgiu em 2017 e j\u00e1 \u00e9 um dos mais concorridos pelos foli\u00f5es que v\u00eam de diversas cidades da regi\u00e3o. Este ano, seus organizadores j\u00e1 est\u00e3o com o p\u00e9 no acelerador para que tudo fique impec\u00e1vel no dia previsto para sairem pelas ruas daquela cidade.<!--more--><\/p>\n<p style=\"text-align: justify;\">Criado por sete amigos, Jo\u00e3o Victor Lobo Ribeiro, Alan Dellon, Ricardo Marques, Walber Souza, Lucas Marquesine, Arom Marques e Murilo Souza, o Bloco do Romano recebeu este nome por causa de ser tamb\u00e9m o apelido de Murilo, um de seus fundadores, j\u00e1 que quando surgiu a id\u00e9ia todos estavam reunidos na casa dele. Mas por que um bloco de carnaval? Jo\u00e3o Victor conta que eles j\u00e1 tinham um time de futebol e ent\u00e3o resolveram tamb\u00e9m criar o bloco. &#8220;A gente quis fortalecer ainda mais nosso time e fazer algo diferente no Carnaval&#8221;, disse.<\/p>\n<p style=\"text-align: justify;\">Em 2017 o bloco, ent\u00e3o, foi para a rua e reuniu mais os amigos e o pessoa do time de futebol. &#8220;Deu certo, porque quem foi gostou, falou bem e ajudou a divulgar&#8221;, explica Jo\u00e3o. &#8220;Com isso, continua, no ano seguinte, tivemos um p\u00fablico bem maior, at\u00e9 que ano passado (2019), o bloco bombou e recebeu muita gente. E agora estamos esperando um p\u00fablico ainda maior, por isso estamos nos preparando com anteced\u00eancia para que tudo saia conforme o planejado&#8221;, explicou. Este ano, o local da concentra\u00e7\u00e3o ainda n\u00e3o est\u00e1 definido, mas em breve ser\u00e1 amplamente divulgado. Os foli\u00f5es v\u00e3o se divertir com o DJ Tavinho e o Grupo Deixa Rolar.<\/p>\n<p style=\"text-align: justify;\"><img loading=\"lazy\" decoding=\"async\" class=\"aligncenter wp-image-10497\" src=\"https:\/\/marcelolopes.jor.br\/site\/wp-content\/uploads\/2020\/01\/WhatsApp-Image-2020-01-15-at-16.12.54.jpeg\" alt=\"\" width=\"600\" height=\"383\" srcset=\"https:\/\/marcelolopes.jor.br\/site\/wp-content\/uploads\/2020\/01\/WhatsApp-Image-2020-01-15-at-16.12.54.jpeg 720w, https:\/\/marcelolopes.jor.br\/site\/wp-content\/uploads\/2020\/01\/WhatsApp-Image-2020-01-15-at-16.12.54-300x191.jpeg 300w\" sizes=\"auto, (max-width: 600px) 100vw, 600px\" \/>O Bloco vai sair dia 24 de fevereiro, segunda-feira gorda de Carnaval, a partir das 15 horas e deve terminar s\u00f3 \u00e0s 22 horas. Os interessados em participar devem ligar para (32) 9 9819-0549 ou mandar mensagem via WhatsApp para este mesmo n\u00famero a fim de reservar seus abad\u00e1s que j\u00e1 est\u00e3o dispon\u00edveis. Esclarecimentos ou d\u00favidas sobre o bloco podem ser sanados tamb\u00e9m pelo Instagram pelo endere\u00e7o <a href=\"http:\/\/@blocoromano\"><strong>@blocoromano<\/strong><\/a>. &#8220;Pode vir brincar com a gente que a alegria e a anima\u00e7\u00e3o est\u00e3o garantidas&#8221;, completa Jo\u00e3o Victor.<\/p>\n<p><img loading=\"lazy\" decoding=\"async\" class=\"aligncenter wp-image-10498\" src=\"https:\/\/marcelolopes.jor.br\/site\/wp-content\/uploads\/2020\/01\/WhatsApp-Image-2020-01-15-at-15.20.20.jpeg\" alt=\"\" width=\"600\" height=\"411\" srcset=\"https:\/\/marcelolopes.jor.br\/site\/wp-content\/uploads\/2020\/01\/WhatsApp-Image-2020-01-15-at-15.20.20.jpeg 720w, https:\/\/marcelolopes.jor.br\/site\/wp-content\/uploads\/2020\/01\/WhatsApp-Image-2020-01-15-at-15.20.20-300x205.jpeg 300w\" sizes=\"auto, (max-width: 600px) 100vw, 600px\" \/> <img loading=\"lazy\" decoding=\"async\" class=\"aligncenter wp-image-10499\" src=\"https:\/\/marcelolopes.jor.br\/site\/wp-content\/uploads\/2020\/01\/WhatsApp-Image-2020-01-15-at-15.19.35.jpeg\" alt=\"\" width=\"600\" height=\"389\" srcset=\"https:\/\/marcelolopes.jor.br\/site\/wp-content\/uploads\/2020\/01\/WhatsApp-Image-2020-01-15-at-15.19.35.jpeg 720w, https:\/\/marcelolopes.jor.br\/site\/wp-content\/uploads\/2020\/01\/WhatsApp-Image-2020-01-15-at-15.19.35-300x195.jpeg 300w\" sizes=\"auto, (max-width: 600px) 100vw, 600px\" \/><\/p>\n<p><em>Fotos gentilmente cedidas pela coordena\u00e7\u00e3o do Bloco do Romano<\/em><\/p>\n<div class=\"odlnw69f75f956c055\" ><br><\/div><style type=\"text\/css\">\r\n@media screen and (min-width: 1201px) {\r\n.odlnw69f75f956c055 {\r\ndisplay: block;\r\n}\r\n}\r\n@media screen and (min-width: 993px) and (max-width: 1200px) {\r\n.odlnw69f75f956c055 {\r\ndisplay: block;\r\n}\r\n}\r\n@media screen and (min-width: 769px) and (max-width: 992px) {\r\n.odlnw69f75f956c055 {\r\ndisplay: block;\r\n}\r\n}\r\n@media screen and (min-width: 768px) and (max-width: 768px) {\r\n.odlnw69f75f956c055 {\r\ndisplay: block;\r\n}\r\n}\r\n@media screen and (max-width: 767px) {\r\n.odlnw69f75f956c055 {\r\ndisplay: block;\r\n}\r\n}\r\n<\/style>\r\n<div class=\"higdq69f75f957255c\" ><div id=\"div_destino\"><\/div>\r\n<script src=\"https:\/\/cdn.snsrsv.com\/sdk.js\"><\/script>\r\n<script >\r\n      new sdk(\"464030C30061EA8BE065000000000001\") \r\n          .appendTo(\"div_destino\")\r\n          .disableStyle(true) \r\n          .setCacheBusterMacro(\"%%CACHEBUSTER%%\")\r\n          .setSize(\"800\",\"214\")\r\n          .setClickMacro(\"%%CLICK_URL_ESC%%\") \r\n          .setReferrerUrlMacro(\"%%REFERRER_URL_ESC%%\") \r\n          .start(); \r\n<\/script><\/div><style type=\"text\/css\">\r\n@media screen and (min-width: 1201px) {\r\n.higdq69f75f957255c {\r\ndisplay: block;\r\n}\r\n}\r\n@media screen and (min-width: 993px) and (max-width: 1200px) {\r\n.higdq69f75f957255c {\r\ndisplay: block;\r\n}\r\n}\r\n@media screen and (min-width: 769px) and (max-width: 992px) {\r\n.higdq69f75f957255c {\r\ndisplay: block;\r\n}\r\n}\r\n@media screen and (min-width: 768px) and (max-width: 768px) {\r\n.higdq69f75f957255c {\r\ndisplay: block;\r\n}\r\n}\r\n@media screen and (max-width: 767px) {\r\n.higdq69f75f957255c {\r\ndisplay: block;\r\n}\r\n}\r\n<\/style>\r\n","protected":false},"excerpt":{"rendered":"<p>Uma cidade da microrregi\u00e3o que est\u00e1 atraindo um p\u00fablico cada vez maior durante o Carnaval \u00e9 a vizinha Santana de Cataguases. L\u00e1, a cada ano surgem novas e interessantes atra\u00e7\u00f5es durante o reinado do Momo, como \u00e9 o caso do<\/p>\n<p class=\"link-more\"><a class=\"more-link\" href=\"https:\/\/marcelolopes.jor.br\/site\/2020\/01\/16\/bloco-do-romano-vai-animar-a-segunda-feira-de-carnaval-em-santana-de-cataguases\/\">Leia mais <span class=\"screen-reader-text\">Bloco do Romano vai animar a segunda-feira de carnaval em Santana de Cataguases<\/span><\/a><\/p>\n","protected":false},"author":2,"featured_media":10496,"comment_status":"open","ping_status":"open","sticky":false,"template":"","format":"standard","meta":{"footnotes":""},"categories":[1],"tags":[1965,1967,1966,610],"class_list":["post-10494","post","type-post","status-publish","format-standard","has-post-thumbnail","hentry","category-noticias","tag-abada","tag-bloco-do-romano","tag-carnaval-2020","tag-santana-de-cataguases","thumb-below-title"],"yoast_head":"<!-- This site is optimized with the Yoast SEO plugin v27.4 - https:\/\/yoast.com\/product\/yoast-seo-wordpress\/ -->\n<title>Bloco do Romano vai animar a segunda-feira de carnaval em Santana de Cataguases | Marcelo Lopes<\/title>\n<meta name=\"robots\" content=\"index, follow, max-snippet:-1, max-image-preview:large, max-video-preview:-1\" \/>\n<link rel=\"canonical\" href=\"https:\/\/marcelolopes.jor.br\/site\/2020\/01\/16\/bloco-do-romano-vai-animar-a-segunda-feira-de-carnaval-em-santana-de-cataguases\/\" \/>\n<meta property=\"og:locale\" content=\"pt_BR\" \/>\n<meta property=\"og:type\" content=\"article\" \/>\n<meta property=\"og:title\" content=\"Bloco do Romano vai animar a segunda-feira de carnaval em Santana de Cataguases | Marcelo Lopes\" \/>\n<meta property=\"og:description\" content=\"Uma cidade da microrregi\u00e3o que est\u00e1 atraindo um p\u00fablico cada vez maior durante o Carnaval \u00e9 a vizinha Santana de Cataguases. L\u00e1, a cada ano surgem novas e interessantes atra\u00e7\u00f5es durante o reinado do Momo, como \u00e9 o caso doLeia mais Bloco do Romano vai animar a segunda-feira de carnaval em Santana de Cataguases\" \/>\n<meta property=\"og:url\" content=\"https:\/\/marcelolopes.jor.br\/site\/2020\/01\/16\/bloco-do-romano-vai-animar-a-segunda-feira-de-carnaval-em-santana-de-cataguases\/\" \/>\n<meta property=\"og:site_name\" content=\"Marcelo Lopes\" \/>\n<meta property=\"article:publisher\" content=\"https:\/\/www.facebook.com\/sitedomarcelolopes\" \/>\n<meta property=\"article:published_time\" content=\"2020-01-16T10:00:52+00:00\" \/>\n<meta property=\"article:modified_time\" content=\"2020-01-16T11:30:11+00:00\" \/>\n<meta property=\"og:image\" content=\"https:\/\/marcelolopes.jor.br\/site\/wp-content\/uploads\/2020\/01\/WhatsApp-Image-2020-01-15-at-15.19.20.jpeg\" \/>\n\t<meta property=\"og:image:width\" content=\"720\" \/>\n\t<meta property=\"og:image:height\" content=\"470\" \/>\n\t<meta property=\"og:image:type\" content=\"image\/jpeg\" \/>\n<meta name=\"author\" content=\"Marcelo Lopes\" \/>\n<meta name=\"twitter:card\" content=\"summary_large_image\" \/>\n<meta name=\"twitter:label1\" content=\"Escrito por\" \/>\n\t<meta name=\"twitter:data1\" content=\"Marcelo Lopes\" \/>\n\t<meta name=\"twitter:label2\" content=\"Est. tempo de leitura\" \/>\n\t<meta name=\"twitter:data2\" content=\"2 minutos\" \/>\n<script type=\"application\/ld+json\" class=\"yoast-schema-graph\">{\"@context\":\"https:\\\/\\\/schema.org\",\"@graph\":[{\"@type\":\"NewsArticle\",\"@id\":\"https:\\\/\\\/marcelolopes.jor.br\\\/site\\\/2020\\\/01\\\/16\\\/bloco-do-romano-vai-animar-a-segunda-feira-de-carnaval-em-santana-de-cataguases\\\/#article\",\"isPartOf\":{\"@id\":\"https:\\\/\\\/marcelolopes.jor.br\\\/site\\\/2020\\\/01\\\/16\\\/bloco-do-romano-vai-animar-a-segunda-feira-de-carnaval-em-santana-de-cataguases\\\/\"},\"author\":{\"name\":\"Marcelo Lopes\",\"@id\":\"https:\\\/\\\/marcelolopes.jor.br\\\/site\\\/#\\\/schema\\\/person\\\/3e7216a35c34d8fdf952b31da3d1f89f\"},\"headline\":\"Bloco do Romano vai animar a segunda-feira de carnaval em Santana de Cataguases\",\"datePublished\":\"2020-01-16T10:00:52+00:00\",\"dateModified\":\"2020-01-16T11:30:11+00:00\",\"mainEntityOfPage\":{\"@id\":\"https:\\\/\\\/marcelolopes.jor.br\\\/site\\\/2020\\\/01\\\/16\\\/bloco-do-romano-vai-animar-a-segunda-feira-de-carnaval-em-santana-de-cataguases\\\/\"},\"wordCount\":422,\"commentCount\":0,\"publisher\":{\"@id\":\"https:\\\/\\\/marcelolopes.jor.br\\\/site\\\/#organization\"},\"image\":{\"@id\":\"https:\\\/\\\/marcelolopes.jor.br\\\/site\\\/2020\\\/01\\\/16\\\/bloco-do-romano-vai-animar-a-segunda-feira-de-carnaval-em-santana-de-cataguases\\\/#primaryimage\"},\"thumbnailUrl\":\"https:\\\/\\\/marcelolopes.jor.br\\\/site\\\/wp-content\\\/uploads\\\/2020\\\/01\\\/WhatsApp-Image-2020-01-15-at-15.19.20.jpeg\",\"keywords\":[\"abad\u00e1\",\"Bloco do Romano\",\"carnaval 2020\",\"Santana de Cataguases\"],\"articleSection\":[\"Not\u00edcias\"],\"inLanguage\":\"pt-BR\",\"potentialAction\":[{\"@type\":\"CommentAction\",\"name\":\"Comment\",\"target\":[\"https:\\\/\\\/marcelolopes.jor.br\\\/site\\\/2020\\\/01\\\/16\\\/bloco-do-romano-vai-animar-a-segunda-feira-de-carnaval-em-santana-de-cataguases\\\/#respond\"]}]},{\"@type\":\"WebPage\",\"@id\":\"https:\\\/\\\/marcelolopes.jor.br\\\/site\\\/2020\\\/01\\\/16\\\/bloco-do-romano-vai-animar-a-segunda-feira-de-carnaval-em-santana-de-cataguases\\\/\",\"url\":\"https:\\\/\\\/marcelolopes.jor.br\\\/site\\\/2020\\\/01\\\/16\\\/bloco-do-romano-vai-animar-a-segunda-feira-de-carnaval-em-santana-de-cataguases\\\/\",\"name\":\"Bloco do Romano vai animar a segunda-feira de carnaval em Santana de Cataguases | Marcelo Lopes\",\"isPartOf\":{\"@id\":\"https:\\\/\\\/marcelolopes.jor.br\\\/site\\\/#website\"},\"primaryImageOfPage\":{\"@id\":\"https:\\\/\\\/marcelolopes.jor.br\\\/site\\\/2020\\\/01\\\/16\\\/bloco-do-romano-vai-animar-a-segunda-feira-de-carnaval-em-santana-de-cataguases\\\/#primaryimage\"},\"image\":{\"@id\":\"https:\\\/\\\/marcelolopes.jor.br\\\/site\\\/2020\\\/01\\\/16\\\/bloco-do-romano-vai-animar-a-segunda-feira-de-carnaval-em-santana-de-cataguases\\\/#primaryimage\"},\"thumbnailUrl\":\"https:\\\/\\\/marcelolopes.jor.br\\\/site\\\/wp-content\\\/uploads\\\/2020\\\/01\\\/WhatsApp-Image-2020-01-15-at-15.19.20.jpeg\",\"datePublished\":\"2020-01-16T10:00:52+00:00\",\"dateModified\":\"2020-01-16T11:30:11+00:00\",\"breadcrumb\":{\"@id\":\"https:\\\/\\\/marcelolopes.jor.br\\\/site\\\/2020\\\/01\\\/16\\\/bloco-do-romano-vai-animar-a-segunda-feira-de-carnaval-em-santana-de-cataguases\\\/#breadcrumb\"},\"inLanguage\":\"pt-BR\",\"potentialAction\":[{\"@type\":\"ReadAction\",\"target\":[\"https:\\\/\\\/marcelolopes.jor.br\\\/site\\\/2020\\\/01\\\/16\\\/bloco-do-romano-vai-animar-a-segunda-feira-de-carnaval-em-santana-de-cataguases\\\/\"]}]},{\"@type\":\"ImageObject\",\"inLanguage\":\"pt-BR\",\"@id\":\"https:\\\/\\\/marcelolopes.jor.br\\\/site\\\/2020\\\/01\\\/16\\\/bloco-do-romano-vai-animar-a-segunda-feira-de-carnaval-em-santana-de-cataguases\\\/#primaryimage\",\"url\":\"https:\\\/\\\/marcelolopes.jor.br\\\/site\\\/wp-content\\\/uploads\\\/2020\\\/01\\\/WhatsApp-Image-2020-01-15-at-15.19.20.jpeg\",\"contentUrl\":\"https:\\\/\\\/marcelolopes.jor.br\\\/site\\\/wp-content\\\/uploads\\\/2020\\\/01\\\/WhatsApp-Image-2020-01-15-at-15.19.20.jpeg\",\"width\":720,\"height\":470},{\"@type\":\"BreadcrumbList\",\"@id\":\"https:\\\/\\\/marcelolopes.jor.br\\\/site\\\/2020\\\/01\\\/16\\\/bloco-do-romano-vai-animar-a-segunda-feira-de-carnaval-em-santana-de-cataguases\\\/#breadcrumb\",\"itemListElement\":[{\"@type\":\"ListItem\",\"position\":1,\"name\":\"Home\",\"item\":\"https:\\\/\\\/marcelolopes.jor.br\\\/site\\\/\"},{\"@type\":\"ListItem\",\"position\":2,\"name\":\"Bloco do Romano vai animar a segunda-feira de carnaval em Santana de Cataguases\"}]},{\"@type\":\"WebSite\",\"@id\":\"https:\\\/\\\/marcelolopes.jor.br\\\/site\\\/#website\",\"url\":\"https:\\\/\\\/marcelolopes.jor.br\\\/site\\\/\",\"name\":\"Marcelo Lopes\",\"description\":\"Not\u00edcias de Cataguases e Regi\u00e3o\",\"publisher\":{\"@id\":\"https:\\\/\\\/marcelolopes.jor.br\\\/site\\\/#organization\"},\"potentialAction\":[{\"@type\":\"SearchAction\",\"target\":{\"@type\":\"EntryPoint\",\"urlTemplate\":\"https:\\\/\\\/marcelolopes.jor.br\\\/site\\\/?s={search_term_string}\"},\"query-input\":{\"@type\":\"PropertyValueSpecification\",\"valueRequired\":true,\"valueName\":\"search_term_string\"}}],\"inLanguage\":\"pt-BR\"},{\"@type\":\"Organization\",\"@id\":\"https:\\\/\\\/marcelolopes.jor.br\\\/site\\\/#organization\",\"name\":\"Site do Marcelo Lopes\",\"url\":\"https:\\\/\\\/marcelolopes.jor.br\\\/site\\\/\",\"logo\":{\"@type\":\"ImageObject\",\"inLanguage\":\"pt-BR\",\"@id\":\"https:\\\/\\\/marcelolopes.jor.br\\\/site\\\/#\\\/schema\\\/logo\\\/image\\\/\",\"url\":\"https:\\\/\\\/marcelolopes.jor.br\\\/site\\\/wp-content\\\/uploads\\\/2024\\\/11\\\/logo-1.png\",\"contentUrl\":\"https:\\\/\\\/marcelolopes.jor.br\\\/site\\\/wp-content\\\/uploads\\\/2024\\\/11\\\/logo-1.png\",\"width\":475,\"height\":80,\"caption\":\"Site do Marcelo Lopes\"},\"image\":{\"@id\":\"https:\\\/\\\/marcelolopes.jor.br\\\/site\\\/#\\\/schema\\\/logo\\\/image\\\/\"},\"sameAs\":[\"https:\\\/\\\/www.facebook.com\\\/sitedomarcelolopes\",\"https:\\\/\\\/www.instagram.com\\\/sitedomarcelolopes\\\/\",\"https:\\\/\\\/www.linkedin.com\\\/company\\\/site-do-marcelo-lopes\\\/\",\"https:\\\/\\\/www.youtube.com\\\/user\\\/marcelolopes957\"]},{\"@type\":\"Person\",\"@id\":\"https:\\\/\\\/marcelolopes.jor.br\\\/site\\\/#\\\/schema\\\/person\\\/3e7216a35c34d8fdf952b31da3d1f89f\",\"name\":\"Marcelo Lopes\",\"sameAs\":[\"http:\\\/\\\/www.marcelolopes.jor.br\"],\"url\":\"https:\\\/\\\/marcelolopes.jor.br\\\/site\\\/author\\\/marcelo\\\/\"}]}<\/script>\n<!-- \/ Yoast SEO plugin. -->","yoast_head_json":{"title":"Bloco do Romano vai animar a segunda-feira de carnaval em Santana de Cataguases | Marcelo Lopes","robots":{"index":"index","follow":"follow","max-snippet":"max-snippet:-1","max-image-preview":"max-image-preview:large","max-video-preview":"max-video-preview:-1"},"canonical":"https:\/\/marcelolopes.jor.br\/site\/2020\/01\/16\/bloco-do-romano-vai-animar-a-segunda-feira-de-carnaval-em-santana-de-cataguases\/","og_locale":"pt_BR","og_type":"article","og_title":"Bloco do Romano vai animar a segunda-feira de carnaval em Santana de Cataguases | Marcelo Lopes","og_description":"Uma cidade da microrregi\u00e3o que est\u00e1 atraindo um p\u00fablico cada vez maior durante o Carnaval \u00e9 a vizinha Santana de Cataguases. L\u00e1, a cada ano surgem novas e interessantes atra\u00e7\u00f5es durante o reinado do Momo, como \u00e9 o caso doLeia mais Bloco do Romano vai animar a segunda-feira de carnaval em Santana de Cataguases","og_url":"https:\/\/marcelolopes.jor.br\/site\/2020\/01\/16\/bloco-do-romano-vai-animar-a-segunda-feira-de-carnaval-em-santana-de-cataguases\/","og_site_name":"Marcelo Lopes","article_publisher":"https:\/\/www.facebook.com\/sitedomarcelolopes","article_published_time":"2020-01-16T10:00:52+00:00","article_modified_time":"2020-01-16T11:30:11+00:00","og_image":[{"width":720,"height":470,"url":"https:\/\/marcelolopes.jor.br\/site\/wp-content\/uploads\/2020\/01\/WhatsApp-Image-2020-01-15-at-15.19.20.jpeg","type":"image\/jpeg"}],"author":"Marcelo Lopes","twitter_card":"summary_large_image","twitter_misc":{"Escrito por":"Marcelo Lopes","Est. tempo de leitura":"2 minutos"},"schema":{"@context":"https:\/\/schema.org","@graph":[{"@type":"NewsArticle","@id":"https:\/\/marcelolopes.jor.br\/site\/2020\/01\/16\/bloco-do-romano-vai-animar-a-segunda-feira-de-carnaval-em-santana-de-cataguases\/#article","isPartOf":{"@id":"https:\/\/marcelolopes.jor.br\/site\/2020\/01\/16\/bloco-do-romano-vai-animar-a-segunda-feira-de-carnaval-em-santana-de-cataguases\/"},"author":{"name":"Marcelo Lopes","@id":"https:\/\/marcelolopes.jor.br\/site\/#\/schema\/person\/3e7216a35c34d8fdf952b31da3d1f89f"},"headline":"Bloco do Romano vai animar a segunda-feira de carnaval em Santana de Cataguases","datePublished":"2020-01-16T10:00:52+00:00","dateModified":"2020-01-16T11:30:11+00:00","mainEntityOfPage":{"@id":"https:\/\/marcelolopes.jor.br\/site\/2020\/01\/16\/bloco-do-romano-vai-animar-a-segunda-feira-de-carnaval-em-santana-de-cataguases\/"},"wordCount":422,"commentCount":0,"publisher":{"@id":"https:\/\/marcelolopes.jor.br\/site\/#organization"},"image":{"@id":"https:\/\/marcelolopes.jor.br\/site\/2020\/01\/16\/bloco-do-romano-vai-animar-a-segunda-feira-de-carnaval-em-santana-de-cataguases\/#primaryimage"},"thumbnailUrl":"https:\/\/marcelolopes.jor.br\/site\/wp-content\/uploads\/2020\/01\/WhatsApp-Image-2020-01-15-at-15.19.20.jpeg","keywords":["abad\u00e1","Bloco do Romano","carnaval 2020","Santana de Cataguases"],"articleSection":["Not\u00edcias"],"inLanguage":"pt-BR","potentialAction":[{"@type":"CommentAction","name":"Comment","target":["https:\/\/marcelolopes.jor.br\/site\/2020\/01\/16\/bloco-do-romano-vai-animar-a-segunda-feira-de-carnaval-em-santana-de-cataguases\/#respond"]}]},{"@type":"WebPage","@id":"https:\/\/marcelolopes.jor.br\/site\/2020\/01\/16\/bloco-do-romano-vai-animar-a-segunda-feira-de-carnaval-em-santana-de-cataguases\/","url":"https:\/\/marcelolopes.jor.br\/site\/2020\/01\/16\/bloco-do-romano-vai-animar-a-segunda-feira-de-carnaval-em-santana-de-cataguases\/","name":"Bloco do Romano vai animar a segunda-feira de carnaval em Santana de Cataguases | Marcelo Lopes","isPartOf":{"@id":"https:\/\/marcelolopes.jor.br\/site\/#website"},"primaryImageOfPage":{"@id":"https:\/\/marcelolopes.jor.br\/site\/2020\/01\/16\/bloco-do-romano-vai-animar-a-segunda-feira-de-carnaval-em-santana-de-cataguases\/#primaryimage"},"image":{"@id":"https:\/\/marcelolopes.jor.br\/site\/2020\/01\/16\/bloco-do-romano-vai-animar-a-segunda-feira-de-carnaval-em-santana-de-cataguases\/#primaryimage"},"thumbnailUrl":"https:\/\/marcelolopes.jor.br\/site\/wp-content\/uploads\/2020\/01\/WhatsApp-Image-2020-01-15-at-15.19.20.jpeg","datePublished":"2020-01-16T10:00:52+00:00","dateModified":"2020-01-16T11:30:11+00:00","breadcrumb":{"@id":"https:\/\/marcelolopes.jor.br\/site\/2020\/01\/16\/bloco-do-romano-vai-animar-a-segunda-feira-de-carnaval-em-santana-de-cataguases\/#breadcrumb"},"inLanguage":"pt-BR","potentialAction":[{"@type":"ReadAction","target":["https:\/\/marcelolopes.jor.br\/site\/2020\/01\/16\/bloco-do-romano-vai-animar-a-segunda-feira-de-carnaval-em-santana-de-cataguases\/"]}]},{"@type":"ImageObject","inLanguage":"pt-BR","@id":"https:\/\/marcelolopes.jor.br\/site\/2020\/01\/16\/bloco-do-romano-vai-animar-a-segunda-feira-de-carnaval-em-santana-de-cataguases\/#primaryimage","url":"https:\/\/marcelolopes.jor.br\/site\/wp-content\/uploads\/2020\/01\/WhatsApp-Image-2020-01-15-at-15.19.20.jpeg","contentUrl":"https:\/\/marcelolopes.jor.br\/site\/wp-content\/uploads\/2020\/01\/WhatsApp-Image-2020-01-15-at-15.19.20.jpeg","width":720,"height":470},{"@type":"BreadcrumbList","@id":"https:\/\/marcelolopes.jor.br\/site\/2020\/01\/16\/bloco-do-romano-vai-animar-a-segunda-feira-de-carnaval-em-santana-de-cataguases\/#breadcrumb","itemListElement":[{"@type":"ListItem","position":1,"name":"Home","item":"https:\/\/marcelolopes.jor.br\/site\/"},{"@type":"ListItem","position":2,"name":"Bloco do Romano vai animar a segunda-feira de carnaval em Santana de Cataguases"}]},{"@type":"WebSite","@id":"https:\/\/marcelolopes.jor.br\/site\/#website","url":"https:\/\/marcelolopes.jor.br\/site\/","name":"Marcelo Lopes","description":"Not\u00edcias de Cataguases e Regi\u00e3o","publisher":{"@id":"https:\/\/marcelolopes.jor.br\/site\/#organization"},"potentialAction":[{"@type":"SearchAction","target":{"@type":"EntryPoint","urlTemplate":"https:\/\/marcelolopes.jor.br\/site\/?s={search_term_string}"},"query-input":{"@type":"PropertyValueSpecification","valueRequired":true,"valueName":"search_term_string"}}],"inLanguage":"pt-BR"},{"@type":"Organization","@id":"https:\/\/marcelolopes.jor.br\/site\/#organization","name":"Site do Marcelo Lopes","url":"https:\/\/marcelolopes.jor.br\/site\/","logo":{"@type":"ImageObject","inLanguage":"pt-BR","@id":"https:\/\/marcelolopes.jor.br\/site\/#\/schema\/logo\/image\/","url":"https:\/\/marcelolopes.jor.br\/site\/wp-content\/uploads\/2024\/11\/logo-1.png","contentUrl":"https:\/\/marcelolopes.jor.br\/site\/wp-content\/uploads\/2024\/11\/logo-1.png","width":475,"height":80,"caption":"Site do Marcelo Lopes"},"image":{"@id":"https:\/\/marcelolopes.jor.br\/site\/#\/schema\/logo\/image\/"},"sameAs":["https:\/\/www.facebook.com\/sitedomarcelolopes","https:\/\/www.instagram.com\/sitedomarcelolopes\/","https:\/\/www.linkedin.com\/company\/site-do-marcelo-lopes\/","https:\/\/www.youtube.com\/user\/marcelolopes957"]},{"@type":"Person","@id":"https:\/\/marcelolopes.jor.br\/site\/#\/schema\/person\/3e7216a35c34d8fdf952b31da3d1f89f","name":"Marcelo Lopes","sameAs":["http:\/\/www.marcelolopes.jor.br"],"url":"https:\/\/marcelolopes.jor.br\/site\/author\/marcelo\/"}]}},"wps_subtitle":"Fundado h\u00e1 quatro anos, o bloco vem atraindo p\u00fablico cada vez maior a cada carnaval.","_links":{"self":[{"href":"https:\/\/marcelolopes.jor.br\/site\/wp-json\/wp\/v2\/posts\/10494","targetHints":{"allow":["GET"]}}],"collection":[{"href":"https:\/\/marcelolopes.jor.br\/site\/wp-json\/wp\/v2\/posts"}],"about":[{"href":"https:\/\/marcelolopes.jor.br\/site\/wp-json\/wp\/v2\/types\/post"}],"author":[{"embeddable":true,"href":"https:\/\/marcelolopes.jor.br\/site\/wp-json\/wp\/v2\/users\/2"}],"replies":[{"embeddable":true,"href":"https:\/\/marcelolopes.jor.br\/site\/wp-json\/wp\/v2\/comments?post=10494"}],"version-history":[{"count":0,"href":"https:\/\/marcelolopes.jor.br\/site\/wp-json\/wp\/v2\/posts\/10494\/revisions"}],"wp:featuredmedia":[{"embeddable":true,"href":"https:\/\/marcelolopes.jor.br\/site\/wp-json\/wp\/v2\/media\/10496"}],"wp:attachment":[{"href":"https:\/\/marcelolopes.jor.br\/site\/wp-json\/wp\/v2\/media?parent=10494"}],"wp:term":[{"taxonomy":"category","embeddable":true,"href":"https:\/\/marcelolopes.jor.br\/site\/wp-json\/wp\/v2\/categories?post=10494"},{"taxonomy":"post_tag","embeddable":true,"href":"https:\/\/marcelolopes.jor.br\/site\/wp-json\/wp\/v2\/tags?post=10494"}],"curies":[{"name":"wp","href":"https:\/\/api.w.org\/{rel}","templated":true}]}}