{"id":10436,"date":"2020-01-13T12:00:41","date_gmt":"2020-01-13T15:00:41","guid":{"rendered":"https:\/\/marcelolopes.jor.br\/?p=10436"},"modified":"2023-03-15T09:10:49","modified_gmt":"2023-03-15T12:10:49","slug":"militar-do-exercito-e-suspeito-de-agressao-e-tentativa-de-estupro-em-goiana","status":"publish","type":"post","link":"https:\/\/marcelolopes.jor.br\/site\/2020\/01\/13\/militar-do-exercito-e-suspeito-de-agressao-e-tentativa-de-estupro-em-goiana\/","title":{"rendered":"Militar do ex\u00e9rcito \u00e9 suspeito de agress\u00e3o e tentativa de estupro em Goian\u00e1"},"content":{"rendered":"<p style=\"text-align: justify;\">Uma mulher de 20 anos, natural de Rio Novo, foi v\u00edtima de agress\u00e3o e tentativa de estupro na madrugada deste domingo, 12 de janeiro, em um rancho pr\u00f3ximo a MG-353, em Goian\u00e1. Segundo a Pol\u00edcia Militar (PM), o suspeito de agress\u00e3o \u00e9 um jovem de 19 anos, militar do Ex\u00e9rcito Brasileiro.<!--more--><\/p>\n<p style=\"text-align: justify;\">Conforme relatado no Boletim de Ocorr\u00eancia (BO), a mulher informou aos policiais que estava em um evento de m\u00fasica quando conheceu o jovem de 19 anos. Depois de conversarem, ela relatou que foi para um local mais afastado pr\u00f3ximo a um curral com o rapaz, que \u00e9 militar do Ex\u00e9rcito Brasileiro. Segundo a vers\u00e3o da v\u00edtima, o suspeito a teria agarrado e colocado o \u00f3rg\u00e3o genital para fora da cal\u00e7a, para tentar consumar uma rela\u00e7\u00e3o sexual, contra a vontade da mulher.<\/p>\n<p style=\"text-align: justify;\">Ela chegou a gritar pedindo ajuda, mas segundo a PM, o rapaz teria colocado a m\u00e3o na boca da v\u00edtima para abafar o barulho e a agrediu. Os policiais informaram que a mulher conseguiu fugir do local, registrou a ocorr\u00eancia e foi levada para atendimento m\u00e9dico em Goian\u00e1.<\/p>\n<p style=\"text-align: justify;\">A PM seguiu em rastreamento para localizar o militar, que foi encontrado j\u00e1 em Coronel Pacheco. Os policiais informaram ao Ex\u00e9rcito Brasileiro e o jovem foi detido e encaminhado para a Delegacia de Pol\u00edcia Civil em Juiz de Fora.<\/p>\n<p>Fonte: G1 Zona da Mata \u00a0| Foto: Metr\u00f3poles<\/p>\n<div class=\"fsfrp69f77e30d4cee\" ><br><\/div><style type=\"text\/css\">\r\n@media screen and (min-width: 1201px) {\r\n.fsfrp69f77e30d4cee {\r\ndisplay: block;\r\n}\r\n}\r\n@media screen and (min-width: 993px) and (max-width: 1200px) {\r\n.fsfrp69f77e30d4cee {\r\ndisplay: block;\r\n}\r\n}\r\n@media screen and (min-width: 769px) and (max-width: 992px) {\r\n.fsfrp69f77e30d4cee {\r\ndisplay: block;\r\n}\r\n}\r\n@media screen and (min-width: 768px) and (max-width: 768px) {\r\n.fsfrp69f77e30d4cee {\r\ndisplay: block;\r\n}\r\n}\r\n@media screen and (max-width: 767px) {\r\n.fsfrp69f77e30d4cee {\r\ndisplay: block;\r\n}\r\n}\r\n<\/style>\r\n<div class=\"obqgm69f77e30daed7\" ><div id=\"div_destino\"><\/div>\r\n<script src=\"https:\/\/cdn.snsrsv.com\/sdk.js\"><\/script>\r\n<script >\r\n      new sdk(\"464030C30061EA8BE065000000000001\") \r\n          .appendTo(\"div_destino\")\r\n          .disableStyle(true) \r\n          .setCacheBusterMacro(\"%%CACHEBUSTER%%\")\r\n          .setSize(\"800\",\"214\")\r\n          .setClickMacro(\"%%CLICK_URL_ESC%%\") \r\n          .setReferrerUrlMacro(\"%%REFERRER_URL_ESC%%\") \r\n          .start(); \r\n<\/script><\/div><style type=\"text\/css\">\r\n@media screen and (min-width: 1201px) {\r\n.obqgm69f77e30daed7 {\r\ndisplay: block;\r\n}\r\n}\r\n@media screen and (min-width: 993px) and (max-width: 1200px) {\r\n.obqgm69f77e30daed7 {\r\ndisplay: block;\r\n}\r\n}\r\n@media screen and (min-width: 769px) and (max-width: 992px) {\r\n.obqgm69f77e30daed7 {\r\ndisplay: block;\r\n}\r\n}\r\n@media screen and (min-width: 768px) and (max-width: 768px) {\r\n.obqgm69f77e30daed7 {\r\ndisplay: block;\r\n}\r\n}\r\n@media screen and (max-width: 767px) {\r\n.obqgm69f77e30daed7 {\r\ndisplay: block;\r\n}\r\n}\r\n<\/style>\r\n","protected":false},"excerpt":{"rendered":"<p>Uma mulher de 20 anos, natural de Rio Novo, foi v\u00edtima de agress\u00e3o e tentativa de estupro na madrugada deste domingo, 12 de janeiro, em um rancho pr\u00f3ximo a MG-353, em Goian\u00e1. Segundo a Pol\u00edcia Militar (PM), o suspeito de<\/p>\n<p class=\"link-more\"><a class=\"more-link\" href=\"https:\/\/marcelolopes.jor.br\/site\/2020\/01\/13\/militar-do-exercito-e-suspeito-de-agressao-e-tentativa-de-estupro-em-goiana\/\">Leia mais <span class=\"screen-reader-text\">Militar do ex\u00e9rcito \u00e9 suspeito de agress\u00e3o e tentativa de estupro em Goian\u00e1<\/span><\/a><\/p>\n","protected":false},"author":2,"featured_media":10438,"comment_status":"open","ping_status":"open","sticky":false,"template":"","format":"standard","meta":{"footnotes":""},"categories":[1],"tags":[759,638,1957,1958],"class_list":["post-10436","post","type-post","status-publish","format-standard","has-post-thumbnail","hentry","category-noticias","tag-estupro","tag-exercito","tag-militar","tag-violencia-sexual","thumb-below-title"],"yoast_head":"<!-- This site is optimized with the Yoast SEO plugin v27.4 - https:\/\/yoast.com\/product\/yoast-seo-wordpress\/ -->\n<title>Militar do ex\u00e9rcito \u00e9 suspeito de agress\u00e3o e tentativa de estupro em<\/title>\n<meta name=\"description\" content=\"Militar do ex\u00e9rcito \u00e9 suspeito de agress\u00e3o e tentativa de estupro em Goian\u00e1. Suspeito foi detido e levado para a Delegacia de Pol\u00edcia Civil.\" \/>\n<meta name=\"robots\" content=\"index, follow, max-snippet:-1, max-image-preview:large, max-video-preview:-1\" \/>\n<link rel=\"canonical\" href=\"https:\/\/marcelolopes.jor.br\/site\/2020\/01\/13\/militar-do-exercito-e-suspeito-de-agressao-e-tentativa-de-estupro-em-goiana\/\" \/>\n<meta property=\"og:locale\" content=\"pt_BR\" \/>\n<meta property=\"og:type\" content=\"article\" \/>\n<meta property=\"og:title\" content=\"Militar do ex\u00e9rcito \u00e9 suspeito de agress\u00e3o e tentativa de estupro em\" \/>\n<meta property=\"og:description\" content=\"Militar do ex\u00e9rcito \u00e9 suspeito de agress\u00e3o e tentativa de estupro em Goian\u00e1. Suspeito foi detido e levado para a Delegacia de Pol\u00edcia Civil.\" \/>\n<meta property=\"og:url\" content=\"https:\/\/marcelolopes.jor.br\/site\/2020\/01\/13\/militar-do-exercito-e-suspeito-de-agressao-e-tentativa-de-estupro-em-goiana\/\" \/>\n<meta property=\"og:site_name\" content=\"Marcelo Lopes\" \/>\n<meta property=\"article:publisher\" content=\"https:\/\/www.facebook.com\/sitedomarcelolopes\" \/>\n<meta property=\"article:published_time\" content=\"2020-01-13T15:00:41+00:00\" \/>\n<meta property=\"article:modified_time\" content=\"2023-03-15T12:10:49+00:00\" \/>\n<meta property=\"og:image\" content=\"https:\/\/marcelolopes.jor.br\/site\/wp-content\/uploads\/2020\/01\/violencia-domestica-boca-0816-1400x800-696x398-960x549.jpg\" \/>\n\t<meta property=\"og:image:width\" content=\"960\" \/>\n\t<meta property=\"og:image:height\" content=\"549\" \/>\n\t<meta property=\"og:image:type\" content=\"image\/jpeg\" \/>\n<meta name=\"author\" content=\"Marcelo Lopes\" \/>\n<meta name=\"twitter:card\" content=\"summary_large_image\" \/>\n<meta name=\"twitter:label1\" content=\"Escrito por\" \/>\n\t<meta name=\"twitter:data1\" content=\"Marcelo Lopes\" \/>\n\t<meta name=\"twitter:label2\" content=\"Est. tempo de leitura\" \/>\n\t<meta name=\"twitter:data2\" content=\"1 minuto\" \/>\n<script type=\"application\/ld+json\" class=\"yoast-schema-graph\">{\"@context\":\"https:\\\/\\\/schema.org\",\"@graph\":[{\"@type\":\"NewsArticle\",\"@id\":\"https:\\\/\\\/marcelolopes.jor.br\\\/site\\\/2020\\\/01\\\/13\\\/militar-do-exercito-e-suspeito-de-agressao-e-tentativa-de-estupro-em-goiana\\\/#article\",\"isPartOf\":{\"@id\":\"https:\\\/\\\/marcelolopes.jor.br\\\/site\\\/2020\\\/01\\\/13\\\/militar-do-exercito-e-suspeito-de-agressao-e-tentativa-de-estupro-em-goiana\\\/\"},\"author\":{\"name\":\"Marcelo Lopes\",\"@id\":\"https:\\\/\\\/marcelolopes.jor.br\\\/site\\\/#\\\/schema\\\/person\\\/3e7216a35c34d8fdf952b31da3d1f89f\"},\"headline\":\"Militar do ex\u00e9rcito \u00e9 suspeito de agress\u00e3o e tentativa de estupro em Goian\u00e1\",\"datePublished\":\"2020-01-13T15:00:41+00:00\",\"dateModified\":\"2023-03-15T12:10:49+00:00\",\"mainEntityOfPage\":{\"@id\":\"https:\\\/\\\/marcelolopes.jor.br\\\/site\\\/2020\\\/01\\\/13\\\/militar-do-exercito-e-suspeito-de-agressao-e-tentativa-de-estupro-em-goiana\\\/\"},\"wordCount\":256,\"commentCount\":0,\"publisher\":{\"@id\":\"https:\\\/\\\/marcelolopes.jor.br\\\/site\\\/#organization\"},\"image\":{\"@id\":\"https:\\\/\\\/marcelolopes.jor.br\\\/site\\\/2020\\\/01\\\/13\\\/militar-do-exercito-e-suspeito-de-agressao-e-tentativa-de-estupro-em-goiana\\\/#primaryimage\"},\"thumbnailUrl\":\"https:\\\/\\\/marcelolopes.jor.br\\\/site\\\/wp-content\\\/uploads\\\/2020\\\/01\\\/violencia-domestica-boca-0816-1400x800-696x398-960x549.jpg\",\"keywords\":[\"estupro\",\"ex\u00e9rcito\",\"militar\",\"viol\u00eancia sexual\"],\"articleSection\":[\"Not\u00edcias\"],\"inLanguage\":\"pt-BR\",\"potentialAction\":[{\"@type\":\"CommentAction\",\"name\":\"Comment\",\"target\":[\"https:\\\/\\\/marcelolopes.jor.br\\\/site\\\/2020\\\/01\\\/13\\\/militar-do-exercito-e-suspeito-de-agressao-e-tentativa-de-estupro-em-goiana\\\/#respond\"]}]},{\"@type\":\"WebPage\",\"@id\":\"https:\\\/\\\/marcelolopes.jor.br\\\/site\\\/2020\\\/01\\\/13\\\/militar-do-exercito-e-suspeito-de-agressao-e-tentativa-de-estupro-em-goiana\\\/\",\"url\":\"https:\\\/\\\/marcelolopes.jor.br\\\/site\\\/2020\\\/01\\\/13\\\/militar-do-exercito-e-suspeito-de-agressao-e-tentativa-de-estupro-em-goiana\\\/\",\"name\":\"Militar do ex\u00e9rcito \u00e9 suspeito de agress\u00e3o e tentativa de estupro em\",\"isPartOf\":{\"@id\":\"https:\\\/\\\/marcelolopes.jor.br\\\/site\\\/#website\"},\"primaryImageOfPage\":{\"@id\":\"https:\\\/\\\/marcelolopes.jor.br\\\/site\\\/2020\\\/01\\\/13\\\/militar-do-exercito-e-suspeito-de-agressao-e-tentativa-de-estupro-em-goiana\\\/#primaryimage\"},\"image\":{\"@id\":\"https:\\\/\\\/marcelolopes.jor.br\\\/site\\\/2020\\\/01\\\/13\\\/militar-do-exercito-e-suspeito-de-agressao-e-tentativa-de-estupro-em-goiana\\\/#primaryimage\"},\"thumbnailUrl\":\"https:\\\/\\\/marcelolopes.jor.br\\\/site\\\/wp-content\\\/uploads\\\/2020\\\/01\\\/violencia-domestica-boca-0816-1400x800-696x398-960x549.jpg\",\"datePublished\":\"2020-01-13T15:00:41+00:00\",\"dateModified\":\"2023-03-15T12:10:49+00:00\",\"description\":\"Militar do ex\u00e9rcito \u00e9 suspeito de agress\u00e3o e tentativa de estupro em Goian\u00e1. Suspeito foi detido e levado para a Delegacia de Pol\u00edcia Civil.\",\"breadcrumb\":{\"@id\":\"https:\\\/\\\/marcelolopes.jor.br\\\/site\\\/2020\\\/01\\\/13\\\/militar-do-exercito-e-suspeito-de-agressao-e-tentativa-de-estupro-em-goiana\\\/#breadcrumb\"},\"inLanguage\":\"pt-BR\",\"potentialAction\":[{\"@type\":\"ReadAction\",\"target\":[\"https:\\\/\\\/marcelolopes.jor.br\\\/site\\\/2020\\\/01\\\/13\\\/militar-do-exercito-e-suspeito-de-agressao-e-tentativa-de-estupro-em-goiana\\\/\"]}]},{\"@type\":\"ImageObject\",\"inLanguage\":\"pt-BR\",\"@id\":\"https:\\\/\\\/marcelolopes.jor.br\\\/site\\\/2020\\\/01\\\/13\\\/militar-do-exercito-e-suspeito-de-agressao-e-tentativa-de-estupro-em-goiana\\\/#primaryimage\",\"url\":\"https:\\\/\\\/marcelolopes.jor.br\\\/site\\\/wp-content\\\/uploads\\\/2020\\\/01\\\/violencia-domestica-boca-0816-1400x800-696x398-960x549.jpg\",\"contentUrl\":\"https:\\\/\\\/marcelolopes.jor.br\\\/site\\\/wp-content\\\/uploads\\\/2020\\\/01\\\/violencia-domestica-boca-0816-1400x800-696x398-960x549.jpg\",\"width\":960,\"height\":549,\"caption\":\"Militar do ex\u00e9rcito \u00e9\"},{\"@type\":\"BreadcrumbList\",\"@id\":\"https:\\\/\\\/marcelolopes.jor.br\\\/site\\\/2020\\\/01\\\/13\\\/militar-do-exercito-e-suspeito-de-agressao-e-tentativa-de-estupro-em-goiana\\\/#breadcrumb\",\"itemListElement\":[{\"@type\":\"ListItem\",\"position\":1,\"name\":\"Home\",\"item\":\"https:\\\/\\\/marcelolopes.jor.br\\\/site\\\/\"},{\"@type\":\"ListItem\",\"position\":2,\"name\":\"Militar do ex\u00e9rcito \u00e9 suspeito de agress\u00e3o e tentativa de estupro em Goian\u00e1\"}]},{\"@type\":\"WebSite\",\"@id\":\"https:\\\/\\\/marcelolopes.jor.br\\\/site\\\/#website\",\"url\":\"https:\\\/\\\/marcelolopes.jor.br\\\/site\\\/\",\"name\":\"Marcelo Lopes\",\"description\":\"Not\u00edcias de Cataguases e Regi\u00e3o\",\"publisher\":{\"@id\":\"https:\\\/\\\/marcelolopes.jor.br\\\/site\\\/#organization\"},\"potentialAction\":[{\"@type\":\"SearchAction\",\"target\":{\"@type\":\"EntryPoint\",\"urlTemplate\":\"https:\\\/\\\/marcelolopes.jor.br\\\/site\\\/?s={search_term_string}\"},\"query-input\":{\"@type\":\"PropertyValueSpecification\",\"valueRequired\":true,\"valueName\":\"search_term_string\"}}],\"inLanguage\":\"pt-BR\"},{\"@type\":\"Organization\",\"@id\":\"https:\\\/\\\/marcelolopes.jor.br\\\/site\\\/#organization\",\"name\":\"Site do Marcelo Lopes\",\"url\":\"https:\\\/\\\/marcelolopes.jor.br\\\/site\\\/\",\"logo\":{\"@type\":\"ImageObject\",\"inLanguage\":\"pt-BR\",\"@id\":\"https:\\\/\\\/marcelolopes.jor.br\\\/site\\\/#\\\/schema\\\/logo\\\/image\\\/\",\"url\":\"https:\\\/\\\/marcelolopes.jor.br\\\/site\\\/wp-content\\\/uploads\\\/2024\\\/11\\\/logo-1.png\",\"contentUrl\":\"https:\\\/\\\/marcelolopes.jor.br\\\/site\\\/wp-content\\\/uploads\\\/2024\\\/11\\\/logo-1.png\",\"width\":475,\"height\":80,\"caption\":\"Site do Marcelo Lopes\"},\"image\":{\"@id\":\"https:\\\/\\\/marcelolopes.jor.br\\\/site\\\/#\\\/schema\\\/logo\\\/image\\\/\"},\"sameAs\":[\"https:\\\/\\\/www.facebook.com\\\/sitedomarcelolopes\",\"https:\\\/\\\/www.instagram.com\\\/sitedomarcelolopes\\\/\",\"https:\\\/\\\/www.linkedin.com\\\/company\\\/site-do-marcelo-lopes\\\/\",\"https:\\\/\\\/www.youtube.com\\\/user\\\/marcelolopes957\"]},{\"@type\":\"Person\",\"@id\":\"https:\\\/\\\/marcelolopes.jor.br\\\/site\\\/#\\\/schema\\\/person\\\/3e7216a35c34d8fdf952b31da3d1f89f\",\"name\":\"Marcelo Lopes\",\"sameAs\":[\"http:\\\/\\\/www.marcelolopes.jor.br\"],\"url\":\"https:\\\/\\\/marcelolopes.jor.br\\\/site\\\/author\\\/marcelo\\\/\"}]}<\/script>\n<!-- \/ Yoast SEO plugin. -->","yoast_head_json":{"title":"Militar do ex\u00e9rcito \u00e9 suspeito de agress\u00e3o e tentativa de estupro em","description":"Militar do ex\u00e9rcito \u00e9 suspeito de agress\u00e3o e tentativa de estupro em Goian\u00e1. Suspeito foi detido e levado para a Delegacia de Pol\u00edcia Civil.","robots":{"index":"index","follow":"follow","max-snippet":"max-snippet:-1","max-image-preview":"max-image-preview:large","max-video-preview":"max-video-preview:-1"},"canonical":"https:\/\/marcelolopes.jor.br\/site\/2020\/01\/13\/militar-do-exercito-e-suspeito-de-agressao-e-tentativa-de-estupro-em-goiana\/","og_locale":"pt_BR","og_type":"article","og_title":"Militar do ex\u00e9rcito \u00e9 suspeito de agress\u00e3o e tentativa de estupro em","og_description":"Militar do ex\u00e9rcito \u00e9 suspeito de agress\u00e3o e tentativa de estupro em Goian\u00e1. Suspeito foi detido e levado para a Delegacia de Pol\u00edcia Civil.","og_url":"https:\/\/marcelolopes.jor.br\/site\/2020\/01\/13\/militar-do-exercito-e-suspeito-de-agressao-e-tentativa-de-estupro-em-goiana\/","og_site_name":"Marcelo Lopes","article_publisher":"https:\/\/www.facebook.com\/sitedomarcelolopes","article_published_time":"2020-01-13T15:00:41+00:00","article_modified_time":"2023-03-15T12:10:49+00:00","og_image":[{"width":960,"height":549,"url":"https:\/\/marcelolopes.jor.br\/site\/wp-content\/uploads\/2020\/01\/violencia-domestica-boca-0816-1400x800-696x398-960x549.jpg","type":"image\/jpeg"}],"author":"Marcelo Lopes","twitter_card":"summary_large_image","twitter_misc":{"Escrito por":"Marcelo Lopes","Est. tempo de leitura":"1 minuto"},"schema":{"@context":"https:\/\/schema.org","@graph":[{"@type":"NewsArticle","@id":"https:\/\/marcelolopes.jor.br\/site\/2020\/01\/13\/militar-do-exercito-e-suspeito-de-agressao-e-tentativa-de-estupro-em-goiana\/#article","isPartOf":{"@id":"https:\/\/marcelolopes.jor.br\/site\/2020\/01\/13\/militar-do-exercito-e-suspeito-de-agressao-e-tentativa-de-estupro-em-goiana\/"},"author":{"name":"Marcelo Lopes","@id":"https:\/\/marcelolopes.jor.br\/site\/#\/schema\/person\/3e7216a35c34d8fdf952b31da3d1f89f"},"headline":"Militar do ex\u00e9rcito \u00e9 suspeito de agress\u00e3o e tentativa de estupro em Goian\u00e1","datePublished":"2020-01-13T15:00:41+00:00","dateModified":"2023-03-15T12:10:49+00:00","mainEntityOfPage":{"@id":"https:\/\/marcelolopes.jor.br\/site\/2020\/01\/13\/militar-do-exercito-e-suspeito-de-agressao-e-tentativa-de-estupro-em-goiana\/"},"wordCount":256,"commentCount":0,"publisher":{"@id":"https:\/\/marcelolopes.jor.br\/site\/#organization"},"image":{"@id":"https:\/\/marcelolopes.jor.br\/site\/2020\/01\/13\/militar-do-exercito-e-suspeito-de-agressao-e-tentativa-de-estupro-em-goiana\/#primaryimage"},"thumbnailUrl":"https:\/\/marcelolopes.jor.br\/site\/wp-content\/uploads\/2020\/01\/violencia-domestica-boca-0816-1400x800-696x398-960x549.jpg","keywords":["estupro","ex\u00e9rcito","militar","viol\u00eancia sexual"],"articleSection":["Not\u00edcias"],"inLanguage":"pt-BR","potentialAction":[{"@type":"CommentAction","name":"Comment","target":["https:\/\/marcelolopes.jor.br\/site\/2020\/01\/13\/militar-do-exercito-e-suspeito-de-agressao-e-tentativa-de-estupro-em-goiana\/#respond"]}]},{"@type":"WebPage","@id":"https:\/\/marcelolopes.jor.br\/site\/2020\/01\/13\/militar-do-exercito-e-suspeito-de-agressao-e-tentativa-de-estupro-em-goiana\/","url":"https:\/\/marcelolopes.jor.br\/site\/2020\/01\/13\/militar-do-exercito-e-suspeito-de-agressao-e-tentativa-de-estupro-em-goiana\/","name":"Militar do ex\u00e9rcito \u00e9 suspeito de agress\u00e3o e tentativa de estupro em","isPartOf":{"@id":"https:\/\/marcelolopes.jor.br\/site\/#website"},"primaryImageOfPage":{"@id":"https:\/\/marcelolopes.jor.br\/site\/2020\/01\/13\/militar-do-exercito-e-suspeito-de-agressao-e-tentativa-de-estupro-em-goiana\/#primaryimage"},"image":{"@id":"https:\/\/marcelolopes.jor.br\/site\/2020\/01\/13\/militar-do-exercito-e-suspeito-de-agressao-e-tentativa-de-estupro-em-goiana\/#primaryimage"},"thumbnailUrl":"https:\/\/marcelolopes.jor.br\/site\/wp-content\/uploads\/2020\/01\/violencia-domestica-boca-0816-1400x800-696x398-960x549.jpg","datePublished":"2020-01-13T15:00:41+00:00","dateModified":"2023-03-15T12:10:49+00:00","description":"Militar do ex\u00e9rcito \u00e9 suspeito de agress\u00e3o e tentativa de estupro em Goian\u00e1. Suspeito foi detido e levado para a Delegacia de Pol\u00edcia Civil.","breadcrumb":{"@id":"https:\/\/marcelolopes.jor.br\/site\/2020\/01\/13\/militar-do-exercito-e-suspeito-de-agressao-e-tentativa-de-estupro-em-goiana\/#breadcrumb"},"inLanguage":"pt-BR","potentialAction":[{"@type":"ReadAction","target":["https:\/\/marcelolopes.jor.br\/site\/2020\/01\/13\/militar-do-exercito-e-suspeito-de-agressao-e-tentativa-de-estupro-em-goiana\/"]}]},{"@type":"ImageObject","inLanguage":"pt-BR","@id":"https:\/\/marcelolopes.jor.br\/site\/2020\/01\/13\/militar-do-exercito-e-suspeito-de-agressao-e-tentativa-de-estupro-em-goiana\/#primaryimage","url":"https:\/\/marcelolopes.jor.br\/site\/wp-content\/uploads\/2020\/01\/violencia-domestica-boca-0816-1400x800-696x398-960x549.jpg","contentUrl":"https:\/\/marcelolopes.jor.br\/site\/wp-content\/uploads\/2020\/01\/violencia-domestica-boca-0816-1400x800-696x398-960x549.jpg","width":960,"height":549,"caption":"Militar do ex\u00e9rcito \u00e9"},{"@type":"BreadcrumbList","@id":"https:\/\/marcelolopes.jor.br\/site\/2020\/01\/13\/militar-do-exercito-e-suspeito-de-agressao-e-tentativa-de-estupro-em-goiana\/#breadcrumb","itemListElement":[{"@type":"ListItem","position":1,"name":"Home","item":"https:\/\/marcelolopes.jor.br\/site\/"},{"@type":"ListItem","position":2,"name":"Militar do ex\u00e9rcito \u00e9 suspeito de agress\u00e3o e tentativa de estupro em Goian\u00e1"}]},{"@type":"WebSite","@id":"https:\/\/marcelolopes.jor.br\/site\/#website","url":"https:\/\/marcelolopes.jor.br\/site\/","name":"Marcelo Lopes","description":"Not\u00edcias de Cataguases e Regi\u00e3o","publisher":{"@id":"https:\/\/marcelolopes.jor.br\/site\/#organization"},"potentialAction":[{"@type":"SearchAction","target":{"@type":"EntryPoint","urlTemplate":"https:\/\/marcelolopes.jor.br\/site\/?s={search_term_string}"},"query-input":{"@type":"PropertyValueSpecification","valueRequired":true,"valueName":"search_term_string"}}],"inLanguage":"pt-BR"},{"@type":"Organization","@id":"https:\/\/marcelolopes.jor.br\/site\/#organization","name":"Site do Marcelo Lopes","url":"https:\/\/marcelolopes.jor.br\/site\/","logo":{"@type":"ImageObject","inLanguage":"pt-BR","@id":"https:\/\/marcelolopes.jor.br\/site\/#\/schema\/logo\/image\/","url":"https:\/\/marcelolopes.jor.br\/site\/wp-content\/uploads\/2024\/11\/logo-1.png","contentUrl":"https:\/\/marcelolopes.jor.br\/site\/wp-content\/uploads\/2024\/11\/logo-1.png","width":475,"height":80,"caption":"Site do Marcelo Lopes"},"image":{"@id":"https:\/\/marcelolopes.jor.br\/site\/#\/schema\/logo\/image\/"},"sameAs":["https:\/\/www.facebook.com\/sitedomarcelolopes","https:\/\/www.instagram.com\/sitedomarcelolopes\/","https:\/\/www.linkedin.com\/company\/site-do-marcelo-lopes\/","https:\/\/www.youtube.com\/user\/marcelolopes957"]},{"@type":"Person","@id":"https:\/\/marcelolopes.jor.br\/site\/#\/schema\/person\/3e7216a35c34d8fdf952b31da3d1f89f","name":"Marcelo Lopes","sameAs":["http:\/\/www.marcelolopes.jor.br"],"url":"https:\/\/marcelolopes.jor.br\/site\/author\/marcelo\/"}]}},"wps_subtitle":"Suspeito foi detido e levado para a Delegacia de Pol\u00edcia Civil.","_links":{"self":[{"href":"https:\/\/marcelolopes.jor.br\/site\/wp-json\/wp\/v2\/posts\/10436","targetHints":{"allow":["GET"]}}],"collection":[{"href":"https:\/\/marcelolopes.jor.br\/site\/wp-json\/wp\/v2\/posts"}],"about":[{"href":"https:\/\/marcelolopes.jor.br\/site\/wp-json\/wp\/v2\/types\/post"}],"author":[{"embeddable":true,"href":"https:\/\/marcelolopes.jor.br\/site\/wp-json\/wp\/v2\/users\/2"}],"replies":[{"embeddable":true,"href":"https:\/\/marcelolopes.jor.br\/site\/wp-json\/wp\/v2\/comments?post=10436"}],"version-history":[{"count":0,"href":"https:\/\/marcelolopes.jor.br\/site\/wp-json\/wp\/v2\/posts\/10436\/revisions"}],"wp:featuredmedia":[{"embeddable":true,"href":"https:\/\/marcelolopes.jor.br\/site\/wp-json\/wp\/v2\/media\/10438"}],"wp:attachment":[{"href":"https:\/\/marcelolopes.jor.br\/site\/wp-json\/wp\/v2\/media?parent=10436"}],"wp:term":[{"taxonomy":"category","embeddable":true,"href":"https:\/\/marcelolopes.jor.br\/site\/wp-json\/wp\/v2\/categories?post=10436"},{"taxonomy":"post_tag","embeddable":true,"href":"https:\/\/marcelolopes.jor.br\/site\/wp-json\/wp\/v2\/tags?post=10436"}],"curies":[{"name":"wp","href":"https:\/\/api.w.org\/{rel}","templated":true}]}}