{"id":10306,"date":"2020-01-09T07:00:53","date_gmt":"2020-01-09T10:00:53","guid":{"rendered":"https:\/\/marcelolopes.jor.br\/?p=10306"},"modified":"2020-01-08T19:46:51","modified_gmt":"2020-01-08T22:46:51","slug":"lec-divulga-calendario-esportivo-com-novidades-para-2020","status":"publish","type":"post","link":"https:\/\/marcelolopes.jor.br\/site\/2020\/01\/09\/lec-divulga-calendario-esportivo-com-novidades-para-2020\/","title":{"rendered":"LEC divulga calend\u00e1rio esportivo com novidades para 2020"},"content":{"rendered":"<p style=\"text-align: justify;\">Ap\u00f3s um ano de sucesso, assim definido pela sua diretoria, a Liga Esportiva de Cataguases (LEC) come\u00e7a 2020 com muitos planos, acaba de divulgar seu cronograma de trabalho, com atividades in\u00e9ditas e uma aten\u00e7\u00e3o especial aos atletas da base do futebol do munic\u00edpio. Todas estas novidades foram informadas e comentadas pelo presidente e vice daquela entidade que comanda o esporte em Cataguases, Paulo Santana e Altair Luiz de Oliveira, o conhecido Tra\u00edra, respectivamente presidente e vice da LEC.<!--more--><\/p>\n<p style=\"text-align: justify;\">O ano terminou ap\u00f3s proporcionar \u00e0 LEC um feito que n\u00e3o acontecia havia 50 anos, e foi se repetir justamente na final de sua principal competic\u00e3o, a Copa dos Campe\u00f5es, ao colocar frente a frente as duas equipes da cidade de Recreio. Al\u00e9m de grande p\u00fablico nas duas partidas da decis\u00e3o e uma grande divulga\u00e7\u00e3o nos meios de comunica\u00e7\u00e3o, foi not\u00edcia at\u00e9 no Fant\u00e1stico, da Rede Globo de Televis\u00e3o. &#8220;Trabalhamos com muita seriedade e nos dedicamos com afinco em todas as nossas competi\u00e7\u00f5es, explicou Paulo. &#8220;S\u00f3 lamentamos a falta de apoio de empresas que poderiam patrocinar nossos eventos&#8221;, completou Altair.<\/p>\n<p style=\"text-align: justify;\">Este ano a LEC divulgou seu calend\u00e1rio de atividades que j\u00e1 come\u00e7a no pr\u00f3ximo dia 30, com a abertura do Campeonato Regional nas categorias Sub 13 e Sub 15. Em fevereiro tamb\u00e9m est\u00e1 agendado o curso para T\u00e9cnico de Futebol e \u00c1rbitros que ser\u00e1 ministrado por uma empresa especializada de S\u00e3o Paulo, informou Paulo. E no dia 13 de fevereiro, tamb\u00e9m come\u00e7a a 8\u00aa Edi\u00e7\u00e3o da Copa dos Campe\u00f5es Regional, que dever\u00e1 congregar vinte equipes. Para o segundo semestre, a maior competi\u00e7\u00e3o prevista \u00e9 o Campeonato Municipal Suburbano.<\/p>\n<p style=\"text-align: justify;\">No Futebol de Sal\u00e3o, cuja Liga \u00e9 presidida por Altair Oliveira, tamb\u00e9m h\u00e1 novidades e muita supera\u00e7\u00e3o, como define a realidade do esporte amador em Cataguases, aquele dirigente. Assista a entrevista abaixo.<\/p>\n<p><iframe loading=\"lazy\" width=\"880\" height=\"495\" src=\"https:\/\/www.youtube.com\/embed\/lrUmv9_MLOc?feature=oembed\" frameborder=\"0\" allow=\"accelerometer; autoplay; encrypted-media; gyroscope; picture-in-picture\" allowfullscreen><\/iframe><\/p>\n<div class=\"stdgp69f7111592c6a\" ><br><\/div><style type=\"text\/css\">\r\n@media screen and (min-width: 1201px) {\r\n.stdgp69f7111592c6a {\r\ndisplay: block;\r\n}\r\n}\r\n@media screen and (min-width: 993px) and (max-width: 1200px) {\r\n.stdgp69f7111592c6a {\r\ndisplay: block;\r\n}\r\n}\r\n@media screen and (min-width: 769px) and (max-width: 992px) {\r\n.stdgp69f7111592c6a {\r\ndisplay: block;\r\n}\r\n}\r\n@media screen and (min-width: 768px) and (max-width: 768px) {\r\n.stdgp69f7111592c6a {\r\ndisplay: block;\r\n}\r\n}\r\n@media screen and (max-width: 767px) {\r\n.stdgp69f7111592c6a {\r\ndisplay: block;\r\n}\r\n}\r\n<\/style>\r\n<div class=\"ebctb69f71115987ad\" ><div id=\"div_destino\"><\/div>\r\n<script src=\"https:\/\/cdn.snsrsv.com\/sdk.js\"><\/script>\r\n<script >\r\n      new sdk(\"464030C30061EA8BE065000000000001\") \r\n          .appendTo(\"div_destino\")\r\n          .disableStyle(true) \r\n          .setCacheBusterMacro(\"%%CACHEBUSTER%%\")\r\n          .setSize(\"800\",\"214\")\r\n          .setClickMacro(\"%%CLICK_URL_ESC%%\") \r\n          .setReferrerUrlMacro(\"%%REFERRER_URL_ESC%%\") \r\n          .start(); \r\n<\/script><\/div><style type=\"text\/css\">\r\n@media screen and (min-width: 1201px) {\r\n.ebctb69f71115987ad {\r\ndisplay: block;\r\n}\r\n}\r\n@media screen and (min-width: 993px) and (max-width: 1200px) {\r\n.ebctb69f71115987ad {\r\ndisplay: block;\r\n}\r\n}\r\n@media screen and (min-width: 769px) and (max-width: 992px) {\r\n.ebctb69f71115987ad {\r\ndisplay: block;\r\n}\r\n}\r\n@media screen and (min-width: 768px) and (max-width: 768px) {\r\n.ebctb69f71115987ad {\r\ndisplay: block;\r\n}\r\n}\r\n@media screen and (max-width: 767px) {\r\n.ebctb69f71115987ad {\r\ndisplay: block;\r\n}\r\n}\r\n<\/style>\r\n","protected":false},"excerpt":{"rendered":"<p>Ap\u00f3s um ano de sucesso, assim definido pela sua diretoria, a Liga Esportiva de Cataguases (LEC) come\u00e7a 2020 com muitos planos, acaba de divulgar seu cronograma de trabalho, com atividades in\u00e9ditas e uma aten\u00e7\u00e3o especial aos atletas da base do<\/p>\n<p class=\"link-more\"><a class=\"more-link\" href=\"https:\/\/marcelolopes.jor.br\/site\/2020\/01\/09\/lec-divulga-calendario-esportivo-com-novidades-para-2020\/\">Leia mais <span class=\"screen-reader-text\">LEC divulga calend\u00e1rio esportivo com novidades para 2020<\/span><\/a><\/p>\n","protected":false},"author":2,"featured_media":10309,"comment_status":"open","ping_status":"open","sticky":false,"template":"","format":"standard","meta":{"footnotes":""},"categories":[1],"tags":[700,701,1932,1933],"class_list":["post-10306","post","type-post","status-publish","format-standard","has-post-thumbnail","hentry","category-noticias","tag-copa-dos-campeoes","tag-futebol-amador","tag-lec","tag-liga-esportiva","thumb-below-title"],"yoast_head":"<!-- This site is optimized with the Yoast SEO plugin v27.4 - https:\/\/yoast.com\/product\/yoast-seo-wordpress\/ -->\n<title>LEC divulga calend\u00e1rio esportivo com novidades para 2020 | Marcelo Lopes<\/title>\n<meta name=\"robots\" content=\"index, follow, max-snippet:-1, max-image-preview:large, max-video-preview:-1\" \/>\n<link rel=\"canonical\" href=\"https:\/\/marcelolopes.jor.br\/site\/2020\/01\/09\/lec-divulga-calendario-esportivo-com-novidades-para-2020\/\" \/>\n<meta property=\"og:locale\" content=\"pt_BR\" \/>\n<meta property=\"og:type\" content=\"article\" \/>\n<meta property=\"og:title\" content=\"LEC divulga calend\u00e1rio esportivo com novidades para 2020 | Marcelo Lopes\" \/>\n<meta property=\"og:description\" content=\"Ap\u00f3s um ano de sucesso, assim definido pela sua diretoria, a Liga Esportiva de Cataguases (LEC) come\u00e7a 2020 com muitos planos, acaba de divulgar seu cronograma de trabalho, com atividades in\u00e9ditas e uma aten\u00e7\u00e3o especial aos atletas da base doLeia mais LEC divulga calend\u00e1rio esportivo com novidades para 2020\" \/>\n<meta property=\"og:url\" content=\"https:\/\/marcelolopes.jor.br\/site\/2020\/01\/09\/lec-divulga-calendario-esportivo-com-novidades-para-2020\/\" \/>\n<meta property=\"og:site_name\" content=\"Marcelo Lopes\" \/>\n<meta property=\"article:publisher\" content=\"https:\/\/www.facebook.com\/sitedomarcelolopes\" \/>\n<meta property=\"article:published_time\" content=\"2020-01-09T10:00:53+00:00\" \/>\n<meta property=\"og:image\" content=\"https:\/\/marcelolopes.jor.br\/site\/wp-content\/uploads\/2020\/01\/Captura-de-Tela-2020-01-08-\u00e0s-19.33.01.png\" \/>\n\t<meta property=\"og:image:width\" content=\"1215\" \/>\n\t<meta property=\"og:image:height\" content=\"721\" \/>\n\t<meta property=\"og:image:type\" content=\"image\/png\" \/>\n<meta name=\"author\" content=\"Marcelo Lopes\" \/>\n<meta name=\"twitter:card\" content=\"summary_large_image\" \/>\n<meta name=\"twitter:label1\" content=\"Escrito por\" \/>\n\t<meta name=\"twitter:data1\" content=\"Marcelo Lopes\" \/>\n\t<meta name=\"twitter:label2\" content=\"Est. tempo de leitura\" \/>\n\t<meta name=\"twitter:data2\" content=\"2 minutos\" \/>\n<script type=\"application\/ld+json\" class=\"yoast-schema-graph\">{\"@context\":\"https:\\\/\\\/schema.org\",\"@graph\":[{\"@type\":\"NewsArticle\",\"@id\":\"https:\\\/\\\/marcelolopes.jor.br\\\/site\\\/2020\\\/01\\\/09\\\/lec-divulga-calendario-esportivo-com-novidades-para-2020\\\/#article\",\"isPartOf\":{\"@id\":\"https:\\\/\\\/marcelolopes.jor.br\\\/site\\\/2020\\\/01\\\/09\\\/lec-divulga-calendario-esportivo-com-novidades-para-2020\\\/\"},\"author\":{\"name\":\"Marcelo Lopes\",\"@id\":\"https:\\\/\\\/marcelolopes.jor.br\\\/site\\\/#\\\/schema\\\/person\\\/3e7216a35c34d8fdf952b31da3d1f89f\"},\"headline\":\"LEC divulga calend\u00e1rio esportivo com novidades para 2020\",\"datePublished\":\"2020-01-09T10:00:53+00:00\",\"mainEntityOfPage\":{\"@id\":\"https:\\\/\\\/marcelolopes.jor.br\\\/site\\\/2020\\\/01\\\/09\\\/lec-divulga-calendario-esportivo-com-novidades-para-2020\\\/\"},\"wordCount\":336,\"commentCount\":0,\"publisher\":{\"@id\":\"https:\\\/\\\/marcelolopes.jor.br\\\/site\\\/#organization\"},\"image\":{\"@id\":\"https:\\\/\\\/marcelolopes.jor.br\\\/site\\\/2020\\\/01\\\/09\\\/lec-divulga-calendario-esportivo-com-novidades-para-2020\\\/#primaryimage\"},\"thumbnailUrl\":\"https:\\\/\\\/marcelolopes.jor.br\\\/site\\\/wp-content\\\/uploads\\\/2020\\\/01\\\/Captura-de-Tela-2020-01-08-\u00e0s-19.33.01.png\",\"keywords\":[\"Copa dos Campe\u00f5es\",\"futebol amador\",\"LEC\",\"Liga Esportiva\"],\"articleSection\":[\"Not\u00edcias\"],\"inLanguage\":\"pt-BR\",\"potentialAction\":[{\"@type\":\"CommentAction\",\"name\":\"Comment\",\"target\":[\"https:\\\/\\\/marcelolopes.jor.br\\\/site\\\/2020\\\/01\\\/09\\\/lec-divulga-calendario-esportivo-com-novidades-para-2020\\\/#respond\"]}]},{\"@type\":\"WebPage\",\"@id\":\"https:\\\/\\\/marcelolopes.jor.br\\\/site\\\/2020\\\/01\\\/09\\\/lec-divulga-calendario-esportivo-com-novidades-para-2020\\\/\",\"url\":\"https:\\\/\\\/marcelolopes.jor.br\\\/site\\\/2020\\\/01\\\/09\\\/lec-divulga-calendario-esportivo-com-novidades-para-2020\\\/\",\"name\":\"LEC divulga calend\u00e1rio esportivo com novidades para 2020 | Marcelo Lopes\",\"isPartOf\":{\"@id\":\"https:\\\/\\\/marcelolopes.jor.br\\\/site\\\/#website\"},\"primaryImageOfPage\":{\"@id\":\"https:\\\/\\\/marcelolopes.jor.br\\\/site\\\/2020\\\/01\\\/09\\\/lec-divulga-calendario-esportivo-com-novidades-para-2020\\\/#primaryimage\"},\"image\":{\"@id\":\"https:\\\/\\\/marcelolopes.jor.br\\\/site\\\/2020\\\/01\\\/09\\\/lec-divulga-calendario-esportivo-com-novidades-para-2020\\\/#primaryimage\"},\"thumbnailUrl\":\"https:\\\/\\\/marcelolopes.jor.br\\\/site\\\/wp-content\\\/uploads\\\/2020\\\/01\\\/Captura-de-Tela-2020-01-08-\u00e0s-19.33.01.png\",\"datePublished\":\"2020-01-09T10:00:53+00:00\",\"breadcrumb\":{\"@id\":\"https:\\\/\\\/marcelolopes.jor.br\\\/site\\\/2020\\\/01\\\/09\\\/lec-divulga-calendario-esportivo-com-novidades-para-2020\\\/#breadcrumb\"},\"inLanguage\":\"pt-BR\",\"potentialAction\":[{\"@type\":\"ReadAction\",\"target\":[\"https:\\\/\\\/marcelolopes.jor.br\\\/site\\\/2020\\\/01\\\/09\\\/lec-divulga-calendario-esportivo-com-novidades-para-2020\\\/\"]}]},{\"@type\":\"ImageObject\",\"inLanguage\":\"pt-BR\",\"@id\":\"https:\\\/\\\/marcelolopes.jor.br\\\/site\\\/2020\\\/01\\\/09\\\/lec-divulga-calendario-esportivo-com-novidades-para-2020\\\/#primaryimage\",\"url\":\"https:\\\/\\\/marcelolopes.jor.br\\\/site\\\/wp-content\\\/uploads\\\/2020\\\/01\\\/Captura-de-Tela-2020-01-08-\u00e0s-19.33.01.png\",\"contentUrl\":\"https:\\\/\\\/marcelolopes.jor.br\\\/site\\\/wp-content\\\/uploads\\\/2020\\\/01\\\/Captura-de-Tela-2020-01-08-\u00e0s-19.33.01.png\",\"width\":1215,\"height\":721},{\"@type\":\"BreadcrumbList\",\"@id\":\"https:\\\/\\\/marcelolopes.jor.br\\\/site\\\/2020\\\/01\\\/09\\\/lec-divulga-calendario-esportivo-com-novidades-para-2020\\\/#breadcrumb\",\"itemListElement\":[{\"@type\":\"ListItem\",\"position\":1,\"name\":\"Home\",\"item\":\"https:\\\/\\\/marcelolopes.jor.br\\\/site\\\/\"},{\"@type\":\"ListItem\",\"position\":2,\"name\":\"LEC divulga calend\u00e1rio esportivo com novidades para 2020\"}]},{\"@type\":\"WebSite\",\"@id\":\"https:\\\/\\\/marcelolopes.jor.br\\\/site\\\/#website\",\"url\":\"https:\\\/\\\/marcelolopes.jor.br\\\/site\\\/\",\"name\":\"Marcelo Lopes\",\"description\":\"Not\u00edcias de Cataguases e Regi\u00e3o\",\"publisher\":{\"@id\":\"https:\\\/\\\/marcelolopes.jor.br\\\/site\\\/#organization\"},\"potentialAction\":[{\"@type\":\"SearchAction\",\"target\":{\"@type\":\"EntryPoint\",\"urlTemplate\":\"https:\\\/\\\/marcelolopes.jor.br\\\/site\\\/?s={search_term_string}\"},\"query-input\":{\"@type\":\"PropertyValueSpecification\",\"valueRequired\":true,\"valueName\":\"search_term_string\"}}],\"inLanguage\":\"pt-BR\"},{\"@type\":\"Organization\",\"@id\":\"https:\\\/\\\/marcelolopes.jor.br\\\/site\\\/#organization\",\"name\":\"Site do Marcelo Lopes\",\"url\":\"https:\\\/\\\/marcelolopes.jor.br\\\/site\\\/\",\"logo\":{\"@type\":\"ImageObject\",\"inLanguage\":\"pt-BR\",\"@id\":\"https:\\\/\\\/marcelolopes.jor.br\\\/site\\\/#\\\/schema\\\/logo\\\/image\\\/\",\"url\":\"https:\\\/\\\/marcelolopes.jor.br\\\/site\\\/wp-content\\\/uploads\\\/2024\\\/11\\\/logo-1.png\",\"contentUrl\":\"https:\\\/\\\/marcelolopes.jor.br\\\/site\\\/wp-content\\\/uploads\\\/2024\\\/11\\\/logo-1.png\",\"width\":475,\"height\":80,\"caption\":\"Site do Marcelo Lopes\"},\"image\":{\"@id\":\"https:\\\/\\\/marcelolopes.jor.br\\\/site\\\/#\\\/schema\\\/logo\\\/image\\\/\"},\"sameAs\":[\"https:\\\/\\\/www.facebook.com\\\/sitedomarcelolopes\",\"https:\\\/\\\/www.instagram.com\\\/sitedomarcelolopes\\\/\",\"https:\\\/\\\/www.linkedin.com\\\/company\\\/site-do-marcelo-lopes\\\/\",\"https:\\\/\\\/www.youtube.com\\\/user\\\/marcelolopes957\"]},{\"@type\":\"Person\",\"@id\":\"https:\\\/\\\/marcelolopes.jor.br\\\/site\\\/#\\\/schema\\\/person\\\/3e7216a35c34d8fdf952b31da3d1f89f\",\"name\":\"Marcelo Lopes\",\"sameAs\":[\"http:\\\/\\\/www.marcelolopes.jor.br\"],\"url\":\"https:\\\/\\\/marcelolopes.jor.br\\\/site\\\/author\\\/marcelo\\\/\"}]}<\/script>\n<!-- \/ Yoast SEO plugin. -->","yoast_head_json":{"title":"LEC divulga calend\u00e1rio esportivo com novidades para 2020 | Marcelo Lopes","robots":{"index":"index","follow":"follow","max-snippet":"max-snippet:-1","max-image-preview":"max-image-preview:large","max-video-preview":"max-video-preview:-1"},"canonical":"https:\/\/marcelolopes.jor.br\/site\/2020\/01\/09\/lec-divulga-calendario-esportivo-com-novidades-para-2020\/","og_locale":"pt_BR","og_type":"article","og_title":"LEC divulga calend\u00e1rio esportivo com novidades para 2020 | Marcelo Lopes","og_description":"Ap\u00f3s um ano de sucesso, assim definido pela sua diretoria, a Liga Esportiva de Cataguases (LEC) come\u00e7a 2020 com muitos planos, acaba de divulgar seu cronograma de trabalho, com atividades in\u00e9ditas e uma aten\u00e7\u00e3o especial aos atletas da base doLeia mais LEC divulga calend\u00e1rio esportivo com novidades para 2020","og_url":"https:\/\/marcelolopes.jor.br\/site\/2020\/01\/09\/lec-divulga-calendario-esportivo-com-novidades-para-2020\/","og_site_name":"Marcelo Lopes","article_publisher":"https:\/\/www.facebook.com\/sitedomarcelolopes","article_published_time":"2020-01-09T10:00:53+00:00","og_image":[{"width":1215,"height":721,"url":"https:\/\/marcelolopes.jor.br\/site\/wp-content\/uploads\/2020\/01\/Captura-de-Tela-2020-01-08-\u00e0s-19.33.01.png","type":"image\/png"}],"author":"Marcelo Lopes","twitter_card":"summary_large_image","twitter_misc":{"Escrito por":"Marcelo Lopes","Est. tempo de leitura":"2 minutos"},"schema":{"@context":"https:\/\/schema.org","@graph":[{"@type":"NewsArticle","@id":"https:\/\/marcelolopes.jor.br\/site\/2020\/01\/09\/lec-divulga-calendario-esportivo-com-novidades-para-2020\/#article","isPartOf":{"@id":"https:\/\/marcelolopes.jor.br\/site\/2020\/01\/09\/lec-divulga-calendario-esportivo-com-novidades-para-2020\/"},"author":{"name":"Marcelo Lopes","@id":"https:\/\/marcelolopes.jor.br\/site\/#\/schema\/person\/3e7216a35c34d8fdf952b31da3d1f89f"},"headline":"LEC divulga calend\u00e1rio esportivo com novidades para 2020","datePublished":"2020-01-09T10:00:53+00:00","mainEntityOfPage":{"@id":"https:\/\/marcelolopes.jor.br\/site\/2020\/01\/09\/lec-divulga-calendario-esportivo-com-novidades-para-2020\/"},"wordCount":336,"commentCount":0,"publisher":{"@id":"https:\/\/marcelolopes.jor.br\/site\/#organization"},"image":{"@id":"https:\/\/marcelolopes.jor.br\/site\/2020\/01\/09\/lec-divulga-calendario-esportivo-com-novidades-para-2020\/#primaryimage"},"thumbnailUrl":"https:\/\/marcelolopes.jor.br\/site\/wp-content\/uploads\/2020\/01\/Captura-de-Tela-2020-01-08-\u00e0s-19.33.01.png","keywords":["Copa dos Campe\u00f5es","futebol amador","LEC","Liga Esportiva"],"articleSection":["Not\u00edcias"],"inLanguage":"pt-BR","potentialAction":[{"@type":"CommentAction","name":"Comment","target":["https:\/\/marcelolopes.jor.br\/site\/2020\/01\/09\/lec-divulga-calendario-esportivo-com-novidades-para-2020\/#respond"]}]},{"@type":"WebPage","@id":"https:\/\/marcelolopes.jor.br\/site\/2020\/01\/09\/lec-divulga-calendario-esportivo-com-novidades-para-2020\/","url":"https:\/\/marcelolopes.jor.br\/site\/2020\/01\/09\/lec-divulga-calendario-esportivo-com-novidades-para-2020\/","name":"LEC divulga calend\u00e1rio esportivo com novidades para 2020 | Marcelo Lopes","isPartOf":{"@id":"https:\/\/marcelolopes.jor.br\/site\/#website"},"primaryImageOfPage":{"@id":"https:\/\/marcelolopes.jor.br\/site\/2020\/01\/09\/lec-divulga-calendario-esportivo-com-novidades-para-2020\/#primaryimage"},"image":{"@id":"https:\/\/marcelolopes.jor.br\/site\/2020\/01\/09\/lec-divulga-calendario-esportivo-com-novidades-para-2020\/#primaryimage"},"thumbnailUrl":"https:\/\/marcelolopes.jor.br\/site\/wp-content\/uploads\/2020\/01\/Captura-de-Tela-2020-01-08-\u00e0s-19.33.01.png","datePublished":"2020-01-09T10:00:53+00:00","breadcrumb":{"@id":"https:\/\/marcelolopes.jor.br\/site\/2020\/01\/09\/lec-divulga-calendario-esportivo-com-novidades-para-2020\/#breadcrumb"},"inLanguage":"pt-BR","potentialAction":[{"@type":"ReadAction","target":["https:\/\/marcelolopes.jor.br\/site\/2020\/01\/09\/lec-divulga-calendario-esportivo-com-novidades-para-2020\/"]}]},{"@type":"ImageObject","inLanguage":"pt-BR","@id":"https:\/\/marcelolopes.jor.br\/site\/2020\/01\/09\/lec-divulga-calendario-esportivo-com-novidades-para-2020\/#primaryimage","url":"https:\/\/marcelolopes.jor.br\/site\/wp-content\/uploads\/2020\/01\/Captura-de-Tela-2020-01-08-\u00e0s-19.33.01.png","contentUrl":"https:\/\/marcelolopes.jor.br\/site\/wp-content\/uploads\/2020\/01\/Captura-de-Tela-2020-01-08-\u00e0s-19.33.01.png","width":1215,"height":721},{"@type":"BreadcrumbList","@id":"https:\/\/marcelolopes.jor.br\/site\/2020\/01\/09\/lec-divulga-calendario-esportivo-com-novidades-para-2020\/#breadcrumb","itemListElement":[{"@type":"ListItem","position":1,"name":"Home","item":"https:\/\/marcelolopes.jor.br\/site\/"},{"@type":"ListItem","position":2,"name":"LEC divulga calend\u00e1rio esportivo com novidades para 2020"}]},{"@type":"WebSite","@id":"https:\/\/marcelolopes.jor.br\/site\/#website","url":"https:\/\/marcelolopes.jor.br\/site\/","name":"Marcelo Lopes","description":"Not\u00edcias de Cataguases e Regi\u00e3o","publisher":{"@id":"https:\/\/marcelolopes.jor.br\/site\/#organization"},"potentialAction":[{"@type":"SearchAction","target":{"@type":"EntryPoint","urlTemplate":"https:\/\/marcelolopes.jor.br\/site\/?s={search_term_string}"},"query-input":{"@type":"PropertyValueSpecification","valueRequired":true,"valueName":"search_term_string"}}],"inLanguage":"pt-BR"},{"@type":"Organization","@id":"https:\/\/marcelolopes.jor.br\/site\/#organization","name":"Site do Marcelo Lopes","url":"https:\/\/marcelolopes.jor.br\/site\/","logo":{"@type":"ImageObject","inLanguage":"pt-BR","@id":"https:\/\/marcelolopes.jor.br\/site\/#\/schema\/logo\/image\/","url":"https:\/\/marcelolopes.jor.br\/site\/wp-content\/uploads\/2024\/11\/logo-1.png","contentUrl":"https:\/\/marcelolopes.jor.br\/site\/wp-content\/uploads\/2024\/11\/logo-1.png","width":475,"height":80,"caption":"Site do Marcelo Lopes"},"image":{"@id":"https:\/\/marcelolopes.jor.br\/site\/#\/schema\/logo\/image\/"},"sameAs":["https:\/\/www.facebook.com\/sitedomarcelolopes","https:\/\/www.instagram.com\/sitedomarcelolopes\/","https:\/\/www.linkedin.com\/company\/site-do-marcelo-lopes\/","https:\/\/www.youtube.com\/user\/marcelolopes957"]},{"@type":"Person","@id":"https:\/\/marcelolopes.jor.br\/site\/#\/schema\/person\/3e7216a35c34d8fdf952b31da3d1f89f","name":"Marcelo Lopes","sameAs":["http:\/\/www.marcelolopes.jor.br"],"url":"https:\/\/marcelolopes.jor.br\/site\/author\/marcelo\/"}]}},"wps_subtitle":"Entidade vai realizar curso para T\u00e9cnico de Futebol e \u00c1rbitro.","_links":{"self":[{"href":"https:\/\/marcelolopes.jor.br\/site\/wp-json\/wp\/v2\/posts\/10306","targetHints":{"allow":["GET"]}}],"collection":[{"href":"https:\/\/marcelolopes.jor.br\/site\/wp-json\/wp\/v2\/posts"}],"about":[{"href":"https:\/\/marcelolopes.jor.br\/site\/wp-json\/wp\/v2\/types\/post"}],"author":[{"embeddable":true,"href":"https:\/\/marcelolopes.jor.br\/site\/wp-json\/wp\/v2\/users\/2"}],"replies":[{"embeddable":true,"href":"https:\/\/marcelolopes.jor.br\/site\/wp-json\/wp\/v2\/comments?post=10306"}],"version-history":[{"count":0,"href":"https:\/\/marcelolopes.jor.br\/site\/wp-json\/wp\/v2\/posts\/10306\/revisions"}],"wp:featuredmedia":[{"embeddable":true,"href":"https:\/\/marcelolopes.jor.br\/site\/wp-json\/wp\/v2\/media\/10309"}],"wp:attachment":[{"href":"https:\/\/marcelolopes.jor.br\/site\/wp-json\/wp\/v2\/media?parent=10306"}],"wp:term":[{"taxonomy":"category","embeddable":true,"href":"https:\/\/marcelolopes.jor.br\/site\/wp-json\/wp\/v2\/categories?post=10306"},{"taxonomy":"post_tag","embeddable":true,"href":"https:\/\/marcelolopes.jor.br\/site\/wp-json\/wp\/v2\/tags?post=10306"}],"curies":[{"name":"wp","href":"https:\/\/api.w.org\/{rel}","templated":true}]}}