{"id":10295,"date":"2020-01-08T20:00:27","date_gmt":"2020-01-08T23:00:27","guid":{"rendered":"https:\/\/marcelolopes.jor.br\/?p=10295"},"modified":"2020-01-08T17:48:44","modified_gmt":"2020-01-08T20:48:44","slug":"caso-de-gripe-influenza-no-verao-em-cataguases-alerta-para-a-prevencao","status":"publish","type":"post","link":"https:\/\/marcelolopes.jor.br\/site\/2020\/01\/08\/caso-de-gripe-influenza-no-verao-em-cataguases-alerta-para-a-prevencao\/","title":{"rendered":"Caso de gripe Influenza no Ver\u00e3o em Cataguases alerta para a preven\u00e7\u00e3o"},"content":{"rendered":"<p style=\"text-align: justify;\">A temperatura mais elevada nesta \u00e9poca do ano leva as pessoas, de um modo geral, a n\u00e3o se preocuparem com a gripe, atentando-se para este assunto somente no inverno. A preven\u00e7\u00e3o, por\u00e9m, deve ser permanente, aconselha a coordenadora da Vigil\u00e2ncia Epidemiol\u00f3gica em Cataguases, Tairises da Silva Roque. O alerta ocorre ap\u00f3s o registro de um caso atualmente em tratamento no Hospital Cataguases de uma paciente com Influenza. Ela tomou a vacina contra a gripe no per\u00edodo da campanha, mas devido a problemas respirat\u00f3rios, acabou sendo infectada pelo v\u00edrus, o quadro se agravou e, atualmente, segue internada em recupera\u00e7\u00e3o.<!--more--><\/p>\n<p style=\"text-align: justify;\">Tairises explica que a vacina protege contra a Influenza H1N1, H3N2 e Influenza tipo B. &#8220;Ou seja, n\u00e3o estamos imunes aos outros tipos de Influenza. As pessoas que vacinam, por exemplo, podem pegar o v\u00edrus, e terem a gripe de forma mais branda. Por isso a preven\u00e7\u00e3o, higiene e demais cuidados tamb\u00e9m s\u00e3o muito importantes para evitar este cont\u00e1gio&#8221;, diz aquela especialista. Ela chama a aten\u00e7\u00e3o para o caso de pessoas que apresentam algum tipo de comorbidade. &#8220;A paciente que est\u00e1 em tratamento no Hospital Cataguases teve sua situa\u00e7\u00e3o agravada por causa desses problemas j\u00e1 existentes&#8221;, salienta.<\/p>\n<p style=\"text-align: justify;\">&#8211; Estamos falando de doen\u00e7as sazonais em que mudan\u00e7as bruscas de temperatura, como sair do ambiente muito quente e ir para outro com ar condicionado, ou um dia de sol forte ser interrompido por uma chuva, al\u00e9m de aglomerado de pessoas, s\u00e3o fatores que contribuem para a contamina\u00e7\u00e3o por algum tipo de v\u00edrus respirat\u00f3rio&#8221;, revela Tairises, completando em seguida: &#8220;Por isso temos casos de gripe o ano inteiro e a preven\u00e7\u00e3o \u00e9 a melhor solu\u00e7\u00e3o. Al\u00e9m da vacina\u00e7\u00e3o que \u00e9 feita em uma \u00e9poca do ano para o p\u00fablico alvo, \u00e9 preciso tomar alguns cuidados como a higieniza\u00e7\u00e3o das m\u00e3os, usar len\u00e7os de papel quando for espirrar, ao tossir levar o antebra\u00e7o, de prefer\u00eancia \u00e0 frente da boca, e n\u00e3o a m\u00e3o, que a gente utiliza para cumprimentar as pessoas, entre outras medidas&#8221;, detalha, finalizando com a orienta\u00e7\u00e3o de em caso de sinal de gripe, &#8220;procurar o servi\u00e7o de sa\u00fade mais pr\u00f3ximo para fazer a profilaxia o mais r\u00e1pido poss\u00edvel.&#8221;<\/p>\n<p style=\"text-align: justify;\">Em 2019 Cataguases registrou sete casos suspeitos de Influenza sendo que dois deles se confirmaram, sendo um para Influenza tipo A e outro para Influenza tipo B. Os outros cinco casos, informa Tairises, foram diagnosticados como S\u00edndrome Respirat\u00f3ria Aguda Grave (SRAG) n\u00e3o especificada. Os sintomas para este tipo de gripe s\u00e3o: febre, tosse, congest\u00e3o e dor no corpo.<\/p>\n<p><em>Foto: Secad<\/em><\/p>\n<div class=\"erhmo69f705593c8e1\" ><br><\/div><style type=\"text\/css\">\r\n@media screen and (min-width: 1201px) {\r\n.erhmo69f705593c8e1 {\r\ndisplay: block;\r\n}\r\n}\r\n@media screen and (min-width: 993px) and (max-width: 1200px) {\r\n.erhmo69f705593c8e1 {\r\ndisplay: block;\r\n}\r\n}\r\n@media screen and (min-width: 769px) and (max-width: 992px) {\r\n.erhmo69f705593c8e1 {\r\ndisplay: block;\r\n}\r\n}\r\n@media screen and (min-width: 768px) and (max-width: 768px) {\r\n.erhmo69f705593c8e1 {\r\ndisplay: block;\r\n}\r\n}\r\n@media screen and (max-width: 767px) {\r\n.erhmo69f705593c8e1 {\r\ndisplay: block;\r\n}\r\n}\r\n<\/style>\r\n<div class=\"iivvk69f7055941bb4\" ><div id=\"div_destino\"><\/div>\r\n<script src=\"https:\/\/cdn.snsrsv.com\/sdk.js\"><\/script>\r\n<script >\r\n      new sdk(\"464030C30061EA8BE065000000000001\") \r\n          .appendTo(\"div_destino\")\r\n          .disableStyle(true) \r\n          .setCacheBusterMacro(\"%%CACHEBUSTER%%\")\r\n          .setSize(\"800\",\"214\")\r\n          .setClickMacro(\"%%CLICK_URL_ESC%%\") \r\n          .setReferrerUrlMacro(\"%%REFERRER_URL_ESC%%\") \r\n          .start(); \r\n<\/script><\/div><style type=\"text\/css\">\r\n@media screen and (min-width: 1201px) {\r\n.iivvk69f7055941bb4 {\r\ndisplay: block;\r\n}\r\n}\r\n@media screen and (min-width: 993px) and (max-width: 1200px) {\r\n.iivvk69f7055941bb4 {\r\ndisplay: block;\r\n}\r\n}\r\n@media screen and (min-width: 769px) and (max-width: 992px) {\r\n.iivvk69f7055941bb4 {\r\ndisplay: block;\r\n}\r\n}\r\n@media screen and (min-width: 768px) and (max-width: 768px) {\r\n.iivvk69f7055941bb4 {\r\ndisplay: block;\r\n}\r\n}\r\n@media screen and (max-width: 767px) {\r\n.iivvk69f7055941bb4 {\r\ndisplay: block;\r\n}\r\n}\r\n<\/style>\r\n","protected":false},"excerpt":{"rendered":"<p>A temperatura mais elevada nesta \u00e9poca do ano leva as pessoas, de um modo geral, a n\u00e3o se preocuparem com a gripe, atentando-se para este assunto somente no inverno. A preven\u00e7\u00e3o, por\u00e9m, deve ser permanente, aconselha a coordenadora da Vigil\u00e2ncia<\/p>\n<p class=\"link-more\"><a class=\"more-link\" href=\"https:\/\/marcelolopes.jor.br\/site\/2020\/01\/08\/caso-de-gripe-influenza-no-verao-em-cataguases-alerta-para-a-prevencao\/\">Leia mais <span class=\"screen-reader-text\">Caso de gripe Influenza no Ver\u00e3o em Cataguases alerta para a preven\u00e7\u00e3o<\/span><\/a><\/p>\n","protected":false},"author":2,"featured_media":10297,"comment_status":"open","ping_status":"open","sticky":false,"template":"","format":"standard","meta":{"footnotes":""},"categories":[1],"tags":[390,429,492,343],"class_list":["post-10295","post","type-post","status-publish","format-standard","has-post-thumbnail","hentry","category-noticias","tag-gripe","tag-h1n1","tag-influenza","tag-prevencao","thumb-below-title"],"yoast_head":"<!-- This site is optimized with the Yoast SEO plugin v27.4 - https:\/\/yoast.com\/product\/yoast-seo-wordpress\/ -->\n<title>Caso de gripe Influenza no Ver\u00e3o em Cataguases alerta para a preven\u00e7\u00e3o | Marcelo Lopes<\/title>\n<meta name=\"robots\" content=\"index, follow, max-snippet:-1, max-image-preview:large, max-video-preview:-1\" \/>\n<link rel=\"canonical\" href=\"https:\/\/marcelolopes.jor.br\/site\/2020\/01\/08\/caso-de-gripe-influenza-no-verao-em-cataguases-alerta-para-a-prevencao\/\" \/>\n<meta property=\"og:locale\" content=\"pt_BR\" \/>\n<meta property=\"og:type\" content=\"article\" \/>\n<meta property=\"og:title\" content=\"Caso de gripe Influenza no Ver\u00e3o em Cataguases alerta para a preven\u00e7\u00e3o | Marcelo Lopes\" \/>\n<meta property=\"og:description\" content=\"A temperatura mais elevada nesta \u00e9poca do ano leva as pessoas, de um modo geral, a n\u00e3o se preocuparem com a gripe, atentando-se para este assunto somente no inverno. A preven\u00e7\u00e3o, por\u00e9m, deve ser permanente, aconselha a coordenadora da Vigil\u00e2nciaLeia mais Caso de gripe Influenza no Ver\u00e3o em Cataguases alerta para a preven\u00e7\u00e3o\" \/>\n<meta property=\"og:url\" content=\"https:\/\/marcelolopes.jor.br\/site\/2020\/01\/08\/caso-de-gripe-influenza-no-verao-em-cataguases-alerta-para-a-prevencao\/\" \/>\n<meta property=\"og:site_name\" content=\"Marcelo Lopes\" \/>\n<meta property=\"article:publisher\" content=\"https:\/\/www.facebook.com\/sitedomarcelolopes\" \/>\n<meta property=\"article:published_time\" content=\"2020-01-08T23:00:27+00:00\" \/>\n<meta property=\"og:image\" content=\"https:\/\/marcelolopes.jor.br\/site\/wp-content\/uploads\/2020\/01\/influenza-criancas.jpg\" \/>\n\t<meta property=\"og:image:width\" content=\"1000\" \/>\n\t<meta property=\"og:image:height\" content=\"667\" \/>\n\t<meta property=\"og:image:type\" content=\"image\/jpeg\" \/>\n<meta name=\"author\" content=\"Marcelo Lopes\" \/>\n<meta name=\"twitter:card\" content=\"summary_large_image\" \/>\n<meta name=\"twitter:label1\" content=\"Escrito por\" \/>\n\t<meta name=\"twitter:data1\" content=\"Marcelo Lopes\" \/>\n\t<meta name=\"twitter:label2\" content=\"Est. tempo de leitura\" \/>\n\t<meta name=\"twitter:data2\" content=\"2 minutos\" \/>\n<script type=\"application\/ld+json\" class=\"yoast-schema-graph\">{\"@context\":\"https:\\\/\\\/schema.org\",\"@graph\":[{\"@type\":\"NewsArticle\",\"@id\":\"https:\\\/\\\/marcelolopes.jor.br\\\/site\\\/2020\\\/01\\\/08\\\/caso-de-gripe-influenza-no-verao-em-cataguases-alerta-para-a-prevencao\\\/#article\",\"isPartOf\":{\"@id\":\"https:\\\/\\\/marcelolopes.jor.br\\\/site\\\/2020\\\/01\\\/08\\\/caso-de-gripe-influenza-no-verao-em-cataguases-alerta-para-a-prevencao\\\/\"},\"author\":{\"name\":\"Marcelo Lopes\",\"@id\":\"https:\\\/\\\/marcelolopes.jor.br\\\/site\\\/#\\\/schema\\\/person\\\/3e7216a35c34d8fdf952b31da3d1f89f\"},\"headline\":\"Caso de gripe Influenza no Ver\u00e3o em Cataguases alerta para a preven\u00e7\u00e3o\",\"datePublished\":\"2020-01-08T23:00:27+00:00\",\"mainEntityOfPage\":{\"@id\":\"https:\\\/\\\/marcelolopes.jor.br\\\/site\\\/2020\\\/01\\\/08\\\/caso-de-gripe-influenza-no-verao-em-cataguases-alerta-para-a-prevencao\\\/\"},\"wordCount\":474,\"commentCount\":0,\"publisher\":{\"@id\":\"https:\\\/\\\/marcelolopes.jor.br\\\/site\\\/#organization\"},\"image\":{\"@id\":\"https:\\\/\\\/marcelolopes.jor.br\\\/site\\\/2020\\\/01\\\/08\\\/caso-de-gripe-influenza-no-verao-em-cataguases-alerta-para-a-prevencao\\\/#primaryimage\"},\"thumbnailUrl\":\"https:\\\/\\\/marcelolopes.jor.br\\\/site\\\/wp-content\\\/uploads\\\/2020\\\/01\\\/influenza-criancas.jpg\",\"keywords\":[\"gripe\",\"H1N1\",\"Influenza\",\"preven\u00e7\u00e3o\"],\"articleSection\":[\"Not\u00edcias\"],\"inLanguage\":\"pt-BR\",\"potentialAction\":[{\"@type\":\"CommentAction\",\"name\":\"Comment\",\"target\":[\"https:\\\/\\\/marcelolopes.jor.br\\\/site\\\/2020\\\/01\\\/08\\\/caso-de-gripe-influenza-no-verao-em-cataguases-alerta-para-a-prevencao\\\/#respond\"]}]},{\"@type\":\"WebPage\",\"@id\":\"https:\\\/\\\/marcelolopes.jor.br\\\/site\\\/2020\\\/01\\\/08\\\/caso-de-gripe-influenza-no-verao-em-cataguases-alerta-para-a-prevencao\\\/\",\"url\":\"https:\\\/\\\/marcelolopes.jor.br\\\/site\\\/2020\\\/01\\\/08\\\/caso-de-gripe-influenza-no-verao-em-cataguases-alerta-para-a-prevencao\\\/\",\"name\":\"Caso de gripe Influenza no Ver\u00e3o em Cataguases alerta para a preven\u00e7\u00e3o | Marcelo Lopes\",\"isPartOf\":{\"@id\":\"https:\\\/\\\/marcelolopes.jor.br\\\/site\\\/#website\"},\"primaryImageOfPage\":{\"@id\":\"https:\\\/\\\/marcelolopes.jor.br\\\/site\\\/2020\\\/01\\\/08\\\/caso-de-gripe-influenza-no-verao-em-cataguases-alerta-para-a-prevencao\\\/#primaryimage\"},\"image\":{\"@id\":\"https:\\\/\\\/marcelolopes.jor.br\\\/site\\\/2020\\\/01\\\/08\\\/caso-de-gripe-influenza-no-verao-em-cataguases-alerta-para-a-prevencao\\\/#primaryimage\"},\"thumbnailUrl\":\"https:\\\/\\\/marcelolopes.jor.br\\\/site\\\/wp-content\\\/uploads\\\/2020\\\/01\\\/influenza-criancas.jpg\",\"datePublished\":\"2020-01-08T23:00:27+00:00\",\"breadcrumb\":{\"@id\":\"https:\\\/\\\/marcelolopes.jor.br\\\/site\\\/2020\\\/01\\\/08\\\/caso-de-gripe-influenza-no-verao-em-cataguases-alerta-para-a-prevencao\\\/#breadcrumb\"},\"inLanguage\":\"pt-BR\",\"potentialAction\":[{\"@type\":\"ReadAction\",\"target\":[\"https:\\\/\\\/marcelolopes.jor.br\\\/site\\\/2020\\\/01\\\/08\\\/caso-de-gripe-influenza-no-verao-em-cataguases-alerta-para-a-prevencao\\\/\"]}]},{\"@type\":\"ImageObject\",\"inLanguage\":\"pt-BR\",\"@id\":\"https:\\\/\\\/marcelolopes.jor.br\\\/site\\\/2020\\\/01\\\/08\\\/caso-de-gripe-influenza-no-verao-em-cataguases-alerta-para-a-prevencao\\\/#primaryimage\",\"url\":\"https:\\\/\\\/marcelolopes.jor.br\\\/site\\\/wp-content\\\/uploads\\\/2020\\\/01\\\/influenza-criancas.jpg\",\"contentUrl\":\"https:\\\/\\\/marcelolopes.jor.br\\\/site\\\/wp-content\\\/uploads\\\/2020\\\/01\\\/influenza-criancas.jpg\",\"width\":1000,\"height\":667},{\"@type\":\"BreadcrumbList\",\"@id\":\"https:\\\/\\\/marcelolopes.jor.br\\\/site\\\/2020\\\/01\\\/08\\\/caso-de-gripe-influenza-no-verao-em-cataguases-alerta-para-a-prevencao\\\/#breadcrumb\",\"itemListElement\":[{\"@type\":\"ListItem\",\"position\":1,\"name\":\"Home\",\"item\":\"https:\\\/\\\/marcelolopes.jor.br\\\/site\\\/\"},{\"@type\":\"ListItem\",\"position\":2,\"name\":\"Caso de gripe Influenza no Ver\u00e3o em Cataguases alerta para a preven\u00e7\u00e3o\"}]},{\"@type\":\"WebSite\",\"@id\":\"https:\\\/\\\/marcelolopes.jor.br\\\/site\\\/#website\",\"url\":\"https:\\\/\\\/marcelolopes.jor.br\\\/site\\\/\",\"name\":\"Marcelo Lopes\",\"description\":\"Not\u00edcias de Cataguases e Regi\u00e3o\",\"publisher\":{\"@id\":\"https:\\\/\\\/marcelolopes.jor.br\\\/site\\\/#organization\"},\"potentialAction\":[{\"@type\":\"SearchAction\",\"target\":{\"@type\":\"EntryPoint\",\"urlTemplate\":\"https:\\\/\\\/marcelolopes.jor.br\\\/site\\\/?s={search_term_string}\"},\"query-input\":{\"@type\":\"PropertyValueSpecification\",\"valueRequired\":true,\"valueName\":\"search_term_string\"}}],\"inLanguage\":\"pt-BR\"},{\"@type\":\"Organization\",\"@id\":\"https:\\\/\\\/marcelolopes.jor.br\\\/site\\\/#organization\",\"name\":\"Site do Marcelo Lopes\",\"url\":\"https:\\\/\\\/marcelolopes.jor.br\\\/site\\\/\",\"logo\":{\"@type\":\"ImageObject\",\"inLanguage\":\"pt-BR\",\"@id\":\"https:\\\/\\\/marcelolopes.jor.br\\\/site\\\/#\\\/schema\\\/logo\\\/image\\\/\",\"url\":\"https:\\\/\\\/marcelolopes.jor.br\\\/site\\\/wp-content\\\/uploads\\\/2024\\\/11\\\/logo-1.png\",\"contentUrl\":\"https:\\\/\\\/marcelolopes.jor.br\\\/site\\\/wp-content\\\/uploads\\\/2024\\\/11\\\/logo-1.png\",\"width\":475,\"height\":80,\"caption\":\"Site do Marcelo Lopes\"},\"image\":{\"@id\":\"https:\\\/\\\/marcelolopes.jor.br\\\/site\\\/#\\\/schema\\\/logo\\\/image\\\/\"},\"sameAs\":[\"https:\\\/\\\/www.facebook.com\\\/sitedomarcelolopes\",\"https:\\\/\\\/www.instagram.com\\\/sitedomarcelolopes\\\/\",\"https:\\\/\\\/www.linkedin.com\\\/company\\\/site-do-marcelo-lopes\\\/\",\"https:\\\/\\\/www.youtube.com\\\/user\\\/marcelolopes957\"]},{\"@type\":\"Person\",\"@id\":\"https:\\\/\\\/marcelolopes.jor.br\\\/site\\\/#\\\/schema\\\/person\\\/3e7216a35c34d8fdf952b31da3d1f89f\",\"name\":\"Marcelo Lopes\",\"sameAs\":[\"http:\\\/\\\/www.marcelolopes.jor.br\"],\"url\":\"https:\\\/\\\/marcelolopes.jor.br\\\/site\\\/author\\\/marcelo\\\/\"}]}<\/script>\n<!-- \/ Yoast SEO plugin. -->","yoast_head_json":{"title":"Caso de gripe Influenza no Ver\u00e3o em Cataguases alerta para a preven\u00e7\u00e3o | Marcelo Lopes","robots":{"index":"index","follow":"follow","max-snippet":"max-snippet:-1","max-image-preview":"max-image-preview:large","max-video-preview":"max-video-preview:-1"},"canonical":"https:\/\/marcelolopes.jor.br\/site\/2020\/01\/08\/caso-de-gripe-influenza-no-verao-em-cataguases-alerta-para-a-prevencao\/","og_locale":"pt_BR","og_type":"article","og_title":"Caso de gripe Influenza no Ver\u00e3o em Cataguases alerta para a preven\u00e7\u00e3o | Marcelo Lopes","og_description":"A temperatura mais elevada nesta \u00e9poca do ano leva as pessoas, de um modo geral, a n\u00e3o se preocuparem com a gripe, atentando-se para este assunto somente no inverno. A preven\u00e7\u00e3o, por\u00e9m, deve ser permanente, aconselha a coordenadora da Vigil\u00e2nciaLeia mais Caso de gripe Influenza no Ver\u00e3o em Cataguases alerta para a preven\u00e7\u00e3o","og_url":"https:\/\/marcelolopes.jor.br\/site\/2020\/01\/08\/caso-de-gripe-influenza-no-verao-em-cataguases-alerta-para-a-prevencao\/","og_site_name":"Marcelo Lopes","article_publisher":"https:\/\/www.facebook.com\/sitedomarcelolopes","article_published_time":"2020-01-08T23:00:27+00:00","og_image":[{"width":1000,"height":667,"url":"https:\/\/marcelolopes.jor.br\/site\/wp-content\/uploads\/2020\/01\/influenza-criancas.jpg","type":"image\/jpeg"}],"author":"Marcelo Lopes","twitter_card":"summary_large_image","twitter_misc":{"Escrito por":"Marcelo Lopes","Est. tempo de leitura":"2 minutos"},"schema":{"@context":"https:\/\/schema.org","@graph":[{"@type":"NewsArticle","@id":"https:\/\/marcelolopes.jor.br\/site\/2020\/01\/08\/caso-de-gripe-influenza-no-verao-em-cataguases-alerta-para-a-prevencao\/#article","isPartOf":{"@id":"https:\/\/marcelolopes.jor.br\/site\/2020\/01\/08\/caso-de-gripe-influenza-no-verao-em-cataguases-alerta-para-a-prevencao\/"},"author":{"name":"Marcelo Lopes","@id":"https:\/\/marcelolopes.jor.br\/site\/#\/schema\/person\/3e7216a35c34d8fdf952b31da3d1f89f"},"headline":"Caso de gripe Influenza no Ver\u00e3o em Cataguases alerta para a preven\u00e7\u00e3o","datePublished":"2020-01-08T23:00:27+00:00","mainEntityOfPage":{"@id":"https:\/\/marcelolopes.jor.br\/site\/2020\/01\/08\/caso-de-gripe-influenza-no-verao-em-cataguases-alerta-para-a-prevencao\/"},"wordCount":474,"commentCount":0,"publisher":{"@id":"https:\/\/marcelolopes.jor.br\/site\/#organization"},"image":{"@id":"https:\/\/marcelolopes.jor.br\/site\/2020\/01\/08\/caso-de-gripe-influenza-no-verao-em-cataguases-alerta-para-a-prevencao\/#primaryimage"},"thumbnailUrl":"https:\/\/marcelolopes.jor.br\/site\/wp-content\/uploads\/2020\/01\/influenza-criancas.jpg","keywords":["gripe","H1N1","Influenza","preven\u00e7\u00e3o"],"articleSection":["Not\u00edcias"],"inLanguage":"pt-BR","potentialAction":[{"@type":"CommentAction","name":"Comment","target":["https:\/\/marcelolopes.jor.br\/site\/2020\/01\/08\/caso-de-gripe-influenza-no-verao-em-cataguases-alerta-para-a-prevencao\/#respond"]}]},{"@type":"WebPage","@id":"https:\/\/marcelolopes.jor.br\/site\/2020\/01\/08\/caso-de-gripe-influenza-no-verao-em-cataguases-alerta-para-a-prevencao\/","url":"https:\/\/marcelolopes.jor.br\/site\/2020\/01\/08\/caso-de-gripe-influenza-no-verao-em-cataguases-alerta-para-a-prevencao\/","name":"Caso de gripe Influenza no Ver\u00e3o em Cataguases alerta para a preven\u00e7\u00e3o | Marcelo Lopes","isPartOf":{"@id":"https:\/\/marcelolopes.jor.br\/site\/#website"},"primaryImageOfPage":{"@id":"https:\/\/marcelolopes.jor.br\/site\/2020\/01\/08\/caso-de-gripe-influenza-no-verao-em-cataguases-alerta-para-a-prevencao\/#primaryimage"},"image":{"@id":"https:\/\/marcelolopes.jor.br\/site\/2020\/01\/08\/caso-de-gripe-influenza-no-verao-em-cataguases-alerta-para-a-prevencao\/#primaryimage"},"thumbnailUrl":"https:\/\/marcelolopes.jor.br\/site\/wp-content\/uploads\/2020\/01\/influenza-criancas.jpg","datePublished":"2020-01-08T23:00:27+00:00","breadcrumb":{"@id":"https:\/\/marcelolopes.jor.br\/site\/2020\/01\/08\/caso-de-gripe-influenza-no-verao-em-cataguases-alerta-para-a-prevencao\/#breadcrumb"},"inLanguage":"pt-BR","potentialAction":[{"@type":"ReadAction","target":["https:\/\/marcelolopes.jor.br\/site\/2020\/01\/08\/caso-de-gripe-influenza-no-verao-em-cataguases-alerta-para-a-prevencao\/"]}]},{"@type":"ImageObject","inLanguage":"pt-BR","@id":"https:\/\/marcelolopes.jor.br\/site\/2020\/01\/08\/caso-de-gripe-influenza-no-verao-em-cataguases-alerta-para-a-prevencao\/#primaryimage","url":"https:\/\/marcelolopes.jor.br\/site\/wp-content\/uploads\/2020\/01\/influenza-criancas.jpg","contentUrl":"https:\/\/marcelolopes.jor.br\/site\/wp-content\/uploads\/2020\/01\/influenza-criancas.jpg","width":1000,"height":667},{"@type":"BreadcrumbList","@id":"https:\/\/marcelolopes.jor.br\/site\/2020\/01\/08\/caso-de-gripe-influenza-no-verao-em-cataguases-alerta-para-a-prevencao\/#breadcrumb","itemListElement":[{"@type":"ListItem","position":1,"name":"Home","item":"https:\/\/marcelolopes.jor.br\/site\/"},{"@type":"ListItem","position":2,"name":"Caso de gripe Influenza no Ver\u00e3o em Cataguases alerta para a preven\u00e7\u00e3o"}]},{"@type":"WebSite","@id":"https:\/\/marcelolopes.jor.br\/site\/#website","url":"https:\/\/marcelolopes.jor.br\/site\/","name":"Marcelo Lopes","description":"Not\u00edcias de Cataguases e Regi\u00e3o","publisher":{"@id":"https:\/\/marcelolopes.jor.br\/site\/#organization"},"potentialAction":[{"@type":"SearchAction","target":{"@type":"EntryPoint","urlTemplate":"https:\/\/marcelolopes.jor.br\/site\/?s={search_term_string}"},"query-input":{"@type":"PropertyValueSpecification","valueRequired":true,"valueName":"search_term_string"}}],"inLanguage":"pt-BR"},{"@type":"Organization","@id":"https:\/\/marcelolopes.jor.br\/site\/#organization","name":"Site do Marcelo Lopes","url":"https:\/\/marcelolopes.jor.br\/site\/","logo":{"@type":"ImageObject","inLanguage":"pt-BR","@id":"https:\/\/marcelolopes.jor.br\/site\/#\/schema\/logo\/image\/","url":"https:\/\/marcelolopes.jor.br\/site\/wp-content\/uploads\/2024\/11\/logo-1.png","contentUrl":"https:\/\/marcelolopes.jor.br\/site\/wp-content\/uploads\/2024\/11\/logo-1.png","width":475,"height":80,"caption":"Site do Marcelo Lopes"},"image":{"@id":"https:\/\/marcelolopes.jor.br\/site\/#\/schema\/logo\/image\/"},"sameAs":["https:\/\/www.facebook.com\/sitedomarcelolopes","https:\/\/www.instagram.com\/sitedomarcelolopes\/","https:\/\/www.linkedin.com\/company\/site-do-marcelo-lopes\/","https:\/\/www.youtube.com\/user\/marcelolopes957"]},{"@type":"Person","@id":"https:\/\/marcelolopes.jor.br\/site\/#\/schema\/person\/3e7216a35c34d8fdf952b31da3d1f89f","name":"Marcelo Lopes","sameAs":["http:\/\/www.marcelolopes.jor.br"],"url":"https:\/\/marcelolopes.jor.br\/site\/author\/marcelo\/"}]}},"wps_subtitle":"Vigil\u00e2ncia Epidemiol\u00f3gica orienta sobre o que fazer para evitar o cont\u00e1gio.","_links":{"self":[{"href":"https:\/\/marcelolopes.jor.br\/site\/wp-json\/wp\/v2\/posts\/10295","targetHints":{"allow":["GET"]}}],"collection":[{"href":"https:\/\/marcelolopes.jor.br\/site\/wp-json\/wp\/v2\/posts"}],"about":[{"href":"https:\/\/marcelolopes.jor.br\/site\/wp-json\/wp\/v2\/types\/post"}],"author":[{"embeddable":true,"href":"https:\/\/marcelolopes.jor.br\/site\/wp-json\/wp\/v2\/users\/2"}],"replies":[{"embeddable":true,"href":"https:\/\/marcelolopes.jor.br\/site\/wp-json\/wp\/v2\/comments?post=10295"}],"version-history":[{"count":0,"href":"https:\/\/marcelolopes.jor.br\/site\/wp-json\/wp\/v2\/posts\/10295\/revisions"}],"wp:featuredmedia":[{"embeddable":true,"href":"https:\/\/marcelolopes.jor.br\/site\/wp-json\/wp\/v2\/media\/10297"}],"wp:attachment":[{"href":"https:\/\/marcelolopes.jor.br\/site\/wp-json\/wp\/v2\/media?parent=10295"}],"wp:term":[{"taxonomy":"category","embeddable":true,"href":"https:\/\/marcelolopes.jor.br\/site\/wp-json\/wp\/v2\/categories?post=10295"},{"taxonomy":"post_tag","embeddable":true,"href":"https:\/\/marcelolopes.jor.br\/site\/wp-json\/wp\/v2\/tags?post=10295"}],"curies":[{"name":"wp","href":"https:\/\/api.w.org\/{rel}","templated":true}]}}