{"id":10291,"date":"2020-01-08T12:00:03","date_gmt":"2020-01-08T15:00:03","guid":{"rendered":"https:\/\/marcelolopes.jor.br\/?p=10291"},"modified":"2020-01-08T11:12:07","modified_gmt":"2020-01-08T14:12:07","slug":"novo-trajeto-e-definido-para-liberar-trafego-na-br-356-entre-ervalia-e-coimbra","status":"publish","type":"post","link":"https:\/\/marcelolopes.jor.br\/site\/2020\/01\/08\/novo-trajeto-e-definido-para-liberar-trafego-na-br-356-entre-ervalia-e-coimbra\/","title":{"rendered":"Novo trajeto \u00e9 definido para liberar tr\u00e1fego na BR-356 entre Erv\u00e1lia e Coimbra"},"content":{"rendered":"<p style=\"text-align: justify;\">O Departamento de Edifica\u00e7\u00f5es e Estradas de Rodagem de Minas Gerais (DEER\/MG) vai abrir duas passagens laterais no trecho da BR-356 onde duas crateras se abriram, entre os munic\u00edpios de Erv\u00e1lia e Coimbra, na \u00faltima semana.<!--more--><\/p>\n<p style=\"text-align: justify;\">Segundo a informa\u00e7\u00e3o divulgada pelo G1, nesta quarta-feira, 08 de janeiro, a decis\u00e3o foi tomada pela dire\u00e7\u00e3o daquele \u00f3rg\u00e3o depois de estudos t\u00e9cnicos realizados pela equipe de engenheiros nos \u00faltimos dias.<\/p>\n<p style=\"text-align: justify;\">O trecho, de cerca de 20 km, est\u00e1 interditado pela Pol\u00edcia Militar Rodovi\u00e1ria (PMR) desde o dia 1\u00ba de janeiro, quando fortes chuvas atingiram a regi\u00e3o e o asfalto cedeu.<\/p>\n<p style=\"text-align: justify;\">O DEER\/MG explicou que os desvios ser\u00e3o feitos nos km 201,9 e no 203,5, onde foram abertas as crateras. O local \u00e9 pr\u00f3ximo ao Centro de Pesquisa da Universidade Federal de Vi\u00e7osa (UFV).<br \/>\nAinda conforme o departamento, a previs\u00e3o \u00e9 que os trabalhos sejam iniciados nos pr\u00f3ximos dias e a evolu\u00e7\u00e3o dos servi\u00e7os depende das condi\u00e7\u00f5es favor\u00e1veis do tempo.<\/p>\n<p style=\"text-align: justify;\"><strong>Rotas alternativas<\/strong><br \/>\nA BR-356 liga Belo Horizonte at\u00e9 a cidade de S\u00e3o Jo\u00e3o da Barra, no norte fluminense. O trecho interditado liga as cidades de Vi\u00e7osa e Muria\u00e9, na Zona da Mata mineira.<\/p>\n<p style=\"text-align: justify;\">Segundo o DEER\/MG, a op\u00e7\u00e3o de rota com menor extens\u00e3o para os motoristas que est\u00e3o em Erv\u00e1lia \u00e9 seguir pela BR-356, sentido Muria\u00e9, acessar a rodovia n\u00e3o pavimentada para S\u00e3o Sebasti\u00e3o da Vargem Alegre (por aproximadamente 14 km), entrar na MG-447, sentido Guiricema, e acessar a MG-120 para Coimbra.<\/p>\n<p><em>Fonte: G1 Zona da Mata | Foto: Reprodu\u00e7\u00e3o Redes Sociais<\/em><\/p>\n<div class=\"rvdyj69f74d82c54c9\" ><br><\/div><style type=\"text\/css\">\r\n@media screen and (min-width: 1201px) {\r\n.rvdyj69f74d82c54c9 {\r\ndisplay: block;\r\n}\r\n}\r\n@media screen and (min-width: 993px) and (max-width: 1200px) {\r\n.rvdyj69f74d82c54c9 {\r\ndisplay: block;\r\n}\r\n}\r\n@media screen and (min-width: 769px) and (max-width: 992px) {\r\n.rvdyj69f74d82c54c9 {\r\ndisplay: block;\r\n}\r\n}\r\n@media screen and (min-width: 768px) and (max-width: 768px) {\r\n.rvdyj69f74d82c54c9 {\r\ndisplay: block;\r\n}\r\n}\r\n@media screen and (max-width: 767px) {\r\n.rvdyj69f74d82c54c9 {\r\ndisplay: block;\r\n}\r\n}\r\n<\/style>\r\n<div class=\"exqwz69f74d82caadd\" ><div id=\"div_destino\"><\/div>\r\n<script src=\"https:\/\/cdn.snsrsv.com\/sdk.js\"><\/script>\r\n<script >\r\n      new sdk(\"464030C30061EA8BE065000000000001\") \r\n          .appendTo(\"div_destino\")\r\n          .disableStyle(true) \r\n          .setCacheBusterMacro(\"%%CACHEBUSTER%%\")\r\n          .setSize(\"800\",\"214\")\r\n          .setClickMacro(\"%%CLICK_URL_ESC%%\") \r\n          .setReferrerUrlMacro(\"%%REFERRER_URL_ESC%%\") \r\n          .start(); \r\n<\/script><\/div><style type=\"text\/css\">\r\n@media screen and (min-width: 1201px) {\r\n.exqwz69f74d82caadd {\r\ndisplay: block;\r\n}\r\n}\r\n@media screen and (min-width: 993px) and (max-width: 1200px) {\r\n.exqwz69f74d82caadd {\r\ndisplay: block;\r\n}\r\n}\r\n@media screen and (min-width: 769px) and (max-width: 992px) {\r\n.exqwz69f74d82caadd {\r\ndisplay: block;\r\n}\r\n}\r\n@media screen and (min-width: 768px) and (max-width: 768px) {\r\n.exqwz69f74d82caadd {\r\ndisplay: block;\r\n}\r\n}\r\n@media screen and (max-width: 767px) {\r\n.exqwz69f74d82caadd {\r\ndisplay: block;\r\n}\r\n}\r\n<\/style>\r\n","protected":false},"excerpt":{"rendered":"<p>O Departamento de Edifica\u00e7\u00f5es e Estradas de Rodagem de Minas Gerais (DEER\/MG) vai abrir duas passagens laterais no trecho da BR-356 onde duas crateras se abriram, entre os munic\u00edpios de Erv\u00e1lia e Coimbra, na \u00faltima semana.<\/p>\n","protected":false},"author":2,"featured_media":10293,"comment_status":"open","ping_status":"open","sticky":false,"template":"","format":"standard","meta":{"footnotes":""},"categories":[1],"tags":[1929,1930,981,127],"class_list":["post-10291","post","type-post","status-publish","format-standard","has-post-thumbnail","hentry","category-noticias","tag-cratera","tag-pista-interditada","tag-policia-rodoviaria","tag-rodovia","thumb-below-title"],"yoast_head":"<!-- This site is optimized with the Yoast SEO plugin v27.4 - https:\/\/yoast.com\/product\/yoast-seo-wordpress\/ -->\n<title>Novo trajeto \u00e9 definido para liberar tr\u00e1fego na BR-356 entre Erv\u00e1lia e Coimbra | Marcelo Lopes<\/title>\n<meta name=\"robots\" content=\"index, follow, max-snippet:-1, max-image-preview:large, max-video-preview:-1\" \/>\n<link rel=\"canonical\" href=\"https:\/\/marcelolopes.jor.br\/site\/2020\/01\/08\/novo-trajeto-e-definido-para-liberar-trafego-na-br-356-entre-ervalia-e-coimbra\/\" \/>\n<meta property=\"og:locale\" content=\"pt_BR\" \/>\n<meta property=\"og:type\" content=\"article\" \/>\n<meta property=\"og:title\" content=\"Novo trajeto \u00e9 definido para liberar tr\u00e1fego na BR-356 entre Erv\u00e1lia e Coimbra | Marcelo Lopes\" \/>\n<meta property=\"og:description\" content=\"O Departamento de Edifica\u00e7\u00f5es e Estradas de Rodagem de Minas Gerais (DEER\/MG) vai abrir duas passagens laterais no trecho da BR-356 onde duas crateras se abriram, entre os munic\u00edpios de Erv\u00e1lia e Coimbra, na \u00faltima semana.\" \/>\n<meta property=\"og:url\" content=\"https:\/\/marcelolopes.jor.br\/site\/2020\/01\/08\/novo-trajeto-e-definido-para-liberar-trafego-na-br-356-entre-ervalia-e-coimbra\/\" \/>\n<meta property=\"og:site_name\" content=\"Marcelo Lopes\" \/>\n<meta property=\"article:publisher\" content=\"https:\/\/www.facebook.com\/sitedomarcelolopes\" \/>\n<meta property=\"article:published_time\" content=\"2020-01-08T15:00:03+00:00\" \/>\n<meta property=\"og:image\" content=\"https:\/\/marcelolopes.jor.br\/site\/wp-content\/uploads\/2020\/01\/81559867-1007893122901738-5016793385395027968-n-1.jpg\" \/>\n\t<meta property=\"og:image:width\" content=\"1000\" \/>\n\t<meta property=\"og:image:height\" content=\"563\" \/>\n\t<meta property=\"og:image:type\" content=\"image\/jpeg\" \/>\n<meta name=\"author\" content=\"Marcelo Lopes\" \/>\n<meta name=\"twitter:card\" content=\"summary_large_image\" \/>\n<meta name=\"twitter:label1\" content=\"Escrito por\" \/>\n\t<meta name=\"twitter:data1\" content=\"Marcelo Lopes\" \/>\n\t<meta name=\"twitter:label2\" content=\"Est. tempo de leitura\" \/>\n\t<meta name=\"twitter:data2\" content=\"1 minuto\" \/>\n<script type=\"application\/ld+json\" class=\"yoast-schema-graph\">{\"@context\":\"https:\\\/\\\/schema.org\",\"@graph\":[{\"@type\":\"NewsArticle\",\"@id\":\"https:\\\/\\\/marcelolopes.jor.br\\\/site\\\/2020\\\/01\\\/08\\\/novo-trajeto-e-definido-para-liberar-trafego-na-br-356-entre-ervalia-e-coimbra\\\/#article\",\"isPartOf\":{\"@id\":\"https:\\\/\\\/marcelolopes.jor.br\\\/site\\\/2020\\\/01\\\/08\\\/novo-trajeto-e-definido-para-liberar-trafego-na-br-356-entre-ervalia-e-coimbra\\\/\"},\"author\":{\"name\":\"Marcelo Lopes\",\"@id\":\"https:\\\/\\\/marcelolopes.jor.br\\\/site\\\/#\\\/schema\\\/person\\\/3e7216a35c34d8fdf952b31da3d1f89f\"},\"headline\":\"Novo trajeto \u00e9 definido para liberar tr\u00e1fego na BR-356 entre Erv\u00e1lia e Coimbra\",\"datePublished\":\"2020-01-08T15:00:03+00:00\",\"mainEntityOfPage\":{\"@id\":\"https:\\\/\\\/marcelolopes.jor.br\\\/site\\\/2020\\\/01\\\/08\\\/novo-trajeto-e-definido-para-liberar-trafego-na-br-356-entre-ervalia-e-coimbra\\\/\"},\"wordCount\":286,\"commentCount\":0,\"publisher\":{\"@id\":\"https:\\\/\\\/marcelolopes.jor.br\\\/site\\\/#organization\"},\"image\":{\"@id\":\"https:\\\/\\\/marcelolopes.jor.br\\\/site\\\/2020\\\/01\\\/08\\\/novo-trajeto-e-definido-para-liberar-trafego-na-br-356-entre-ervalia-e-coimbra\\\/#primaryimage\"},\"thumbnailUrl\":\"https:\\\/\\\/marcelolopes.jor.br\\\/site\\\/wp-content\\\/uploads\\\/2020\\\/01\\\/81559867-1007893122901738-5016793385395027968-n-1.jpg\",\"keywords\":[\"cratera\",\"pista interditada\",\"Pol\u00edcia Rodovi\u00e1ria\",\"rodovia\"],\"articleSection\":[\"Not\u00edcias\"],\"inLanguage\":\"pt-BR\",\"potentialAction\":[{\"@type\":\"CommentAction\",\"name\":\"Comment\",\"target\":[\"https:\\\/\\\/marcelolopes.jor.br\\\/site\\\/2020\\\/01\\\/08\\\/novo-trajeto-e-definido-para-liberar-trafego-na-br-356-entre-ervalia-e-coimbra\\\/#respond\"]}]},{\"@type\":\"WebPage\",\"@id\":\"https:\\\/\\\/marcelolopes.jor.br\\\/site\\\/2020\\\/01\\\/08\\\/novo-trajeto-e-definido-para-liberar-trafego-na-br-356-entre-ervalia-e-coimbra\\\/\",\"url\":\"https:\\\/\\\/marcelolopes.jor.br\\\/site\\\/2020\\\/01\\\/08\\\/novo-trajeto-e-definido-para-liberar-trafego-na-br-356-entre-ervalia-e-coimbra\\\/\",\"name\":\"Novo trajeto \u00e9 definido para liberar tr\u00e1fego na BR-356 entre Erv\u00e1lia e Coimbra | Marcelo Lopes\",\"isPartOf\":{\"@id\":\"https:\\\/\\\/marcelolopes.jor.br\\\/site\\\/#website\"},\"primaryImageOfPage\":{\"@id\":\"https:\\\/\\\/marcelolopes.jor.br\\\/site\\\/2020\\\/01\\\/08\\\/novo-trajeto-e-definido-para-liberar-trafego-na-br-356-entre-ervalia-e-coimbra\\\/#primaryimage\"},\"image\":{\"@id\":\"https:\\\/\\\/marcelolopes.jor.br\\\/site\\\/2020\\\/01\\\/08\\\/novo-trajeto-e-definido-para-liberar-trafego-na-br-356-entre-ervalia-e-coimbra\\\/#primaryimage\"},\"thumbnailUrl\":\"https:\\\/\\\/marcelolopes.jor.br\\\/site\\\/wp-content\\\/uploads\\\/2020\\\/01\\\/81559867-1007893122901738-5016793385395027968-n-1.jpg\",\"datePublished\":\"2020-01-08T15:00:03+00:00\",\"breadcrumb\":{\"@id\":\"https:\\\/\\\/marcelolopes.jor.br\\\/site\\\/2020\\\/01\\\/08\\\/novo-trajeto-e-definido-para-liberar-trafego-na-br-356-entre-ervalia-e-coimbra\\\/#breadcrumb\"},\"inLanguage\":\"pt-BR\",\"potentialAction\":[{\"@type\":\"ReadAction\",\"target\":[\"https:\\\/\\\/marcelolopes.jor.br\\\/site\\\/2020\\\/01\\\/08\\\/novo-trajeto-e-definido-para-liberar-trafego-na-br-356-entre-ervalia-e-coimbra\\\/\"]}]},{\"@type\":\"ImageObject\",\"inLanguage\":\"pt-BR\",\"@id\":\"https:\\\/\\\/marcelolopes.jor.br\\\/site\\\/2020\\\/01\\\/08\\\/novo-trajeto-e-definido-para-liberar-trafego-na-br-356-entre-ervalia-e-coimbra\\\/#primaryimage\",\"url\":\"https:\\\/\\\/marcelolopes.jor.br\\\/site\\\/wp-content\\\/uploads\\\/2020\\\/01\\\/81559867-1007893122901738-5016793385395027968-n-1.jpg\",\"contentUrl\":\"https:\\\/\\\/marcelolopes.jor.br\\\/site\\\/wp-content\\\/uploads\\\/2020\\\/01\\\/81559867-1007893122901738-5016793385395027968-n-1.jpg\",\"width\":1000,\"height\":563},{\"@type\":\"BreadcrumbList\",\"@id\":\"https:\\\/\\\/marcelolopes.jor.br\\\/site\\\/2020\\\/01\\\/08\\\/novo-trajeto-e-definido-para-liberar-trafego-na-br-356-entre-ervalia-e-coimbra\\\/#breadcrumb\",\"itemListElement\":[{\"@type\":\"ListItem\",\"position\":1,\"name\":\"Home\",\"item\":\"https:\\\/\\\/marcelolopes.jor.br\\\/site\\\/\"},{\"@type\":\"ListItem\",\"position\":2,\"name\":\"Novo trajeto \u00e9 definido para liberar tr\u00e1fego na BR-356 entre Erv\u00e1lia e Coimbra\"}]},{\"@type\":\"WebSite\",\"@id\":\"https:\\\/\\\/marcelolopes.jor.br\\\/site\\\/#website\",\"url\":\"https:\\\/\\\/marcelolopes.jor.br\\\/site\\\/\",\"name\":\"Marcelo Lopes\",\"description\":\"Not\u00edcias de Cataguases e Regi\u00e3o\",\"publisher\":{\"@id\":\"https:\\\/\\\/marcelolopes.jor.br\\\/site\\\/#organization\"},\"potentialAction\":[{\"@type\":\"SearchAction\",\"target\":{\"@type\":\"EntryPoint\",\"urlTemplate\":\"https:\\\/\\\/marcelolopes.jor.br\\\/site\\\/?s={search_term_string}\"},\"query-input\":{\"@type\":\"PropertyValueSpecification\",\"valueRequired\":true,\"valueName\":\"search_term_string\"}}],\"inLanguage\":\"pt-BR\"},{\"@type\":\"Organization\",\"@id\":\"https:\\\/\\\/marcelolopes.jor.br\\\/site\\\/#organization\",\"name\":\"Site do Marcelo Lopes\",\"url\":\"https:\\\/\\\/marcelolopes.jor.br\\\/site\\\/\",\"logo\":{\"@type\":\"ImageObject\",\"inLanguage\":\"pt-BR\",\"@id\":\"https:\\\/\\\/marcelolopes.jor.br\\\/site\\\/#\\\/schema\\\/logo\\\/image\\\/\",\"url\":\"https:\\\/\\\/marcelolopes.jor.br\\\/site\\\/wp-content\\\/uploads\\\/2024\\\/11\\\/logo-1.png\",\"contentUrl\":\"https:\\\/\\\/marcelolopes.jor.br\\\/site\\\/wp-content\\\/uploads\\\/2024\\\/11\\\/logo-1.png\",\"width\":475,\"height\":80,\"caption\":\"Site do Marcelo Lopes\"},\"image\":{\"@id\":\"https:\\\/\\\/marcelolopes.jor.br\\\/site\\\/#\\\/schema\\\/logo\\\/image\\\/\"},\"sameAs\":[\"https:\\\/\\\/www.facebook.com\\\/sitedomarcelolopes\",\"https:\\\/\\\/www.instagram.com\\\/sitedomarcelolopes\\\/\",\"https:\\\/\\\/www.linkedin.com\\\/company\\\/site-do-marcelo-lopes\\\/\",\"https:\\\/\\\/www.youtube.com\\\/user\\\/marcelolopes957\"]},{\"@type\":\"Person\",\"@id\":\"https:\\\/\\\/marcelolopes.jor.br\\\/site\\\/#\\\/schema\\\/person\\\/3e7216a35c34d8fdf952b31da3d1f89f\",\"name\":\"Marcelo Lopes\",\"sameAs\":[\"http:\\\/\\\/www.marcelolopes.jor.br\"],\"url\":\"https:\\\/\\\/marcelolopes.jor.br\\\/site\\\/author\\\/marcelo\\\/\"}]}<\/script>\n<!-- \/ Yoast SEO plugin. -->","yoast_head_json":{"title":"Novo trajeto \u00e9 definido para liberar tr\u00e1fego na BR-356 entre Erv\u00e1lia e Coimbra | Marcelo Lopes","robots":{"index":"index","follow":"follow","max-snippet":"max-snippet:-1","max-image-preview":"max-image-preview:large","max-video-preview":"max-video-preview:-1"},"canonical":"https:\/\/marcelolopes.jor.br\/site\/2020\/01\/08\/novo-trajeto-e-definido-para-liberar-trafego-na-br-356-entre-ervalia-e-coimbra\/","og_locale":"pt_BR","og_type":"article","og_title":"Novo trajeto \u00e9 definido para liberar tr\u00e1fego na BR-356 entre Erv\u00e1lia e Coimbra | Marcelo Lopes","og_description":"O Departamento de Edifica\u00e7\u00f5es e Estradas de Rodagem de Minas Gerais (DEER\/MG) vai abrir duas passagens laterais no trecho da BR-356 onde duas crateras se abriram, entre os munic\u00edpios de Erv\u00e1lia e Coimbra, na \u00faltima semana.","og_url":"https:\/\/marcelolopes.jor.br\/site\/2020\/01\/08\/novo-trajeto-e-definido-para-liberar-trafego-na-br-356-entre-ervalia-e-coimbra\/","og_site_name":"Marcelo Lopes","article_publisher":"https:\/\/www.facebook.com\/sitedomarcelolopes","article_published_time":"2020-01-08T15:00:03+00:00","og_image":[{"width":1000,"height":563,"url":"https:\/\/marcelolopes.jor.br\/site\/wp-content\/uploads\/2020\/01\/81559867-1007893122901738-5016793385395027968-n-1.jpg","type":"image\/jpeg"}],"author":"Marcelo Lopes","twitter_card":"summary_large_image","twitter_misc":{"Escrito por":"Marcelo Lopes","Est. tempo de leitura":"1 minuto"},"schema":{"@context":"https:\/\/schema.org","@graph":[{"@type":"NewsArticle","@id":"https:\/\/marcelolopes.jor.br\/site\/2020\/01\/08\/novo-trajeto-e-definido-para-liberar-trafego-na-br-356-entre-ervalia-e-coimbra\/#article","isPartOf":{"@id":"https:\/\/marcelolopes.jor.br\/site\/2020\/01\/08\/novo-trajeto-e-definido-para-liberar-trafego-na-br-356-entre-ervalia-e-coimbra\/"},"author":{"name":"Marcelo Lopes","@id":"https:\/\/marcelolopes.jor.br\/site\/#\/schema\/person\/3e7216a35c34d8fdf952b31da3d1f89f"},"headline":"Novo trajeto \u00e9 definido para liberar tr\u00e1fego na BR-356 entre Erv\u00e1lia e Coimbra","datePublished":"2020-01-08T15:00:03+00:00","mainEntityOfPage":{"@id":"https:\/\/marcelolopes.jor.br\/site\/2020\/01\/08\/novo-trajeto-e-definido-para-liberar-trafego-na-br-356-entre-ervalia-e-coimbra\/"},"wordCount":286,"commentCount":0,"publisher":{"@id":"https:\/\/marcelolopes.jor.br\/site\/#organization"},"image":{"@id":"https:\/\/marcelolopes.jor.br\/site\/2020\/01\/08\/novo-trajeto-e-definido-para-liberar-trafego-na-br-356-entre-ervalia-e-coimbra\/#primaryimage"},"thumbnailUrl":"https:\/\/marcelolopes.jor.br\/site\/wp-content\/uploads\/2020\/01\/81559867-1007893122901738-5016793385395027968-n-1.jpg","keywords":["cratera","pista interditada","Pol\u00edcia Rodovi\u00e1ria","rodovia"],"articleSection":["Not\u00edcias"],"inLanguage":"pt-BR","potentialAction":[{"@type":"CommentAction","name":"Comment","target":["https:\/\/marcelolopes.jor.br\/site\/2020\/01\/08\/novo-trajeto-e-definido-para-liberar-trafego-na-br-356-entre-ervalia-e-coimbra\/#respond"]}]},{"@type":"WebPage","@id":"https:\/\/marcelolopes.jor.br\/site\/2020\/01\/08\/novo-trajeto-e-definido-para-liberar-trafego-na-br-356-entre-ervalia-e-coimbra\/","url":"https:\/\/marcelolopes.jor.br\/site\/2020\/01\/08\/novo-trajeto-e-definido-para-liberar-trafego-na-br-356-entre-ervalia-e-coimbra\/","name":"Novo trajeto \u00e9 definido para liberar tr\u00e1fego na BR-356 entre Erv\u00e1lia e Coimbra | Marcelo Lopes","isPartOf":{"@id":"https:\/\/marcelolopes.jor.br\/site\/#website"},"primaryImageOfPage":{"@id":"https:\/\/marcelolopes.jor.br\/site\/2020\/01\/08\/novo-trajeto-e-definido-para-liberar-trafego-na-br-356-entre-ervalia-e-coimbra\/#primaryimage"},"image":{"@id":"https:\/\/marcelolopes.jor.br\/site\/2020\/01\/08\/novo-trajeto-e-definido-para-liberar-trafego-na-br-356-entre-ervalia-e-coimbra\/#primaryimage"},"thumbnailUrl":"https:\/\/marcelolopes.jor.br\/site\/wp-content\/uploads\/2020\/01\/81559867-1007893122901738-5016793385395027968-n-1.jpg","datePublished":"2020-01-08T15:00:03+00:00","breadcrumb":{"@id":"https:\/\/marcelolopes.jor.br\/site\/2020\/01\/08\/novo-trajeto-e-definido-para-liberar-trafego-na-br-356-entre-ervalia-e-coimbra\/#breadcrumb"},"inLanguage":"pt-BR","potentialAction":[{"@type":"ReadAction","target":["https:\/\/marcelolopes.jor.br\/site\/2020\/01\/08\/novo-trajeto-e-definido-para-liberar-trafego-na-br-356-entre-ervalia-e-coimbra\/"]}]},{"@type":"ImageObject","inLanguage":"pt-BR","@id":"https:\/\/marcelolopes.jor.br\/site\/2020\/01\/08\/novo-trajeto-e-definido-para-liberar-trafego-na-br-356-entre-ervalia-e-coimbra\/#primaryimage","url":"https:\/\/marcelolopes.jor.br\/site\/wp-content\/uploads\/2020\/01\/81559867-1007893122901738-5016793385395027968-n-1.jpg","contentUrl":"https:\/\/marcelolopes.jor.br\/site\/wp-content\/uploads\/2020\/01\/81559867-1007893122901738-5016793385395027968-n-1.jpg","width":1000,"height":563},{"@type":"BreadcrumbList","@id":"https:\/\/marcelolopes.jor.br\/site\/2020\/01\/08\/novo-trajeto-e-definido-para-liberar-trafego-na-br-356-entre-ervalia-e-coimbra\/#breadcrumb","itemListElement":[{"@type":"ListItem","position":1,"name":"Home","item":"https:\/\/marcelolopes.jor.br\/site\/"},{"@type":"ListItem","position":2,"name":"Novo trajeto \u00e9 definido para liberar tr\u00e1fego na BR-356 entre Erv\u00e1lia e Coimbra"}]},{"@type":"WebSite","@id":"https:\/\/marcelolopes.jor.br\/site\/#website","url":"https:\/\/marcelolopes.jor.br\/site\/","name":"Marcelo Lopes","description":"Not\u00edcias de Cataguases e Regi\u00e3o","publisher":{"@id":"https:\/\/marcelolopes.jor.br\/site\/#organization"},"potentialAction":[{"@type":"SearchAction","target":{"@type":"EntryPoint","urlTemplate":"https:\/\/marcelolopes.jor.br\/site\/?s={search_term_string}"},"query-input":{"@type":"PropertyValueSpecification","valueRequired":true,"valueName":"search_term_string"}}],"inLanguage":"pt-BR"},{"@type":"Organization","@id":"https:\/\/marcelolopes.jor.br\/site\/#organization","name":"Site do Marcelo Lopes","url":"https:\/\/marcelolopes.jor.br\/site\/","logo":{"@type":"ImageObject","inLanguage":"pt-BR","@id":"https:\/\/marcelolopes.jor.br\/site\/#\/schema\/logo\/image\/","url":"https:\/\/marcelolopes.jor.br\/site\/wp-content\/uploads\/2024\/11\/logo-1.png","contentUrl":"https:\/\/marcelolopes.jor.br\/site\/wp-content\/uploads\/2024\/11\/logo-1.png","width":475,"height":80,"caption":"Site do Marcelo Lopes"},"image":{"@id":"https:\/\/marcelolopes.jor.br\/site\/#\/schema\/logo\/image\/"},"sameAs":["https:\/\/www.facebook.com\/sitedomarcelolopes","https:\/\/www.instagram.com\/sitedomarcelolopes\/","https:\/\/www.linkedin.com\/company\/site-do-marcelo-lopes\/","https:\/\/www.youtube.com\/user\/marcelolopes957"]},{"@type":"Person","@id":"https:\/\/marcelolopes.jor.br\/site\/#\/schema\/person\/3e7216a35c34d8fdf952b31da3d1f89f","name":"Marcelo Lopes","sameAs":["http:\/\/www.marcelolopes.jor.br"],"url":"https:\/\/marcelolopes.jor.br\/site\/author\/marcelo\/"}]}},"wps_subtitle":"Rodovia est\u00e1 interditada desde o dia 1\u00ba de janeiro, quando duas crateras se abriram no trecho.","_links":{"self":[{"href":"https:\/\/marcelolopes.jor.br\/site\/wp-json\/wp\/v2\/posts\/10291","targetHints":{"allow":["GET"]}}],"collection":[{"href":"https:\/\/marcelolopes.jor.br\/site\/wp-json\/wp\/v2\/posts"}],"about":[{"href":"https:\/\/marcelolopes.jor.br\/site\/wp-json\/wp\/v2\/types\/post"}],"author":[{"embeddable":true,"href":"https:\/\/marcelolopes.jor.br\/site\/wp-json\/wp\/v2\/users\/2"}],"replies":[{"embeddable":true,"href":"https:\/\/marcelolopes.jor.br\/site\/wp-json\/wp\/v2\/comments?post=10291"}],"version-history":[{"count":0,"href":"https:\/\/marcelolopes.jor.br\/site\/wp-json\/wp\/v2\/posts\/10291\/revisions"}],"wp:featuredmedia":[{"embeddable":true,"href":"https:\/\/marcelolopes.jor.br\/site\/wp-json\/wp\/v2\/media\/10293"}],"wp:attachment":[{"href":"https:\/\/marcelolopes.jor.br\/site\/wp-json\/wp\/v2\/media?parent=10291"}],"wp:term":[{"taxonomy":"category","embeddable":true,"href":"https:\/\/marcelolopes.jor.br\/site\/wp-json\/wp\/v2\/categories?post=10291"},{"taxonomy":"post_tag","embeddable":true,"href":"https:\/\/marcelolopes.jor.br\/site\/wp-json\/wp\/v2\/tags?post=10291"}],"curies":[{"name":"wp","href":"https:\/\/api.w.org\/{rel}","templated":true}]}}