{"id":10221,"date":"2020-01-06T16:00:33","date_gmt":"2020-01-06T19:00:33","guid":{"rendered":"https:\/\/marcelolopes.jor.br\/?p=10221"},"modified":"2020-01-06T12:16:17","modified_gmt":"2020-01-06T15:16:17","slug":"guarda-chuvas-coloridos-chamam-atencao-em-beco-na-praca-rui-barbosa","status":"publish","type":"post","link":"https:\/\/marcelolopes.jor.br\/site\/2020\/01\/06\/guarda-chuvas-coloridos-chamam-atencao-em-beco-na-praca-rui-barbosa\/","title":{"rendered":"Guarda-chuvas coloridos chamam aten\u00e7\u00e3o em beco na Pra\u00e7a Rui Barbosa"},"content":{"rendered":"<p style=\"text-align: justify;\">Quem passa pela Pra\u00e7a Rui Barbosa, na cal\u00e7ada da loja da Natura, com certeza \u00e9 surpreendido pela colorida decora\u00e7\u00e3o de guarda-chuvas, cuidadosamente dispostos no teto do antigo &#8220;beco da sinuca&#8221;, onde hoje funcionam o Instituto Wilson Crepaldi e a loja Fissura Feminina. Quem teve a criativa e inusitada ideia foi sua propriet\u00e1ria, a jovem empreendedora Tain\u00e1 Fernandes, que n\u00e3o s\u00f3 conseguiu chamar a aten\u00e7\u00e3o para seu neg\u00f3cio, claro, como tamb\u00e9m colocou em evid\u00eancia aquele espa\u00e7o que, apesar de nobre, passava desapercebido para o grande p\u00fablico.<!--more--><\/p>\n<p style=\"text-align: justify;\"><img loading=\"lazy\" decoding=\"async\" class=\"aligncenter wp-image-10225\" src=\"https:\/\/marcelolopes.jor.br\/site\/wp-content\/uploads\/2020\/01\/Fissura-Feminina.jpg\" alt=\"\" width=\"600\" height=\"601\" srcset=\"https:\/\/marcelolopes.jor.br\/site\/wp-content\/uploads\/2020\/01\/Fissura-Feminina.jpg 859w, https:\/\/marcelolopes.jor.br\/site\/wp-content\/uploads\/2020\/01\/Fissura-Feminina-150x150.jpg 150w, https:\/\/marcelolopes.jor.br\/site\/wp-content\/uploads\/2020\/01\/Fissura-Feminina-300x300.jpg 300w, https:\/\/marcelolopes.jor.br\/site\/wp-content\/uploads\/2020\/01\/Fissura-Feminina-768x770.jpg 768w\" sizes=\"auto, (max-width: 600px) 100vw, 600px\" \/>A inova\u00e7\u00e3o e ousadia de Tain\u00e1 (de branco na foto acima) deu resultado e muita gente come\u00e7ou a &#8220;enxergar&#8221; aquele espa\u00e7o, conta. Para decorar todo o ambiente ela utilizou aproximadamente sessenta guarda-chuvas coloridos que foram cuidadosamente instalados no teto do beco dia 12 de novembro \u00faltimo, data em que a loja passou a funcionar ali, naquele endere\u00e7o. &#8220;No Natal acrescentamos a ilumina\u00e7\u00e3o que ser\u00e1 retirada agora, mas vamos deixar os guarda-chuvas por tempo indeterminado porque j\u00e1 est\u00e3o inseridos no ambiente&#8221;, explicou a jovem empres\u00e1ria. E deram \u00e0quele lugar um charme todo especial, convenhamos.<\/p>\n<p><img loading=\"lazy\" decoding=\"async\" class=\"aligncenter size-full wp-image-10223\" src=\"https:\/\/marcelolopes.jor.br\/site\/wp-content\/uploads\/2020\/01\/Autografo-5.jpeg\" alt=\"\" width=\"450\" height=\"800\" srcset=\"https:\/\/marcelolopes.jor.br\/site\/wp-content\/uploads\/2020\/01\/Autografo-5.jpeg 450w, https:\/\/marcelolopes.jor.br\/site\/wp-content\/uploads\/2020\/01\/Autografo-5-169x300.jpeg 169w\" sizes=\"auto, (max-width: 450px) 100vw, 450px\" \/><\/p>\n<p>&nbsp;<\/p>\n<div class=\"edbhy69f742e621c89\" ><br><\/div><style type=\"text\/css\">\r\n@media screen and (min-width: 1201px) {\r\n.edbhy69f742e621c89 {\r\ndisplay: block;\r\n}\r\n}\r\n@media screen and (min-width: 993px) and (max-width: 1200px) {\r\n.edbhy69f742e621c89 {\r\ndisplay: block;\r\n}\r\n}\r\n@media screen and (min-width: 769px) and (max-width: 992px) {\r\n.edbhy69f742e621c89 {\r\ndisplay: block;\r\n}\r\n}\r\n@media screen and (min-width: 768px) and (max-width: 768px) {\r\n.edbhy69f742e621c89 {\r\ndisplay: block;\r\n}\r\n}\r\n@media screen and (max-width: 767px) {\r\n.edbhy69f742e621c89 {\r\ndisplay: block;\r\n}\r\n}\r\n<\/style>\r\n<div class=\"kfral69f742e62756f\" ><div id=\"div_destino\"><\/div>\r\n<script src=\"https:\/\/cdn.snsrsv.com\/sdk.js\"><\/script>\r\n<script >\r\n      new sdk(\"464030C30061EA8BE065000000000001\") \r\n          .appendTo(\"div_destino\")\r\n          .disableStyle(true) \r\n          .setCacheBusterMacro(\"%%CACHEBUSTER%%\")\r\n          .setSize(\"800\",\"214\")\r\n          .setClickMacro(\"%%CLICK_URL_ESC%%\") \r\n          .setReferrerUrlMacro(\"%%REFERRER_URL_ESC%%\") \r\n          .start(); \r\n<\/script><\/div><style type=\"text\/css\">\r\n@media screen and (min-width: 1201px) {\r\n.kfral69f742e62756f {\r\ndisplay: block;\r\n}\r\n}\r\n@media screen and (min-width: 993px) and (max-width: 1200px) {\r\n.kfral69f742e62756f {\r\ndisplay: block;\r\n}\r\n}\r\n@media screen and (min-width: 769px) and (max-width: 992px) {\r\n.kfral69f742e62756f {\r\ndisplay: block;\r\n}\r\n}\r\n@media screen and (min-width: 768px) and (max-width: 768px) {\r\n.kfral69f742e62756f {\r\ndisplay: block;\r\n}\r\n}\r\n@media screen and (max-width: 767px) {\r\n.kfral69f742e62756f {\r\ndisplay: block;\r\n}\r\n}\r\n<\/style>\r\n","protected":false},"excerpt":{"rendered":"<p>Quem passa pela Pra\u00e7a Rui Barbosa, na cal\u00e7ada da loja da Natura, com certeza \u00e9 surpreendido pela colorida decora\u00e7\u00e3o de guarda-chuvas, cuidadosamente dispostos no teto do antigo &#8220;beco da sinuca&#8221;, onde hoje funcionam o Instituto Wilson Crepaldi e a loja<\/p>\n<p class=\"link-more\"><a class=\"more-link\" href=\"https:\/\/marcelolopes.jor.br\/site\/2020\/01\/06\/guarda-chuvas-coloridos-chamam-atencao-em-beco-na-praca-rui-barbosa\/\">Leia mais <span class=\"screen-reader-text\">Guarda-chuvas coloridos chamam aten\u00e7\u00e3o em beco na Pra\u00e7a Rui Barbosa<\/span><\/a><\/p>\n","protected":false},"author":2,"featured_media":10226,"comment_status":"open","ping_status":"open","sticky":false,"template":"","format":"standard","meta":{"footnotes":""},"categories":[1],"tags":[1921,1920,1919,1918],"class_list":["post-10221","post","type-post","status-publish","format-standard","has-post-thumbnail","hentry","category-noticias","tag-beco","tag-decoracao","tag-fissura-feminina","tag-guarda-chuva","thumb-below-title"],"yoast_head":"<!-- This site is optimized with the Yoast SEO plugin v27.4 - https:\/\/yoast.com\/product\/yoast-seo-wordpress\/ -->\n<title>Guarda-chuvas coloridos chamam aten\u00e7\u00e3o em beco na Pra\u00e7a Rui Barbosa | Marcelo Lopes<\/title>\n<meta name=\"robots\" content=\"index, follow, max-snippet:-1, max-image-preview:large, max-video-preview:-1\" \/>\n<link rel=\"canonical\" href=\"https:\/\/marcelolopes.jor.br\/site\/2020\/01\/06\/guarda-chuvas-coloridos-chamam-atencao-em-beco-na-praca-rui-barbosa\/\" \/>\n<meta property=\"og:locale\" content=\"pt_BR\" \/>\n<meta property=\"og:type\" content=\"article\" \/>\n<meta property=\"og:title\" content=\"Guarda-chuvas coloridos chamam aten\u00e7\u00e3o em beco na Pra\u00e7a Rui Barbosa | Marcelo Lopes\" \/>\n<meta property=\"og:description\" content=\"Quem passa pela Pra\u00e7a Rui Barbosa, na cal\u00e7ada da loja da Natura, com certeza \u00e9 surpreendido pela colorida decora\u00e7\u00e3o de guarda-chuvas, cuidadosamente dispostos no teto do antigo &#8220;beco da sinuca&#8221;, onde hoje funcionam o Instituto Wilson Crepaldi e a lojaLeia mais Guarda-chuvas coloridos chamam aten\u00e7\u00e3o em beco na Pra\u00e7a Rui Barbosa\" \/>\n<meta property=\"og:url\" content=\"https:\/\/marcelolopes.jor.br\/site\/2020\/01\/06\/guarda-chuvas-coloridos-chamam-atencao-em-beco-na-praca-rui-barbosa\/\" \/>\n<meta property=\"og:site_name\" content=\"Marcelo Lopes\" \/>\n<meta property=\"article:publisher\" content=\"https:\/\/www.facebook.com\/sitedomarcelolopes\" \/>\n<meta property=\"article:published_time\" content=\"2020-01-06T19:00:33+00:00\" \/>\n<meta property=\"og:image\" content=\"https:\/\/marcelolopes.jor.br\/site\/wp-content\/uploads\/2020\/01\/Guarda-chuva.jpg\" \/>\n\t<meta property=\"og:image:width\" content=\"801\" \/>\n\t<meta property=\"og:image:height\" content=\"602\" \/>\n\t<meta property=\"og:image:type\" content=\"image\/jpeg\" \/>\n<meta name=\"author\" content=\"Marcelo Lopes\" \/>\n<meta name=\"twitter:card\" content=\"summary_large_image\" \/>\n<meta name=\"twitter:label1\" content=\"Escrito por\" \/>\n\t<meta name=\"twitter:data1\" content=\"Marcelo Lopes\" \/>\n\t<meta name=\"twitter:label2\" content=\"Est. tempo de leitura\" \/>\n\t<meta name=\"twitter:data2\" content=\"1 minuto\" \/>\n<script type=\"application\/ld+json\" class=\"yoast-schema-graph\">{\"@context\":\"https:\\\/\\\/schema.org\",\"@graph\":[{\"@type\":\"NewsArticle\",\"@id\":\"https:\\\/\\\/marcelolopes.jor.br\\\/site\\\/2020\\\/01\\\/06\\\/guarda-chuvas-coloridos-chamam-atencao-em-beco-na-praca-rui-barbosa\\\/#article\",\"isPartOf\":{\"@id\":\"https:\\\/\\\/marcelolopes.jor.br\\\/site\\\/2020\\\/01\\\/06\\\/guarda-chuvas-coloridos-chamam-atencao-em-beco-na-praca-rui-barbosa\\\/\"},\"author\":{\"name\":\"Marcelo Lopes\",\"@id\":\"https:\\\/\\\/marcelolopes.jor.br\\\/site\\\/#\\\/schema\\\/person\\\/3e7216a35c34d8fdf952b31da3d1f89f\"},\"headline\":\"Guarda-chuvas coloridos chamam aten\u00e7\u00e3o em beco na Pra\u00e7a Rui Barbosa\",\"datePublished\":\"2020-01-06T19:00:33+00:00\",\"mainEntityOfPage\":{\"@id\":\"https:\\\/\\\/marcelolopes.jor.br\\\/site\\\/2020\\\/01\\\/06\\\/guarda-chuvas-coloridos-chamam-atencao-em-beco-na-praca-rui-barbosa\\\/\"},\"wordCount\":207,\"commentCount\":0,\"publisher\":{\"@id\":\"https:\\\/\\\/marcelolopes.jor.br\\\/site\\\/#organization\"},\"image\":{\"@id\":\"https:\\\/\\\/marcelolopes.jor.br\\\/site\\\/2020\\\/01\\\/06\\\/guarda-chuvas-coloridos-chamam-atencao-em-beco-na-praca-rui-barbosa\\\/#primaryimage\"},\"thumbnailUrl\":\"https:\\\/\\\/marcelolopes.jor.br\\\/site\\\/wp-content\\\/uploads\\\/2020\\\/01\\\/Guarda-chuva.jpg\",\"keywords\":[\"beco\",\"decora\u00e7\u00e3o\",\"Fissura Feminina\",\"guarda-chuva\"],\"articleSection\":[\"Not\u00edcias\"],\"inLanguage\":\"pt-BR\",\"potentialAction\":[{\"@type\":\"CommentAction\",\"name\":\"Comment\",\"target\":[\"https:\\\/\\\/marcelolopes.jor.br\\\/site\\\/2020\\\/01\\\/06\\\/guarda-chuvas-coloridos-chamam-atencao-em-beco-na-praca-rui-barbosa\\\/#respond\"]}]},{\"@type\":\"WebPage\",\"@id\":\"https:\\\/\\\/marcelolopes.jor.br\\\/site\\\/2020\\\/01\\\/06\\\/guarda-chuvas-coloridos-chamam-atencao-em-beco-na-praca-rui-barbosa\\\/\",\"url\":\"https:\\\/\\\/marcelolopes.jor.br\\\/site\\\/2020\\\/01\\\/06\\\/guarda-chuvas-coloridos-chamam-atencao-em-beco-na-praca-rui-barbosa\\\/\",\"name\":\"Guarda-chuvas coloridos chamam aten\u00e7\u00e3o em beco na Pra\u00e7a Rui Barbosa | Marcelo Lopes\",\"isPartOf\":{\"@id\":\"https:\\\/\\\/marcelolopes.jor.br\\\/site\\\/#website\"},\"primaryImageOfPage\":{\"@id\":\"https:\\\/\\\/marcelolopes.jor.br\\\/site\\\/2020\\\/01\\\/06\\\/guarda-chuvas-coloridos-chamam-atencao-em-beco-na-praca-rui-barbosa\\\/#primaryimage\"},\"image\":{\"@id\":\"https:\\\/\\\/marcelolopes.jor.br\\\/site\\\/2020\\\/01\\\/06\\\/guarda-chuvas-coloridos-chamam-atencao-em-beco-na-praca-rui-barbosa\\\/#primaryimage\"},\"thumbnailUrl\":\"https:\\\/\\\/marcelolopes.jor.br\\\/site\\\/wp-content\\\/uploads\\\/2020\\\/01\\\/Guarda-chuva.jpg\",\"datePublished\":\"2020-01-06T19:00:33+00:00\",\"breadcrumb\":{\"@id\":\"https:\\\/\\\/marcelolopes.jor.br\\\/site\\\/2020\\\/01\\\/06\\\/guarda-chuvas-coloridos-chamam-atencao-em-beco-na-praca-rui-barbosa\\\/#breadcrumb\"},\"inLanguage\":\"pt-BR\",\"potentialAction\":[{\"@type\":\"ReadAction\",\"target\":[\"https:\\\/\\\/marcelolopes.jor.br\\\/site\\\/2020\\\/01\\\/06\\\/guarda-chuvas-coloridos-chamam-atencao-em-beco-na-praca-rui-barbosa\\\/\"]}]},{\"@type\":\"ImageObject\",\"inLanguage\":\"pt-BR\",\"@id\":\"https:\\\/\\\/marcelolopes.jor.br\\\/site\\\/2020\\\/01\\\/06\\\/guarda-chuvas-coloridos-chamam-atencao-em-beco-na-praca-rui-barbosa\\\/#primaryimage\",\"url\":\"https:\\\/\\\/marcelolopes.jor.br\\\/site\\\/wp-content\\\/uploads\\\/2020\\\/01\\\/Guarda-chuva.jpg\",\"contentUrl\":\"https:\\\/\\\/marcelolopes.jor.br\\\/site\\\/wp-content\\\/uploads\\\/2020\\\/01\\\/Guarda-chuva.jpg\",\"width\":801,\"height\":602},{\"@type\":\"BreadcrumbList\",\"@id\":\"https:\\\/\\\/marcelolopes.jor.br\\\/site\\\/2020\\\/01\\\/06\\\/guarda-chuvas-coloridos-chamam-atencao-em-beco-na-praca-rui-barbosa\\\/#breadcrumb\",\"itemListElement\":[{\"@type\":\"ListItem\",\"position\":1,\"name\":\"Home\",\"item\":\"https:\\\/\\\/marcelolopes.jor.br\\\/site\\\/\"},{\"@type\":\"ListItem\",\"position\":2,\"name\":\"Guarda-chuvas coloridos chamam aten\u00e7\u00e3o em beco na Pra\u00e7a Rui Barbosa\"}]},{\"@type\":\"WebSite\",\"@id\":\"https:\\\/\\\/marcelolopes.jor.br\\\/site\\\/#website\",\"url\":\"https:\\\/\\\/marcelolopes.jor.br\\\/site\\\/\",\"name\":\"Marcelo Lopes\",\"description\":\"Not\u00edcias de Cataguases e Regi\u00e3o\",\"publisher\":{\"@id\":\"https:\\\/\\\/marcelolopes.jor.br\\\/site\\\/#organization\"},\"potentialAction\":[{\"@type\":\"SearchAction\",\"target\":{\"@type\":\"EntryPoint\",\"urlTemplate\":\"https:\\\/\\\/marcelolopes.jor.br\\\/site\\\/?s={search_term_string}\"},\"query-input\":{\"@type\":\"PropertyValueSpecification\",\"valueRequired\":true,\"valueName\":\"search_term_string\"}}],\"inLanguage\":\"pt-BR\"},{\"@type\":\"Organization\",\"@id\":\"https:\\\/\\\/marcelolopes.jor.br\\\/site\\\/#organization\",\"name\":\"Site do Marcelo Lopes\",\"url\":\"https:\\\/\\\/marcelolopes.jor.br\\\/site\\\/\",\"logo\":{\"@type\":\"ImageObject\",\"inLanguage\":\"pt-BR\",\"@id\":\"https:\\\/\\\/marcelolopes.jor.br\\\/site\\\/#\\\/schema\\\/logo\\\/image\\\/\",\"url\":\"https:\\\/\\\/marcelolopes.jor.br\\\/site\\\/wp-content\\\/uploads\\\/2024\\\/11\\\/logo-1.png\",\"contentUrl\":\"https:\\\/\\\/marcelolopes.jor.br\\\/site\\\/wp-content\\\/uploads\\\/2024\\\/11\\\/logo-1.png\",\"width\":475,\"height\":80,\"caption\":\"Site do Marcelo Lopes\"},\"image\":{\"@id\":\"https:\\\/\\\/marcelolopes.jor.br\\\/site\\\/#\\\/schema\\\/logo\\\/image\\\/\"},\"sameAs\":[\"https:\\\/\\\/www.facebook.com\\\/sitedomarcelolopes\",\"https:\\\/\\\/www.instagram.com\\\/sitedomarcelolopes\\\/\",\"https:\\\/\\\/www.linkedin.com\\\/company\\\/site-do-marcelo-lopes\\\/\",\"https:\\\/\\\/www.youtube.com\\\/user\\\/marcelolopes957\"]},{\"@type\":\"Person\",\"@id\":\"https:\\\/\\\/marcelolopes.jor.br\\\/site\\\/#\\\/schema\\\/person\\\/3e7216a35c34d8fdf952b31da3d1f89f\",\"name\":\"Marcelo Lopes\",\"sameAs\":[\"http:\\\/\\\/www.marcelolopes.jor.br\"],\"url\":\"https:\\\/\\\/marcelolopes.jor.br\\\/site\\\/author\\\/marcelo\\\/\"}]}<\/script>\n<!-- \/ Yoast SEO plugin. -->","yoast_head_json":{"title":"Guarda-chuvas coloridos chamam aten\u00e7\u00e3o em beco na Pra\u00e7a Rui Barbosa | Marcelo Lopes","robots":{"index":"index","follow":"follow","max-snippet":"max-snippet:-1","max-image-preview":"max-image-preview:large","max-video-preview":"max-video-preview:-1"},"canonical":"https:\/\/marcelolopes.jor.br\/site\/2020\/01\/06\/guarda-chuvas-coloridos-chamam-atencao-em-beco-na-praca-rui-barbosa\/","og_locale":"pt_BR","og_type":"article","og_title":"Guarda-chuvas coloridos chamam aten\u00e7\u00e3o em beco na Pra\u00e7a Rui Barbosa | Marcelo Lopes","og_description":"Quem passa pela Pra\u00e7a Rui Barbosa, na cal\u00e7ada da loja da Natura, com certeza \u00e9 surpreendido pela colorida decora\u00e7\u00e3o de guarda-chuvas, cuidadosamente dispostos no teto do antigo &#8220;beco da sinuca&#8221;, onde hoje funcionam o Instituto Wilson Crepaldi e a lojaLeia mais Guarda-chuvas coloridos chamam aten\u00e7\u00e3o em beco na Pra\u00e7a Rui Barbosa","og_url":"https:\/\/marcelolopes.jor.br\/site\/2020\/01\/06\/guarda-chuvas-coloridos-chamam-atencao-em-beco-na-praca-rui-barbosa\/","og_site_name":"Marcelo Lopes","article_publisher":"https:\/\/www.facebook.com\/sitedomarcelolopes","article_published_time":"2020-01-06T19:00:33+00:00","og_image":[{"width":801,"height":602,"url":"https:\/\/marcelolopes.jor.br\/site\/wp-content\/uploads\/2020\/01\/Guarda-chuva.jpg","type":"image\/jpeg"}],"author":"Marcelo Lopes","twitter_card":"summary_large_image","twitter_misc":{"Escrito por":"Marcelo Lopes","Est. tempo de leitura":"1 minuto"},"schema":{"@context":"https:\/\/schema.org","@graph":[{"@type":"NewsArticle","@id":"https:\/\/marcelolopes.jor.br\/site\/2020\/01\/06\/guarda-chuvas-coloridos-chamam-atencao-em-beco-na-praca-rui-barbosa\/#article","isPartOf":{"@id":"https:\/\/marcelolopes.jor.br\/site\/2020\/01\/06\/guarda-chuvas-coloridos-chamam-atencao-em-beco-na-praca-rui-barbosa\/"},"author":{"name":"Marcelo Lopes","@id":"https:\/\/marcelolopes.jor.br\/site\/#\/schema\/person\/3e7216a35c34d8fdf952b31da3d1f89f"},"headline":"Guarda-chuvas coloridos chamam aten\u00e7\u00e3o em beco na Pra\u00e7a Rui Barbosa","datePublished":"2020-01-06T19:00:33+00:00","mainEntityOfPage":{"@id":"https:\/\/marcelolopes.jor.br\/site\/2020\/01\/06\/guarda-chuvas-coloridos-chamam-atencao-em-beco-na-praca-rui-barbosa\/"},"wordCount":207,"commentCount":0,"publisher":{"@id":"https:\/\/marcelolopes.jor.br\/site\/#organization"},"image":{"@id":"https:\/\/marcelolopes.jor.br\/site\/2020\/01\/06\/guarda-chuvas-coloridos-chamam-atencao-em-beco-na-praca-rui-barbosa\/#primaryimage"},"thumbnailUrl":"https:\/\/marcelolopes.jor.br\/site\/wp-content\/uploads\/2020\/01\/Guarda-chuva.jpg","keywords":["beco","decora\u00e7\u00e3o","Fissura Feminina","guarda-chuva"],"articleSection":["Not\u00edcias"],"inLanguage":"pt-BR","potentialAction":[{"@type":"CommentAction","name":"Comment","target":["https:\/\/marcelolopes.jor.br\/site\/2020\/01\/06\/guarda-chuvas-coloridos-chamam-atencao-em-beco-na-praca-rui-barbosa\/#respond"]}]},{"@type":"WebPage","@id":"https:\/\/marcelolopes.jor.br\/site\/2020\/01\/06\/guarda-chuvas-coloridos-chamam-atencao-em-beco-na-praca-rui-barbosa\/","url":"https:\/\/marcelolopes.jor.br\/site\/2020\/01\/06\/guarda-chuvas-coloridos-chamam-atencao-em-beco-na-praca-rui-barbosa\/","name":"Guarda-chuvas coloridos chamam aten\u00e7\u00e3o em beco na Pra\u00e7a Rui Barbosa | Marcelo Lopes","isPartOf":{"@id":"https:\/\/marcelolopes.jor.br\/site\/#website"},"primaryImageOfPage":{"@id":"https:\/\/marcelolopes.jor.br\/site\/2020\/01\/06\/guarda-chuvas-coloridos-chamam-atencao-em-beco-na-praca-rui-barbosa\/#primaryimage"},"image":{"@id":"https:\/\/marcelolopes.jor.br\/site\/2020\/01\/06\/guarda-chuvas-coloridos-chamam-atencao-em-beco-na-praca-rui-barbosa\/#primaryimage"},"thumbnailUrl":"https:\/\/marcelolopes.jor.br\/site\/wp-content\/uploads\/2020\/01\/Guarda-chuva.jpg","datePublished":"2020-01-06T19:00:33+00:00","breadcrumb":{"@id":"https:\/\/marcelolopes.jor.br\/site\/2020\/01\/06\/guarda-chuvas-coloridos-chamam-atencao-em-beco-na-praca-rui-barbosa\/#breadcrumb"},"inLanguage":"pt-BR","potentialAction":[{"@type":"ReadAction","target":["https:\/\/marcelolopes.jor.br\/site\/2020\/01\/06\/guarda-chuvas-coloridos-chamam-atencao-em-beco-na-praca-rui-barbosa\/"]}]},{"@type":"ImageObject","inLanguage":"pt-BR","@id":"https:\/\/marcelolopes.jor.br\/site\/2020\/01\/06\/guarda-chuvas-coloridos-chamam-atencao-em-beco-na-praca-rui-barbosa\/#primaryimage","url":"https:\/\/marcelolopes.jor.br\/site\/wp-content\/uploads\/2020\/01\/Guarda-chuva.jpg","contentUrl":"https:\/\/marcelolopes.jor.br\/site\/wp-content\/uploads\/2020\/01\/Guarda-chuva.jpg","width":801,"height":602},{"@type":"BreadcrumbList","@id":"https:\/\/marcelolopes.jor.br\/site\/2020\/01\/06\/guarda-chuvas-coloridos-chamam-atencao-em-beco-na-praca-rui-barbosa\/#breadcrumb","itemListElement":[{"@type":"ListItem","position":1,"name":"Home","item":"https:\/\/marcelolopes.jor.br\/site\/"},{"@type":"ListItem","position":2,"name":"Guarda-chuvas coloridos chamam aten\u00e7\u00e3o em beco na Pra\u00e7a Rui Barbosa"}]},{"@type":"WebSite","@id":"https:\/\/marcelolopes.jor.br\/site\/#website","url":"https:\/\/marcelolopes.jor.br\/site\/","name":"Marcelo Lopes","description":"Not\u00edcias de Cataguases e Regi\u00e3o","publisher":{"@id":"https:\/\/marcelolopes.jor.br\/site\/#organization"},"potentialAction":[{"@type":"SearchAction","target":{"@type":"EntryPoint","urlTemplate":"https:\/\/marcelolopes.jor.br\/site\/?s={search_term_string}"},"query-input":{"@type":"PropertyValueSpecification","valueRequired":true,"valueName":"search_term_string"}}],"inLanguage":"pt-BR"},{"@type":"Organization","@id":"https:\/\/marcelolopes.jor.br\/site\/#organization","name":"Site do Marcelo Lopes","url":"https:\/\/marcelolopes.jor.br\/site\/","logo":{"@type":"ImageObject","inLanguage":"pt-BR","@id":"https:\/\/marcelolopes.jor.br\/site\/#\/schema\/logo\/image\/","url":"https:\/\/marcelolopes.jor.br\/site\/wp-content\/uploads\/2024\/11\/logo-1.png","contentUrl":"https:\/\/marcelolopes.jor.br\/site\/wp-content\/uploads\/2024\/11\/logo-1.png","width":475,"height":80,"caption":"Site do Marcelo Lopes"},"image":{"@id":"https:\/\/marcelolopes.jor.br\/site\/#\/schema\/logo\/image\/"},"sameAs":["https:\/\/www.facebook.com\/sitedomarcelolopes","https:\/\/www.instagram.com\/sitedomarcelolopes\/","https:\/\/www.linkedin.com\/company\/site-do-marcelo-lopes\/","https:\/\/www.youtube.com\/user\/marcelolopes957"]},{"@type":"Person","@id":"https:\/\/marcelolopes.jor.br\/site\/#\/schema\/person\/3e7216a35c34d8fdf952b31da3d1f89f","name":"Marcelo Lopes","sameAs":["http:\/\/www.marcelolopes.jor.br"],"url":"https:\/\/marcelolopes.jor.br\/site\/author\/marcelo\/"}]}},"wps_subtitle":"Id\u00e9ia \u00e9 da criativa empres\u00e1ria Tain\u00e1 Fernandes, da loja Fissura Feminina.","_links":{"self":[{"href":"https:\/\/marcelolopes.jor.br\/site\/wp-json\/wp\/v2\/posts\/10221","targetHints":{"allow":["GET"]}}],"collection":[{"href":"https:\/\/marcelolopes.jor.br\/site\/wp-json\/wp\/v2\/posts"}],"about":[{"href":"https:\/\/marcelolopes.jor.br\/site\/wp-json\/wp\/v2\/types\/post"}],"author":[{"embeddable":true,"href":"https:\/\/marcelolopes.jor.br\/site\/wp-json\/wp\/v2\/users\/2"}],"replies":[{"embeddable":true,"href":"https:\/\/marcelolopes.jor.br\/site\/wp-json\/wp\/v2\/comments?post=10221"}],"version-history":[{"count":0,"href":"https:\/\/marcelolopes.jor.br\/site\/wp-json\/wp\/v2\/posts\/10221\/revisions"}],"wp:featuredmedia":[{"embeddable":true,"href":"https:\/\/marcelolopes.jor.br\/site\/wp-json\/wp\/v2\/media\/10226"}],"wp:attachment":[{"href":"https:\/\/marcelolopes.jor.br\/site\/wp-json\/wp\/v2\/media?parent=10221"}],"wp:term":[{"taxonomy":"category","embeddable":true,"href":"https:\/\/marcelolopes.jor.br\/site\/wp-json\/wp\/v2\/categories?post=10221"},{"taxonomy":"post_tag","embeddable":true,"href":"https:\/\/marcelolopes.jor.br\/site\/wp-json\/wp\/v2\/tags?post=10221"}],"curies":[{"name":"wp","href":"https:\/\/api.w.org\/{rel}","templated":true}]}}