{"id":10217,"date":"2020-01-06T12:00:49","date_gmt":"2020-01-06T15:00:49","guid":{"rendered":"https:\/\/marcelolopes.jor.br\/?p=10217"},"modified":"2020-01-06T12:16:28","modified_gmt":"2020-01-06T15:16:28","slug":"vacinas-contra-gripe-e-febre-amarela-tem-publico-prioritario-ampliado","status":"publish","type":"post","link":"https:\/\/marcelolopes.jor.br\/site\/2020\/01\/06\/vacinas-contra-gripe-e-febre-amarela-tem-publico-prioritario-ampliado\/","title":{"rendered":"Vacinas contra gripe e febre amarela t\u00eam p\u00fablico priorit\u00e1rio ampliado"},"content":{"rendered":"<p style=\"text-align: justify;\">O Minist\u00e9rio da Sa\u00fade, por meio do Sistema \u00danico de Sa\u00fade (SUS), ampliou o p\u00fablico priorit\u00e1rio das vacinas contra a gripe (influenza) e febre amarela. A partir de agora, crian\u00e7as de 4 anos de idade passam a tomar uma dose como refor\u00e7o contra a febre amarela. Antes, elas eram imunizadas somente aos 9 meses de vida. J\u00e1 a vacina da gripe, que era destinada a idosos acima dos 60, agora tamb\u00e9m ser\u00e1 aplicada em pessoas a partir de 55 anos.<!--more--><\/p>\n<p style=\"text-align: justify;\">O objetivo da amplia\u00e7\u00e3o \u00e9 elevar o p\u00fablico priorit\u00e1rio, beneficiando um maior n\u00famero de pessoas e buscando reduzir interna\u00e7\u00f5es e \u00f3bitos decorrentes das doen\u00e7as. \u201c\u00c9 importante destacar que o refor\u00e7o da imuniza\u00e7\u00e3o contra a febre amarela aos 4 anos de idade ocorre devido ao fato de as crian\u00e7as, aos 9 meses, n\u00e3o criarem anticorpos de forma t\u00e3o intensa quanto os adultos ao receberem vacinas. O adulto que j\u00e1 tomou uma dose da vacina, por possuir maior capacidade de cria\u00e7\u00e3o de anticorpos, n\u00e3o necessita de outra dose para ser considerado imunizado\u201d, explica a diretora de Vigil\u00e2ncia de Agravos Transmiss\u00edveis da Secretaria de Estado de Sa\u00fade de Minas Gerais (SES-MG), Jana\u00edna Almeida.<\/p>\n<p style=\"text-align: justify;\">A necessidade ou n\u00e3o de doses de refor\u00e7o de alguns imunobiol\u00f3gicos \u00e9 fundamentada em estudos que avaliam a resposta do organismo, conforme faixa et\u00e1ria e vacina. \u201cO sistema imunol\u00f3gico das crian\u00e7as est\u00e1 em forma\u00e7\u00e3o at\u00e9 os dois anos, por isso a necessidade de vacinas ap\u00f3s essa idade\u201d, afirma Jana\u00edna.<\/p>\n<p style=\"text-align: justify;\">A vacina contra a febre amarela para crian\u00e7as de 4 anos far\u00e1 parte do Calend\u00e1rio Nacional de Vacina\u00e7\u00e3o e est\u00e1 dispon\u00edvel em todo o estado desde a \u00faltima quinta-feira, 02 de janeiro. J\u00e1 a vacina contra a gripe ser\u00e1 oferecida durante o per\u00edodo de campanha, que deve ocorrer em abril de 2020.<\/p>\n<p style=\"text-align: justify;\">Em Minas Gerais, a estimativa \u00e9 de que 261.657 crian\u00e7as recebam a dose de refor\u00e7o para a febre amarela. Contra a gripe, a popula\u00e7\u00e3o entre 55 e 59 anos \u00e9 de 932.781.<\/p>\n<p style=\"text-align: justify;\"><strong>Efic\u00e1cia das vacinas<\/strong><br \/>\nAs vacinas contra influenza dispon\u00edveis no Brasil s\u00e3o feitas com v\u00edrus inativados, ou seja, mortos, e sem capacidade de causar a doen\u00e7a. \u201cA vacina confere prote\u00e7\u00e3o em cerca de 70% dos casos. Por\u00e9m, ela atua diretamente na redu\u00e7\u00e3o de interna\u00e7\u00f5es e \u00f3bitos pela doen\u00e7a, que podem ocorrer ap\u00f3s complica\u00e7\u00f5es da enfermidade, principalmente nos grupos de risco elencados para imuniza\u00e7\u00e3o\u201d, observa a diretora. J\u00e1 a vacina contra a febre amarela tem efic\u00e1cia de 95%.<\/p>\n<p><em>Fonte: Ag\u00eancia Minas | Foto: Gil Leonardi &#8211; Imprensa MG<\/em><\/p>\n<div class=\"uhrjp69f756e866a69\" ><br><\/div><style type=\"text\/css\">\r\n@media screen and (min-width: 1201px) {\r\n.uhrjp69f756e866a69 {\r\ndisplay: block;\r\n}\r\n}\r\n@media screen and (min-width: 993px) and (max-width: 1200px) {\r\n.uhrjp69f756e866a69 {\r\ndisplay: block;\r\n}\r\n}\r\n@media screen and (min-width: 769px) and (max-width: 992px) {\r\n.uhrjp69f756e866a69 {\r\ndisplay: block;\r\n}\r\n}\r\n@media screen and (min-width: 768px) and (max-width: 768px) {\r\n.uhrjp69f756e866a69 {\r\ndisplay: block;\r\n}\r\n}\r\n@media screen and (max-width: 767px) {\r\n.uhrjp69f756e866a69 {\r\ndisplay: block;\r\n}\r\n}\r\n<\/style>\r\n<div class=\"oyuqh69f756e86cbf0\" ><div id=\"div_destino\"><\/div>\r\n<script src=\"https:\/\/cdn.snsrsv.com\/sdk.js\"><\/script>\r\n<script >\r\n      new sdk(\"464030C30061EA8BE065000000000001\") \r\n          .appendTo(\"div_destino\")\r\n          .disableStyle(true) \r\n          .setCacheBusterMacro(\"%%CACHEBUSTER%%\")\r\n          .setSize(\"800\",\"214\")\r\n          .setClickMacro(\"%%CLICK_URL_ESC%%\") \r\n          .setReferrerUrlMacro(\"%%REFERRER_URL_ESC%%\") \r\n          .start(); \r\n<\/script><\/div><style type=\"text\/css\">\r\n@media screen and (min-width: 1201px) {\r\n.oyuqh69f756e86cbf0 {\r\ndisplay: block;\r\n}\r\n}\r\n@media screen and (min-width: 993px) and (max-width: 1200px) {\r\n.oyuqh69f756e86cbf0 {\r\ndisplay: block;\r\n}\r\n}\r\n@media screen and (min-width: 769px) and (max-width: 992px) {\r\n.oyuqh69f756e86cbf0 {\r\ndisplay: block;\r\n}\r\n}\r\n@media screen and (min-width: 768px) and (max-width: 768px) {\r\n.oyuqh69f756e86cbf0 {\r\ndisplay: block;\r\n}\r\n}\r\n@media screen and (max-width: 767px) {\r\n.oyuqh69f756e86cbf0 {\r\ndisplay: block;\r\n}\r\n}\r\n<\/style>\r\n","protected":false},"excerpt":{"rendered":"<p>O Minist\u00e9rio da Sa\u00fade, por meio do Sistema \u00danico de Sa\u00fade (SUS), ampliou o p\u00fablico priorit\u00e1rio das vacinas contra a gripe (influenza) e febre amarela. A partir de agora, crian\u00e7as de 4 anos de idade passam a tomar uma dose<\/p>\n<p class=\"link-more\"><a class=\"more-link\" href=\"https:\/\/marcelolopes.jor.br\/site\/2020\/01\/06\/vacinas-contra-gripe-e-febre-amarela-tem-publico-prioritario-ampliado\/\">Leia mais <span class=\"screen-reader-text\">Vacinas contra gripe e febre amarela t\u00eam p\u00fablico priorit\u00e1rio ampliado<\/span><\/a><\/p>\n","protected":false},"author":2,"featured_media":10219,"comment_status":"open","ping_status":"open","sticky":false,"template":"","format":"standard","meta":{"footnotes":""},"categories":[1],"tags":[1332,1917,390,389],"class_list":["post-10217","post","type-post","status-publish","format-standard","has-post-thumbnail","hentry","category-noticias","tag-campanha-de-vacinacao","tag-febre-amarela","tag-gripe","tag-vacina","thumb-below-title"],"yoast_head":"<!-- This site is optimized with the Yoast SEO plugin v27.4 - https:\/\/yoast.com\/product\/yoast-seo-wordpress\/ -->\n<title>Vacinas contra gripe e febre amarela t\u00eam p\u00fablico priorit\u00e1rio ampliado | Marcelo Lopes<\/title>\n<meta name=\"robots\" content=\"index, follow, max-snippet:-1, max-image-preview:large, max-video-preview:-1\" \/>\n<link rel=\"canonical\" href=\"https:\/\/marcelolopes.jor.br\/site\/2020\/01\/06\/vacinas-contra-gripe-e-febre-amarela-tem-publico-prioritario-ampliado\/\" \/>\n<meta property=\"og:locale\" content=\"pt_BR\" \/>\n<meta property=\"og:type\" content=\"article\" \/>\n<meta property=\"og:title\" content=\"Vacinas contra gripe e febre amarela t\u00eam p\u00fablico priorit\u00e1rio ampliado | Marcelo Lopes\" \/>\n<meta property=\"og:description\" content=\"O Minist\u00e9rio da Sa\u00fade, por meio do Sistema \u00danico de Sa\u00fade (SUS), ampliou o p\u00fablico priorit\u00e1rio das vacinas contra a gripe (influenza) e febre amarela. A partir de agora, crian\u00e7as de 4 anos de idade passam a tomar uma doseLeia mais Vacinas contra gripe e febre amarela t\u00eam p\u00fablico priorit\u00e1rio ampliado\" \/>\n<meta property=\"og:url\" content=\"https:\/\/marcelolopes.jor.br\/site\/2020\/01\/06\/vacinas-contra-gripe-e-febre-amarela-tem-publico-prioritario-ampliado\/\" \/>\n<meta property=\"og:site_name\" content=\"Marcelo Lopes\" \/>\n<meta property=\"article:publisher\" content=\"https:\/\/www.facebook.com\/sitedomarcelolopes\" \/>\n<meta property=\"article:published_time\" content=\"2020-01-06T15:00:49+00:00\" \/>\n<meta property=\"article:modified_time\" content=\"2020-01-06T15:16:28+00:00\" \/>\n<meta property=\"og:image\" content=\"https:\/\/marcelolopes.jor.br\/site\/wp-content\/uploads\/2020\/01\/Vacina.jpg\" \/>\n\t<meta property=\"og:image:width\" content=\"799\" \/>\n\t<meta property=\"og:image:height\" content=\"523\" \/>\n\t<meta property=\"og:image:type\" content=\"image\/jpeg\" \/>\n<meta name=\"author\" content=\"Marcelo Lopes\" \/>\n<meta name=\"twitter:card\" content=\"summary_large_image\" \/>\n<meta name=\"twitter:label1\" content=\"Escrito por\" \/>\n\t<meta name=\"twitter:data1\" content=\"Marcelo Lopes\" \/>\n\t<meta name=\"twitter:label2\" content=\"Est. tempo de leitura\" \/>\n\t<meta name=\"twitter:data2\" content=\"2 minutos\" \/>\n<script type=\"application\/ld+json\" class=\"yoast-schema-graph\">{\"@context\":\"https:\\\/\\\/schema.org\",\"@graph\":[{\"@type\":\"NewsArticle\",\"@id\":\"https:\\\/\\\/marcelolopes.jor.br\\\/site\\\/2020\\\/01\\\/06\\\/vacinas-contra-gripe-e-febre-amarela-tem-publico-prioritario-ampliado\\\/#article\",\"isPartOf\":{\"@id\":\"https:\\\/\\\/marcelolopes.jor.br\\\/site\\\/2020\\\/01\\\/06\\\/vacinas-contra-gripe-e-febre-amarela-tem-publico-prioritario-ampliado\\\/\"},\"author\":{\"name\":\"Marcelo Lopes\",\"@id\":\"https:\\\/\\\/marcelolopes.jor.br\\\/site\\\/#\\\/schema\\\/person\\\/3e7216a35c34d8fdf952b31da3d1f89f\"},\"headline\":\"Vacinas contra gripe e febre amarela t\u00eam p\u00fablico priorit\u00e1rio ampliado\",\"datePublished\":\"2020-01-06T15:00:49+00:00\",\"dateModified\":\"2020-01-06T15:16:28+00:00\",\"mainEntityOfPage\":{\"@id\":\"https:\\\/\\\/marcelolopes.jor.br\\\/site\\\/2020\\\/01\\\/06\\\/vacinas-contra-gripe-e-febre-amarela-tem-publico-prioritario-ampliado\\\/\"},\"wordCount\":458,\"commentCount\":0,\"publisher\":{\"@id\":\"https:\\\/\\\/marcelolopes.jor.br\\\/site\\\/#organization\"},\"image\":{\"@id\":\"https:\\\/\\\/marcelolopes.jor.br\\\/site\\\/2020\\\/01\\\/06\\\/vacinas-contra-gripe-e-febre-amarela-tem-publico-prioritario-ampliado\\\/#primaryimage\"},\"thumbnailUrl\":\"https:\\\/\\\/marcelolopes.jor.br\\\/site\\\/wp-content\\\/uploads\\\/2020\\\/01\\\/Vacina.jpg\",\"keywords\":[\"campanha de vacina\u00e7\u00e3o\",\"febre amarela\",\"gripe\",\"vacina\"],\"articleSection\":[\"Not\u00edcias\"],\"inLanguage\":\"pt-BR\",\"potentialAction\":[{\"@type\":\"CommentAction\",\"name\":\"Comment\",\"target\":[\"https:\\\/\\\/marcelolopes.jor.br\\\/site\\\/2020\\\/01\\\/06\\\/vacinas-contra-gripe-e-febre-amarela-tem-publico-prioritario-ampliado\\\/#respond\"]}]},{\"@type\":\"WebPage\",\"@id\":\"https:\\\/\\\/marcelolopes.jor.br\\\/site\\\/2020\\\/01\\\/06\\\/vacinas-contra-gripe-e-febre-amarela-tem-publico-prioritario-ampliado\\\/\",\"url\":\"https:\\\/\\\/marcelolopes.jor.br\\\/site\\\/2020\\\/01\\\/06\\\/vacinas-contra-gripe-e-febre-amarela-tem-publico-prioritario-ampliado\\\/\",\"name\":\"Vacinas contra gripe e febre amarela t\u00eam p\u00fablico priorit\u00e1rio ampliado | Marcelo Lopes\",\"isPartOf\":{\"@id\":\"https:\\\/\\\/marcelolopes.jor.br\\\/site\\\/#website\"},\"primaryImageOfPage\":{\"@id\":\"https:\\\/\\\/marcelolopes.jor.br\\\/site\\\/2020\\\/01\\\/06\\\/vacinas-contra-gripe-e-febre-amarela-tem-publico-prioritario-ampliado\\\/#primaryimage\"},\"image\":{\"@id\":\"https:\\\/\\\/marcelolopes.jor.br\\\/site\\\/2020\\\/01\\\/06\\\/vacinas-contra-gripe-e-febre-amarela-tem-publico-prioritario-ampliado\\\/#primaryimage\"},\"thumbnailUrl\":\"https:\\\/\\\/marcelolopes.jor.br\\\/site\\\/wp-content\\\/uploads\\\/2020\\\/01\\\/Vacina.jpg\",\"datePublished\":\"2020-01-06T15:00:49+00:00\",\"dateModified\":\"2020-01-06T15:16:28+00:00\",\"breadcrumb\":{\"@id\":\"https:\\\/\\\/marcelolopes.jor.br\\\/site\\\/2020\\\/01\\\/06\\\/vacinas-contra-gripe-e-febre-amarela-tem-publico-prioritario-ampliado\\\/#breadcrumb\"},\"inLanguage\":\"pt-BR\",\"potentialAction\":[{\"@type\":\"ReadAction\",\"target\":[\"https:\\\/\\\/marcelolopes.jor.br\\\/site\\\/2020\\\/01\\\/06\\\/vacinas-contra-gripe-e-febre-amarela-tem-publico-prioritario-ampliado\\\/\"]}]},{\"@type\":\"ImageObject\",\"inLanguage\":\"pt-BR\",\"@id\":\"https:\\\/\\\/marcelolopes.jor.br\\\/site\\\/2020\\\/01\\\/06\\\/vacinas-contra-gripe-e-febre-amarela-tem-publico-prioritario-ampliado\\\/#primaryimage\",\"url\":\"https:\\\/\\\/marcelolopes.jor.br\\\/site\\\/wp-content\\\/uploads\\\/2020\\\/01\\\/Vacina.jpg\",\"contentUrl\":\"https:\\\/\\\/marcelolopes.jor.br\\\/site\\\/wp-content\\\/uploads\\\/2020\\\/01\\\/Vacina.jpg\",\"width\":799,\"height\":523},{\"@type\":\"BreadcrumbList\",\"@id\":\"https:\\\/\\\/marcelolopes.jor.br\\\/site\\\/2020\\\/01\\\/06\\\/vacinas-contra-gripe-e-febre-amarela-tem-publico-prioritario-ampliado\\\/#breadcrumb\",\"itemListElement\":[{\"@type\":\"ListItem\",\"position\":1,\"name\":\"Home\",\"item\":\"https:\\\/\\\/marcelolopes.jor.br\\\/site\\\/\"},{\"@type\":\"ListItem\",\"position\":2,\"name\":\"Vacinas contra gripe e febre amarela t\u00eam p\u00fablico priorit\u00e1rio ampliado\"}]},{\"@type\":\"WebSite\",\"@id\":\"https:\\\/\\\/marcelolopes.jor.br\\\/site\\\/#website\",\"url\":\"https:\\\/\\\/marcelolopes.jor.br\\\/site\\\/\",\"name\":\"Marcelo Lopes\",\"description\":\"Not\u00edcias de Cataguases e Regi\u00e3o\",\"publisher\":{\"@id\":\"https:\\\/\\\/marcelolopes.jor.br\\\/site\\\/#organization\"},\"potentialAction\":[{\"@type\":\"SearchAction\",\"target\":{\"@type\":\"EntryPoint\",\"urlTemplate\":\"https:\\\/\\\/marcelolopes.jor.br\\\/site\\\/?s={search_term_string}\"},\"query-input\":{\"@type\":\"PropertyValueSpecification\",\"valueRequired\":true,\"valueName\":\"search_term_string\"}}],\"inLanguage\":\"pt-BR\"},{\"@type\":\"Organization\",\"@id\":\"https:\\\/\\\/marcelolopes.jor.br\\\/site\\\/#organization\",\"name\":\"Site do Marcelo Lopes\",\"url\":\"https:\\\/\\\/marcelolopes.jor.br\\\/site\\\/\",\"logo\":{\"@type\":\"ImageObject\",\"inLanguage\":\"pt-BR\",\"@id\":\"https:\\\/\\\/marcelolopes.jor.br\\\/site\\\/#\\\/schema\\\/logo\\\/image\\\/\",\"url\":\"https:\\\/\\\/marcelolopes.jor.br\\\/site\\\/wp-content\\\/uploads\\\/2024\\\/11\\\/logo-1.png\",\"contentUrl\":\"https:\\\/\\\/marcelolopes.jor.br\\\/site\\\/wp-content\\\/uploads\\\/2024\\\/11\\\/logo-1.png\",\"width\":475,\"height\":80,\"caption\":\"Site do Marcelo Lopes\"},\"image\":{\"@id\":\"https:\\\/\\\/marcelolopes.jor.br\\\/site\\\/#\\\/schema\\\/logo\\\/image\\\/\"},\"sameAs\":[\"https:\\\/\\\/www.facebook.com\\\/sitedomarcelolopes\",\"https:\\\/\\\/www.instagram.com\\\/sitedomarcelolopes\\\/\",\"https:\\\/\\\/www.linkedin.com\\\/company\\\/site-do-marcelo-lopes\\\/\",\"https:\\\/\\\/www.youtube.com\\\/user\\\/marcelolopes957\"]},{\"@type\":\"Person\",\"@id\":\"https:\\\/\\\/marcelolopes.jor.br\\\/site\\\/#\\\/schema\\\/person\\\/3e7216a35c34d8fdf952b31da3d1f89f\",\"name\":\"Marcelo Lopes\",\"sameAs\":[\"http:\\\/\\\/www.marcelolopes.jor.br\"],\"url\":\"https:\\\/\\\/marcelolopes.jor.br\\\/site\\\/author\\\/marcelo\\\/\"}]}<\/script>\n<!-- \/ Yoast SEO plugin. -->","yoast_head_json":{"title":"Vacinas contra gripe e febre amarela t\u00eam p\u00fablico priorit\u00e1rio ampliado | Marcelo Lopes","robots":{"index":"index","follow":"follow","max-snippet":"max-snippet:-1","max-image-preview":"max-image-preview:large","max-video-preview":"max-video-preview:-1"},"canonical":"https:\/\/marcelolopes.jor.br\/site\/2020\/01\/06\/vacinas-contra-gripe-e-febre-amarela-tem-publico-prioritario-ampliado\/","og_locale":"pt_BR","og_type":"article","og_title":"Vacinas contra gripe e febre amarela t\u00eam p\u00fablico priorit\u00e1rio ampliado | Marcelo Lopes","og_description":"O Minist\u00e9rio da Sa\u00fade, por meio do Sistema \u00danico de Sa\u00fade (SUS), ampliou o p\u00fablico priorit\u00e1rio das vacinas contra a gripe (influenza) e febre amarela. A partir de agora, crian\u00e7as de 4 anos de idade passam a tomar uma doseLeia mais Vacinas contra gripe e febre amarela t\u00eam p\u00fablico priorit\u00e1rio ampliado","og_url":"https:\/\/marcelolopes.jor.br\/site\/2020\/01\/06\/vacinas-contra-gripe-e-febre-amarela-tem-publico-prioritario-ampliado\/","og_site_name":"Marcelo Lopes","article_publisher":"https:\/\/www.facebook.com\/sitedomarcelolopes","article_published_time":"2020-01-06T15:00:49+00:00","article_modified_time":"2020-01-06T15:16:28+00:00","og_image":[{"width":799,"height":523,"url":"https:\/\/marcelolopes.jor.br\/site\/wp-content\/uploads\/2020\/01\/Vacina.jpg","type":"image\/jpeg"}],"author":"Marcelo Lopes","twitter_card":"summary_large_image","twitter_misc":{"Escrito por":"Marcelo Lopes","Est. tempo de leitura":"2 minutos"},"schema":{"@context":"https:\/\/schema.org","@graph":[{"@type":"NewsArticle","@id":"https:\/\/marcelolopes.jor.br\/site\/2020\/01\/06\/vacinas-contra-gripe-e-febre-amarela-tem-publico-prioritario-ampliado\/#article","isPartOf":{"@id":"https:\/\/marcelolopes.jor.br\/site\/2020\/01\/06\/vacinas-contra-gripe-e-febre-amarela-tem-publico-prioritario-ampliado\/"},"author":{"name":"Marcelo Lopes","@id":"https:\/\/marcelolopes.jor.br\/site\/#\/schema\/person\/3e7216a35c34d8fdf952b31da3d1f89f"},"headline":"Vacinas contra gripe e febre amarela t\u00eam p\u00fablico priorit\u00e1rio ampliado","datePublished":"2020-01-06T15:00:49+00:00","dateModified":"2020-01-06T15:16:28+00:00","mainEntityOfPage":{"@id":"https:\/\/marcelolopes.jor.br\/site\/2020\/01\/06\/vacinas-contra-gripe-e-febre-amarela-tem-publico-prioritario-ampliado\/"},"wordCount":458,"commentCount":0,"publisher":{"@id":"https:\/\/marcelolopes.jor.br\/site\/#organization"},"image":{"@id":"https:\/\/marcelolopes.jor.br\/site\/2020\/01\/06\/vacinas-contra-gripe-e-febre-amarela-tem-publico-prioritario-ampliado\/#primaryimage"},"thumbnailUrl":"https:\/\/marcelolopes.jor.br\/site\/wp-content\/uploads\/2020\/01\/Vacina.jpg","keywords":["campanha de vacina\u00e7\u00e3o","febre amarela","gripe","vacina"],"articleSection":["Not\u00edcias"],"inLanguage":"pt-BR","potentialAction":[{"@type":"CommentAction","name":"Comment","target":["https:\/\/marcelolopes.jor.br\/site\/2020\/01\/06\/vacinas-contra-gripe-e-febre-amarela-tem-publico-prioritario-ampliado\/#respond"]}]},{"@type":"WebPage","@id":"https:\/\/marcelolopes.jor.br\/site\/2020\/01\/06\/vacinas-contra-gripe-e-febre-amarela-tem-publico-prioritario-ampliado\/","url":"https:\/\/marcelolopes.jor.br\/site\/2020\/01\/06\/vacinas-contra-gripe-e-febre-amarela-tem-publico-prioritario-ampliado\/","name":"Vacinas contra gripe e febre amarela t\u00eam p\u00fablico priorit\u00e1rio ampliado | Marcelo Lopes","isPartOf":{"@id":"https:\/\/marcelolopes.jor.br\/site\/#website"},"primaryImageOfPage":{"@id":"https:\/\/marcelolopes.jor.br\/site\/2020\/01\/06\/vacinas-contra-gripe-e-febre-amarela-tem-publico-prioritario-ampliado\/#primaryimage"},"image":{"@id":"https:\/\/marcelolopes.jor.br\/site\/2020\/01\/06\/vacinas-contra-gripe-e-febre-amarela-tem-publico-prioritario-ampliado\/#primaryimage"},"thumbnailUrl":"https:\/\/marcelolopes.jor.br\/site\/wp-content\/uploads\/2020\/01\/Vacina.jpg","datePublished":"2020-01-06T15:00:49+00:00","dateModified":"2020-01-06T15:16:28+00:00","breadcrumb":{"@id":"https:\/\/marcelolopes.jor.br\/site\/2020\/01\/06\/vacinas-contra-gripe-e-febre-amarela-tem-publico-prioritario-ampliado\/#breadcrumb"},"inLanguage":"pt-BR","potentialAction":[{"@type":"ReadAction","target":["https:\/\/marcelolopes.jor.br\/site\/2020\/01\/06\/vacinas-contra-gripe-e-febre-amarela-tem-publico-prioritario-ampliado\/"]}]},{"@type":"ImageObject","inLanguage":"pt-BR","@id":"https:\/\/marcelolopes.jor.br\/site\/2020\/01\/06\/vacinas-contra-gripe-e-febre-amarela-tem-publico-prioritario-ampliado\/#primaryimage","url":"https:\/\/marcelolopes.jor.br\/site\/wp-content\/uploads\/2020\/01\/Vacina.jpg","contentUrl":"https:\/\/marcelolopes.jor.br\/site\/wp-content\/uploads\/2020\/01\/Vacina.jpg","width":799,"height":523},{"@type":"BreadcrumbList","@id":"https:\/\/marcelolopes.jor.br\/site\/2020\/01\/06\/vacinas-contra-gripe-e-febre-amarela-tem-publico-prioritario-ampliado\/#breadcrumb","itemListElement":[{"@type":"ListItem","position":1,"name":"Home","item":"https:\/\/marcelolopes.jor.br\/site\/"},{"@type":"ListItem","position":2,"name":"Vacinas contra gripe e febre amarela t\u00eam p\u00fablico priorit\u00e1rio ampliado"}]},{"@type":"WebSite","@id":"https:\/\/marcelolopes.jor.br\/site\/#website","url":"https:\/\/marcelolopes.jor.br\/site\/","name":"Marcelo Lopes","description":"Not\u00edcias de Cataguases e Regi\u00e3o","publisher":{"@id":"https:\/\/marcelolopes.jor.br\/site\/#organization"},"potentialAction":[{"@type":"SearchAction","target":{"@type":"EntryPoint","urlTemplate":"https:\/\/marcelolopes.jor.br\/site\/?s={search_term_string}"},"query-input":{"@type":"PropertyValueSpecification","valueRequired":true,"valueName":"search_term_string"}}],"inLanguage":"pt-BR"},{"@type":"Organization","@id":"https:\/\/marcelolopes.jor.br\/site\/#organization","name":"Site do Marcelo Lopes","url":"https:\/\/marcelolopes.jor.br\/site\/","logo":{"@type":"ImageObject","inLanguage":"pt-BR","@id":"https:\/\/marcelolopes.jor.br\/site\/#\/schema\/logo\/image\/","url":"https:\/\/marcelolopes.jor.br\/site\/wp-content\/uploads\/2024\/11\/logo-1.png","contentUrl":"https:\/\/marcelolopes.jor.br\/site\/wp-content\/uploads\/2024\/11\/logo-1.png","width":475,"height":80,"caption":"Site do Marcelo Lopes"},"image":{"@id":"https:\/\/marcelolopes.jor.br\/site\/#\/schema\/logo\/image\/"},"sameAs":["https:\/\/www.facebook.com\/sitedomarcelolopes","https:\/\/www.instagram.com\/sitedomarcelolopes\/","https:\/\/www.linkedin.com\/company\/site-do-marcelo-lopes\/","https:\/\/www.youtube.com\/user\/marcelolopes957"]},{"@type":"Person","@id":"https:\/\/marcelolopes.jor.br\/site\/#\/schema\/person\/3e7216a35c34d8fdf952b31da3d1f89f","name":"Marcelo Lopes","sameAs":["http:\/\/www.marcelolopes.jor.br"],"url":"https:\/\/marcelolopes.jor.br\/site\/author\/marcelo\/"}]}},"wps_subtitle":"A mudan\u00e7a amplia a preven\u00e7\u00e3o das doen\u00e7as e reduz o n\u00famero de interna\u00e7\u00f5es e \u00f3bitos.","_links":{"self":[{"href":"https:\/\/marcelolopes.jor.br\/site\/wp-json\/wp\/v2\/posts\/10217","targetHints":{"allow":["GET"]}}],"collection":[{"href":"https:\/\/marcelolopes.jor.br\/site\/wp-json\/wp\/v2\/posts"}],"about":[{"href":"https:\/\/marcelolopes.jor.br\/site\/wp-json\/wp\/v2\/types\/post"}],"author":[{"embeddable":true,"href":"https:\/\/marcelolopes.jor.br\/site\/wp-json\/wp\/v2\/users\/2"}],"replies":[{"embeddable":true,"href":"https:\/\/marcelolopes.jor.br\/site\/wp-json\/wp\/v2\/comments?post=10217"}],"version-history":[{"count":0,"href":"https:\/\/marcelolopes.jor.br\/site\/wp-json\/wp\/v2\/posts\/10217\/revisions"}],"wp:featuredmedia":[{"embeddable":true,"href":"https:\/\/marcelolopes.jor.br\/site\/wp-json\/wp\/v2\/media\/10219"}],"wp:attachment":[{"href":"https:\/\/marcelolopes.jor.br\/site\/wp-json\/wp\/v2\/media?parent=10217"}],"wp:term":[{"taxonomy":"category","embeddable":true,"href":"https:\/\/marcelolopes.jor.br\/site\/wp-json\/wp\/v2\/categories?post=10217"},{"taxonomy":"post_tag","embeddable":true,"href":"https:\/\/marcelolopes.jor.br\/site\/wp-json\/wp\/v2\/tags?post=10217"}],"curies":[{"name":"wp","href":"https:\/\/api.w.org\/{rel}","templated":true}]}}