{"id":10202,"date":"2020-01-05T13:00:12","date_gmt":"2020-01-05T16:00:12","guid":{"rendered":"https:\/\/marcelolopes.jor.br\/?p=10202"},"modified":"2020-01-05T10:59:41","modified_gmt":"2020-01-05T13:59:41","slug":"muriae-registra-o-primeiro-homicidio-do-ano","status":"publish","type":"post","link":"https:\/\/marcelolopes.jor.br\/site\/2020\/01\/05\/muriae-registra-o-primeiro-homicidio-do-ano\/","title":{"rendered":"Muria\u00e9 registra o primeiro homic\u00eddio do ano"},"content":{"rendered":"<p style=\"text-align: justify;\">Um jovem de 21 anos de idade, foi baleado na madrugada deste domingo, 05 de janeiro, em um bar em Muria\u00e9. Yuri Marques de Jesus foi atingido por quatro disparos de arma de fogo, levado ao Hospital S\u00e3o Paulo daquela cidade, mas n\u00e3o resistiu aos ferimentos. Este foi o primeiro homic\u00eddio do ano em Muria\u00e9.<!--more--><\/p>\n<p style=\"text-align: justify;\">A sala de opera\u00e7\u00f5es da Policia Militar recebeu diversas liga\u00e7\u00f5es via 190, relatando que um rapaz havia sido alvejado por v\u00e1rios disparos de arma de fogo e estava ca\u00eddo dentro do bar. A equipe do Servi\u00e7o de Atendimento M\u00f3vel de Urg\u00eancia &#8211; SAMU &#8211; e o Corpo de Bombeiros foram at\u00e9 o local, socorreram a v\u00edtima ao Hospital S\u00e3o Paulo (HSP), mas o rapaz faleceu no centro cir\u00fargico.<\/p>\n<p style=\"text-align: justify;\">Uma jovem que estava com a v\u00edtima no bar, disse para a Yuri que seu ex-namorado havia passado de carro em frente ao bar. Ap\u00f3s alguns minutos, um ve\u00edculo VW Gol, vermelho, parou e o ex-namorado da jovem desembarcou na companhia de outro indiv\u00edduo e come\u00e7aram agredir Yuri. Em um determinado momento um dos autores sacou uma pistola cal. 380 e atirou em Yuri que caiu ferido.<\/p>\n<p style=\"text-align: justify;\">Os autores, em seguida, fugiram em alta velocidade no carro em que estavam. Yuri foi atingindo por quatro disparos no abd\u00f4men. A per\u00edcia da Pol\u00edcia Civil foi ao local e realizou os trabalhos quando recolheu duas c\u00e1psulas de cal. 380. O corpo de Yuri foi encaminhado ao IML. A Pol\u00edcia acredita que o crime seja passional. O caso ser\u00e1 encaminhado para a Pol\u00edcia Civil.<\/p>\n<p><img loading=\"lazy\" decoding=\"async\" class=\"aligncenter wp-image-10205 size-full\" src=\"https:\/\/marcelolopes.jor.br\/site\/wp-content\/uploads\/2020\/01\/d4281ade2b2cc500907fa2c4720ac982.0foto2.jpg\" alt=\"\" width=\"600\" height=\"450\" srcset=\"https:\/\/marcelolopes.jor.br\/site\/wp-content\/uploads\/2020\/01\/d4281ade2b2cc500907fa2c4720ac982.0foto2.jpg 600w, https:\/\/marcelolopes.jor.br\/site\/wp-content\/uploads\/2020\/01\/d4281ade2b2cc500907fa2c4720ac982.0foto2-300x225.jpg 300w\" sizes=\"auto, (max-width: 600px) 100vw, 600px\" \/><\/p>\n<p>Fonte e foto: R\u00e1dio Muria\u00e9<\/p>\n<div class=\"jqkxg69f5f28a631a9\" ><br><\/div><style type=\"text\/css\">\r\n@media screen and (min-width: 1201px) {\r\n.jqkxg69f5f28a631a9 {\r\ndisplay: block;\r\n}\r\n}\r\n@media screen and (min-width: 993px) and (max-width: 1200px) {\r\n.jqkxg69f5f28a631a9 {\r\ndisplay: block;\r\n}\r\n}\r\n@media screen and (min-width: 769px) and (max-width: 992px) {\r\n.jqkxg69f5f28a631a9 {\r\ndisplay: block;\r\n}\r\n}\r\n@media screen and (min-width: 768px) and (max-width: 768px) {\r\n.jqkxg69f5f28a631a9 {\r\ndisplay: block;\r\n}\r\n}\r\n@media screen and (max-width: 767px) {\r\n.jqkxg69f5f28a631a9 {\r\ndisplay: block;\r\n}\r\n}\r\n<\/style>\r\n<div class=\"jniqn69f5f28a67a99\" ><div id=\"div_destino\"><\/div>\r\n<script src=\"https:\/\/cdn.snsrsv.com\/sdk.js\"><\/script>\r\n<script >\r\n      new sdk(\"464030C30061EA8BE065000000000001\") \r\n          .appendTo(\"div_destino\")\r\n          .disableStyle(true) \r\n          .setCacheBusterMacro(\"%%CACHEBUSTER%%\")\r\n          .setSize(\"800\",\"214\")\r\n          .setClickMacro(\"%%CLICK_URL_ESC%%\") \r\n          .setReferrerUrlMacro(\"%%REFERRER_URL_ESC%%\") \r\n          .start(); \r\n<\/script><\/div><style type=\"text\/css\">\r\n@media screen and (min-width: 1201px) {\r\n.jniqn69f5f28a67a99 {\r\ndisplay: block;\r\n}\r\n}\r\n@media screen and (min-width: 993px) and (max-width: 1200px) {\r\n.jniqn69f5f28a67a99 {\r\ndisplay: block;\r\n}\r\n}\r\n@media screen and (min-width: 769px) and (max-width: 992px) {\r\n.jniqn69f5f28a67a99 {\r\ndisplay: block;\r\n}\r\n}\r\n@media screen and (min-width: 768px) and (max-width: 768px) {\r\n.jniqn69f5f28a67a99 {\r\ndisplay: block;\r\n}\r\n}\r\n@media screen and (max-width: 767px) {\r\n.jniqn69f5f28a67a99 {\r\ndisplay: block;\r\n}\r\n}\r\n<\/style>\r\n","protected":false},"excerpt":{"rendered":"<p>Um jovem de 21 anos de idade, foi baleado na madrugada deste domingo, 05 de janeiro, em um bar em Muria\u00e9. Yuri Marques de Jesus foi atingido por quatro disparos de arma de fogo, levado ao Hospital S\u00e3o Paulo daquela<\/p>\n<p class=\"link-more\"><a class=\"more-link\" href=\"https:\/\/marcelolopes.jor.br\/site\/2020\/01\/05\/muriae-registra-o-primeiro-homicidio-do-ano\/\">Leia mais <span class=\"screen-reader-text\">Muria\u00e9 registra o primeiro homic\u00eddio do ano<\/span><\/a><\/p>\n","protected":false},"author":2,"featured_media":10204,"comment_status":"open","ping_status":"open","sticky":false,"template":"","format":"standard","meta":{"footnotes":""},"categories":[1],"tags":[287,74,245,72],"class_list":["post-10202","post","type-post","status-publish","format-standard","has-post-thumbnail","hentry","category-noticias","tag-bar","tag-crime","tag-homicidio","tag-hospital","thumb-below-title"],"yoast_head":"<!-- This site is optimized with the Yoast SEO plugin v27.4 - https:\/\/yoast.com\/product\/yoast-seo-wordpress\/ -->\n<title>Muria\u00e9 registra o primeiro homic\u00eddio do ano | Marcelo Lopes<\/title>\n<meta name=\"robots\" content=\"index, follow, max-snippet:-1, max-image-preview:large, max-video-preview:-1\" \/>\n<link rel=\"canonical\" href=\"https:\/\/marcelolopes.jor.br\/site\/2020\/01\/05\/muriae-registra-o-primeiro-homicidio-do-ano\/\" \/>\n<meta property=\"og:locale\" content=\"pt_BR\" \/>\n<meta property=\"og:type\" content=\"article\" \/>\n<meta property=\"og:title\" content=\"Muria\u00e9 registra o primeiro homic\u00eddio do ano | Marcelo Lopes\" \/>\n<meta property=\"og:description\" content=\"Um jovem de 21 anos de idade, foi baleado na madrugada deste domingo, 05 de janeiro, em um bar em Muria\u00e9. Yuri Marques de Jesus foi atingido por quatro disparos de arma de fogo, levado ao Hospital S\u00e3o Paulo daquelaLeia mais Muria\u00e9 registra o primeiro homic\u00eddio do ano\" \/>\n<meta property=\"og:url\" content=\"https:\/\/marcelolopes.jor.br\/site\/2020\/01\/05\/muriae-registra-o-primeiro-homicidio-do-ano\/\" \/>\n<meta property=\"og:site_name\" content=\"Marcelo Lopes\" \/>\n<meta property=\"article:publisher\" content=\"https:\/\/www.facebook.com\/sitedomarcelolopes\" \/>\n<meta property=\"article:published_time\" content=\"2020-01-05T16:00:12+00:00\" \/>\n<meta property=\"og:image\" content=\"https:\/\/marcelolopes.jor.br\/site\/wp-content\/uploads\/2020\/01\/3ed8a4ae88d7b5924c78bbd48896f74e.foto1_.jpg\" \/>\n\t<meta property=\"og:image:width\" content=\"600\" \/>\n\t<meta property=\"og:image:height\" content=\"450\" \/>\n\t<meta property=\"og:image:type\" content=\"image\/jpeg\" \/>\n<meta name=\"author\" content=\"Marcelo Lopes\" \/>\n<meta name=\"twitter:card\" content=\"summary_large_image\" \/>\n<meta name=\"twitter:label1\" content=\"Escrito por\" \/>\n\t<meta name=\"twitter:data1\" content=\"Marcelo Lopes\" \/>\n\t<meta name=\"twitter:label2\" content=\"Est. tempo de leitura\" \/>\n\t<meta name=\"twitter:data2\" content=\"1 minuto\" \/>\n<script type=\"application\/ld+json\" class=\"yoast-schema-graph\">{\"@context\":\"https:\\\/\\\/schema.org\",\"@graph\":[{\"@type\":\"NewsArticle\",\"@id\":\"https:\\\/\\\/marcelolopes.jor.br\\\/site\\\/2020\\\/01\\\/05\\\/muriae-registra-o-primeiro-homicidio-do-ano\\\/#article\",\"isPartOf\":{\"@id\":\"https:\\\/\\\/marcelolopes.jor.br\\\/site\\\/2020\\\/01\\\/05\\\/muriae-registra-o-primeiro-homicidio-do-ano\\\/\"},\"author\":{\"name\":\"Marcelo Lopes\",\"@id\":\"https:\\\/\\\/marcelolopes.jor.br\\\/site\\\/#\\\/schema\\\/person\\\/3e7216a35c34d8fdf952b31da3d1f89f\"},\"headline\":\"Muria\u00e9 registra o primeiro homic\u00eddio do ano\",\"datePublished\":\"2020-01-05T16:00:12+00:00\",\"mainEntityOfPage\":{\"@id\":\"https:\\\/\\\/marcelolopes.jor.br\\\/site\\\/2020\\\/01\\\/05\\\/muriae-registra-o-primeiro-homicidio-do-ano\\\/\"},\"wordCount\":287,\"commentCount\":0,\"publisher\":{\"@id\":\"https:\\\/\\\/marcelolopes.jor.br\\\/site\\\/#organization\"},\"image\":{\"@id\":\"https:\\\/\\\/marcelolopes.jor.br\\\/site\\\/2020\\\/01\\\/05\\\/muriae-registra-o-primeiro-homicidio-do-ano\\\/#primaryimage\"},\"thumbnailUrl\":\"https:\\\/\\\/marcelolopes.jor.br\\\/site\\\/wp-content\\\/uploads\\\/2020\\\/01\\\/3ed8a4ae88d7b5924c78bbd48896f74e.foto1_.jpg\",\"keywords\":[\"bar\",\"crime\",\"homic\u00eddio\",\"Hospital\"],\"articleSection\":[\"Not\u00edcias\"],\"inLanguage\":\"pt-BR\",\"potentialAction\":[{\"@type\":\"CommentAction\",\"name\":\"Comment\",\"target\":[\"https:\\\/\\\/marcelolopes.jor.br\\\/site\\\/2020\\\/01\\\/05\\\/muriae-registra-o-primeiro-homicidio-do-ano\\\/#respond\"]}]},{\"@type\":\"WebPage\",\"@id\":\"https:\\\/\\\/marcelolopes.jor.br\\\/site\\\/2020\\\/01\\\/05\\\/muriae-registra-o-primeiro-homicidio-do-ano\\\/\",\"url\":\"https:\\\/\\\/marcelolopes.jor.br\\\/site\\\/2020\\\/01\\\/05\\\/muriae-registra-o-primeiro-homicidio-do-ano\\\/\",\"name\":\"Muria\u00e9 registra o primeiro homic\u00eddio do ano | Marcelo Lopes\",\"isPartOf\":{\"@id\":\"https:\\\/\\\/marcelolopes.jor.br\\\/site\\\/#website\"},\"primaryImageOfPage\":{\"@id\":\"https:\\\/\\\/marcelolopes.jor.br\\\/site\\\/2020\\\/01\\\/05\\\/muriae-registra-o-primeiro-homicidio-do-ano\\\/#primaryimage\"},\"image\":{\"@id\":\"https:\\\/\\\/marcelolopes.jor.br\\\/site\\\/2020\\\/01\\\/05\\\/muriae-registra-o-primeiro-homicidio-do-ano\\\/#primaryimage\"},\"thumbnailUrl\":\"https:\\\/\\\/marcelolopes.jor.br\\\/site\\\/wp-content\\\/uploads\\\/2020\\\/01\\\/3ed8a4ae88d7b5924c78bbd48896f74e.foto1_.jpg\",\"datePublished\":\"2020-01-05T16:00:12+00:00\",\"breadcrumb\":{\"@id\":\"https:\\\/\\\/marcelolopes.jor.br\\\/site\\\/2020\\\/01\\\/05\\\/muriae-registra-o-primeiro-homicidio-do-ano\\\/#breadcrumb\"},\"inLanguage\":\"pt-BR\",\"potentialAction\":[{\"@type\":\"ReadAction\",\"target\":[\"https:\\\/\\\/marcelolopes.jor.br\\\/site\\\/2020\\\/01\\\/05\\\/muriae-registra-o-primeiro-homicidio-do-ano\\\/\"]}]},{\"@type\":\"ImageObject\",\"inLanguage\":\"pt-BR\",\"@id\":\"https:\\\/\\\/marcelolopes.jor.br\\\/site\\\/2020\\\/01\\\/05\\\/muriae-registra-o-primeiro-homicidio-do-ano\\\/#primaryimage\",\"url\":\"https:\\\/\\\/marcelolopes.jor.br\\\/site\\\/wp-content\\\/uploads\\\/2020\\\/01\\\/3ed8a4ae88d7b5924c78bbd48896f74e.foto1_.jpg\",\"contentUrl\":\"https:\\\/\\\/marcelolopes.jor.br\\\/site\\\/wp-content\\\/uploads\\\/2020\\\/01\\\/3ed8a4ae88d7b5924c78bbd48896f74e.foto1_.jpg\",\"width\":600,\"height\":450},{\"@type\":\"BreadcrumbList\",\"@id\":\"https:\\\/\\\/marcelolopes.jor.br\\\/site\\\/2020\\\/01\\\/05\\\/muriae-registra-o-primeiro-homicidio-do-ano\\\/#breadcrumb\",\"itemListElement\":[{\"@type\":\"ListItem\",\"position\":1,\"name\":\"Home\",\"item\":\"https:\\\/\\\/marcelolopes.jor.br\\\/site\\\/\"},{\"@type\":\"ListItem\",\"position\":2,\"name\":\"Muria\u00e9 registra o primeiro homic\u00eddio do ano\"}]},{\"@type\":\"WebSite\",\"@id\":\"https:\\\/\\\/marcelolopes.jor.br\\\/site\\\/#website\",\"url\":\"https:\\\/\\\/marcelolopes.jor.br\\\/site\\\/\",\"name\":\"Marcelo Lopes\",\"description\":\"Not\u00edcias de Cataguases e Regi\u00e3o\",\"publisher\":{\"@id\":\"https:\\\/\\\/marcelolopes.jor.br\\\/site\\\/#organization\"},\"potentialAction\":[{\"@type\":\"SearchAction\",\"target\":{\"@type\":\"EntryPoint\",\"urlTemplate\":\"https:\\\/\\\/marcelolopes.jor.br\\\/site\\\/?s={search_term_string}\"},\"query-input\":{\"@type\":\"PropertyValueSpecification\",\"valueRequired\":true,\"valueName\":\"search_term_string\"}}],\"inLanguage\":\"pt-BR\"},{\"@type\":\"Organization\",\"@id\":\"https:\\\/\\\/marcelolopes.jor.br\\\/site\\\/#organization\",\"name\":\"Site do Marcelo Lopes\",\"url\":\"https:\\\/\\\/marcelolopes.jor.br\\\/site\\\/\",\"logo\":{\"@type\":\"ImageObject\",\"inLanguage\":\"pt-BR\",\"@id\":\"https:\\\/\\\/marcelolopes.jor.br\\\/site\\\/#\\\/schema\\\/logo\\\/image\\\/\",\"url\":\"https:\\\/\\\/marcelolopes.jor.br\\\/site\\\/wp-content\\\/uploads\\\/2024\\\/11\\\/logo-1.png\",\"contentUrl\":\"https:\\\/\\\/marcelolopes.jor.br\\\/site\\\/wp-content\\\/uploads\\\/2024\\\/11\\\/logo-1.png\",\"width\":475,\"height\":80,\"caption\":\"Site do Marcelo Lopes\"},\"image\":{\"@id\":\"https:\\\/\\\/marcelolopes.jor.br\\\/site\\\/#\\\/schema\\\/logo\\\/image\\\/\"},\"sameAs\":[\"https:\\\/\\\/www.facebook.com\\\/sitedomarcelolopes\",\"https:\\\/\\\/www.instagram.com\\\/sitedomarcelolopes\\\/\",\"https:\\\/\\\/www.linkedin.com\\\/company\\\/site-do-marcelo-lopes\\\/\",\"https:\\\/\\\/www.youtube.com\\\/user\\\/marcelolopes957\"]},{\"@type\":\"Person\",\"@id\":\"https:\\\/\\\/marcelolopes.jor.br\\\/site\\\/#\\\/schema\\\/person\\\/3e7216a35c34d8fdf952b31da3d1f89f\",\"name\":\"Marcelo Lopes\",\"sameAs\":[\"http:\\\/\\\/www.marcelolopes.jor.br\"],\"url\":\"https:\\\/\\\/marcelolopes.jor.br\\\/site\\\/author\\\/marcelo\\\/\"}]}<\/script>\n<!-- \/ Yoast SEO plugin. -->","yoast_head_json":{"title":"Muria\u00e9 registra o primeiro homic\u00eddio do ano | Marcelo Lopes","robots":{"index":"index","follow":"follow","max-snippet":"max-snippet:-1","max-image-preview":"max-image-preview:large","max-video-preview":"max-video-preview:-1"},"canonical":"https:\/\/marcelolopes.jor.br\/site\/2020\/01\/05\/muriae-registra-o-primeiro-homicidio-do-ano\/","og_locale":"pt_BR","og_type":"article","og_title":"Muria\u00e9 registra o primeiro homic\u00eddio do ano | Marcelo Lopes","og_description":"Um jovem de 21 anos de idade, foi baleado na madrugada deste domingo, 05 de janeiro, em um bar em Muria\u00e9. Yuri Marques de Jesus foi atingido por quatro disparos de arma de fogo, levado ao Hospital S\u00e3o Paulo daquelaLeia mais Muria\u00e9 registra o primeiro homic\u00eddio do ano","og_url":"https:\/\/marcelolopes.jor.br\/site\/2020\/01\/05\/muriae-registra-o-primeiro-homicidio-do-ano\/","og_site_name":"Marcelo Lopes","article_publisher":"https:\/\/www.facebook.com\/sitedomarcelolopes","article_published_time":"2020-01-05T16:00:12+00:00","og_image":[{"width":600,"height":450,"url":"https:\/\/marcelolopes.jor.br\/site\/wp-content\/uploads\/2020\/01\/3ed8a4ae88d7b5924c78bbd48896f74e.foto1_.jpg","type":"image\/jpeg"}],"author":"Marcelo Lopes","twitter_card":"summary_large_image","twitter_misc":{"Escrito por":"Marcelo Lopes","Est. tempo de leitura":"1 minuto"},"schema":{"@context":"https:\/\/schema.org","@graph":[{"@type":"NewsArticle","@id":"https:\/\/marcelolopes.jor.br\/site\/2020\/01\/05\/muriae-registra-o-primeiro-homicidio-do-ano\/#article","isPartOf":{"@id":"https:\/\/marcelolopes.jor.br\/site\/2020\/01\/05\/muriae-registra-o-primeiro-homicidio-do-ano\/"},"author":{"name":"Marcelo Lopes","@id":"https:\/\/marcelolopes.jor.br\/site\/#\/schema\/person\/3e7216a35c34d8fdf952b31da3d1f89f"},"headline":"Muria\u00e9 registra o primeiro homic\u00eddio do ano","datePublished":"2020-01-05T16:00:12+00:00","mainEntityOfPage":{"@id":"https:\/\/marcelolopes.jor.br\/site\/2020\/01\/05\/muriae-registra-o-primeiro-homicidio-do-ano\/"},"wordCount":287,"commentCount":0,"publisher":{"@id":"https:\/\/marcelolopes.jor.br\/site\/#organization"},"image":{"@id":"https:\/\/marcelolopes.jor.br\/site\/2020\/01\/05\/muriae-registra-o-primeiro-homicidio-do-ano\/#primaryimage"},"thumbnailUrl":"https:\/\/marcelolopes.jor.br\/site\/wp-content\/uploads\/2020\/01\/3ed8a4ae88d7b5924c78bbd48896f74e.foto1_.jpg","keywords":["bar","crime","homic\u00eddio","Hospital"],"articleSection":["Not\u00edcias"],"inLanguage":"pt-BR","potentialAction":[{"@type":"CommentAction","name":"Comment","target":["https:\/\/marcelolopes.jor.br\/site\/2020\/01\/05\/muriae-registra-o-primeiro-homicidio-do-ano\/#respond"]}]},{"@type":"WebPage","@id":"https:\/\/marcelolopes.jor.br\/site\/2020\/01\/05\/muriae-registra-o-primeiro-homicidio-do-ano\/","url":"https:\/\/marcelolopes.jor.br\/site\/2020\/01\/05\/muriae-registra-o-primeiro-homicidio-do-ano\/","name":"Muria\u00e9 registra o primeiro homic\u00eddio do ano | Marcelo Lopes","isPartOf":{"@id":"https:\/\/marcelolopes.jor.br\/site\/#website"},"primaryImageOfPage":{"@id":"https:\/\/marcelolopes.jor.br\/site\/2020\/01\/05\/muriae-registra-o-primeiro-homicidio-do-ano\/#primaryimage"},"image":{"@id":"https:\/\/marcelolopes.jor.br\/site\/2020\/01\/05\/muriae-registra-o-primeiro-homicidio-do-ano\/#primaryimage"},"thumbnailUrl":"https:\/\/marcelolopes.jor.br\/site\/wp-content\/uploads\/2020\/01\/3ed8a4ae88d7b5924c78bbd48896f74e.foto1_.jpg","datePublished":"2020-01-05T16:00:12+00:00","breadcrumb":{"@id":"https:\/\/marcelolopes.jor.br\/site\/2020\/01\/05\/muriae-registra-o-primeiro-homicidio-do-ano\/#breadcrumb"},"inLanguage":"pt-BR","potentialAction":[{"@type":"ReadAction","target":["https:\/\/marcelolopes.jor.br\/site\/2020\/01\/05\/muriae-registra-o-primeiro-homicidio-do-ano\/"]}]},{"@type":"ImageObject","inLanguage":"pt-BR","@id":"https:\/\/marcelolopes.jor.br\/site\/2020\/01\/05\/muriae-registra-o-primeiro-homicidio-do-ano\/#primaryimage","url":"https:\/\/marcelolopes.jor.br\/site\/wp-content\/uploads\/2020\/01\/3ed8a4ae88d7b5924c78bbd48896f74e.foto1_.jpg","contentUrl":"https:\/\/marcelolopes.jor.br\/site\/wp-content\/uploads\/2020\/01\/3ed8a4ae88d7b5924c78bbd48896f74e.foto1_.jpg","width":600,"height":450},{"@type":"BreadcrumbList","@id":"https:\/\/marcelolopes.jor.br\/site\/2020\/01\/05\/muriae-registra-o-primeiro-homicidio-do-ano\/#breadcrumb","itemListElement":[{"@type":"ListItem","position":1,"name":"Home","item":"https:\/\/marcelolopes.jor.br\/site\/"},{"@type":"ListItem","position":2,"name":"Muria\u00e9 registra o primeiro homic\u00eddio do ano"}]},{"@type":"WebSite","@id":"https:\/\/marcelolopes.jor.br\/site\/#website","url":"https:\/\/marcelolopes.jor.br\/site\/","name":"Marcelo Lopes","description":"Not\u00edcias de Cataguases e Regi\u00e3o","publisher":{"@id":"https:\/\/marcelolopes.jor.br\/site\/#organization"},"potentialAction":[{"@type":"SearchAction","target":{"@type":"EntryPoint","urlTemplate":"https:\/\/marcelolopes.jor.br\/site\/?s={search_term_string}"},"query-input":{"@type":"PropertyValueSpecification","valueRequired":true,"valueName":"search_term_string"}}],"inLanguage":"pt-BR"},{"@type":"Organization","@id":"https:\/\/marcelolopes.jor.br\/site\/#organization","name":"Site do Marcelo Lopes","url":"https:\/\/marcelolopes.jor.br\/site\/","logo":{"@type":"ImageObject","inLanguage":"pt-BR","@id":"https:\/\/marcelolopes.jor.br\/site\/#\/schema\/logo\/image\/","url":"https:\/\/marcelolopes.jor.br\/site\/wp-content\/uploads\/2024\/11\/logo-1.png","contentUrl":"https:\/\/marcelolopes.jor.br\/site\/wp-content\/uploads\/2024\/11\/logo-1.png","width":475,"height":80,"caption":"Site do Marcelo Lopes"},"image":{"@id":"https:\/\/marcelolopes.jor.br\/site\/#\/schema\/logo\/image\/"},"sameAs":["https:\/\/www.facebook.com\/sitedomarcelolopes","https:\/\/www.instagram.com\/sitedomarcelolopes\/","https:\/\/www.linkedin.com\/company\/site-do-marcelo-lopes\/","https:\/\/www.youtube.com\/user\/marcelolopes957"]},{"@type":"Person","@id":"https:\/\/marcelolopes.jor.br\/site\/#\/schema\/person\/3e7216a35c34d8fdf952b31da3d1f89f","name":"Marcelo Lopes","sameAs":["http:\/\/www.marcelolopes.jor.br"],"url":"https:\/\/marcelolopes.jor.br\/site\/author\/marcelo\/"}]}},"wps_subtitle":"Jovem de 21 anos pode ter sido v\u00edtima de crime passional.","_links":{"self":[{"href":"https:\/\/marcelolopes.jor.br\/site\/wp-json\/wp\/v2\/posts\/10202","targetHints":{"allow":["GET"]}}],"collection":[{"href":"https:\/\/marcelolopes.jor.br\/site\/wp-json\/wp\/v2\/posts"}],"about":[{"href":"https:\/\/marcelolopes.jor.br\/site\/wp-json\/wp\/v2\/types\/post"}],"author":[{"embeddable":true,"href":"https:\/\/marcelolopes.jor.br\/site\/wp-json\/wp\/v2\/users\/2"}],"replies":[{"embeddable":true,"href":"https:\/\/marcelolopes.jor.br\/site\/wp-json\/wp\/v2\/comments?post=10202"}],"version-history":[{"count":0,"href":"https:\/\/marcelolopes.jor.br\/site\/wp-json\/wp\/v2\/posts\/10202\/revisions"}],"wp:featuredmedia":[{"embeddable":true,"href":"https:\/\/marcelolopes.jor.br\/site\/wp-json\/wp\/v2\/media\/10204"}],"wp:attachment":[{"href":"https:\/\/marcelolopes.jor.br\/site\/wp-json\/wp\/v2\/media?parent=10202"}],"wp:term":[{"taxonomy":"category","embeddable":true,"href":"https:\/\/marcelolopes.jor.br\/site\/wp-json\/wp\/v2\/categories?post=10202"},{"taxonomy":"post_tag","embeddable":true,"href":"https:\/\/marcelolopes.jor.br\/site\/wp-json\/wp\/v2\/tags?post=10202"}],"curies":[{"name":"wp","href":"https:\/\/api.w.org\/{rel}","templated":true}]}}