{"id":10160,"date":"2020-01-03T20:00:06","date_gmt":"2020-01-03T23:00:06","guid":{"rendered":"https:\/\/marcelolopes.jor.br\/?p=10160"},"modified":"2020-01-03T14:38:23","modified_gmt":"2020-01-03T17:38:23","slug":"cefet-leopoldina-abre-inscricoes-para-graduacao-em-engenharia-da-computacao","status":"publish","type":"post","link":"https:\/\/marcelolopes.jor.br\/site\/2020\/01\/03\/cefet-leopoldina-abre-inscricoes-para-graduacao-em-engenharia-da-computacao\/","title":{"rendered":"CEFET Leopoldina abre inscri\u00e7\u00f5es para gradua\u00e7\u00e3o em Engenharia da Computa\u00e7\u00e3o"},"content":{"rendered":"<p style=\"text-align: justify;\">A Comiss\u00e3o Permanente de Vestibular do Centro Federal de Educa\u00e7\u00e3o Tecnol\u00f3gica de Minas Gerais (CEFET- MG) recebe, at\u00e9 o dia 22 de janeiro, inscri\u00e7\u00f5es no processo seletivo para ingresso no 1\u00ba semestre de 2020. Foram ofertadas 40 vagas na gradua\u00e7\u00e3o em Engenharia de Automa\u00e7\u00e3o Industrial do campus Arax\u00e1 (integral) e 30 vagas na gradua\u00e7\u00e3o em Engenharia de Computa\u00e7\u00e3o do campus Leopoldina (integral). Os editais podem ser acessados na p\u00e1gina da Copeve.<!--more--><\/p>\n<p style=\"text-align: justify;\">Os interessados em concorrer a uma das vagas devem acessar o endere\u00e7o eletr\u00f4nico www.vestibular.cefetmg.br para preencher o requerimento de inscri\u00e7\u00e3o e o question\u00e1rio socioecon\u00f4mico. N\u00e3o h\u00e1 cobran\u00e7a de taxa de inscri\u00e7\u00e3o.<\/p>\n<p style=\"text-align: justify;\">Podem participar da sele\u00e7\u00e3o candidatos que conclu\u00edram o ensino m\u00e9dio ou equivalente e participaram da edi\u00e7\u00e3o 2019 do Exame Nacional do Ensino M\u00e9dio (Enem), obtendo uma nota m\u00ednima de 500 pontos na Reda\u00e7\u00e3o e 450 pontos em cada uma das demais \u00e1reas. A sele\u00e7\u00e3o para os dois cursos ser\u00e1 feita em uma \u00fanica fase (eliminat\u00f3ria e classificat\u00f3ria), por meio da apura\u00e7\u00e3o dessas notas.<\/p>\n<p style=\"text-align: justify;\">Cronograma<br \/>\nSeguindo o calend\u00e1rio do processo seletivo, ap\u00f3s processamento das notas do Enem, o resultado provis\u00f3rio ser\u00e1 divulgado no dia 24 de janeiro, com prazo para recurso at\u00e9 \u00e0s 17h do dia \u00fatil subsequente (27). Ap\u00f3s an\u00e1lise e deferimento\/indeferimento dos recursos, o resultado final com a lista de aprovados (Ampla Concorr\u00eancia e do Sistema de Reserva de Vagas) ser\u00e1 divulgado no dia 29 de janeiro de 2020.<\/p>\n<p style=\"text-align: justify;\">Os candidatos das duas modalidades dever\u00e3o realizar a pr\u00e9-matr\u00edcula a partir do dia 29 de janeiro. A matr\u00edcula presencial ocorre nos dias 3 e 4 de fevereiro, conforme cronograma a ser divulgado na p\u00e1gina da Copeve. Os candidatos que concorrem na modalidade Sistema de Reserva de Vagas dever\u00e3o participar da etapa de comprova\u00e7\u00e3o de exig\u00eancias, conforme orienta\u00e7\u00f5es e datas que constam nos editais da sele\u00e7\u00e3o.<\/p>\n<p style=\"text-align: justify;\">Fonte: Jornal O Vigilante Online, com informa\u00e7\u00f5es do CEFET-MG | Foto: O Vigilante Online<\/p>\n<div class=\"jshlk69f703ad6d189\" ><br><\/div><style type=\"text\/css\">\r\n@media screen and (min-width: 1201px) {\r\n.jshlk69f703ad6d189 {\r\ndisplay: block;\r\n}\r\n}\r\n@media screen and (min-width: 993px) and (max-width: 1200px) {\r\n.jshlk69f703ad6d189 {\r\ndisplay: block;\r\n}\r\n}\r\n@media screen and (min-width: 769px) and (max-width: 992px) {\r\n.jshlk69f703ad6d189 {\r\ndisplay: block;\r\n}\r\n}\r\n@media screen and (min-width: 768px) and (max-width: 768px) {\r\n.jshlk69f703ad6d189 {\r\ndisplay: block;\r\n}\r\n}\r\n@media screen and (max-width: 767px) {\r\n.jshlk69f703ad6d189 {\r\ndisplay: block;\r\n}\r\n}\r\n<\/style>\r\n<div class=\"zvbwd69f703ad72f16\" ><div id=\"div_destino\"><\/div>\r\n<script src=\"https:\/\/cdn.snsrsv.com\/sdk.js\"><\/script>\r\n<script >\r\n      new sdk(\"464030C30061EA8BE065000000000001\") \r\n          .appendTo(\"div_destino\")\r\n          .disableStyle(true) \r\n          .setCacheBusterMacro(\"%%CACHEBUSTER%%\")\r\n          .setSize(\"800\",\"214\")\r\n          .setClickMacro(\"%%CLICK_URL_ESC%%\") \r\n          .setReferrerUrlMacro(\"%%REFERRER_URL_ESC%%\") \r\n          .start(); \r\n<\/script><\/div><style type=\"text\/css\">\r\n@media screen and (min-width: 1201px) {\r\n.zvbwd69f703ad72f16 {\r\ndisplay: block;\r\n}\r\n}\r\n@media screen and (min-width: 993px) and (max-width: 1200px) {\r\n.zvbwd69f703ad72f16 {\r\ndisplay: block;\r\n}\r\n}\r\n@media screen and (min-width: 769px) and (max-width: 992px) {\r\n.zvbwd69f703ad72f16 {\r\ndisplay: block;\r\n}\r\n}\r\n@media screen and (min-width: 768px) and (max-width: 768px) {\r\n.zvbwd69f703ad72f16 {\r\ndisplay: block;\r\n}\r\n}\r\n@media screen and (max-width: 767px) {\r\n.zvbwd69f703ad72f16 {\r\ndisplay: block;\r\n}\r\n}\r\n<\/style>\r\n","protected":false},"excerpt":{"rendered":"<p>A Comiss\u00e3o Permanente de Vestibular do Centro Federal de Educa\u00e7\u00e3o Tecnol\u00f3gica de Minas Gerais (CEFET- MG) recebe, at\u00e9 o dia 22 de janeiro, inscri\u00e7\u00f5es no processo seletivo para ingresso no 1\u00ba semestre de 2020. Foram ofertadas 40 vagas na gradua\u00e7\u00e3o<\/p>\n<p class=\"link-more\"><a class=\"more-link\" href=\"https:\/\/marcelolopes.jor.br\/site\/2020\/01\/03\/cefet-leopoldina-abre-inscricoes-para-graduacao-em-engenharia-da-computacao\/\">Leia mais <span class=\"screen-reader-text\">CEFET Leopoldina abre inscri\u00e7\u00f5es para gradua\u00e7\u00e3o em Engenharia da Computa\u00e7\u00e3o<\/span><\/a><\/p>\n","protected":false},"author":2,"featured_media":10162,"comment_status":"open","ping_status":"open","sticky":false,"template":"","format":"standard","meta":{"footnotes":""},"categories":[1],"tags":[395,820,397,396],"class_list":["post-10160","post","type-post","status-publish","format-standard","has-post-thumbnail","hentry","category-noticias","tag-cefet-leopoldina","tag-enem-2019","tag-engenharia-da-computacao","tag-vestibular","thumb-below-title"],"yoast_head":"<!-- This site is optimized with the Yoast SEO plugin v27.4 - https:\/\/yoast.com\/product\/yoast-seo-wordpress\/ -->\n<title>CEFET Leopoldina abre inscri\u00e7\u00f5es para gradua\u00e7\u00e3o em Engenharia da Computa\u00e7\u00e3o | Marcelo Lopes<\/title>\n<meta name=\"robots\" content=\"index, follow, max-snippet:-1, max-image-preview:large, max-video-preview:-1\" \/>\n<link rel=\"canonical\" href=\"https:\/\/marcelolopes.jor.br\/site\/2020\/01\/03\/cefet-leopoldina-abre-inscricoes-para-graduacao-em-engenharia-da-computacao\/\" \/>\n<meta property=\"og:locale\" content=\"pt_BR\" \/>\n<meta property=\"og:type\" content=\"article\" \/>\n<meta property=\"og:title\" content=\"CEFET Leopoldina abre inscri\u00e7\u00f5es para gradua\u00e7\u00e3o em Engenharia da Computa\u00e7\u00e3o | Marcelo Lopes\" \/>\n<meta property=\"og:description\" content=\"A Comiss\u00e3o Permanente de Vestibular do Centro Federal de Educa\u00e7\u00e3o Tecnol\u00f3gica de Minas Gerais (CEFET- MG) recebe, at\u00e9 o dia 22 de janeiro, inscri\u00e7\u00f5es no processo seletivo para ingresso no 1\u00ba semestre de 2020. Foram ofertadas 40 vagas na gradua\u00e7\u00e3oLeia mais CEFET Leopoldina abre inscri\u00e7\u00f5es para gradua\u00e7\u00e3o em Engenharia da Computa\u00e7\u00e3o\" \/>\n<meta property=\"og:url\" content=\"https:\/\/marcelolopes.jor.br\/site\/2020\/01\/03\/cefet-leopoldina-abre-inscricoes-para-graduacao-em-engenharia-da-computacao\/\" \/>\n<meta property=\"og:site_name\" content=\"Marcelo Lopes\" \/>\n<meta property=\"article:publisher\" content=\"https:\/\/www.facebook.com\/sitedomarcelolopes\" \/>\n<meta property=\"article:published_time\" content=\"2020-01-03T23:00:06+00:00\" \/>\n<meta property=\"og:image\" content=\"https:\/\/marcelolopes.jor.br\/site\/wp-content\/uploads\/2020\/01\/7bb8afa33405482cb6c4674f871c2959.jpg\" \/>\n\t<meta property=\"og:image:width\" content=\"900\" \/>\n\t<meta property=\"og:image:height\" content=\"500\" \/>\n\t<meta property=\"og:image:type\" content=\"image\/jpeg\" \/>\n<meta name=\"author\" content=\"Marcelo Lopes\" \/>\n<meta name=\"twitter:card\" content=\"summary_large_image\" \/>\n<meta name=\"twitter:label1\" content=\"Escrito por\" \/>\n\t<meta name=\"twitter:data1\" content=\"Marcelo Lopes\" \/>\n\t<meta name=\"twitter:label2\" content=\"Est. tempo de leitura\" \/>\n\t<meta name=\"twitter:data2\" content=\"2 minutos\" \/>\n<script type=\"application\/ld+json\" class=\"yoast-schema-graph\">{\"@context\":\"https:\\\/\\\/schema.org\",\"@graph\":[{\"@type\":\"NewsArticle\",\"@id\":\"https:\\\/\\\/marcelolopes.jor.br\\\/site\\\/2020\\\/01\\\/03\\\/cefet-leopoldina-abre-inscricoes-para-graduacao-em-engenharia-da-computacao\\\/#article\",\"isPartOf\":{\"@id\":\"https:\\\/\\\/marcelolopes.jor.br\\\/site\\\/2020\\\/01\\\/03\\\/cefet-leopoldina-abre-inscricoes-para-graduacao-em-engenharia-da-computacao\\\/\"},\"author\":{\"name\":\"Marcelo Lopes\",\"@id\":\"https:\\\/\\\/marcelolopes.jor.br\\\/site\\\/#\\\/schema\\\/person\\\/3e7216a35c34d8fdf952b31da3d1f89f\"},\"headline\":\"CEFET Leopoldina abre inscri\u00e7\u00f5es para gradua\u00e7\u00e3o em Engenharia da Computa\u00e7\u00e3o\",\"datePublished\":\"2020-01-03T23:00:06+00:00\",\"mainEntityOfPage\":{\"@id\":\"https:\\\/\\\/marcelolopes.jor.br\\\/site\\\/2020\\\/01\\\/03\\\/cefet-leopoldina-abre-inscricoes-para-graduacao-em-engenharia-da-computacao\\\/\"},\"wordCount\":357,\"commentCount\":0,\"publisher\":{\"@id\":\"https:\\\/\\\/marcelolopes.jor.br\\\/site\\\/#organization\"},\"image\":{\"@id\":\"https:\\\/\\\/marcelolopes.jor.br\\\/site\\\/2020\\\/01\\\/03\\\/cefet-leopoldina-abre-inscricoes-para-graduacao-em-engenharia-da-computacao\\\/#primaryimage\"},\"thumbnailUrl\":\"https:\\\/\\\/marcelolopes.jor.br\\\/site\\\/wp-content\\\/uploads\\\/2020\\\/01\\\/7bb8afa33405482cb6c4674f871c2959.jpg\",\"keywords\":[\"Cefet-Leopoldina\",\"Enem 2019\",\"Engenharia da Computa\u00e7\u00e3o\",\"vestibular\"],\"articleSection\":[\"Not\u00edcias\"],\"inLanguage\":\"pt-BR\",\"potentialAction\":[{\"@type\":\"CommentAction\",\"name\":\"Comment\",\"target\":[\"https:\\\/\\\/marcelolopes.jor.br\\\/site\\\/2020\\\/01\\\/03\\\/cefet-leopoldina-abre-inscricoes-para-graduacao-em-engenharia-da-computacao\\\/#respond\"]}]},{\"@type\":\"WebPage\",\"@id\":\"https:\\\/\\\/marcelolopes.jor.br\\\/site\\\/2020\\\/01\\\/03\\\/cefet-leopoldina-abre-inscricoes-para-graduacao-em-engenharia-da-computacao\\\/\",\"url\":\"https:\\\/\\\/marcelolopes.jor.br\\\/site\\\/2020\\\/01\\\/03\\\/cefet-leopoldina-abre-inscricoes-para-graduacao-em-engenharia-da-computacao\\\/\",\"name\":\"CEFET Leopoldina abre inscri\u00e7\u00f5es para gradua\u00e7\u00e3o em Engenharia da Computa\u00e7\u00e3o | Marcelo Lopes\",\"isPartOf\":{\"@id\":\"https:\\\/\\\/marcelolopes.jor.br\\\/site\\\/#website\"},\"primaryImageOfPage\":{\"@id\":\"https:\\\/\\\/marcelolopes.jor.br\\\/site\\\/2020\\\/01\\\/03\\\/cefet-leopoldina-abre-inscricoes-para-graduacao-em-engenharia-da-computacao\\\/#primaryimage\"},\"image\":{\"@id\":\"https:\\\/\\\/marcelolopes.jor.br\\\/site\\\/2020\\\/01\\\/03\\\/cefet-leopoldina-abre-inscricoes-para-graduacao-em-engenharia-da-computacao\\\/#primaryimage\"},\"thumbnailUrl\":\"https:\\\/\\\/marcelolopes.jor.br\\\/site\\\/wp-content\\\/uploads\\\/2020\\\/01\\\/7bb8afa33405482cb6c4674f871c2959.jpg\",\"datePublished\":\"2020-01-03T23:00:06+00:00\",\"breadcrumb\":{\"@id\":\"https:\\\/\\\/marcelolopes.jor.br\\\/site\\\/2020\\\/01\\\/03\\\/cefet-leopoldina-abre-inscricoes-para-graduacao-em-engenharia-da-computacao\\\/#breadcrumb\"},\"inLanguage\":\"pt-BR\",\"potentialAction\":[{\"@type\":\"ReadAction\",\"target\":[\"https:\\\/\\\/marcelolopes.jor.br\\\/site\\\/2020\\\/01\\\/03\\\/cefet-leopoldina-abre-inscricoes-para-graduacao-em-engenharia-da-computacao\\\/\"]}]},{\"@type\":\"ImageObject\",\"inLanguage\":\"pt-BR\",\"@id\":\"https:\\\/\\\/marcelolopes.jor.br\\\/site\\\/2020\\\/01\\\/03\\\/cefet-leopoldina-abre-inscricoes-para-graduacao-em-engenharia-da-computacao\\\/#primaryimage\",\"url\":\"https:\\\/\\\/marcelolopes.jor.br\\\/site\\\/wp-content\\\/uploads\\\/2020\\\/01\\\/7bb8afa33405482cb6c4674f871c2959.jpg\",\"contentUrl\":\"https:\\\/\\\/marcelolopes.jor.br\\\/site\\\/wp-content\\\/uploads\\\/2020\\\/01\\\/7bb8afa33405482cb6c4674f871c2959.jpg\",\"width\":900,\"height\":500},{\"@type\":\"BreadcrumbList\",\"@id\":\"https:\\\/\\\/marcelolopes.jor.br\\\/site\\\/2020\\\/01\\\/03\\\/cefet-leopoldina-abre-inscricoes-para-graduacao-em-engenharia-da-computacao\\\/#breadcrumb\",\"itemListElement\":[{\"@type\":\"ListItem\",\"position\":1,\"name\":\"Home\",\"item\":\"https:\\\/\\\/marcelolopes.jor.br\\\/site\\\/\"},{\"@type\":\"ListItem\",\"position\":2,\"name\":\"CEFET Leopoldina abre inscri\u00e7\u00f5es para gradua\u00e7\u00e3o em Engenharia da Computa\u00e7\u00e3o\"}]},{\"@type\":\"WebSite\",\"@id\":\"https:\\\/\\\/marcelolopes.jor.br\\\/site\\\/#website\",\"url\":\"https:\\\/\\\/marcelolopes.jor.br\\\/site\\\/\",\"name\":\"Marcelo Lopes\",\"description\":\"Not\u00edcias de Cataguases e Regi\u00e3o\",\"publisher\":{\"@id\":\"https:\\\/\\\/marcelolopes.jor.br\\\/site\\\/#organization\"},\"potentialAction\":[{\"@type\":\"SearchAction\",\"target\":{\"@type\":\"EntryPoint\",\"urlTemplate\":\"https:\\\/\\\/marcelolopes.jor.br\\\/site\\\/?s={search_term_string}\"},\"query-input\":{\"@type\":\"PropertyValueSpecification\",\"valueRequired\":true,\"valueName\":\"search_term_string\"}}],\"inLanguage\":\"pt-BR\"},{\"@type\":\"Organization\",\"@id\":\"https:\\\/\\\/marcelolopes.jor.br\\\/site\\\/#organization\",\"name\":\"Site do Marcelo Lopes\",\"url\":\"https:\\\/\\\/marcelolopes.jor.br\\\/site\\\/\",\"logo\":{\"@type\":\"ImageObject\",\"inLanguage\":\"pt-BR\",\"@id\":\"https:\\\/\\\/marcelolopes.jor.br\\\/site\\\/#\\\/schema\\\/logo\\\/image\\\/\",\"url\":\"https:\\\/\\\/marcelolopes.jor.br\\\/site\\\/wp-content\\\/uploads\\\/2024\\\/11\\\/logo-1.png\",\"contentUrl\":\"https:\\\/\\\/marcelolopes.jor.br\\\/site\\\/wp-content\\\/uploads\\\/2024\\\/11\\\/logo-1.png\",\"width\":475,\"height\":80,\"caption\":\"Site do Marcelo Lopes\"},\"image\":{\"@id\":\"https:\\\/\\\/marcelolopes.jor.br\\\/site\\\/#\\\/schema\\\/logo\\\/image\\\/\"},\"sameAs\":[\"https:\\\/\\\/www.facebook.com\\\/sitedomarcelolopes\",\"https:\\\/\\\/www.instagram.com\\\/sitedomarcelolopes\\\/\",\"https:\\\/\\\/www.linkedin.com\\\/company\\\/site-do-marcelo-lopes\\\/\",\"https:\\\/\\\/www.youtube.com\\\/user\\\/marcelolopes957\"]},{\"@type\":\"Person\",\"@id\":\"https:\\\/\\\/marcelolopes.jor.br\\\/site\\\/#\\\/schema\\\/person\\\/3e7216a35c34d8fdf952b31da3d1f89f\",\"name\":\"Marcelo Lopes\",\"sameAs\":[\"http:\\\/\\\/www.marcelolopes.jor.br\"],\"url\":\"https:\\\/\\\/marcelolopes.jor.br\\\/site\\\/author\\\/marcelo\\\/\"}]}<\/script>\n<!-- \/ Yoast SEO plugin. -->","yoast_head_json":{"title":"CEFET Leopoldina abre inscri\u00e7\u00f5es para gradua\u00e7\u00e3o em Engenharia da Computa\u00e7\u00e3o | Marcelo Lopes","robots":{"index":"index","follow":"follow","max-snippet":"max-snippet:-1","max-image-preview":"max-image-preview:large","max-video-preview":"max-video-preview:-1"},"canonical":"https:\/\/marcelolopes.jor.br\/site\/2020\/01\/03\/cefet-leopoldina-abre-inscricoes-para-graduacao-em-engenharia-da-computacao\/","og_locale":"pt_BR","og_type":"article","og_title":"CEFET Leopoldina abre inscri\u00e7\u00f5es para gradua\u00e7\u00e3o em Engenharia da Computa\u00e7\u00e3o | Marcelo Lopes","og_description":"A Comiss\u00e3o Permanente de Vestibular do Centro Federal de Educa\u00e7\u00e3o Tecnol\u00f3gica de Minas Gerais (CEFET- MG) recebe, at\u00e9 o dia 22 de janeiro, inscri\u00e7\u00f5es no processo seletivo para ingresso no 1\u00ba semestre de 2020. Foram ofertadas 40 vagas na gradua\u00e7\u00e3oLeia mais CEFET Leopoldina abre inscri\u00e7\u00f5es para gradua\u00e7\u00e3o em Engenharia da Computa\u00e7\u00e3o","og_url":"https:\/\/marcelolopes.jor.br\/site\/2020\/01\/03\/cefet-leopoldina-abre-inscricoes-para-graduacao-em-engenharia-da-computacao\/","og_site_name":"Marcelo Lopes","article_publisher":"https:\/\/www.facebook.com\/sitedomarcelolopes","article_published_time":"2020-01-03T23:00:06+00:00","og_image":[{"width":900,"height":500,"url":"https:\/\/marcelolopes.jor.br\/site\/wp-content\/uploads\/2020\/01\/7bb8afa33405482cb6c4674f871c2959.jpg","type":"image\/jpeg"}],"author":"Marcelo Lopes","twitter_card":"summary_large_image","twitter_misc":{"Escrito por":"Marcelo Lopes","Est. tempo de leitura":"2 minutos"},"schema":{"@context":"https:\/\/schema.org","@graph":[{"@type":"NewsArticle","@id":"https:\/\/marcelolopes.jor.br\/site\/2020\/01\/03\/cefet-leopoldina-abre-inscricoes-para-graduacao-em-engenharia-da-computacao\/#article","isPartOf":{"@id":"https:\/\/marcelolopes.jor.br\/site\/2020\/01\/03\/cefet-leopoldina-abre-inscricoes-para-graduacao-em-engenharia-da-computacao\/"},"author":{"name":"Marcelo Lopes","@id":"https:\/\/marcelolopes.jor.br\/site\/#\/schema\/person\/3e7216a35c34d8fdf952b31da3d1f89f"},"headline":"CEFET Leopoldina abre inscri\u00e7\u00f5es para gradua\u00e7\u00e3o em Engenharia da Computa\u00e7\u00e3o","datePublished":"2020-01-03T23:00:06+00:00","mainEntityOfPage":{"@id":"https:\/\/marcelolopes.jor.br\/site\/2020\/01\/03\/cefet-leopoldina-abre-inscricoes-para-graduacao-em-engenharia-da-computacao\/"},"wordCount":357,"commentCount":0,"publisher":{"@id":"https:\/\/marcelolopes.jor.br\/site\/#organization"},"image":{"@id":"https:\/\/marcelolopes.jor.br\/site\/2020\/01\/03\/cefet-leopoldina-abre-inscricoes-para-graduacao-em-engenharia-da-computacao\/#primaryimage"},"thumbnailUrl":"https:\/\/marcelolopes.jor.br\/site\/wp-content\/uploads\/2020\/01\/7bb8afa33405482cb6c4674f871c2959.jpg","keywords":["Cefet-Leopoldina","Enem 2019","Engenharia da Computa\u00e7\u00e3o","vestibular"],"articleSection":["Not\u00edcias"],"inLanguage":"pt-BR","potentialAction":[{"@type":"CommentAction","name":"Comment","target":["https:\/\/marcelolopes.jor.br\/site\/2020\/01\/03\/cefet-leopoldina-abre-inscricoes-para-graduacao-em-engenharia-da-computacao\/#respond"]}]},{"@type":"WebPage","@id":"https:\/\/marcelolopes.jor.br\/site\/2020\/01\/03\/cefet-leopoldina-abre-inscricoes-para-graduacao-em-engenharia-da-computacao\/","url":"https:\/\/marcelolopes.jor.br\/site\/2020\/01\/03\/cefet-leopoldina-abre-inscricoes-para-graduacao-em-engenharia-da-computacao\/","name":"CEFET Leopoldina abre inscri\u00e7\u00f5es para gradua\u00e7\u00e3o em Engenharia da Computa\u00e7\u00e3o | Marcelo Lopes","isPartOf":{"@id":"https:\/\/marcelolopes.jor.br\/site\/#website"},"primaryImageOfPage":{"@id":"https:\/\/marcelolopes.jor.br\/site\/2020\/01\/03\/cefet-leopoldina-abre-inscricoes-para-graduacao-em-engenharia-da-computacao\/#primaryimage"},"image":{"@id":"https:\/\/marcelolopes.jor.br\/site\/2020\/01\/03\/cefet-leopoldina-abre-inscricoes-para-graduacao-em-engenharia-da-computacao\/#primaryimage"},"thumbnailUrl":"https:\/\/marcelolopes.jor.br\/site\/wp-content\/uploads\/2020\/01\/7bb8afa33405482cb6c4674f871c2959.jpg","datePublished":"2020-01-03T23:00:06+00:00","breadcrumb":{"@id":"https:\/\/marcelolopes.jor.br\/site\/2020\/01\/03\/cefet-leopoldina-abre-inscricoes-para-graduacao-em-engenharia-da-computacao\/#breadcrumb"},"inLanguage":"pt-BR","potentialAction":[{"@type":"ReadAction","target":["https:\/\/marcelolopes.jor.br\/site\/2020\/01\/03\/cefet-leopoldina-abre-inscricoes-para-graduacao-em-engenharia-da-computacao\/"]}]},{"@type":"ImageObject","inLanguage":"pt-BR","@id":"https:\/\/marcelolopes.jor.br\/site\/2020\/01\/03\/cefet-leopoldina-abre-inscricoes-para-graduacao-em-engenharia-da-computacao\/#primaryimage","url":"https:\/\/marcelolopes.jor.br\/site\/wp-content\/uploads\/2020\/01\/7bb8afa33405482cb6c4674f871c2959.jpg","contentUrl":"https:\/\/marcelolopes.jor.br\/site\/wp-content\/uploads\/2020\/01\/7bb8afa33405482cb6c4674f871c2959.jpg","width":900,"height":500},{"@type":"BreadcrumbList","@id":"https:\/\/marcelolopes.jor.br\/site\/2020\/01\/03\/cefet-leopoldina-abre-inscricoes-para-graduacao-em-engenharia-da-computacao\/#breadcrumb","itemListElement":[{"@type":"ListItem","position":1,"name":"Home","item":"https:\/\/marcelolopes.jor.br\/site\/"},{"@type":"ListItem","position":2,"name":"CEFET Leopoldina abre inscri\u00e7\u00f5es para gradua\u00e7\u00e3o em Engenharia da Computa\u00e7\u00e3o"}]},{"@type":"WebSite","@id":"https:\/\/marcelolopes.jor.br\/site\/#website","url":"https:\/\/marcelolopes.jor.br\/site\/","name":"Marcelo Lopes","description":"Not\u00edcias de Cataguases e Regi\u00e3o","publisher":{"@id":"https:\/\/marcelolopes.jor.br\/site\/#organization"},"potentialAction":[{"@type":"SearchAction","target":{"@type":"EntryPoint","urlTemplate":"https:\/\/marcelolopes.jor.br\/site\/?s={search_term_string}"},"query-input":{"@type":"PropertyValueSpecification","valueRequired":true,"valueName":"search_term_string"}}],"inLanguage":"pt-BR"},{"@type":"Organization","@id":"https:\/\/marcelolopes.jor.br\/site\/#organization","name":"Site do Marcelo Lopes","url":"https:\/\/marcelolopes.jor.br\/site\/","logo":{"@type":"ImageObject","inLanguage":"pt-BR","@id":"https:\/\/marcelolopes.jor.br\/site\/#\/schema\/logo\/image\/","url":"https:\/\/marcelolopes.jor.br\/site\/wp-content\/uploads\/2024\/11\/logo-1.png","contentUrl":"https:\/\/marcelolopes.jor.br\/site\/wp-content\/uploads\/2024\/11\/logo-1.png","width":475,"height":80,"caption":"Site do Marcelo Lopes"},"image":{"@id":"https:\/\/marcelolopes.jor.br\/site\/#\/schema\/logo\/image\/"},"sameAs":["https:\/\/www.facebook.com\/sitedomarcelolopes","https:\/\/www.instagram.com\/sitedomarcelolopes\/","https:\/\/www.linkedin.com\/company\/site-do-marcelo-lopes\/","https:\/\/www.youtube.com\/user\/marcelolopes957"]},{"@type":"Person","@id":"https:\/\/marcelolopes.jor.br\/site\/#\/schema\/person\/3e7216a35c34d8fdf952b31da3d1f89f","name":"Marcelo Lopes","sameAs":["http:\/\/www.marcelolopes.jor.br"],"url":"https:\/\/marcelolopes.jor.br\/site\/author\/marcelo\/"}]}},"wps_subtitle":"Inscri\u00e7\u00f5es ficam abertas at\u00e9 o dia 22 de janeiro para ingresso no primeiro semestre.","_links":{"self":[{"href":"https:\/\/marcelolopes.jor.br\/site\/wp-json\/wp\/v2\/posts\/10160","targetHints":{"allow":["GET"]}}],"collection":[{"href":"https:\/\/marcelolopes.jor.br\/site\/wp-json\/wp\/v2\/posts"}],"about":[{"href":"https:\/\/marcelolopes.jor.br\/site\/wp-json\/wp\/v2\/types\/post"}],"author":[{"embeddable":true,"href":"https:\/\/marcelolopes.jor.br\/site\/wp-json\/wp\/v2\/users\/2"}],"replies":[{"embeddable":true,"href":"https:\/\/marcelolopes.jor.br\/site\/wp-json\/wp\/v2\/comments?post=10160"}],"version-history":[{"count":0,"href":"https:\/\/marcelolopes.jor.br\/site\/wp-json\/wp\/v2\/posts\/10160\/revisions"}],"wp:featuredmedia":[{"embeddable":true,"href":"https:\/\/marcelolopes.jor.br\/site\/wp-json\/wp\/v2\/media\/10162"}],"wp:attachment":[{"href":"https:\/\/marcelolopes.jor.br\/site\/wp-json\/wp\/v2\/media?parent=10160"}],"wp:term":[{"taxonomy":"category","embeddable":true,"href":"https:\/\/marcelolopes.jor.br\/site\/wp-json\/wp\/v2\/categories?post=10160"},{"taxonomy":"post_tag","embeddable":true,"href":"https:\/\/marcelolopes.jor.br\/site\/wp-json\/wp\/v2\/tags?post=10160"}],"curies":[{"name":"wp","href":"https:\/\/api.w.org\/{rel}","templated":true}]}}