{"id":1013,"date":"2019-05-06T21:00:31","date_gmt":"2019-05-07T00:00:31","guid":{"rendered":"https:\/\/marcelolopes.jor.br\/?p=1013"},"modified":"2019-05-09T09:51:35","modified_gmt":"2019-05-09T12:51:35","slug":"carreta-tomba-na-br-116-em-leopoldina-e-motorista-fica-ferido","status":"publish","type":"post","link":"https:\/\/marcelolopes.jor.br\/site\/2019\/05\/06\/carreta-tomba-na-br-116-em-leopoldina-e-motorista-fica-ferido\/","title":{"rendered":"Carreta tomba na BR-116 em Leopoldina e motorista fica ferido"},"content":{"rendered":"<p style=\"text-align: justify;\">Um caminhoneiro ficou ferido em um acidente na BR-116, em Leopoldina, na tarde desta segunda-feira, 06 de maio. Segundo as informa\u00e7\u00f5es da Pol\u00edcia Rodovi\u00e1ria Federal, o ve\u00edculo Volvo FH 460, placas de Rio das Pedras (SP), seguia sentido Rio de Janeiro quando saiu da pista no Km 772 daquela rodovia, na altura do segundo radar pr\u00f3ximo ao Posto Puris.<!--more--><\/p>\n<p style=\"text-align: justify;\">O motorista foi socorrido pelo Servi\u00e7o de Atendimento M\u00f3vel de Urg\u00eancia (SAMU). A PRF informou que o veiculo tombou, deixando a carga de vergalh\u00f5es espalhada no acostamento. O tr\u00e2nsito n\u00e3o precisou ser interrompido porque o tombamento aconteceu fora da pista. Ainda de acordo com aquela corpora\u00e7\u00e3o, as causas do acidente ainda n\u00e3o foram esclarecidas.<\/p>\n<p style=\"text-align: justify;\">O motorista foi encaminhado com ferimentos leves ao Pronto-Socorro Municipal da Casa de Caridade Leopoldinense.<\/p>\n<div class=\"pssoa69f7681211c25\" ><br><\/div><style type=\"text\/css\">\r\n@media screen and (min-width: 1201px) {\r\n.pssoa69f7681211c25 {\r\ndisplay: block;\r\n}\r\n}\r\n@media screen and (min-width: 993px) and (max-width: 1200px) {\r\n.pssoa69f7681211c25 {\r\ndisplay: block;\r\n}\r\n}\r\n@media screen and (min-width: 769px) and (max-width: 992px) {\r\n.pssoa69f7681211c25 {\r\ndisplay: block;\r\n}\r\n}\r\n@media screen and (min-width: 768px) and (max-width: 768px) {\r\n.pssoa69f7681211c25 {\r\ndisplay: block;\r\n}\r\n}\r\n@media screen and (max-width: 767px) {\r\n.pssoa69f7681211c25 {\r\ndisplay: block;\r\n}\r\n}\r\n<\/style>\r\n<div class=\"sylay69f7681217e1c\" ><div id=\"div_destino\"><\/div>\r\n<script src=\"https:\/\/cdn.snsrsv.com\/sdk.js\"><\/script>\r\n<script >\r\n      new sdk(\"464030C30061EA8BE065000000000001\") \r\n          .appendTo(\"div_destino\")\r\n          .disableStyle(true) \r\n          .setCacheBusterMacro(\"%%CACHEBUSTER%%\")\r\n          .setSize(\"800\",\"214\")\r\n          .setClickMacro(\"%%CLICK_URL_ESC%%\") \r\n          .setReferrerUrlMacro(\"%%REFERRER_URL_ESC%%\") \r\n          .start(); \r\n<\/script><\/div><style type=\"text\/css\">\r\n@media screen and (min-width: 1201px) {\r\n.sylay69f7681217e1c {\r\ndisplay: block;\r\n}\r\n}\r\n@media screen and (min-width: 993px) and (max-width: 1200px) {\r\n.sylay69f7681217e1c {\r\ndisplay: block;\r\n}\r\n}\r\n@media screen and (min-width: 769px) and (max-width: 992px) {\r\n.sylay69f7681217e1c {\r\ndisplay: block;\r\n}\r\n}\r\n@media screen and (min-width: 768px) and (max-width: 768px) {\r\n.sylay69f7681217e1c {\r\ndisplay: block;\r\n}\r\n}\r\n@media screen and (max-width: 767px) {\r\n.sylay69f7681217e1c {\r\ndisplay: block;\r\n}\r\n}\r\n<\/style>\r\n","protected":false},"excerpt":{"rendered":"<p>Um caminhoneiro ficou ferido em um acidente na BR-116, em Leopoldina, na tarde desta segunda-feira, 06 de maio. Segundo as informa\u00e7\u00f5es da Pol\u00edcia Rodovi\u00e1ria Federal, o ve\u00edculo Volvo FH 460, placas de Rio das Pedras (SP), seguia sentido Rio de<\/p>\n<p class=\"link-more\"><a class=\"more-link\" href=\"https:\/\/marcelolopes.jor.br\/site\/2019\/05\/06\/carreta-tomba-na-br-116-em-leopoldina-e-motorista-fica-ferido\/\">Leia mais <span class=\"screen-reader-text\">Carreta tomba na BR-116 em Leopoldina e motorista fica ferido<\/span><\/a><\/p>\n","protected":false},"author":2,"featured_media":1014,"comment_status":"open","ping_status":"open","sticky":false,"template":"","format":"standard","meta":{"footnotes":""},"categories":[1],"tags":[142,140,127,141],"class_list":["post-1013","post","type-post","status-publish","format-standard","has-post-thumbnail","hentry","category-noticias","tag-br-116","tag-carreta","tag-rodovia","tag-tombamento","thumb-below-title"],"yoast_head":"<!-- This site is optimized with the Yoast SEO plugin v27.4 - https:\/\/yoast.com\/product\/yoast-seo-wordpress\/ -->\n<title>Carreta tomba na BR-116 em Leopoldina e motorista fica ferido | Marcelo Lopes<\/title>\n<meta name=\"robots\" content=\"index, follow, max-snippet:-1, max-image-preview:large, max-video-preview:-1\" \/>\n<link rel=\"canonical\" href=\"https:\/\/marcelolopes.jor.br\/site\/2019\/05\/06\/carreta-tomba-na-br-116-em-leopoldina-e-motorista-fica-ferido\/\" \/>\n<meta property=\"og:locale\" content=\"pt_BR\" \/>\n<meta property=\"og:type\" content=\"article\" \/>\n<meta property=\"og:title\" content=\"Carreta tomba na BR-116 em Leopoldina e motorista fica ferido | Marcelo Lopes\" \/>\n<meta property=\"og:description\" content=\"Um caminhoneiro ficou ferido em um acidente na BR-116, em Leopoldina, na tarde desta segunda-feira, 06 de maio. Segundo as informa\u00e7\u00f5es da Pol\u00edcia Rodovi\u00e1ria Federal, o ve\u00edculo Volvo FH 460, placas de Rio das Pedras (SP), seguia sentido Rio deLeia mais Carreta tomba na BR-116 em Leopoldina e motorista fica ferido\" \/>\n<meta property=\"og:url\" content=\"https:\/\/marcelolopes.jor.br\/site\/2019\/05\/06\/carreta-tomba-na-br-116-em-leopoldina-e-motorista-fica-ferido\/\" \/>\n<meta property=\"og:site_name\" content=\"Marcelo Lopes\" \/>\n<meta property=\"article:publisher\" content=\"https:\/\/www.facebook.com\/sitedomarcelolopes\" \/>\n<meta property=\"article:published_time\" content=\"2019-05-07T00:00:31+00:00\" \/>\n<meta property=\"article:modified_time\" content=\"2019-05-09T12:51:35+00:00\" \/>\n<meta property=\"og:image\" content=\"https:\/\/marcelolopes.jor.br\/site\/wp-content\/uploads\/2019\/05\/carreta.jpg\" \/>\n\t<meta property=\"og:image:width\" content=\"736\" \/>\n\t<meta property=\"og:image:height\" content=\"482\" \/>\n\t<meta property=\"og:image:type\" content=\"image\/jpeg\" \/>\n<meta name=\"author\" content=\"Marcelo Lopes\" \/>\n<meta name=\"twitter:card\" content=\"summary_large_image\" \/>\n<meta name=\"twitter:label1\" content=\"Escrito por\" \/>\n\t<meta name=\"twitter:data1\" content=\"Marcelo Lopes\" \/>\n\t<meta name=\"twitter:label2\" content=\"Est. tempo de leitura\" \/>\n\t<meta name=\"twitter:data2\" content=\"1 minuto\" \/>\n<script type=\"application\/ld+json\" class=\"yoast-schema-graph\">{\"@context\":\"https:\\\/\\\/schema.org\",\"@graph\":[{\"@type\":\"NewsArticle\",\"@id\":\"https:\\\/\\\/marcelolopes.jor.br\\\/site\\\/2019\\\/05\\\/06\\\/carreta-tomba-na-br-116-em-leopoldina-e-motorista-fica-ferido\\\/#article\",\"isPartOf\":{\"@id\":\"https:\\\/\\\/marcelolopes.jor.br\\\/site\\\/2019\\\/05\\\/06\\\/carreta-tomba-na-br-116-em-leopoldina-e-motorista-fica-ferido\\\/\"},\"author\":{\"name\":\"Marcelo Lopes\",\"@id\":\"https:\\\/\\\/marcelolopes.jor.br\\\/site\\\/#\\\/schema\\\/person\\\/3e7216a35c34d8fdf952b31da3d1f89f\"},\"headline\":\"Carreta tomba na BR-116 em Leopoldina e motorista fica ferido\",\"datePublished\":\"2019-05-07T00:00:31+00:00\",\"dateModified\":\"2019-05-09T12:51:35+00:00\",\"mainEntityOfPage\":{\"@id\":\"https:\\\/\\\/marcelolopes.jor.br\\\/site\\\/2019\\\/05\\\/06\\\/carreta-tomba-na-br-116-em-leopoldina-e-motorista-fica-ferido\\\/\"},\"wordCount\":148,\"commentCount\":0,\"publisher\":{\"@id\":\"https:\\\/\\\/marcelolopes.jor.br\\\/site\\\/#organization\"},\"image\":{\"@id\":\"https:\\\/\\\/marcelolopes.jor.br\\\/site\\\/2019\\\/05\\\/06\\\/carreta-tomba-na-br-116-em-leopoldina-e-motorista-fica-ferido\\\/#primaryimage\"},\"thumbnailUrl\":\"https:\\\/\\\/marcelolopes.jor.br\\\/site\\\/wp-content\\\/uploads\\\/2019\\\/05\\\/carreta.jpg\",\"keywords\":[\"BR-116\",\"carreta\",\"rodovia\",\"tombamento\"],\"articleSection\":[\"Not\u00edcias\"],\"inLanguage\":\"pt-BR\",\"potentialAction\":[{\"@type\":\"CommentAction\",\"name\":\"Comment\",\"target\":[\"https:\\\/\\\/marcelolopes.jor.br\\\/site\\\/2019\\\/05\\\/06\\\/carreta-tomba-na-br-116-em-leopoldina-e-motorista-fica-ferido\\\/#respond\"]}]},{\"@type\":\"WebPage\",\"@id\":\"https:\\\/\\\/marcelolopes.jor.br\\\/site\\\/2019\\\/05\\\/06\\\/carreta-tomba-na-br-116-em-leopoldina-e-motorista-fica-ferido\\\/\",\"url\":\"https:\\\/\\\/marcelolopes.jor.br\\\/site\\\/2019\\\/05\\\/06\\\/carreta-tomba-na-br-116-em-leopoldina-e-motorista-fica-ferido\\\/\",\"name\":\"Carreta tomba na BR-116 em Leopoldina e motorista fica ferido | Marcelo Lopes\",\"isPartOf\":{\"@id\":\"https:\\\/\\\/marcelolopes.jor.br\\\/site\\\/#website\"},\"primaryImageOfPage\":{\"@id\":\"https:\\\/\\\/marcelolopes.jor.br\\\/site\\\/2019\\\/05\\\/06\\\/carreta-tomba-na-br-116-em-leopoldina-e-motorista-fica-ferido\\\/#primaryimage\"},\"image\":{\"@id\":\"https:\\\/\\\/marcelolopes.jor.br\\\/site\\\/2019\\\/05\\\/06\\\/carreta-tomba-na-br-116-em-leopoldina-e-motorista-fica-ferido\\\/#primaryimage\"},\"thumbnailUrl\":\"https:\\\/\\\/marcelolopes.jor.br\\\/site\\\/wp-content\\\/uploads\\\/2019\\\/05\\\/carreta.jpg\",\"datePublished\":\"2019-05-07T00:00:31+00:00\",\"dateModified\":\"2019-05-09T12:51:35+00:00\",\"breadcrumb\":{\"@id\":\"https:\\\/\\\/marcelolopes.jor.br\\\/site\\\/2019\\\/05\\\/06\\\/carreta-tomba-na-br-116-em-leopoldina-e-motorista-fica-ferido\\\/#breadcrumb\"},\"inLanguage\":\"pt-BR\",\"potentialAction\":[{\"@type\":\"ReadAction\",\"target\":[\"https:\\\/\\\/marcelolopes.jor.br\\\/site\\\/2019\\\/05\\\/06\\\/carreta-tomba-na-br-116-em-leopoldina-e-motorista-fica-ferido\\\/\"]}]},{\"@type\":\"ImageObject\",\"inLanguage\":\"pt-BR\",\"@id\":\"https:\\\/\\\/marcelolopes.jor.br\\\/site\\\/2019\\\/05\\\/06\\\/carreta-tomba-na-br-116-em-leopoldina-e-motorista-fica-ferido\\\/#primaryimage\",\"url\":\"https:\\\/\\\/marcelolopes.jor.br\\\/site\\\/wp-content\\\/uploads\\\/2019\\\/05\\\/carreta.jpg\",\"contentUrl\":\"https:\\\/\\\/marcelolopes.jor.br\\\/site\\\/wp-content\\\/uploads\\\/2019\\\/05\\\/carreta.jpg\",\"width\":736,\"height\":482,\"caption\":\"A Pol\u00edcia Rodovi\u00e1ria Federal vai investigar as causas do acidente\"},{\"@type\":\"BreadcrumbList\",\"@id\":\"https:\\\/\\\/marcelolopes.jor.br\\\/site\\\/2019\\\/05\\\/06\\\/carreta-tomba-na-br-116-em-leopoldina-e-motorista-fica-ferido\\\/#breadcrumb\",\"itemListElement\":[{\"@type\":\"ListItem\",\"position\":1,\"name\":\"Home\",\"item\":\"https:\\\/\\\/marcelolopes.jor.br\\\/site\\\/\"},{\"@type\":\"ListItem\",\"position\":2,\"name\":\"Carreta tomba na BR-116 em Leopoldina e motorista fica ferido\"}]},{\"@type\":\"WebSite\",\"@id\":\"https:\\\/\\\/marcelolopes.jor.br\\\/site\\\/#website\",\"url\":\"https:\\\/\\\/marcelolopes.jor.br\\\/site\\\/\",\"name\":\"Marcelo Lopes\",\"description\":\"Not\u00edcias de Cataguases e Regi\u00e3o\",\"publisher\":{\"@id\":\"https:\\\/\\\/marcelolopes.jor.br\\\/site\\\/#organization\"},\"potentialAction\":[{\"@type\":\"SearchAction\",\"target\":{\"@type\":\"EntryPoint\",\"urlTemplate\":\"https:\\\/\\\/marcelolopes.jor.br\\\/site\\\/?s={search_term_string}\"},\"query-input\":{\"@type\":\"PropertyValueSpecification\",\"valueRequired\":true,\"valueName\":\"search_term_string\"}}],\"inLanguage\":\"pt-BR\"},{\"@type\":\"Organization\",\"@id\":\"https:\\\/\\\/marcelolopes.jor.br\\\/site\\\/#organization\",\"name\":\"Site do Marcelo Lopes\",\"url\":\"https:\\\/\\\/marcelolopes.jor.br\\\/site\\\/\",\"logo\":{\"@type\":\"ImageObject\",\"inLanguage\":\"pt-BR\",\"@id\":\"https:\\\/\\\/marcelolopes.jor.br\\\/site\\\/#\\\/schema\\\/logo\\\/image\\\/\",\"url\":\"https:\\\/\\\/marcelolopes.jor.br\\\/site\\\/wp-content\\\/uploads\\\/2024\\\/11\\\/logo-1.png\",\"contentUrl\":\"https:\\\/\\\/marcelolopes.jor.br\\\/site\\\/wp-content\\\/uploads\\\/2024\\\/11\\\/logo-1.png\",\"width\":475,\"height\":80,\"caption\":\"Site do Marcelo Lopes\"},\"image\":{\"@id\":\"https:\\\/\\\/marcelolopes.jor.br\\\/site\\\/#\\\/schema\\\/logo\\\/image\\\/\"},\"sameAs\":[\"https:\\\/\\\/www.facebook.com\\\/sitedomarcelolopes\",\"https:\\\/\\\/www.instagram.com\\\/sitedomarcelolopes\\\/\",\"https:\\\/\\\/www.linkedin.com\\\/company\\\/site-do-marcelo-lopes\\\/\",\"https:\\\/\\\/www.youtube.com\\\/user\\\/marcelolopes957\"]},{\"@type\":\"Person\",\"@id\":\"https:\\\/\\\/marcelolopes.jor.br\\\/site\\\/#\\\/schema\\\/person\\\/3e7216a35c34d8fdf952b31da3d1f89f\",\"name\":\"Marcelo Lopes\",\"sameAs\":[\"http:\\\/\\\/www.marcelolopes.jor.br\"],\"url\":\"https:\\\/\\\/marcelolopes.jor.br\\\/site\\\/author\\\/marcelo\\\/\"}]}<\/script>\n<!-- \/ Yoast SEO plugin. -->","yoast_head_json":{"title":"Carreta tomba na BR-116 em Leopoldina e motorista fica ferido | Marcelo Lopes","robots":{"index":"index","follow":"follow","max-snippet":"max-snippet:-1","max-image-preview":"max-image-preview:large","max-video-preview":"max-video-preview:-1"},"canonical":"https:\/\/marcelolopes.jor.br\/site\/2019\/05\/06\/carreta-tomba-na-br-116-em-leopoldina-e-motorista-fica-ferido\/","og_locale":"pt_BR","og_type":"article","og_title":"Carreta tomba na BR-116 em Leopoldina e motorista fica ferido | Marcelo Lopes","og_description":"Um caminhoneiro ficou ferido em um acidente na BR-116, em Leopoldina, na tarde desta segunda-feira, 06 de maio. Segundo as informa\u00e7\u00f5es da Pol\u00edcia Rodovi\u00e1ria Federal, o ve\u00edculo Volvo FH 460, placas de Rio das Pedras (SP), seguia sentido Rio deLeia mais Carreta tomba na BR-116 em Leopoldina e motorista fica ferido","og_url":"https:\/\/marcelolopes.jor.br\/site\/2019\/05\/06\/carreta-tomba-na-br-116-em-leopoldina-e-motorista-fica-ferido\/","og_site_name":"Marcelo Lopes","article_publisher":"https:\/\/www.facebook.com\/sitedomarcelolopes","article_published_time":"2019-05-07T00:00:31+00:00","article_modified_time":"2019-05-09T12:51:35+00:00","og_image":[{"width":736,"height":482,"url":"https:\/\/marcelolopes.jor.br\/site\/wp-content\/uploads\/2019\/05\/carreta.jpg","type":"image\/jpeg"}],"author":"Marcelo Lopes","twitter_card":"summary_large_image","twitter_misc":{"Escrito por":"Marcelo Lopes","Est. tempo de leitura":"1 minuto"},"schema":{"@context":"https:\/\/schema.org","@graph":[{"@type":"NewsArticle","@id":"https:\/\/marcelolopes.jor.br\/site\/2019\/05\/06\/carreta-tomba-na-br-116-em-leopoldina-e-motorista-fica-ferido\/#article","isPartOf":{"@id":"https:\/\/marcelolopes.jor.br\/site\/2019\/05\/06\/carreta-tomba-na-br-116-em-leopoldina-e-motorista-fica-ferido\/"},"author":{"name":"Marcelo Lopes","@id":"https:\/\/marcelolopes.jor.br\/site\/#\/schema\/person\/3e7216a35c34d8fdf952b31da3d1f89f"},"headline":"Carreta tomba na BR-116 em Leopoldina e motorista fica ferido","datePublished":"2019-05-07T00:00:31+00:00","dateModified":"2019-05-09T12:51:35+00:00","mainEntityOfPage":{"@id":"https:\/\/marcelolopes.jor.br\/site\/2019\/05\/06\/carreta-tomba-na-br-116-em-leopoldina-e-motorista-fica-ferido\/"},"wordCount":148,"commentCount":0,"publisher":{"@id":"https:\/\/marcelolopes.jor.br\/site\/#organization"},"image":{"@id":"https:\/\/marcelolopes.jor.br\/site\/2019\/05\/06\/carreta-tomba-na-br-116-em-leopoldina-e-motorista-fica-ferido\/#primaryimage"},"thumbnailUrl":"https:\/\/marcelolopes.jor.br\/site\/wp-content\/uploads\/2019\/05\/carreta.jpg","keywords":["BR-116","carreta","rodovia","tombamento"],"articleSection":["Not\u00edcias"],"inLanguage":"pt-BR","potentialAction":[{"@type":"CommentAction","name":"Comment","target":["https:\/\/marcelolopes.jor.br\/site\/2019\/05\/06\/carreta-tomba-na-br-116-em-leopoldina-e-motorista-fica-ferido\/#respond"]}]},{"@type":"WebPage","@id":"https:\/\/marcelolopes.jor.br\/site\/2019\/05\/06\/carreta-tomba-na-br-116-em-leopoldina-e-motorista-fica-ferido\/","url":"https:\/\/marcelolopes.jor.br\/site\/2019\/05\/06\/carreta-tomba-na-br-116-em-leopoldina-e-motorista-fica-ferido\/","name":"Carreta tomba na BR-116 em Leopoldina e motorista fica ferido | Marcelo Lopes","isPartOf":{"@id":"https:\/\/marcelolopes.jor.br\/site\/#website"},"primaryImageOfPage":{"@id":"https:\/\/marcelolopes.jor.br\/site\/2019\/05\/06\/carreta-tomba-na-br-116-em-leopoldina-e-motorista-fica-ferido\/#primaryimage"},"image":{"@id":"https:\/\/marcelolopes.jor.br\/site\/2019\/05\/06\/carreta-tomba-na-br-116-em-leopoldina-e-motorista-fica-ferido\/#primaryimage"},"thumbnailUrl":"https:\/\/marcelolopes.jor.br\/site\/wp-content\/uploads\/2019\/05\/carreta.jpg","datePublished":"2019-05-07T00:00:31+00:00","dateModified":"2019-05-09T12:51:35+00:00","breadcrumb":{"@id":"https:\/\/marcelolopes.jor.br\/site\/2019\/05\/06\/carreta-tomba-na-br-116-em-leopoldina-e-motorista-fica-ferido\/#breadcrumb"},"inLanguage":"pt-BR","potentialAction":[{"@type":"ReadAction","target":["https:\/\/marcelolopes.jor.br\/site\/2019\/05\/06\/carreta-tomba-na-br-116-em-leopoldina-e-motorista-fica-ferido\/"]}]},{"@type":"ImageObject","inLanguage":"pt-BR","@id":"https:\/\/marcelolopes.jor.br\/site\/2019\/05\/06\/carreta-tomba-na-br-116-em-leopoldina-e-motorista-fica-ferido\/#primaryimage","url":"https:\/\/marcelolopes.jor.br\/site\/wp-content\/uploads\/2019\/05\/carreta.jpg","contentUrl":"https:\/\/marcelolopes.jor.br\/site\/wp-content\/uploads\/2019\/05\/carreta.jpg","width":736,"height":482,"caption":"A Pol\u00edcia Rodovi\u00e1ria Federal vai investigar as causas do acidente"},{"@type":"BreadcrumbList","@id":"https:\/\/marcelolopes.jor.br\/site\/2019\/05\/06\/carreta-tomba-na-br-116-em-leopoldina-e-motorista-fica-ferido\/#breadcrumb","itemListElement":[{"@type":"ListItem","position":1,"name":"Home","item":"https:\/\/marcelolopes.jor.br\/site\/"},{"@type":"ListItem","position":2,"name":"Carreta tomba na BR-116 em Leopoldina e motorista fica ferido"}]},{"@type":"WebSite","@id":"https:\/\/marcelolopes.jor.br\/site\/#website","url":"https:\/\/marcelolopes.jor.br\/site\/","name":"Marcelo Lopes","description":"Not\u00edcias de Cataguases e Regi\u00e3o","publisher":{"@id":"https:\/\/marcelolopes.jor.br\/site\/#organization"},"potentialAction":[{"@type":"SearchAction","target":{"@type":"EntryPoint","urlTemplate":"https:\/\/marcelolopes.jor.br\/site\/?s={search_term_string}"},"query-input":{"@type":"PropertyValueSpecification","valueRequired":true,"valueName":"search_term_string"}}],"inLanguage":"pt-BR"},{"@type":"Organization","@id":"https:\/\/marcelolopes.jor.br\/site\/#organization","name":"Site do Marcelo Lopes","url":"https:\/\/marcelolopes.jor.br\/site\/","logo":{"@type":"ImageObject","inLanguage":"pt-BR","@id":"https:\/\/marcelolopes.jor.br\/site\/#\/schema\/logo\/image\/","url":"https:\/\/marcelolopes.jor.br\/site\/wp-content\/uploads\/2024\/11\/logo-1.png","contentUrl":"https:\/\/marcelolopes.jor.br\/site\/wp-content\/uploads\/2024\/11\/logo-1.png","width":475,"height":80,"caption":"Site do Marcelo Lopes"},"image":{"@id":"https:\/\/marcelolopes.jor.br\/site\/#\/schema\/logo\/image\/"},"sameAs":["https:\/\/www.facebook.com\/sitedomarcelolopes","https:\/\/www.instagram.com\/sitedomarcelolopes\/","https:\/\/www.linkedin.com\/company\/site-do-marcelo-lopes\/","https:\/\/www.youtube.com\/user\/marcelolopes957"]},{"@type":"Person","@id":"https:\/\/marcelolopes.jor.br\/site\/#\/schema\/person\/3e7216a35c34d8fdf952b31da3d1f89f","name":"Marcelo Lopes","sameAs":["http:\/\/www.marcelolopes.jor.br"],"url":"https:\/\/marcelolopes.jor.br\/site\/author\/marcelo\/"}]}},"wps_subtitle":"Ve\u00edculo transportava vergalh\u00f5es para o Rio de Janeiro","_links":{"self":[{"href":"https:\/\/marcelolopes.jor.br\/site\/wp-json\/wp\/v2\/posts\/1013","targetHints":{"allow":["GET"]}}],"collection":[{"href":"https:\/\/marcelolopes.jor.br\/site\/wp-json\/wp\/v2\/posts"}],"about":[{"href":"https:\/\/marcelolopes.jor.br\/site\/wp-json\/wp\/v2\/types\/post"}],"author":[{"embeddable":true,"href":"https:\/\/marcelolopes.jor.br\/site\/wp-json\/wp\/v2\/users\/2"}],"replies":[{"embeddable":true,"href":"https:\/\/marcelolopes.jor.br\/site\/wp-json\/wp\/v2\/comments?post=1013"}],"version-history":[{"count":0,"href":"https:\/\/marcelolopes.jor.br\/site\/wp-json\/wp\/v2\/posts\/1013\/revisions"}],"wp:featuredmedia":[{"embeddable":true,"href":"https:\/\/marcelolopes.jor.br\/site\/wp-json\/wp\/v2\/media\/1014"}],"wp:attachment":[{"href":"https:\/\/marcelolopes.jor.br\/site\/wp-json\/wp\/v2\/media?parent=1013"}],"wp:term":[{"taxonomy":"category","embeddable":true,"href":"https:\/\/marcelolopes.jor.br\/site\/wp-json\/wp\/v2\/categories?post=1013"},{"taxonomy":"post_tag","embeddable":true,"href":"https:\/\/marcelolopes.jor.br\/site\/wp-json\/wp\/v2\/tags?post=1013"}],"curies":[{"name":"wp","href":"https:\/\/api.w.org\/{rel}","templated":true}]}}